{"id":3855,"date":"2024-11-29T20:36:45","date_gmt":"2024-11-29T19:36:45","guid":{"rendered":"https:\/\/snalc.org\/snalc2023\/?p=3855"},"modified":"2024-11-29T20:36:47","modified_gmt":"2024-11-29T19:36:47","slug":"quinzaine-universitaire-n1495","status":"publish","type":"post","link":"https:\/\/snalc.org\/snalc2023\/?p=3855","title":{"rendered":"QUINZAINE UNIVERSITAIRE n\u00b01495"},"content":{"rendered":"\n<figure class=\"wp-block-image\"><img decoding=\"async\" src=\"https:\/\/snalc.fr\/wp-content\/uploads\/QU1495.jpg\" alt=\"\" class=\"wp-image-48448\"\/><\/figure>\n\n\n\n<p><strong>\u00c9DITO : <a href=\"https:\/\/snalc.fr\/5-decembre-jy-serai\/\">5 D\u00c9CEMBRE, J\u2019Y SERAI<\/a><\/strong><\/p>\n\n\n\n<figure class=\"wp-block-image\"><img decoding=\"async\" src=\"https:\/\/snalc.fr\/wp-content\/uploads\/elementor\/thumbs\/SNALC-congres-Strasbourg-mai-2023-Photo-Philippe-Sautier-3-e1686317689865-qfu77nw4qlxwj5dktm23kiay8chujy1r6wng15ek0o.jpg\" alt=\"SNALC congres Strasbourg mai 2023 - Photo Philippe Sautier (3)\" title=\"SNALC congres Strasbourg mai 2023 \u2013 Photo Philippe Sautier (3)\"\/><\/figure>\n\n\n\n<p>Jean-R\u00e9mi Girard<br>Pr\u00e9sident du SNALC<\/p>\n\n\n\n<p>Je sais qu\u2019il y a de nombreuses raisons de ne pas la faire.<\/p>\n\n\n\n<p>La gr\u00e8ve ponctuelle \u00e0 r\u00e9p\u00e9tition est un \u00e9chec, et le SNALC le dit et le sait. Il est de plus en plus difficile de mobiliser. Nous essuyons surtout des d\u00e9faites. Il faudrait un mouvement long \/ une gr\u00e8ve reconductible \/ des alternatives \u00e0 la gr\u00e8ve\u2026<\/p>\n\n\n\n<p>Pourtant, le SNALC appelle \u00e0 la gr\u00e8ve \u00e0 partir du 5 d\u00e9cembre. Nous le faisons car il faut le faire. Nous le faisons car ce qui est en train de nous arriver est une acc\u00e9l\u00e9ration violente dans le processus \u00e0 l\u2019\u0153uvre de destruction de la fonction publique. Nous le faisons aussi car s\u2019il n\u2019y a pas la gr\u00e8ve, il n\u2019y aura rien d\u2019autre. Les alternatives ne peuvent fonctionner que si elles aussi sont majoritaires et suivies, et le constat est qu\u2019aujourd\u2019hui, elles ne le sont pas. . [<a href=\"https:\/\/snalc.fr\/5-decembre-jy-serai\/\"><strong>Lire la suite<\/strong><\/a>]<\/p>\n\n\n\n<p><strong>DOSSIER DU MOIS : <a href=\"https:\/\/snalc.fr\/rps-qui-est-irresponsable\/\">RISQUES PSYCHOSOCIAUX : QUI EST (IR)RESPONSABLE ?<\/a><\/strong><\/p>\n\n\n\n<ul class=\"wp-block-list\">\n<li><a href=\"https:\/\/snalc.fr\/rps-qui-est-irresponsable#sante\"><em>Sant\u00e9 et s\u00e9curit\u00e9 des personnels : une inertie coupable<\/em><\/a><\/li>\n\n\n\n<li><a href=\"https:\/\/snalc.fr\/rps-qui-est-irresponsable#conflits\"><em>Conflits et RPS : attention danger !<\/em><\/a><\/li>\n\n\n\n<li><a href=\"https:\/\/snalc.fr\/rps-qui-est-irresponsable#injonctions\"><em>\u00c9ducation nationale : le paradoxe des injonctions<\/em><\/a><\/li>\n\n\n\n<li><a href=\"https:\/\/snalc.fr\/rps-qui-est-irresponsable#changement\"><em>\u00ab Accompagner \u00bb le changement, humainement<\/em><\/a><\/li>\n\n\n\n<li><a href=\"https:\/\/snalc.fr\/rps-qui-est-irresponsable#rps\"><em>RPS vs CPS : un glissement inacceptable<\/em><\/a><\/li>\n\n\n\n<li><a href=\"https:\/\/snalc.fr\/prise-en-compte-du-handicap-enquete-2024\/\"><em>Handicap et RPS : une intol\u00e9rable double peine<\/em><\/a><\/li>\n\n\n\n<li><a href=\"https:\/\/snalc.fr\/rps-qui-est-irresponsable#mobisnalc\"><em>Mobi-SNALC, le couteau suisse du SNALC !<\/em><\/a><\/li>\n<\/ul>\n\n\n\n<p><strong>CONDITIONS DE TRAVAIL<\/strong><\/p>\n\n\n\n<ul class=\"wp-block-list\">\n<li><a href=\"https:\/\/snalc.fr\/rapport-du-mediateur-les-aesh-toujours-malmenes\/\">Rapport du m\u00e9diateur : les AESH toujours plus malmen\u00e9s<\/a><\/li>\n\n\n\n<li><a href=\"https:\/\/snalc.fr\/forfait-mobilites-durables\/\">V\u00e9lo, covoiturage : avez-vous droit au forfait mobilit\u00e9s durables ?\u00a0<\/a><\/li>\n\n\n\n<li><a href=\"https:\/\/snalc.fr\/avantages-snalc-a-la-recherche-didees-cadeaux\/\">Avantages-SNALC : \u00e0 la recherche d\u2019id\u00e9es cadeaux ?<\/a><\/li>\n\n\n\n<li><a href=\"https:\/\/snalc.fr\/sante-scolaire-le-ministere-diafoirus-veut-il-achever-le-malade\/\">Sant\u00e9 scolaire : le minist\u00e8re Diafoirus va-t-il achever le malade ?<\/a><\/li>\n\n\n\n<li><a href=\"https:\/\/snalc.fr\/lenseignant-face-a-lenfant-roi\/\">L\u2019enseignant face \u00e0 l\u2019enfant-roi<\/a><\/li>\n<\/ul>\n\n\n\n<p><strong>LES PERSONNELS<\/strong><\/p>\n\n\n\n<ul class=\"wp-block-list\">\n<li><a href=\"https:\/\/snalc.fr\/wp-content\/uploads\/QU1495_NLOP.jpg\">Ne l\u2019oubliez pas !<\/a><\/li>\n<\/ul>\n\n\n\n<p><strong>SYST\u00c8ME \u00c9DUCATIF<\/strong><\/p>\n\n\n\n<ul class=\"wp-block-list\">\n<li><a href=\"https:\/\/snalc.fr\/groupes-au-college-enquete-du-snalc-resultats\/\">Groupes au coll\u00e8ge : l\u2019enqu\u00eate du SNALC contredit le minist\u00e8re<\/a><\/li>\n\n\n\n<li><a href=\"https:\/\/snalc.fr\/choc-des-savoirs-le-delire-continue\/\">Choc des savoirs : le d\u00e9lire continue<\/a><\/li>\n\n\n\n<li><a href=\"https:\/\/snalc.fr\/audience-du-snalc-par-la-dgesco-un-dialogue-franc-et-ouvert\/\">Audience du SNALC par la DGESCO : un dialogue franc et ouvert<\/a><\/li>\n\n\n\n<li><a href=\"https:\/\/snalc.fr\/unss-le-scandale\/\">UNSS : le scandale !<\/a><\/li>\n\n\n\n<li><a href=\"https:\/\/snalc.fr\/salon-eductech-expo-lia-lelephant-au-milieu-de-la-classe\/\">Salon educ@tech expo : \u00ab l\u2019\u00e9l\u00e9phant au milieu de la classe \u00bb ?<\/a><\/li>\n<\/ul>\n\n\n\n<p><a href=\"https:\/\/snalc.fr\/wp-content\/uploads\/QU1495.pdf\">T\u00e9l\u00e9charger la revue en PDF<\/a><\/p>\n\n\n\n<figure class=\"wp-block-embed\"><div class=\"wp-block-embed__wrapper\">\nhttps:\/\/v.calameo.com\/?bkcode=0068374587d0871aebd0a&#038;mode=mini\n<\/div><\/figure>\n\n\n\n<figure class=\"wp-block-image\"><img decoding=\"async\" src=\"https:\/\/snalc.fr\/wp-content\/uploads\/QU1495-1D.jpg\" alt=\"\" title=\"\"\/><\/figure>\n\n\n\n<p><em><strong>Afin d\u2019\u00eatre au plus pr\u00e8s de vos attentes et de vous informer au mieux, la revue du SNALC a \u00e9volu\u00e9 d\u00e8s cette rentr\u00e9e, avec d\u00e9sormais deux num\u00e9ros mensuels au lieu d\u2019un : l\u2019un centr\u00e9 sur le second degr\u00e9 et le sup\u00e9rieur, et le second sur les probl\u00e9matiques sp\u00e9cifiques de l\u2019\u00e9cole primaire.<\/strong><\/em><\/p>\n\n\n\n<p><a href=\"https:\/\/snalc.fr\/quinzaine-universitaire-n1495-1d\/\">D\u00e9couvrir la revue Premier degr\u00e9<\/a><\/p>\n\n\n\n<figure class=\"wp-block-image\"><img decoding=\"async\" src=\"https:\/\/snalc.fr\/wp-content\/uploads\/SNALC-E.Meunier-En-voie-dextinction-1024x729.jpg\" alt=\"\" class=\"wp-image-48328\"\/><\/figure>\n\n\n\n<p><a href=\"https:\/\/snalc.fr\/contact\/\" target=\"_blank\" rel=\"noreferrer noopener\">Nous \u00e9crire<\/a><\/p>\n","protected":false},"excerpt":{"rendered":"<p>\u00c9DITO : 5 D\u00c9CEMBRE, J\u2019Y SERAI Jean-R\u00e9mi GirardPr\u00e9sident du SNALC Je sais qu\u2019il y a de nombreuses raisons de ne pas la faire. La gr\u00e8ve ponctuelle \u00e0 r\u00e9p\u00e9tition est un [&hellip;]<\/p>\n","protected":false},"author":1,"featured_media":0,"comment_status":"closed","ping_status":"closed","sticky":false,"template":"","format":"standard","meta":{"_lmt_disableupdate":"","_lmt_disable":"","site-sidebar-layout":"default","site-content-layout":"","ast-site-content-layout":"default","site-content-style":"default","site-sidebar-style":"default","ast-global-header-display":"","ast-banner-title-visibility":"","ast-main-header-display":"","ast-hfb-above-header-display":"","ast-hfb-below-header-display":"","ast-hfb-mobile-header-display":"","site-post-title":"","ast-breadcrumbs-content":"","ast-featured-img":"","footer-sml-layout":"","ast-disable-related-posts":"","theme-transparent-header-meta":"","adv-header-id-meta":"","stick-header-meta":"","header-above-stick-meta":"","header-main-stick-meta":"","header-below-stick-meta":"","astra-migrate-meta-layouts":"set","ast-page-background-enabled":"default","ast-page-background-meta":{"desktop":{"background-color":"var(--ast-global-color-4)","background-image":"","background-repeat":"repeat","background-position":"center center","background-size":"auto","background-attachment":"scroll","background-type":"","background-media":"","overlay-type":"","overlay-color":"","overlay-opacity":"","overlay-gradient":""},"tablet":{"background-color":"","background-image":"","background-repeat":"repeat","background-position":"center center","background-size":"auto","background-attachment":"scroll","background-type":"","background-media":"","overlay-type":"","overlay-color":"","overlay-opacity":"","overlay-gradient":""},"mobile":{"background-color":"","background-image":"","background-repeat":"repeat","background-position":"center center","background-size":"auto","background-attachment":"scroll","background-type":"","background-media":"","overlay-type":"","overlay-color":"","overlay-opacity":"","overlay-gradient":""}},"ast-content-background-meta":{"desktop":{"background-color":"var(--ast-global-color-5)","background-image":"","background-repeat":"repeat","background-position":"center center","background-size":"auto","background-attachment":"scroll","background-type":"","background-media":"","overlay-type":"","overlay-color":"","overlay-opacity":"","overlay-gradient":""},"tablet":{"background-color":"var(--ast-global-color-5)","background-image":"","background-repeat":"repeat","background-position":"center center","background-size":"auto","background-attachment":"scroll","background-type":"","background-media":"","overlay-type":"","overlay-color":"","overlay-opacity":"","overlay-gradient":""},"mobile":{"background-color":"var(--ast-global-color-5)","background-image":"","background-repeat":"repeat","background-position":"center center","background-size":"auto","background-attachment":"scroll","background-type":"","background-media":"","overlay-type":"","overlay-color":"","overlay-opacity":"","overlay-gradient":""}},"footnotes":""},"categories":[41,37],"tags":[],"class_list":["post-3855","post","type-post","status-publish","format-standard","hentry","category-actualites-2024-2025","category-qu"],"modified_by":"slecourtier","_links":{"self":[{"href":"https:\/\/snalc.org\/snalc2023\/index.php?rest_route=\/wp\/v2\/posts\/3855","targetHints":{"allow":["GET"]}}],"collection":[{"href":"https:\/\/snalc.org\/snalc2023\/index.php?rest_route=\/wp\/v2\/posts"}],"about":[{"href":"https:\/\/snalc.org\/snalc2023\/index.php?rest_route=\/wp\/v2\/types\/post"}],"author":[{"embeddable":true,"href":"https:\/\/snalc.org\/snalc2023\/index.php?rest_route=\/wp\/v2\/users\/1"}],"replies":[{"embeddable":true,"href":"https:\/\/snalc.org\/snalc2023\/index.php?rest_route=%2Fwp%2Fv2%2Fcomments&post=3855"}],"version-history":[{"count":1,"href":"https:\/\/snalc.org\/snalc2023\/index.php?rest_route=\/wp\/v2\/posts\/3855\/revisions"}],"predecessor-version":[{"id":3856,"href":"https:\/\/snalc.org\/snalc2023\/index.php?rest_route=\/wp\/v2\/posts\/3855\/revisions\/3856"}],"wp:attachment":[{"href":"https:\/\/snalc.org\/snalc2023\/index.php?rest_route=%2Fwp%2Fv2%2Fmedia&parent=3855"}],"wp:term":[{"taxonomy":"category","embeddable":true,"href":"https:\/\/snalc.org\/snalc2023\/index.php?rest_route=%2Fwp%2Fv2%2Fcategories&post=3855"},{"taxonomy":"post_tag","embeddable":true,"href":"https:\/\/snalc.org\/snalc2023\/index.php?rest_route=%2Fwp%2Fv2%2Ftags&post=3855"}],"curies":[{"name":"wp","href":"https:\/\/api.w.org\/{rel}","templated":true}]}}