{"id":3879,"date":"2024-12-05T13:17:39","date_gmt":"2024-12-05T12:17:39","guid":{"rendered":"https:\/\/snalc.org\/snalc2023\/?p=3879"},"modified":"2024-12-05T13:17:40","modified_gmt":"2024-12-05T12:17:40","slug":"ople-audience-intersyndicale-du-18-novembre-2024","status":"publish","type":"post","link":"https:\/\/snalc.org\/snalc2023\/?p=3879","title":{"rendered":"Op@le : audience intersyndicale du 18 novembre 2024"},"content":{"rendered":"\n<figure class=\"wp-block-image\"><img decoding=\"async\" src=\"https:\/\/snalc.fr\/wp-content\/uploads\/ordinateur_freepik.com_The-Yuri-Arcurs-Collection-160185.jpg\" alt=\"\" class=\"wp-image-48663\"\/><figcaption class=\"wp-element-caption\">\u00a9 freepik.com_The Yuri Arcurs Collection-160185<\/figcaption><\/figure>\n\n\n\n<p><em>INTERSYNDICALE OPALE : communiqu\u00e9 du 4 d\u00e9cembre 2024<\/em><\/p>\n\n\n\n<hr class=\"wp-block-separator has-alpha-channel-opacity\"\/>\n\n\n\n<figure class=\"wp-block-image\"><img decoding=\"async\" src=\"https:\/\/snalc.fr\/wp-content\/uploads\/OPALE-audience-20241118_communiqueIS.jpg\" alt=\"\" class=\"wp-image-48665\"\/><\/figure>\n\n\n\n<h5 class=\"wp-block-heading\">L&rsquo;intersyndicale nationale Op@le re\u00e7ue au minist\u00e8re le lundi 18 novembre 2024<\/h5>\n\n\n\n<p><strong>L\u2019intersyndicale nationale Op@le a \u00e9t\u00e9 re\u00e7ue au minist\u00e8re<\/strong> de l\u2019\u00c9ducation nationale le lundi 18 novembre dernier par son secr\u00e9taire g\u00e9n\u00e9ral, accompagn\u00e9 de la directrice des affaires financi\u00e8res (DAF) ainsi que de repr\u00e9sentants de la direction du num\u00e9rique pour l\u2019\u00e9ducation (DNE).<\/p>\n\n\n\n<p>Cette audience faisait suite \u00e0 notre demande formul\u00e9e lors d\u2019une r\u00e9union de comit\u00e9 social d\u2019administration minist\u00e9riel (CSAMEN) durant laquelle vos repr\u00e9sentants avaient souhait\u00e9 \u2013 encore et toujours \u2013 <strong>alerter la direction minist\u00e9rielle sur les dysfonctionnements et r\u00e9gressions<\/strong> caus\u00e9s par l\u2019\u00e9volution du progiciel mise en \u0153uvre fin septembre.<\/p>\n\n\n\n<p>Alors que notre action r\u00e9solue avait montr\u00e9 combien les difficult\u00e9s rencontr\u00e9es lors du d\u00e9ploiement d\u2019Op@le \u00e9taient importantes et d\u00e9gradaient fortement les conditions de travail de nombreuses \u00e9quipes, il \u00e9tait v\u00e9ritablement consternant de constater que l\u2019\u00e9volution de fin septembre&nbsp;avait amen\u00e9<strong> des changements non demand\u00e9s<\/strong>, <strong>mais n\u2019avaient apport\u00e9 rien de ce qui \u00e9tait r\u00e9clam\u00e9 par les utilisateurs !<\/strong><\/p>\n\n\n\n<p><strong>Confront\u00e9e de surcro\u00eet au silence minist\u00e9riel sur un nouveau&nbsp; calendrier de discussions c<\/strong>oncernant&nbsp;les am\u00e9liorations et simplifications attendues, nous avons donc souhait\u00e9 de nouveau rencontrer la&nbsp;direction. Pour nous, le dossier n\u2019est pas clos, m\u00eame si nous avons r\u00e9ussi \u00e0 \u00e9largir le calendrier du&nbsp;d\u00e9ploiement.<\/p>\n\n\n\n<p>Vous lirez dans le <a href=\"https:\/\/snalc.fr\/wp-content\/uploads\/OPALE-audience-OS-20241118.pdf\" target=\"_blank\" rel=\"noreferrer noopener\">document de travail<\/a> les \u00e9l\u00e9ments de r\u00e9ponses que la direction minist\u00e9rielle avait pr\u00e9par\u00e9s pour l\u2019audience ; il fait \u00e9tat de constats, d\u2019un plan d\u2019actions pour mettre en \u0153uvre des \u00e9volutions n\u00e9cessaires, avec un calendrier et une m\u00e9thodologie indiqu\u00e9e.<\/p>\n\n\n\n<p>Voil\u00e0 donc o\u00f9 nous en sommes.<\/p>\n\n\n\n<p>Des dates sont annonc\u00e9es, de nouvelles r\u00e9unions concernant les \u00e9volutions et simplifications sont pr\u00e9vues d\u00e8s janvier 2025.<\/p>\n\n\n\n<p><strong>En bref, notre mobilisation, celle de l\u2019intersyndicale et des personnels doit continuer ! Le travail sur la simplification de l\u2019outil au b\u00e9n\u00e9fice des utilisateurs ne fait que d\u00e9buter. Le processus sera long, mais vous pouvez compter sur notre d\u00e9termination commune !<\/strong><\/p>\n\n\n\n<p><a href=\"https:\/\/snalc.fr\/wp-content\/uploads\/OPALE-audience-20241118_communiqueIS.pdf\">T\u00e9l\u00e9charger<\/a><\/p>\n\n\n\n<figure class=\"wp-block-image\"><img decoding=\"async\" src=\"https:\/\/snalc.fr\/wp-content\/uploads\/MENJ.jpg\" alt=\"\" class=\"wp-image-48672\"\/><\/figure>\n\n\n\n<p><strong><em>T\u00e9l\u00e9charger le document de travail :<\/em><\/strong><\/p>\n\n\n\n<figure class=\"wp-block-image\"><img decoding=\"async\" src=\"https:\/\/snalc.fr\/wp-content\/uploads\/OPALE.jpg\" alt=\"\" class=\"wp-image-48673\"\/><\/figure>\n\n\n\n<p><a href=\"https:\/\/snalc.fr\/wp-content\/uploads\/OPALE-audience-OS-20241118.pdf\"><\/a><\/p>\n\n\n\n<p><a href=\"https:\/\/snalc.fr\/contact\/\" target=\"_blank\" rel=\"noreferrer noopener\">Nous \u00e9crire<\/a><\/p>\n","protected":false},"excerpt":{"rendered":"<p>INTERSYNDICALE OPALE : communiqu\u00e9 du 4 d\u00e9cembre 2024 L&rsquo;intersyndicale nationale Op@le re\u00e7ue au minist\u00e8re le lundi 18 novembre 2024 L\u2019intersyndicale nationale Op@le a \u00e9t\u00e9 re\u00e7ue au minist\u00e8re de l\u2019\u00c9ducation nationale [&hellip;]<\/p>\n","protected":false},"author":1,"featured_media":0,"comment_status":"closed","ping_status":"closed","sticky":false,"template":"","format":"standard","meta":{"_lmt_disableupdate":"","_lmt_disable":"","site-sidebar-layout":"default","site-content-layout":"","ast-site-content-layout":"default","site-content-style":"default","site-sidebar-style":"default","ast-global-header-display":"","ast-banner-title-visibility":"","ast-main-header-display":"","ast-hfb-above-header-display":"","ast-hfb-below-header-display":"","ast-hfb-mobile-header-display":"","site-post-title":"","ast-breadcrumbs-content":"","ast-featured-img":"","footer-sml-layout":"","ast-disable-related-posts":"","theme-transparent-header-meta":"","adv-header-id-meta":"","stick-header-meta":"","header-above-stick-meta":"","header-main-stick-meta":"","header-below-stick-meta":"","astra-migrate-meta-layouts":"set","ast-page-background-enabled":"default","ast-page-background-meta":{"desktop":{"background-color":"var(--ast-global-color-4)","background-image":"","background-repeat":"repeat","background-position":"center center","background-size":"auto","background-attachment":"scroll","background-type":"","background-media":"","overlay-type":"","overlay-color":"","overlay-opacity":"","overlay-gradient":""},"tablet":{"background-color":"","background-image":"","background-repeat":"repeat","background-position":"center center","background-size":"auto","background-attachment":"scroll","background-type":"","background-media":"","overlay-type":"","overlay-color":"","overlay-opacity":"","overlay-gradient":""},"mobile":{"background-color":"","background-image":"","background-repeat":"repeat","background-position":"center center","background-size":"auto","background-attachment":"scroll","background-type":"","background-media":"","overlay-type":"","overlay-color":"","overlay-opacity":"","overlay-gradient":""}},"ast-content-background-meta":{"desktop":{"background-color":"var(--ast-global-color-5)","background-image":"","background-repeat":"repeat","background-position":"center center","background-size":"auto","background-attachment":"scroll","background-type":"","background-media":"","overlay-type":"","overlay-color":"","overlay-opacity":"","overlay-gradient":""},"tablet":{"background-color":"var(--ast-global-color-5)","background-image":"","background-repeat":"repeat","background-position":"center center","background-size":"auto","background-attachment":"scroll","background-type":"","background-media":"","overlay-type":"","overlay-color":"","overlay-opacity":"","overlay-gradient":""},"mobile":{"background-color":"var(--ast-global-color-5)","background-image":"","background-repeat":"repeat","background-position":"center center","background-size":"auto","background-attachment":"scroll","background-type":"","background-media":"","overlay-type":"","overlay-color":"","overlay-opacity":"","overlay-gradient":""}},"footnotes":""},"categories":[41],"tags":[],"class_list":["post-3879","post","type-post","status-publish","format-standard","hentry","category-actualites-2024-2025"],"modified_by":"slecourtier","_links":{"self":[{"href":"https:\/\/snalc.org\/snalc2023\/index.php?rest_route=\/wp\/v2\/posts\/3879","targetHints":{"allow":["GET"]}}],"collection":[{"href":"https:\/\/snalc.org\/snalc2023\/index.php?rest_route=\/wp\/v2\/posts"}],"about":[{"href":"https:\/\/snalc.org\/snalc2023\/index.php?rest_route=\/wp\/v2\/types\/post"}],"author":[{"embeddable":true,"href":"https:\/\/snalc.org\/snalc2023\/index.php?rest_route=\/wp\/v2\/users\/1"}],"replies":[{"embeddable":true,"href":"https:\/\/snalc.org\/snalc2023\/index.php?rest_route=%2Fwp%2Fv2%2Fcomments&post=3879"}],"version-history":[{"count":1,"href":"https:\/\/snalc.org\/snalc2023\/index.php?rest_route=\/wp\/v2\/posts\/3879\/revisions"}],"predecessor-version":[{"id":3880,"href":"https:\/\/snalc.org\/snalc2023\/index.php?rest_route=\/wp\/v2\/posts\/3879\/revisions\/3880"}],"wp:attachment":[{"href":"https:\/\/snalc.org\/snalc2023\/index.php?rest_route=%2Fwp%2Fv2%2Fmedia&parent=3879"}],"wp:term":[{"taxonomy":"category","embeddable":true,"href":"https:\/\/snalc.org\/snalc2023\/index.php?rest_route=%2Fwp%2Fv2%2Fcategories&post=3879"},{"taxonomy":"post_tag","embeddable":true,"href":"https:\/\/snalc.org\/snalc2023\/index.php?rest_route=%2Fwp%2Fv2%2Ftags&post=3879"}],"curies":[{"name":"wp","href":"https:\/\/api.w.org\/{rel}","templated":true}]}}