{"id":3906,"date":"2024-12-20T21:10:25","date_gmt":"2024-12-20T20:10:25","guid":{"rendered":"https:\/\/snalc.org\/snalc2023\/?p=3906"},"modified":"2024-12-20T21:10:30","modified_gmt":"2024-12-20T20:10:30","slug":"quinzaine-universitaire-n1496","status":"publish","type":"post","link":"https:\/\/snalc.org\/snalc2023\/?p=3906","title":{"rendered":"QUINZAINE UNIVERSITAIRE n\u00b01496"},"content":{"rendered":"\n<ul class=\"wp-block-list\">\n<li><a href=\"https:\/\/snalc.fr\/category\/actualites\/\"><\/a><\/li>\n<\/ul>\n\n\n\n<figure class=\"wp-block-image\"><img decoding=\"async\" src=\"https:\/\/snalc.fr\/wp-content\/uploads\/QU1496.jpg\" alt=\"\" class=\"wp-image-49137\"\/><\/figure>\n\n\n\n<p><strong>\u00c9DITO :&nbsp;<\/strong><a href=\"https:\/\/snalc.fr\/en-2025-continuons-a-nous-battre\/\"><strong>EN 2025, CONTINUONS \u00c0 NOUS BATTRE<\/strong><\/a><\/p>\n\n\n\n<figure class=\"wp-block-image\"><img decoding=\"async\" src=\"https:\/\/snalc.fr\/wp-content\/uploads\/elementor\/thumbs\/SNALC-congres-Strasbourg-mai-2023-Photo-Philippe-Sautier-3-e1686317689865-qfu77nw4qlxwj5dktm23kiay8chujy1r6wng15ek0o.jpg\" alt=\"SNALC congres Strasbourg mai 2023 - Photo Philippe Sautier (3)\" title=\"SNALC congres Strasbourg mai 2023 \u2013 Photo Philippe Sautier (3)\"\/><\/figure>\n\n\n\n<p>Jean-R\u00e9mi Girard<br>Pr\u00e9sident du SNALC<\/p>\n\n\n\n<p>Je vous souhaite \u00e0 toutes et \u00e0 tous une tr\u00e8s belle ann\u00e9e 2025. J\u2019ai une pens\u00e9e toute particuli\u00e8re pour les coll\u00e8gues et les \u00e9l\u00e8ves de Mayotte.<\/p>\n\n\n\n<p>2024 s\u2019est termin\u00e9e comme elle avait commenc\u00e9 : n\u2019importe comment. \u00c0 l\u2019heure o\u00f9 j\u2019\u00e9cris ces lignes, nous attendons encore les noms des ministres de l\u2019\u00c9ducation nationale et de la fonction publique. Cette ann\u00e9e aura vraisemblablement connu cinq occupants rue de Grenelle, dont la plus \u00e9ph\u00e9m\u00e8re n\u2019est m\u00eame pas rest\u00e9e un mois. Bien entendu, les ministres ne font pas tout. Bien entendu, la stabilit\u00e9 n\u2019est pas toujours un bienfait, et pour s\u2019en convaincre, il suffit de se rappeler Jean-Michel Blanquer. Bien entendu, il est parfois bon de se d\u00e9barrasser rapidement d\u2019\u00e9l\u00e9ments nuisibles \u2014 Guillaume Kasbarian et ses mensonges sur l\u2019\u00ab absent\u00e9isme \u00bb des fonctionnaires viennent assez vite \u00e0 l\u2019esprit, et la gr\u00e8ve massivement suivie le 5 d\u00e9cembre dernier en t\u00e9moigne. Nous lui avons tous dit ce jour-l\u00e0 que s\u2019essuyer les pompes sur la v\u00e9rit\u00e9 et sur les agents de l\u2019\u00c9tat n\u2019\u00e9tait pas sans cons\u00e9quences.&nbsp; [<a href=\"https:\/\/snalc.fr\/en-2025-continuons-a-nous-battre\/\"><strong>Lire la suite<\/strong><\/a>]<\/p>\n\n\n\n<p><strong>DOSSIER DU MOIS : <a href=\"https:\/\/snalc.fr\/lycee-general-et-technologique-ce-qui-doit-changer\/\">LYC\u00c9E G\u00c9N\u00c9RAL ET TECHNOLOGIQUE&nbsp;: CE QUI DOIT CHANGER<\/a><\/strong><\/p>\n\n\n\n<ul class=\"wp-block-list\">\n<li><a href=\"https:\/\/snalc.fr\/lycee-general-et-technologique-ce-qui-doit-changer#specialites\"><em>Sp\u00e9cialit\u00e9s\u00a0: des changements in\u00e9vitables<\/em><\/a><\/li>\n\n\n\n<li><a href=\"https:\/\/snalc.fr\/lycee-general-et-technologique-ce-qui-doit-changer#evolutions\"><em>Programmes : des \u00e9volutions annonc\u00e9es<\/em><\/a><\/li>\n\n\n\n<li><a href=\"https:\/\/snalc.fr\/lycee-general-et-technologique-ce-qui-doit-changer#francais\"><em>Programme de fran\u00e7ais et EAF : tout est \u00e0 refaire<\/em><\/a><\/li>\n\n\n\n<li><a href=\"https:\/\/snalc.fr\/lycee-general-et-technologique-ce-qui-doit-changer#math\"><em>\u00c9preuve anticip\u00e9e de math : le minist\u00e8re ne travaille pas dans \u211d<\/em><\/a><\/li>\n\n\n\n<li><a href=\"https:\/\/snalc.fr\/lycee-general-et-technologique-ce-qui-doit-changer#oral\"><em>Grand oral : un caillou dans la chaussure<\/em><\/a><\/li>\n\n\n\n<li><a href=\"https:\/\/snalc.fr\/lycee-general-et-technologique-ce-qui-doit-changer#options\"><em>Options : pour qu\u2019elles ne soient plus les grandes perdantes<\/em><\/a><\/li>\n\n\n\n<li><a href=\"https:\/\/snalc.fr\/lycee-general-et-technologique-ce-qui-doit-changer#prepa2de\"><em>Pr\u00e9pa seconde : ce qui bloque le SNALC<\/em><\/a><\/li>\n\n\n\n<li><a href=\"https:\/\/snalc.fr\/lycee-general-et-technologique-ce-qui-doit-changer#eps\"><em>EPS : l\u2019urgence est ailleurs<\/em><\/a><\/li>\n\n\n\n<li><a href=\"https:\/\/snalc.fr\/lycee-general-et-technologique-ce-qui-doit-changer#cap\"><em>D\u00e9finir un cap<\/em><\/a><\/li>\n<\/ul>\n\n\n\n<p><strong>SYST\u00c8ME \u00c9DUCATIF<\/strong><\/p>\n\n\n\n<ul class=\"wp-block-list\">\n<li><a href=\"https:\/\/snalc.fr\/college-decidement-ils-ne-comprennent-rien\/\">Coll\u00e8ge : d\u00e9cid\u00e9ment, ils ne comprennent rien<\/a><\/li>\n\n\n\n<li><a href=\"https:\/\/snalc.fr\/programmes-a-venir-les-lignes-rouges-du-snalc\/\">Programmes \u00e0 venir\u00a0: les lignes rouges du SNALC<\/a><\/li>\n<\/ul>\n\n\n\n<p><strong>LES PERSONNELS<\/strong><\/p>\n\n\n\n<ul class=\"wp-block-list\">\n<li><a href=\"https:\/\/snalc.fr\/avancements-promotions-la-faq-du-snalc\/\">Avancements, promotions\u00a0: la F\u00c0Q du SNALC<\/a><\/li>\n\n\n\n<li><a href=\"https:\/\/snalc.fr\/wp-content\/uploads\/QU1496_NLOP.jpg\">Ne l\u2019oubliez pas !<\/a><\/li>\n\n\n\n<li><a href=\"https:\/\/snalc.fr\/biatpss-et-operations-rmc-recrutement-mobilite-carriere\/\">BIATPSS et op\u00e9rations \u00ab\u00a0RMC\u00a0\u00bb\u00a0: recrutement, mobilit\u00e9, carri\u00e8re<\/a><\/li>\n\n\n\n<li><a href=\"https:\/\/snalc.fr\/eps-non-aux-3-jours-de-carence-et-aux-10-de-perte-de-salaire\/\">EPS\u00a0: non aux 3 jours de carence et aux 10\u00a0% de perte de salaire\u00a0!<\/a><\/li>\n<\/ul>\n\n\n\n<p><strong>CONDITIONS DE TRAVAIL<\/strong><\/p>\n\n\n\n<ul class=\"wp-block-list\">\n<li><a href=\"https:\/\/snalc.fr\/les-zones-dombre-du-programme-phare\/\">Les zones d\u2019ombre du Programme pHARe<\/a><\/li>\n\n\n\n<li><a href=\"https:\/\/snalc.fr\/conseils-de-classe-y-a-t-il-une-reglementation\/\">Conseils de classe\u00a0: y a-t-il une r\u00e8glementation\u00a0?<\/a><\/li>\n<\/ul>\n\n\n\n<p><a href=\"https:\/\/snalc.fr\/wp-content\/uploads\/QU1496.pdf\">T\u00e9l\u00e9charger la revue en PDF<\/a><\/p>\n\n\n\n<figure class=\"wp-block-image\"><img decoding=\"async\" src=\"https:\/\/snalc.fr\/wp-content\/uploads\/QU1496-1D-722x1024.jpg\" alt=\"\" class=\"wp-image-49139\"\/><\/figure>\n\n\n\n<p><em><strong>Afin d\u2019\u00eatre au plus pr\u00e8s de vos attentes et de vous informer au mieux, la revue du SNALC a \u00e9volu\u00e9 d\u00e8s cette rentr\u00e9e, avec d\u00e9sormais deux num\u00e9ros mensuels au lieu d\u2019un : l\u2019un centr\u00e9 sur le second degr\u00e9 et le sup\u00e9rieur, et le second sur les probl\u00e9matiques sp\u00e9cifiques de l\u2019\u00e9cole primaire.<\/strong><\/em><\/p>\n\n\n\n<p><a href=\"https:\/\/snalc.fr\/quinzaine-universitaire-n1496-1d\/\">D\u00e9couvrir la revue Premier degr\u00e9<\/a><\/p>\n","protected":false},"excerpt":{"rendered":"<p>\u00c9DITO :&nbsp;EN 2025, CONTINUONS \u00c0 NOUS BATTRE Jean-R\u00e9mi GirardPr\u00e9sident du SNALC Je vous souhaite \u00e0 toutes et \u00e0 tous une tr\u00e8s belle ann\u00e9e 2025. J\u2019ai une pens\u00e9e toute particuli\u00e8re pour [&hellip;]<\/p>\n","protected":false},"author":1,"featured_media":0,"comment_status":"closed","ping_status":"closed","sticky":false,"template":"","format":"standard","meta":{"_lmt_disableupdate":"","_lmt_disable":"","site-sidebar-layout":"default","site-content-layout":"","ast-site-content-layout":"default","site-content-style":"default","site-sidebar-style":"default","ast-global-header-display":"","ast-banner-title-visibility":"","ast-main-header-display":"","ast-hfb-above-header-display":"","ast-hfb-below-header-display":"","ast-hfb-mobile-header-display":"","site-post-title":"","ast-breadcrumbs-content":"","ast-featured-img":"","footer-sml-layout":"","ast-disable-related-posts":"","theme-transparent-header-meta":"","adv-header-id-meta":"","stick-header-meta":"","header-above-stick-meta":"","header-main-stick-meta":"","header-below-stick-meta":"","astra-migrate-meta-layouts":"set","ast-page-background-enabled":"default","ast-page-background-meta":{"desktop":{"background-color":"var(--ast-global-color-4)","background-image":"","background-repeat":"repeat","background-position":"center center","background-size":"auto","background-attachment":"scroll","background-type":"","background-media":"","overlay-type":"","overlay-color":"","overlay-opacity":"","overlay-gradient":""},"tablet":{"background-color":"","background-image":"","background-repeat":"repeat","background-position":"center center","background-size":"auto","background-attachment":"scroll","background-type":"","background-media":"","overlay-type":"","overlay-color":"","overlay-opacity":"","overlay-gradient":""},"mobile":{"background-color":"","background-image":"","background-repeat":"repeat","background-position":"center center","background-size":"auto","background-attachment":"scroll","background-type":"","background-media":"","overlay-type":"","overlay-color":"","overlay-opacity":"","overlay-gradient":""}},"ast-content-background-meta":{"desktop":{"background-color":"var(--ast-global-color-5)","background-image":"","background-repeat":"repeat","background-position":"center center","background-size":"auto","background-attachment":"scroll","background-type":"","background-media":"","overlay-type":"","overlay-color":"","overlay-opacity":"","overlay-gradient":""},"tablet":{"background-color":"var(--ast-global-color-5)","background-image":"","background-repeat":"repeat","background-position":"center center","background-size":"auto","background-attachment":"scroll","background-type":"","background-media":"","overlay-type":"","overlay-color":"","overlay-opacity":"","overlay-gradient":""},"mobile":{"background-color":"var(--ast-global-color-5)","background-image":"","background-repeat":"repeat","background-position":"center center","background-size":"auto","background-attachment":"scroll","background-type":"","background-media":"","overlay-type":"","overlay-color":"","overlay-opacity":"","overlay-gradient":""}},"footnotes":""},"categories":[41,37],"tags":[],"class_list":["post-3906","post","type-post","status-publish","format-standard","hentry","category-actualites-2024-2025","category-qu"],"modified_by":"slecourtier","_links":{"self":[{"href":"https:\/\/snalc.org\/snalc2023\/index.php?rest_route=\/wp\/v2\/posts\/3906","targetHints":{"allow":["GET"]}}],"collection":[{"href":"https:\/\/snalc.org\/snalc2023\/index.php?rest_route=\/wp\/v2\/posts"}],"about":[{"href":"https:\/\/snalc.org\/snalc2023\/index.php?rest_route=\/wp\/v2\/types\/post"}],"author":[{"embeddable":true,"href":"https:\/\/snalc.org\/snalc2023\/index.php?rest_route=\/wp\/v2\/users\/1"}],"replies":[{"embeddable":true,"href":"https:\/\/snalc.org\/snalc2023\/index.php?rest_route=%2Fwp%2Fv2%2Fcomments&post=3906"}],"version-history":[{"count":1,"href":"https:\/\/snalc.org\/snalc2023\/index.php?rest_route=\/wp\/v2\/posts\/3906\/revisions"}],"predecessor-version":[{"id":3907,"href":"https:\/\/snalc.org\/snalc2023\/index.php?rest_route=\/wp\/v2\/posts\/3906\/revisions\/3907"}],"wp:attachment":[{"href":"https:\/\/snalc.org\/snalc2023\/index.php?rest_route=%2Fwp%2Fv2%2Fmedia&parent=3906"}],"wp:term":[{"taxonomy":"category","embeddable":true,"href":"https:\/\/snalc.org\/snalc2023\/index.php?rest_route=%2Fwp%2Fv2%2Fcategories&post=3906"},{"taxonomy":"post_tag","embeddable":true,"href":"https:\/\/snalc.org\/snalc2023\/index.php?rest_route=%2Fwp%2Fv2%2Ftags&post=3906"}],"curies":[{"name":"wp","href":"https:\/\/api.w.org\/{rel}","templated":true}]}}