{"id":3927,"date":"2024-12-28T15:05:12","date_gmt":"2024-12-28T14:05:12","guid":{"rendered":"https:\/\/snalc.org\/snalc2023\/?p=3927"},"modified":"2024-12-28T15:05:17","modified_gmt":"2024-12-28T14:05:17","slug":"division-des-personnels-enseignants-dpe-13","status":"publish","type":"post","link":"https:\/\/snalc.org\/snalc2023\/?p=3927","title":{"rendered":"Division des Personnels Enseignants (DPE) &#8211; 13"},"content":{"rendered":"\n<p>Division des Personnels Enseignants (DPE)<\/p>\n\n\n\n<ul class=\"wp-block-list\">\n<li>Exercice des fonctions \u00e0 temps partiel des personnels enseignants du premier degr\u00e9 au titre de l\u2019ann\u00e9e scolaire 2025-2026<br><a href=\"https:\/\/buldep13.ac-aix-marseille.fr\/uploads\/BD13\/BD285\/Circulaire temps partiels 2025-2026.pdf?ts=1735394516\" target=\"_blank\" rel=\"noreferrer noopener\">Circulaire temps partiels 2025-2026.pdf<\/a> Annexe : <a href=\"https:\/\/buldep13.ac-aix-marseille.fr\/uploads\/BD13\/BD285\/Liste m\u00e9decins g\u00e9n\u00e9ralistes agr\u00e9\u00e9s 2023-2026.pdf?ts=1735394516\" target=\"_blank\" rel=\"noreferrer noopener\">Liste m\u00e9decins g\u00e9n\u00e9ralistes agr\u00e9\u00e9s 2023-2026.pdf<\/a><br><\/li>\n<\/ul>\n\n\n\n<p>Division des Personnels non Enseignants (DPNE)<\/p>\n\n\n\n<ul class=\"wp-block-list\">\n<li>Cong\u00e9 de formation professionnelle des personnels AESH_ Ann\u00e9e scolaire 2025-2026<br><a href=\"https:\/\/buldep13.ac-aix-marseille.fr\/uploads\/BD13\/BD285\/Circulaire cong\u00e9 formation AESH 2025-2026.pdf?ts=1735394516\" target=\"_blank\" rel=\"noreferrer noopener\">Circulaire cong\u00e9 formation AESH 2025-2026.pdf<\/a> Annexe : <a href=\"https:\/\/buldep13.ac-aix-marseille.fr\/uploads\/BD13\/BD285\/Cong\u00e9 formation AESH 2025-2026_Annexe 1.pdf?ts=1735394516\" target=\"_blank\" rel=\"noreferrer noopener\">Cong\u00e9 formation AESH 2025-2026_Annexe 1.pdf<\/a><\/li>\n<\/ul>\n\n\n\n<p>Division des Personnels Enseignants (DPE)<\/p>\n\n\n\n<ul class=\"wp-block-list\">\n<li>Arr\u00eat\u00e9 portant sur l\u2019avancement d\u2019\u00e9chelon \u00e0 l\u2019anciennet\u00e9 au titre de l\u2019ann\u00e9e scolaire 2024-2025<br><a href=\"https:\/\/buldep13.ac-aix-marseille.fr\/uploads\/BD13\/BD283\/ARRETE COLLECTIF 6151_6152_6153_AS2425.pdf?ts=1735394585\" target=\"_blank\" rel=\"noreferrer noopener\">ARRETE COLLECTIF 6151_6152_6153_AS2425.pdf<\/a><\/li>\n<\/ul>\n\n\n\n<p>Division des Personnels Enseignants (DPE)<\/p>\n\n\n\n<ul class=\"wp-block-list\">\n<li>Conservation des droits \u00e0 l\u2019avancement d\u2019\u00e9chelon et de grade selon certaines conditions pour les fonctionnaires en disponibilit\u00e9 exer\u00e7ant une activit\u00e9 professionnelle &#8211; Rentr\u00e9e scolaire 2025<br><a href=\"https:\/\/buldep13.ac-aix-marseille.fr\/uploads\/BD13\/BD282\/NOTE de SERVICE_ ConservationAvancementRS25.pdf?ts=1735394605\" target=\"_blank\" rel=\"noreferrer noopener\">NOTE de SERVICE_ ConservationAvancementRS25.pdf<\/a> Annexe : <a href=\"https:\/\/buldep13.ac-aix-marseille.fr\/uploads\/BD13\/BD282\/Formulaire_ConservationAvancementRS25.pdf?ts=1735394605\" target=\"_blank\" rel=\"noreferrer noopener\">Formulaire_ConservationAvancementRS25.pdf<\/a><\/li>\n<\/ul>\n\n\n\n<p>Division des Personnels Enseignants (DPE)<\/p>\n\n\n\n<ul class=\"wp-block-list\">\n<li>Note modificative : date de cl\u00f4ture des inscriptions du 1er concours de recrutement de professeurs des \u00e9coles interne : session 2025<br><a href=\"https:\/\/buldep13.ac-aix-marseille.fr\/uploads\/BD13\/BD281\/NOTE CLOTURE DATE INSCRIPTIONS PREMIER DEGRE.pdf?ts=1735394623\" target=\"_blank\" rel=\"noreferrer noopener\">NOTE CLOTURE DATE INSCRIPTIONS PREMIER DEGRE.pdf<\/a><\/li>\n<\/ul>\n\n\n\n<p>Division des Personnels Enseignants (DPE)<\/p>\n\n\n\n<ul class=\"wp-block-list\">\n<li>Mise en disponibilit\u00e9 et reprise d\u2019activit\u00e9 apr\u00e8s disponibilit\u00e9 des enseignants du 1er degr\u00e9 pour 2025-2026<br><a href=\"https:\/\/buldep13.ac-aix-marseille.fr\/uploads\/BD13\/BD279\/Circulaire disponibilit\u00e9 2025-2026 v2.pdf?ts=1735394647\" target=\"_blank\" rel=\"noreferrer noopener\">Circulaire disponibilit\u00e9 2025-2026 v2.pdf<\/a> Annexes : <a href=\"https:\/\/buldep13.ac-aix-marseille.fr\/uploads\/BD13\/BD279\/Annexe 1.pdf?ts=1735394647\" target=\"_blank\" rel=\"noreferrer noopener\">Annexe 1.pdf<\/a><br><a href=\"https:\/\/buldep13.ac-aix-marseille.fr\/uploads\/BD13\/BD279\/Annexe 2.pdf?ts=1735394647\" target=\"_blank\" rel=\"noreferrer noopener\">Annexe 2.pdf<\/a><br><a href=\"https:\/\/buldep13.ac-aix-marseille.fr\/uploads\/BD13\/BD279\/Annexe 3.pdf?ts=1735394647\" target=\"_blank\" rel=\"noreferrer noopener\">Annexe 3.pdf<\/a><br><a href=\"https:\/\/buldep13.ac-aix-marseille.fr\/uploads\/BD13\/BD279\/Annexe 4.pdf?ts=1735394647\" target=\"_blank\" rel=\"noreferrer noopener\">Annexe 4.pdf<\/a><br><a href=\"https:\/\/buldep13.ac-aix-marseille.fr\/uploads\/BD13\/BD279\/Annexe 5.pdf?ts=1735394647\" target=\"_blank\" rel=\"noreferrer noopener\">Annexe 5.pdf<\/a><\/li>\n<\/ul>\n\n\n\n<p>Division des Personnels Enseignants (DPE)<\/p>\n\n\n\n<ul class=\"wp-block-list\">\n<li>Dispositif d\u2019accompagnement des personnels d\u2019enseignement du premier degr\u00e9 confront\u00e9s \u00e0 des difficult\u00e9s de sant\u00e9<br><a href=\"https:\/\/buldep13.ac-aix-marseille.fr\/uploads\/BD13\/BD278\/NdS DSDEN  postes adapt\u00e9s  RS 2025-V2.pdf?ts=1735394670\" target=\"_blank\" rel=\"noreferrer noopener\">NdS DSDEN postes adapt\u00e9s RS 2025-V2.pdf<\/a> Annexes : <a href=\"https:\/\/buldep13.ac-aix-marseille.fr\/uploads\/BD13\/BD278\/ANNEXE I.pdf?ts=1735394670\" target=\"_blank\" rel=\"noreferrer noopener\">ANNEXE I.pdf<\/a><br><a href=\"https:\/\/buldep13.ac-aix-marseille.fr\/uploads\/BD13\/BD278\/ANNEXE II.pdf?ts=1735394670\" target=\"_blank\" rel=\"noreferrer noopener\">ANNEXE II.pdf<\/a><br><a href=\"https:\/\/buldep13.ac-aix-marseille.fr\/uploads\/BD13\/BD278\/ANNEXE III.pdf?ts=1735394670\" target=\"_blank\" rel=\"noreferrer noopener\">ANNEXE III.pdf<\/a><\/li>\n<\/ul>\n","protected":false},"excerpt":{"rendered":"<p>Division des Personnels Enseignants (DPE) Division des Personnels non Enseignants (DPNE) Division des Personnels Enseignants (DPE) Division des Personnels Enseignants (DPE) Division des Personnels Enseignants (DPE) Division des Personnels Enseignants [&hellip;]<\/p>\n","protected":false},"author":1,"featured_media":0,"comment_status":"closed","ping_status":"closed","sticky":false,"template":"","format":"standard","meta":{"_lmt_disableupdate":"","_lmt_disable":"","site-sidebar-layout":"default","site-content-layout":"","ast-site-content-layout":"default","site-content-style":"default","site-sidebar-style":"default","ast-global-header-display":"","ast-banner-title-visibility":"","ast-main-header-display":"","ast-hfb-above-header-display":"","ast-hfb-below-header-display":"","ast-hfb-mobile-header-display":"","site-post-title":"","ast-breadcrumbs-content":"","ast-featured-img":"","footer-sml-layout":"","ast-disable-related-posts":"","theme-transparent-header-meta":"","adv-header-id-meta":"","stick-header-meta":"","header-above-stick-meta":"","header-main-stick-meta":"","header-below-stick-meta":"","astra-migrate-meta-layouts":"set","ast-page-background-enabled":"default","ast-page-background-meta":{"desktop":{"background-color":"var(--ast-global-color-4)","background-image":"","background-repeat":"repeat","background-position":"center center","background-size":"auto","background-attachment":"scroll","background-type":"","background-media":"","overlay-type":"","overlay-color":"","overlay-opacity":"","overlay-gradient":""},"tablet":{"background-color":"","background-image":"","background-repeat":"repeat","background-position":"center center","background-size":"auto","background-attachment":"scroll","background-type":"","background-media":"","overlay-type":"","overlay-color":"","overlay-opacity":"","overlay-gradient":""},"mobile":{"background-color":"","background-image":"","background-repeat":"repeat","background-position":"center center","background-size":"auto","background-attachment":"scroll","background-type":"","background-media":"","overlay-type":"","overlay-color":"","overlay-opacity":"","overlay-gradient":""}},"ast-content-background-meta":{"desktop":{"background-color":"var(--ast-global-color-5)","background-image":"","background-repeat":"repeat","background-position":"center center","background-size":"auto","background-attachment":"scroll","background-type":"","background-media":"","overlay-type":"","overlay-color":"","overlay-opacity":"","overlay-gradient":""},"tablet":{"background-color":"var(--ast-global-color-5)","background-image":"","background-repeat":"repeat","background-position":"center center","background-size":"auto","background-attachment":"scroll","background-type":"","background-media":"","overlay-type":"","overlay-color":"","overlay-opacity":"","overlay-gradient":""},"mobile":{"background-color":"var(--ast-global-color-5)","background-image":"","background-repeat":"repeat","background-position":"center center","background-size":"auto","background-attachment":"scroll","background-type":"","background-media":"","overlay-type":"","overlay-color":"","overlay-opacity":"","overlay-gradient":""}},"footnotes":""},"categories":[41,23],"tags":[],"class_list":["post-3927","post","type-post","status-publish","format-standard","hentry","category-actualites-2024-2025","category-professeurs-1er-degre"],"modified_by":"slecourtier","_links":{"self":[{"href":"https:\/\/snalc.org\/snalc2023\/index.php?rest_route=\/wp\/v2\/posts\/3927","targetHints":{"allow":["GET"]}}],"collection":[{"href":"https:\/\/snalc.org\/snalc2023\/index.php?rest_route=\/wp\/v2\/posts"}],"about":[{"href":"https:\/\/snalc.org\/snalc2023\/index.php?rest_route=\/wp\/v2\/types\/post"}],"author":[{"embeddable":true,"href":"https:\/\/snalc.org\/snalc2023\/index.php?rest_route=\/wp\/v2\/users\/1"}],"replies":[{"embeddable":true,"href":"https:\/\/snalc.org\/snalc2023\/index.php?rest_route=%2Fwp%2Fv2%2Fcomments&post=3927"}],"version-history":[{"count":1,"href":"https:\/\/snalc.org\/snalc2023\/index.php?rest_route=\/wp\/v2\/posts\/3927\/revisions"}],"predecessor-version":[{"id":3928,"href":"https:\/\/snalc.org\/snalc2023\/index.php?rest_route=\/wp\/v2\/posts\/3927\/revisions\/3928"}],"wp:attachment":[{"href":"https:\/\/snalc.org\/snalc2023\/index.php?rest_route=%2Fwp%2Fv2%2Fmedia&parent=3927"}],"wp:term":[{"taxonomy":"category","embeddable":true,"href":"https:\/\/snalc.org\/snalc2023\/index.php?rest_route=%2Fwp%2Fv2%2Fcategories&post=3927"},{"taxonomy":"post_tag","embeddable":true,"href":"https:\/\/snalc.org\/snalc2023\/index.php?rest_route=%2Fwp%2Fv2%2Ftags&post=3927"}],"curies":[{"name":"wp","href":"https:\/\/api.w.org\/{rel}","templated":true}]}}