{"id":4001,"date":"2025-01-17T19:31:07","date_gmt":"2025-01-17T18:31:07","guid":{"rendered":"https:\/\/snalc.org\/snalc2023\/?p=4001"},"modified":"2025-01-17T19:31:08","modified_gmt":"2025-01-17T18:31:08","slug":"csa-ministeriel-du-17-janvier-2025-declaration-du-snalc","status":"publish","type":"post","link":"https:\/\/snalc.org\/snalc2023\/?p=4001","title":{"rendered":"CSA minist\u00e9riel du 17 janvier 2025 : d\u00e9claration du SNALC"},"content":{"rendered":"\n<ul class=\"wp-block-list\">\n<li><a href=\"https:\/\/snalc.fr\/category\/actualites\/\"><\/a><\/li>\n<\/ul>\n\n\n\n<figure class=\"wp-block-image\"><img decoding=\"async\" src=\"https:\/\/snalc.fr\/wp-content\/uploads\/csa_istock_piranka-1207360622.jpg\" alt=\"\" class=\"wp-image-24237\"\/><figcaption class=\"wp-element-caption\">\u00a9 istock_piranka-1207360622<\/figcaption><\/figure>\n\n\n\n<p>&nbsp;&nbsp;&nbsp;&nbsp;&nbsp;&nbsp;&nbsp;&nbsp;&nbsp;&nbsp;&nbsp;&nbsp;&nbsp;Madame la ministre, Mesdames et Messieurs les repr\u00e9sentants de l\u2019administration, Mesdames et Messieurs les membres \u00e9lus du comit\u00e9,<\/p>\n\n\n\n<p>&nbsp;&nbsp;&nbsp;&nbsp;&nbsp;&nbsp;&nbsp;&nbsp;&nbsp;&nbsp;&nbsp;&nbsp;&nbsp;Le SNALC a bien not\u00e9 que, selon le premier ministre, \u00ab L\u2019\u00e9ducation est \u00e0 sa place, la premi\u00e8re&nbsp;\u00bb. Toutefois, il ne parlait que de l\u2019ordre protocolaire, et non de la r\u00e9alit\u00e9 de la politique \u00e9ducative men\u00e9e. Cette politique, impressionnante de constance malgr\u00e9 les changements de visages que nous constatons tous les trois mois environ, obtient des r\u00e9sultats tout aussi constants&nbsp;: ils sont, invariablement, nuls.<\/p>\n\n\n\n<p>&nbsp;&nbsp;&nbsp;&nbsp;&nbsp;&nbsp;&nbsp;&nbsp;&nbsp;&nbsp;&nbsp;&nbsp;&nbsp; Le rattrapage salarial des enseignants, objectivement sous-pay\u00e9s par rapport au reste de la cat\u00e9gorie A dans la fonction publique d\u2019\u00c9tat&nbsp;? Nul. La prise en compte de l\u2019\u00e9cole inclusive sur les conditions de travail et d\u2019enseignement des coll\u00e8gues&nbsp;? Nulle. Les r\u00e9sultats des r\u00e9formes p\u00e9dagogiques men\u00e9es depuis le premier quinquennat d\u2019Emmanuel Macron&nbsp;? Tr\u00e8s nuls.<\/p>\n\n\n\n<p>&nbsp;&nbsp;&nbsp;&nbsp;&nbsp;&nbsp;&nbsp;&nbsp;&nbsp;&nbsp;&nbsp;&nbsp;&nbsp; Vous arrivez dans un minist\u00e8re en crise. Habituellement, le SNALC laisse le b\u00e9n\u00e9fice du doute \u00e0 la personne nomm\u00e9e aux responsabilit\u00e9s que vous occupez aujourd\u2019hui, car nous jugeons les actes et non les personnes. Mais des actes, vous en avez d\u00e9j\u00e0 \u00e0 votre actif \u2014 ou plut\u00f4t \u00e0 votre passif \u2014 en tant qu\u2019ancienne premi\u00e8re ministre. Donc pour le SNALC, vous portez d\u00e9j\u00e0 une part de responsabilit\u00e9 dans la situation actuelle.<\/p>\n\n\n\n<p>&nbsp; &nbsp; &nbsp; &nbsp; &nbsp; &nbsp; &nbsp; Avoir cautionn\u00e9 la nullit\u00e9 par le pass\u00e9 n\u2019emp\u00eache pas d\u2019en sortir. Nous attendons d\u2019une ministre qu\u2019elle d\u00e9fende ses personnels&nbsp;: d\u2019autres y arrivent, mais rarement \u00e0 l\u2019\u00c9ducation nationale. Nous attendons qu\u2019elle prenne conscience du champ de ruines qu\u2019est aujourd\u2019hui notre Institution, pourtant l\u2019un des piliers de la R\u00e9publique. Qu\u2019elle voie le m\u00e9pris avec lequel on traite les AESH, les AED. Qu\u2019elle constate la quasi-disparition de la sant\u00e9 scolaire. Qu\u2019elle admette que si telle ou telle r\u00e9forme est rejet\u00e9e par nos professions, ce n\u2019est pas parce qu\u2019elle aurait \u00e9t\u00e9 \u00ab&nbsp;mal comprise&nbsp;\u00bb, et qu\u2019il conviendrait de faire davantage de \u00ab&nbsp;p\u00e9dagogie&nbsp;\u00bb. Les sp\u00e9cialistes de la p\u00e9dagogie, c\u2019est nous, justement. Et nous pouvons, du haut de nos comp\u00e9tences professionnelles, signaler que vos pr\u00e9d\u00e9cesseuses et pr\u00e9d\u00e9cesseurs, ont \u00e9t\u00e9, dans ce domaine, l\u00e9gers. En revanche, sur les comp\u00e9tences \u00ab&nbsp;enfumage&nbsp;\u00bb et \u00ab&nbsp;poussi\u00e8re sous le tapis&nbsp;\u00bb, le niveau monte.<\/p>\n\n\n\n<p>&nbsp; &nbsp; &nbsp; &nbsp; &nbsp; &nbsp; Le SNALC tient \u00e0 votre disposition ses analyses, ses enqu\u00eates \u2014 par exemple sur les groupes en 6<sup>e<\/sup>\/5<sup>e<\/sup> ou sur le traitement des personnels en situation de handicap. Nous jouerons notre r\u00f4le d\u2019expert, de porte-voix de nos coll\u00e8gues, d\u2019emp\u00eacheur de communiquer et de mentir en rond. Nous attendons que vous et le gouvernement auquel vous appartenez annoncent le retrait des 4 000 suppressions de postes d\u2019enseignants \u2014 il semble que ce soit en bonne voie. Nous attendons que vous annonciez la fin du d\u00e9lire que constituent les 3 jours de carence : au vu de la crise actuelle, le nombre de jours de carence adapt\u00e9 \u00e0 notre minist\u00e8re, c\u2019est z\u00e9ro. Nous attendons que vous annonciez que l\u2019on maintiendra la GIPA, y compris pour les cat\u00e9gories A, ainsi que l\u2019indemnisation \u00e0 100 % des arr\u00eats maladies. Nous attendons l\u2019abandon du pacte et le reversement de son enveloppe dans une revalorisation salariale pour tous. Nous attendons que les coll\u00e8gues soient entendus sur les diverses mesures du \u00ab choc des savoirs \u00bb, dont la beaut\u00e9 sur le papier n\u2019a eu d\u2019\u00e9gale que la laideur des conditions concr\u00e8tes de mise en \u0153uvre.<\/p>\n\n\n\n<p>&nbsp;&nbsp;&nbsp;&nbsp;&nbsp;&nbsp;&nbsp;&nbsp;&nbsp;&nbsp;&nbsp;&nbsp;&nbsp; L\u2019\u00c9cole et ses personnels n\u2019ont que faire aujourd\u2019hui des bisbilles politiciennes, des postures et des symboles. L\u2019\u00c9cole et ses personnels ont besoin de gens qui ma\u00eetrisent les dossiers, qui gagnent des arbitrages, qui voient \u00e0 long terme et qui sont capables d\u2019admettre leurs erreurs pass\u00e9es et d\u2019\u0153uvrer dans l\u2019int\u00e9r\u00eat de notre pays. La fa\u00e7on dont nous avons \u00e9t\u00e9 trait\u00e9s a affaibli la R\u00e9publique. \u00c0 vous de prendre vos responsabilit\u00e9s, Madame la Ministre. Il est encore temps de faire des choses moins nulles, et m\u00eame, pourquoi pas, de bien faire.<\/p>\n\n\n\n<p><a href=\"https:\/\/snalc.fr\/wp-content\/uploads\/CSAM_decla_SNALC_20250117.pdf\">T\u00e9l\u00e9charger la d\u00e9claration du SNALC<\/a><\/p>\n","protected":false},"excerpt":{"rendered":"<p>&nbsp;&nbsp;&nbsp;&nbsp;&nbsp;&nbsp;&nbsp;&nbsp;&nbsp;&nbsp;&nbsp;&nbsp;&nbsp;Madame la ministre, Mesdames et Messieurs les repr\u00e9sentants de l\u2019administration, Mesdames et Messieurs les membres \u00e9lus du comit\u00e9, &nbsp;&nbsp;&nbsp;&nbsp;&nbsp;&nbsp;&nbsp;&nbsp;&nbsp;&nbsp;&nbsp;&nbsp;&nbsp;Le SNALC a bien not\u00e9 que, selon le premier ministre, \u00ab L\u2019\u00e9ducation [&hellip;]<\/p>\n","protected":false},"author":1,"featured_media":0,"comment_status":"closed","ping_status":"closed","sticky":false,"template":"","format":"standard","meta":{"_lmt_disableupdate":"","_lmt_disable":"","site-sidebar-layout":"default","site-content-layout":"","ast-site-content-layout":"default","site-content-style":"default","site-sidebar-style":"default","ast-global-header-display":"","ast-banner-title-visibility":"","ast-main-header-display":"","ast-hfb-above-header-display":"","ast-hfb-below-header-display":"","ast-hfb-mobile-header-display":"","site-post-title":"","ast-breadcrumbs-content":"","ast-featured-img":"","footer-sml-layout":"","ast-disable-related-posts":"","theme-transparent-header-meta":"","adv-header-id-meta":"","stick-header-meta":"","header-above-stick-meta":"","header-main-stick-meta":"","header-below-stick-meta":"","astra-migrate-meta-layouts":"set","ast-page-background-enabled":"default","ast-page-background-meta":{"desktop":{"background-color":"var(--ast-global-color-4)","background-image":"","background-repeat":"repeat","background-position":"center center","background-size":"auto","background-attachment":"scroll","background-type":"","background-media":"","overlay-type":"","overlay-color":"","overlay-opacity":"","overlay-gradient":""},"tablet":{"background-color":"","background-image":"","background-repeat":"repeat","background-position":"center center","background-size":"auto","background-attachment":"scroll","background-type":"","background-media":"","overlay-type":"","overlay-color":"","overlay-opacity":"","overlay-gradient":""},"mobile":{"background-color":"","background-image":"","background-repeat":"repeat","background-position":"center center","background-size":"auto","background-attachment":"scroll","background-type":"","background-media":"","overlay-type":"","overlay-color":"","overlay-opacity":"","overlay-gradient":""}},"ast-content-background-meta":{"desktop":{"background-color":"var(--ast-global-color-5)","background-image":"","background-repeat":"repeat","background-position":"center center","background-size":"auto","background-attachment":"scroll","background-type":"","background-media":"","overlay-type":"","overlay-color":"","overlay-opacity":"","overlay-gradient":""},"tablet":{"background-color":"var(--ast-global-color-5)","background-image":"","background-repeat":"repeat","background-position":"center center","background-size":"auto","background-attachment":"scroll","background-type":"","background-media":"","overlay-type":"","overlay-color":"","overlay-opacity":"","overlay-gradient":""},"mobile":{"background-color":"var(--ast-global-color-5)","background-image":"","background-repeat":"repeat","background-position":"center center","background-size":"auto","background-attachment":"scroll","background-type":"","background-media":"","overlay-type":"","overlay-color":"","overlay-opacity":"","overlay-gradient":""}},"footnotes":""},"categories":[41],"tags":[],"class_list":["post-4001","post","type-post","status-publish","format-standard","hentry","category-actualites-2024-2025"],"modified_by":"slecourtier","_links":{"self":[{"href":"https:\/\/snalc.org\/snalc2023\/index.php?rest_route=\/wp\/v2\/posts\/4001","targetHints":{"allow":["GET"]}}],"collection":[{"href":"https:\/\/snalc.org\/snalc2023\/index.php?rest_route=\/wp\/v2\/posts"}],"about":[{"href":"https:\/\/snalc.org\/snalc2023\/index.php?rest_route=\/wp\/v2\/types\/post"}],"author":[{"embeddable":true,"href":"https:\/\/snalc.org\/snalc2023\/index.php?rest_route=\/wp\/v2\/users\/1"}],"replies":[{"embeddable":true,"href":"https:\/\/snalc.org\/snalc2023\/index.php?rest_route=%2Fwp%2Fv2%2Fcomments&post=4001"}],"version-history":[{"count":1,"href":"https:\/\/snalc.org\/snalc2023\/index.php?rest_route=\/wp\/v2\/posts\/4001\/revisions"}],"predecessor-version":[{"id":4002,"href":"https:\/\/snalc.org\/snalc2023\/index.php?rest_route=\/wp\/v2\/posts\/4001\/revisions\/4002"}],"wp:attachment":[{"href":"https:\/\/snalc.org\/snalc2023\/index.php?rest_route=%2Fwp%2Fv2%2Fmedia&parent=4001"}],"wp:term":[{"taxonomy":"category","embeddable":true,"href":"https:\/\/snalc.org\/snalc2023\/index.php?rest_route=%2Fwp%2Fv2%2Fcategories&post=4001"},{"taxonomy":"post_tag","embeddable":true,"href":"https:\/\/snalc.org\/snalc2023\/index.php?rest_route=%2Fwp%2Fv2%2Ftags&post=4001"}],"curies":[{"name":"wp","href":"https:\/\/api.w.org\/{rel}","templated":true}]}}