{"id":4030,"date":"2025-01-20T19:04:45","date_gmt":"2025-01-20T18:04:45","guid":{"rendered":"https:\/\/snalc.org\/snalc2023\/?p=4030"},"modified":"2025-01-20T19:04:47","modified_gmt":"2025-01-20T18:04:47","slug":"quinzaine-universitaire-n1497","status":"publish","type":"post","link":"https:\/\/snalc.org\/snalc2023\/?p=4030","title":{"rendered":"QUINZAINE UNIVERSITAIRE n\u00b01497"},"content":{"rendered":"\n<figure class=\"wp-block-image\"><img decoding=\"async\" src=\"https:\/\/snalc.fr\/wp-content\/uploads\/QU1497.jpg\" alt=\"\" class=\"wp-image-49976\"\/><\/figure>\n\n\n\n<p><strong>\u00c9DITO :&nbsp;<\/strong><a href=\"https:\/\/snalc.fr\/nuls\/\"><strong>NULS !<\/strong><\/a><\/p>\n\n\n\n<figure class=\"wp-block-image\"><img decoding=\"async\" src=\"https:\/\/snalc.fr\/wp-content\/uploads\/elementor\/thumbs\/SNALC-congres-Strasbourg-mai-2023-Photo-Philippe-Sautier-3-e1686317689865-qfu77nw4qlxwj5dktm23kiay8chujy1r6wng15ek0o.jpg\" alt=\"SNALC congres Strasbourg mai 2023 - Photo Philippe Sautier (3)\" title=\"SNALC congres Strasbourg mai 2023 \u2013 Photo Philippe Sautier (3)\"\/><\/figure>\n\n\n\n<p>Jean-R\u00e9mi Girard<br>Pr\u00e9sident du SNALC<\/p>\n\n\n\n<p>Selon le premier ministre, dans le nouveau gouvernement, \u00ab l\u2019\u00e9ducation est \u00e0 sa place, la premi\u00e8re&nbsp;\u00bb. Dans les faits, il ne parlait que de l\u2019ordre protocolaire, et non de la r\u00e9alit\u00e9 de la politique \u00e9ducative men\u00e9e. Cette politique, impressionnante de constance malgr\u00e9 les changements de visages que nous constatons tous les trois mois environ, obtient des r\u00e9sultats tout aussi constants&nbsp;: ils sont, invariablement, nuls.<\/p>\n\n\n\n<p>Le rattrapage salarial des enseignants, objectivement sous-pay\u00e9s par rapport au reste de la cat\u00e9gorie A dans la fonction publique d\u2019\u00c9tat ? Nul. La prise en compte de l\u2019\u00e9cole inclusive sur les conditions de travail et d\u2019enseignement des coll\u00e8gues ? Nulle. Les r\u00e9sultats des r\u00e9formes p\u00e9dagogiques men\u00e9es depuis le premier quinquennat d\u2019Emmanuel Macron ? Tr\u00e8s nuls.&nbsp; [<a href=\"https:\/\/snalc.fr\/nuls\/\"><strong>Lire la suite<\/strong><\/a>]<\/p>\n\n\n\n<p><strong>DOSSIER DU MOIS : <a href=\"https:\/\/snalc.fr\/quel-avenir-pour-le-lycee-professionnel\/\">QUEL AVENIR POUR LE LYC\u00c9E PROFESSIONNEL ?<\/a><\/strong><\/p>\n\n\n\n<ul class=\"wp-block-list\">\n<li><em><a href=\"https:\/\/snalc.fr\/quel-avenir-pour-le-lycee-professionnel#pfmp\">PFMP : r\u00e9sultats de l\u2019enqu\u00eate du SNALC<\/a><\/em><\/li>\n\n\n\n<li><em><a href=\"https:\/\/snalc.fr\/quel-avenir-pour-le-lycee-professionnel#certif\">D\u00e9veloppement des certificats de sp\u00e9cialisation post-bac : non au CFA sous statut scolaire<\/a><\/em><\/li>\n\n\n\n<li><em><a href=\"https:\/\/snalc.fr\/quel-avenir-pour-le-lycee-professionnel#francais\">Enseigner le fran\u00e7ais, l\u2019histoire-g\u00e9ographie et l\u2019EMC en CAP<\/a><\/em><\/li>\n\n\n\n<li><em><a href=\"https:\/\/snalc.fr\/quel-avenir-pour-le-lycee-professionnel#inclusion\">L\u2019inclusion des \u00e9l\u00e8ves en situation de handicap<\/a><\/em><\/li>\n\n\n\n<li><em><a href=\"https:\/\/snalc.fr\/quel-avenir-pour-le-lycee-professionnel#erea\">L\u2019enseignement en EREA<\/a><\/em><\/li>\n<\/ul>\n\n\n\n<p><strong>LES PERSONNELS<\/strong><\/p>\n\n\n\n<ul class=\"wp-block-list\">\n<li><a href=\"https:\/\/snalc.fr\/acces-au-corps-des-agreges-par-liste-daptitude-candidater-ou-non\/\">Acc\u00e8s au corps des agr\u00e9g\u00e9s par liste d\u2019aptitude : candidater ou non ?<\/a><\/li>\n\n\n\n<li><a href=\"https:\/\/snalc.fr\/calendrier-de-versement-des-salaires-et-pensions\/\">Calendrier de versement des salaires et pensions<\/a><\/li>\n\n\n\n<li><a href=\"https:\/\/snalc.fr\/wp-content\/uploads\/QU1497_NLOP.jpg\">Ne l\u2019oubliez pas !<\/a><\/li>\n<\/ul>\n\n\n\n<p><strong>SYST\u00c8ME \u00c9DUCATIF<\/strong><\/p>\n\n\n\n<ul class=\"wp-block-list\">\n<li><a href=\"https:\/\/snalc.fr\/projets-de-programmes-de-langues-une-amelioration\/\">Projets de programmes de langues : une am\u00e9lioration ?<\/a><\/li>\n\n\n\n<li><a href=\"https:\/\/snalc.fr\/la-ministre-est-novice-eh-bien-enseignons-lui\/\">La ministre est novice? Eh bien, enseignons-lui !<\/a><\/li>\n\n\n\n<li><a href=\"https:\/\/snalc.fr\/sections-sportives-scolaires-un-dispositif-toujours-sous-finance\/\">Sections sportives scolaires : un dispositif toujours sous-financ\u00e9<\/a><\/li>\n\n\n\n<li><a href=\"https:\/\/snalc.fr\/resultats-timss-la-chute-du-niveau-et-les-inegalites-saccentuent\/\">R\u00e9sultats TIMSS : la chute du niveau et les in\u00e9galit\u00e9s s\u2019accentuent<\/a><\/li>\n\n\n\n<li><a href=\"https:\/\/snalc.fr\/passeport-educfi-saison-2-diapositive-attitude\/\">Passeport \u00c9ducfi, saison 2 : <em>diapositive attitude<\/em><\/a><\/li>\n\n\n\n<li><a href=\"https:\/\/snalc.fr\/36e-spme\/\">36\u00e8 semaine de la presse et des m\u00e9dias dans l\u2019\u00e9cole : \u00e0 vos agendas !<\/a><\/li>\n<\/ul>\n\n\n\n<p><strong>CONDITIONS DE TRAVAIL<\/strong><\/p>\n\n\n\n<ul class=\"wp-block-list\">\n<li><a href=\"https:\/\/snalc.fr\/quelles-exceptions-au-jour-de-carence\/\">Quelles exceptions au jour de carence ?<\/a><\/li>\n\n\n\n<li><a href=\"https:\/\/snalc.fr\/en-2025-pensez-avantages-snalc\/\">En 2025, pensez avantages-SNALC !<\/a><\/li>\n<\/ul>\n\n\n\n<p><a href=\"https:\/\/snalc.fr\/wp-content\/uploads\/QU1497.pdf\">T\u00e9l\u00e9charger la revue en PDF<\/a><\/p>\n\n\n\n<figure class=\"wp-block-image\"><img decoding=\"async\" src=\"https:\/\/snalc.fr\/wp-content\/uploads\/QU1497-1D-728x1024.jpg\" alt=\"\" class=\"wp-image-49977\"\/><\/figure>\n\n\n\n<p><em><strong>Afin d\u2019\u00eatre au plus pr\u00e8s de vos attentes et de vous informer au mieux, la revue du SNALC a \u00e9volu\u00e9 d\u00e8s cette rentr\u00e9e, avec d\u00e9sormais deux num\u00e9ros mensuels au lieu d\u2019un : l\u2019un centr\u00e9 sur le second degr\u00e9 et le sup\u00e9rieur, et le second sur les probl\u00e9matiques sp\u00e9cifiques de l\u2019\u00e9cole primaire.<\/strong><\/em><\/p>\n\n\n\n<p><a href=\"https:\/\/snalc.fr\/quinzaine-universitaire-n1497-1d\/\">D\u00e9couvrir la revue Premier degr\u00e9<\/a><\/p>\n\n\n\n<p><a href=\"https:\/\/snalc.fr\/contact\/\" target=\"_blank\" rel=\"noreferrer noopener\">Nous \u00e9crire<\/a><\/p>\n","protected":false},"excerpt":{"rendered":"<p>\u00c9DITO :&nbsp;NULS ! Jean-R\u00e9mi GirardPr\u00e9sident du SNALC Selon le premier ministre, dans le nouveau gouvernement, \u00ab l\u2019\u00e9ducation est \u00e0 sa place, la premi\u00e8re&nbsp;\u00bb. Dans les faits, il ne parlait que [&hellip;]<\/p>\n","protected":false},"author":1,"featured_media":0,"comment_status":"closed","ping_status":"closed","sticky":false,"template":"","format":"standard","meta":{"_lmt_disableupdate":"","_lmt_disable":"","site-sidebar-layout":"default","site-content-layout":"","ast-site-content-layout":"default","site-content-style":"default","site-sidebar-style":"default","ast-global-header-display":"","ast-banner-title-visibility":"","ast-main-header-display":"","ast-hfb-above-header-display":"","ast-hfb-below-header-display":"","ast-hfb-mobile-header-display":"","site-post-title":"","ast-breadcrumbs-content":"","ast-featured-img":"","footer-sml-layout":"","ast-disable-related-posts":"","theme-transparent-header-meta":"","adv-header-id-meta":"","stick-header-meta":"","header-above-stick-meta":"","header-main-stick-meta":"","header-below-stick-meta":"","astra-migrate-meta-layouts":"set","ast-page-background-enabled":"default","ast-page-background-meta":{"desktop":{"background-color":"var(--ast-global-color-4)","background-image":"","background-repeat":"repeat","background-position":"center center","background-size":"auto","background-attachment":"scroll","background-type":"","background-media":"","overlay-type":"","overlay-color":"","overlay-opacity":"","overlay-gradient":""},"tablet":{"background-color":"","background-image":"","background-repeat":"repeat","background-position":"center center","background-size":"auto","background-attachment":"scroll","background-type":"","background-media":"","overlay-type":"","overlay-color":"","overlay-opacity":"","overlay-gradient":""},"mobile":{"background-color":"","background-image":"","background-repeat":"repeat","background-position":"center center","background-size":"auto","background-attachment":"scroll","background-type":"","background-media":"","overlay-type":"","overlay-color":"","overlay-opacity":"","overlay-gradient":""}},"ast-content-background-meta":{"desktop":{"background-color":"var(--ast-global-color-5)","background-image":"","background-repeat":"repeat","background-position":"center center","background-size":"auto","background-attachment":"scroll","background-type":"","background-media":"","overlay-type":"","overlay-color":"","overlay-opacity":"","overlay-gradient":""},"tablet":{"background-color":"var(--ast-global-color-5)","background-image":"","background-repeat":"repeat","background-position":"center center","background-size":"auto","background-attachment":"scroll","background-type":"","background-media":"","overlay-type":"","overlay-color":"","overlay-opacity":"","overlay-gradient":""},"mobile":{"background-color":"var(--ast-global-color-5)","background-image":"","background-repeat":"repeat","background-position":"center center","background-size":"auto","background-attachment":"scroll","background-type":"","background-media":"","overlay-type":"","overlay-color":"","overlay-opacity":"","overlay-gradient":""}},"footnotes":""},"categories":[41,37],"tags":[],"class_list":["post-4030","post","type-post","status-publish","format-standard","hentry","category-actualites-2024-2025","category-qu"],"modified_by":"slecourtier","_links":{"self":[{"href":"https:\/\/snalc.org\/snalc2023\/index.php?rest_route=\/wp\/v2\/posts\/4030","targetHints":{"allow":["GET"]}}],"collection":[{"href":"https:\/\/snalc.org\/snalc2023\/index.php?rest_route=\/wp\/v2\/posts"}],"about":[{"href":"https:\/\/snalc.org\/snalc2023\/index.php?rest_route=\/wp\/v2\/types\/post"}],"author":[{"embeddable":true,"href":"https:\/\/snalc.org\/snalc2023\/index.php?rest_route=\/wp\/v2\/users\/1"}],"replies":[{"embeddable":true,"href":"https:\/\/snalc.org\/snalc2023\/index.php?rest_route=%2Fwp%2Fv2%2Fcomments&post=4030"}],"version-history":[{"count":1,"href":"https:\/\/snalc.org\/snalc2023\/index.php?rest_route=\/wp\/v2\/posts\/4030\/revisions"}],"predecessor-version":[{"id":4031,"href":"https:\/\/snalc.org\/snalc2023\/index.php?rest_route=\/wp\/v2\/posts\/4030\/revisions\/4031"}],"wp:attachment":[{"href":"https:\/\/snalc.org\/snalc2023\/index.php?rest_route=%2Fwp%2Fv2%2Fmedia&parent=4030"}],"wp:term":[{"taxonomy":"category","embeddable":true,"href":"https:\/\/snalc.org\/snalc2023\/index.php?rest_route=%2Fwp%2Fv2%2Fcategories&post=4030"},{"taxonomy":"post_tag","embeddable":true,"href":"https:\/\/snalc.org\/snalc2023\/index.php?rest_route=%2Fwp%2Fv2%2Ftags&post=4030"}],"curies":[{"name":"wp","href":"https:\/\/api.w.org\/{rel}","templated":true}]}}