{"id":4041,"date":"2025-01-24T19:05:00","date_gmt":"2025-01-24T18:05:00","guid":{"rendered":"https:\/\/snalc.org\/snalc2023\/?p=4041"},"modified":"2025-01-24T19:05:03","modified_gmt":"2025-01-24T18:05:03","slug":"20-ans-apres-la-loi-de-2005-defendons-une-vraie-ecole-inclusive-appel-intersyndical","status":"publish","type":"post","link":"https:\/\/snalc.org\/snalc2023\/?p=4041","title":{"rendered":"20 ans apr\u00e8s la loi de 2005 : d\u00e9fendons une vraie \u00e9cole inclusive (appel intersyndical)"},"content":{"rendered":"\n<figure class=\"wp-block-image\"><img decoding=\"async\" src=\"https:\/\/snalc.fr\/wp-content\/uploads\/handicap_istockphoto_zoranm-1257046591.jpg\" alt=\"\" class=\"wp-image-49543\"\/><figcaption class=\"wp-element-caption\">\u00a9 istockphoto_zoranm-1257046591<\/figcaption><\/figure>\n\n\n\n<figure class=\"wp-block-image\"><img decoding=\"async\" src=\"https:\/\/snalc.fr\/wp-content\/uploads\/Bandeau_IS_CSA_6-1024x234.jpg\" alt=\"\" class=\"wp-image-50090\"\/><\/figure>\n\n\n\n<p>La loi du 11 f\u00e9vrier 2005 pour l\u2019\u00e9galit\u00e9 des droits et des chances garantit \u00e0 chaque enfant en&nbsp;situation de handicap le droit d\u2019\u00eatre inscrit \u00e0 l\u2019\u00e9cole. Acc\u00e9der \u00e0 la construction des savoirs&nbsp;comme des savoir-faire, s\u2019\u00e9manciper, en tant que citoyen dans un pays garant des libert\u00e9s,&nbsp;sont des droits. De m\u00eame, selon la logique de compensation, acc\u00e9der aux soins et \u00e0&nbsp;l\u2019accompagnement \u00e9ducatif sont des droits.&nbsp;<\/p>\n\n\n\n<p>Depuis 2006 le nombre d\u2019\u00e9l\u00e8ves en situation de handicap scolaris\u00e9s \u00e0 l\u2019\u00e9cole a&nbsp;consid\u00e9rablement augment\u00e9, passant de 155000 \u00e0 la rentr\u00e9e 2006 \u00e0 436000 \u00e0 la rentr\u00e9e&nbsp;2024. N\u00e9anmoins, l\u2019\u00c9ducation nationale n\u2019a pas \u00e9t\u00e9 en mesure de mettre en \u0153uvre les moyens&nbsp;n\u00e9cessaires pour garantir de bonnes conditions de scolarisation \u00e0 ses \u00e9l\u00e8ves : les classes sont&nbsp;surcharg\u00e9es, la formation d\u2019enseignants sp\u00e9cialis\u00e9s est en recul, la formation continue est&nbsp;(quasi) inexistante, le m\u00e9tier d\u2019AESH n\u2019est pas reconnu et les \u00e9l\u00e8ves ne b\u00e9n\u00e9ficient pas d\u2019un&nbsp;v\u00e9ritable suivi p\u00e9dagogique et m\u00e9dico-social.&nbsp;<\/p>\n\n\n\n<p>Pourtant, le minist\u00e8re de l\u2019\u00c9ducation nationale a multipli\u00e9 les grandes annonces \u00e0 travers la&nbsp;Conf\u00e9rence nationale du Handicap, l\u2019acte I et l\u2019acte II de l\u2019\u00e9cole inclusive sans entendre les&nbsp;besoins ni des personnels ni des \u00e9l\u00e8ves ni de leurs familles. D\u2019ailleurs les organisations&nbsp;syndicales ne sont pas membres du comit\u00e9 national de suivi de l\u2019\u00e9cole inclusive (CNSEI) alors&nbsp;que le ministre Attal s\u2019y \u00e9tait engag\u00e9.&nbsp;<\/p>\n\n\n\n<p>Nos organisations s\u2019inqui\u00e8tent surtout de la logique minist\u00e9rielle visant \u00e0 renvoyer aux&nbsp;\u00e9l\u00e8ves, aux familles et aux personnels la seule prise en charge de la gestion du handicap \u00e0&nbsp;l\u2019\u00e9cole mais \u00e9galement la responsabilit\u00e9 de l\u2019\u00e9chec de l\u2019inclusion en milieu ordinaire alors que&nbsp;c\u2019est aux pouvoirs publics de proposer des solutions diversifi\u00e9es avec tous les moyens&nbsp;n\u00e9cessaires \u00e0 une scolarisation r\u00e9ussie.&nbsp;<\/p>\n\n\n\n<p>Ainsi, il est urgent d\u2019aborder aussi un certain nombre de sujets et d\u2019ouvrir des concertations&nbsp;notamment sur la d\u00e9tection pr\u00e9coce en maternelle, la place et les moyens attribu\u00e9s aux&nbsp;ESMS, le r\u00f4le des dispositifs d\u2019enseignement adapt\u00e9 que sont les SEGPA et aux EREA, le statut&nbsp;des AESH\u2026&nbsp;<\/p>\n\n\n\n<p>Pour que l\u2019\u00e9cole devienne inclusive, il faut que les professionnels de chaque secteur aient&nbsp;les moyens de coop\u00e9rer pour d\u00e9finir les meilleures r\u00e9ponses \u00e0 apporter afin de satisfaire&nbsp;dans de bonnes conditions aux besoins de tous les \u00e9l\u00e8ves : en effet, la politique du minist\u00e8re&nbsp;conduit trop souvent \u00e0 borner la lutte contre les difficult\u00e9s scolaires aux mesures&nbsp;d\u2019accompagnement du handicap.&nbsp;<\/p>\n\n\n\n<p>Cette politique met en \u0153uvre un v\u00e9ritable tri social : puisque les familles des classes&nbsp;populaires en sont victimes, celles-ci ne peuvent acc\u00e9der \u00e0 toutes les prises en charge,&nbsp;notamment les prises en charge externalis\u00e9es et lib\u00e9ralis\u00e9es.&nbsp;<\/p>\n\n\n\n<p>Nos organisations syndicales ont point\u00e9 l\u2019extr\u00eame urgence de donner les moyens pour que&nbsp;l\u2019inclusion des \u00e9l\u00e8ves en situation de handicap fonctionne : all\u00e8gement des effectifs, moyens&nbsp;humains suppl\u00e9mentaires, cr\u00e9ation de postes dans l\u2019enseignement adapt\u00e9 (SEGPA, EREA\u2026),&nbsp;augmentation des capacit\u00e9s d\u2019accueil des dispositifs inclusifs existants, v\u00e9ritable statut pour&nbsp;les AESH, formation, accompagnement des \u00e9quipes, augmentation des d\u00e9parts en formation&nbsp;sp\u00e9cialis\u00e9e et refonte de la formation\u2026&nbsp;<\/p>\n\n\n\n<p>L\u2019absence de r\u00e9ponse du minist\u00e8re de l\u2019\u00c9ducation nationale risque de conduire les personnels&nbsp;\u00e0 rejeter l\u2019\u00e9cole inclusive et les parents d\u2019\u00e9l\u00e8ves en situation de handicap \u00e0 fuir l\u2019\u00e9cole&nbsp;publique alors qu\u2019ils sont attach\u00e9s au principe.<\/p>\n\n\n\n<p>Nos organisations syndicales appellent les personnels \u00e0 d\u00e9fendre le droit fondamental \u00e0 la&nbsp;scolarisation pour tous les enfants, sans discrimination : l\u2019\u00c9ducation nationale doit mettre en&nbsp;\u0153uvre les moyens n\u00e9cessaires pour rendre accessibles les apprentissages et le b\u00e2ti scolaire.&nbsp;<\/p>\n\n\n\n<p>La politique d\u2019\u00e9cole inclusive du minist\u00e8re de l\u2019\u00c9ducation nationale n\u2019est pas \u00e0 la hauteur des&nbsp;enjeux, il faut faire entendre les besoins de la profession. C\u2019est pourquoi, les organisations&nbsp;repr\u00e9sentatives des personnels : la FSU, l\u2019UNSA \u00e9ducation, la CFDT EFRP, la CGT \u00e9duc\u2019action, le&nbsp;<strong>SNALC<\/strong> et SUD \u00e9ducation appellent les personnels \u00e0 faire entendre leurs revendications pour&nbsp;une v\u00e9ritable \u00e9cole inclusive \u00e0 l\u2019occasion de l\u2019anniversaire des 20 ans de la loi du 11 f\u00e9vrier&nbsp;2005 en participant aux initiatives qui auront lieu pendant toute la semaine du 27 janvier dans&nbsp;les territoires (heures d\u2019information syndicale, projections, soir\u00e9es de d\u00e9bat, rassemblement,&nbsp;gr\u00e8ve\u2026).&nbsp;<\/p>\n\n\n\n<p><strong>Mobilisons nous pour gagner :<\/strong><\/p>\n\n\n\n<ul class=\"wp-block-list\">\n<li>la cr\u00e9ation d\u2019un v\u00e9ritable statut de fonctionnaire pour les AESH avec une v\u00e9ritable formation initiale,<\/li>\n\n\n\n<li>l\u2019all\u00e8gement des effectifs par classe,<\/li>\n\n\n\n<li>des moyens humains suppl\u00e9mentaires et la reconstitution des r\u00e9seaux d\u2019aides,<\/li>\n\n\n\n<li>des cr\u00e9ations de postes dans les structures adapt\u00e9es,<\/li>\n\n\n\n<li>l\u2019augmentation des d\u00e9parts en formation sp\u00e9cialis\u00e9e et son am\u00e9lioration,<\/li>\n\n\n\n<li>la mise en place d\u2019un travail d\u2019\u00e9quipe de concertation interprofessionnel autour du projet des \u00e9l\u00e8ves sur temps de service,<\/li>\n\n\n\n<li>la mise en place de groupes d\u2019analyse des pratiques pour les personnels concern\u00e9s,<\/li>\n\n\n\n<li>un plan national d\u2019aide aux collectivit\u00e9s les plus d\u00e9favoris\u00e9es pour r\u00e9am\u00e9nager le b\u00e2ti scolaire,<\/li>\n\n\n\n<li>la participation des OS \u00e0 la concertation au sein du CNSEI.<\/li>\n<\/ul>\n\n\n\n<p><strong>Gagnons un v\u00e9ritable plan, concert\u00e9 avec les organisations syndicales, pour que l\u2019\u00e9cole&nbsp;<\/strong><strong>inclusive puisse fonctionner et prendre en compte chaque \u00e9l\u00e8ve en fonction de ses&nbsp;<\/strong><strong>besoins !<\/strong><\/p>\n\n\n\n<p><a href=\"https:\/\/snalc.fr\/wp-content\/uploads\/20250122_Appel_IS_ecole_inclusive.pdf\">T\u00e9l\u00e9charger<\/a><\/p>\n","protected":false},"excerpt":{"rendered":"<p>La loi du 11 f\u00e9vrier 2005 pour l\u2019\u00e9galit\u00e9 des droits et des chances garantit \u00e0 chaque enfant en&nbsp;situation de handicap le droit d\u2019\u00eatre inscrit \u00e0 l\u2019\u00e9cole. Acc\u00e9der \u00e0 la construction [&hellip;]<\/p>\n","protected":false},"author":1,"featured_media":0,"comment_status":"closed","ping_status":"closed","sticky":false,"template":"","format":"standard","meta":{"_lmt_disableupdate":"","_lmt_disable":"","site-sidebar-layout":"default","site-content-layout":"","ast-site-content-layout":"default","site-content-style":"default","site-sidebar-style":"default","ast-global-header-display":"","ast-banner-title-visibility":"","ast-main-header-display":"","ast-hfb-above-header-display":"","ast-hfb-below-header-display":"","ast-hfb-mobile-header-display":"","site-post-title":"","ast-breadcrumbs-content":"","ast-featured-img":"","footer-sml-layout":"","ast-disable-related-posts":"","theme-transparent-header-meta":"","adv-header-id-meta":"","stick-header-meta":"","header-above-stick-meta":"","header-main-stick-meta":"","header-below-stick-meta":"","astra-migrate-meta-layouts":"set","ast-page-background-enabled":"default","ast-page-background-meta":{"desktop":{"background-color":"var(--ast-global-color-4)","background-image":"","background-repeat":"repeat","background-position":"center center","background-size":"auto","background-attachment":"scroll","background-type":"","background-media":"","overlay-type":"","overlay-color":"","overlay-opacity":"","overlay-gradient":""},"tablet":{"background-color":"","background-image":"","background-repeat":"repeat","background-position":"center center","background-size":"auto","background-attachment":"scroll","background-type":"","background-media":"","overlay-type":"","overlay-color":"","overlay-opacity":"","overlay-gradient":""},"mobile":{"background-color":"","background-image":"","background-repeat":"repeat","background-position":"center center","background-size":"auto","background-attachment":"scroll","background-type":"","background-media":"","overlay-type":"","overlay-color":"","overlay-opacity":"","overlay-gradient":""}},"ast-content-background-meta":{"desktop":{"background-color":"var(--ast-global-color-5)","background-image":"","background-repeat":"repeat","background-position":"center center","background-size":"auto","background-attachment":"scroll","background-type":"","background-media":"","overlay-type":"","overlay-color":"","overlay-opacity":"","overlay-gradient":""},"tablet":{"background-color":"var(--ast-global-color-5)","background-image":"","background-repeat":"repeat","background-position":"center center","background-size":"auto","background-attachment":"scroll","background-type":"","background-media":"","overlay-type":"","overlay-color":"","overlay-opacity":"","overlay-gradient":""},"mobile":{"background-color":"var(--ast-global-color-5)","background-image":"","background-repeat":"repeat","background-position":"center center","background-size":"auto","background-attachment":"scroll","background-type":"","background-media":"","overlay-type":"","overlay-color":"","overlay-opacity":"","overlay-gradient":""}},"footnotes":""},"categories":[41],"tags":[],"class_list":["post-4041","post","type-post","status-publish","format-standard","hentry","category-actualites-2024-2025"],"modified_by":"slecourtier","_links":{"self":[{"href":"https:\/\/snalc.org\/snalc2023\/index.php?rest_route=\/wp\/v2\/posts\/4041","targetHints":{"allow":["GET"]}}],"collection":[{"href":"https:\/\/snalc.org\/snalc2023\/index.php?rest_route=\/wp\/v2\/posts"}],"about":[{"href":"https:\/\/snalc.org\/snalc2023\/index.php?rest_route=\/wp\/v2\/types\/post"}],"author":[{"embeddable":true,"href":"https:\/\/snalc.org\/snalc2023\/index.php?rest_route=\/wp\/v2\/users\/1"}],"replies":[{"embeddable":true,"href":"https:\/\/snalc.org\/snalc2023\/index.php?rest_route=%2Fwp%2Fv2%2Fcomments&post=4041"}],"version-history":[{"count":1,"href":"https:\/\/snalc.org\/snalc2023\/index.php?rest_route=\/wp\/v2\/posts\/4041\/revisions"}],"predecessor-version":[{"id":4042,"href":"https:\/\/snalc.org\/snalc2023\/index.php?rest_route=\/wp\/v2\/posts\/4041\/revisions\/4042"}],"wp:attachment":[{"href":"https:\/\/snalc.org\/snalc2023\/index.php?rest_route=%2Fwp%2Fv2%2Fmedia&parent=4041"}],"wp:term":[{"taxonomy":"category","embeddable":true,"href":"https:\/\/snalc.org\/snalc2023\/index.php?rest_route=%2Fwp%2Fv2%2Fcategories&post=4041"},{"taxonomy":"post_tag","embeddable":true,"href":"https:\/\/snalc.org\/snalc2023\/index.php?rest_route=%2Fwp%2Fv2%2Ftags&post=4041"}],"curies":[{"name":"wp","href":"https:\/\/api.w.org\/{rel}","templated":true}]}}