{"id":4082,"date":"2025-02-04T20:54:26","date_gmt":"2025-02-04T19:54:26","guid":{"rendered":"https:\/\/snalc.org\/snalc2023\/?p=4082"},"modified":"2025-02-04T20:54:28","modified_gmt":"2025-02-04T19:54:28","slug":"part-collective-du-pass-culture-courrier-intersyndical","status":"publish","type":"post","link":"https:\/\/snalc.org\/snalc2023\/?p=4082","title":{"rendered":"Part collective du Pass Culture (courrier intersyndical)"},"content":{"rendered":"\n<ul class=\"wp-block-list\">\n<li><a href=\"https:\/\/snalc.fr\/category\/second-degre\/lycee-pro\/\"><\/a><\/li>\n<\/ul>\n\n\n\n<figure class=\"wp-block-image\"><img decoding=\"async\" src=\"https:\/\/snalc.fr\/wp-content\/uploads\/paspassculture.jpg\" alt=\"\" class=\"wp-image-50348\"\/><figcaption class=\"wp-element-caption\">\u00a9 SNALC<\/figcaption><\/figure>\n\n\n\n<p><em>Courrier intersyndical FSU, UNSA Education, FNEC FP FO, CFDT EFRP, CGT Educ\u2019action, SNALC,<br>SUD Education du 4 f\u00e9vrier 2025<\/em><\/p>\n\n\n\n<hr class=\"wp-block-separator has-alpha-channel-opacity\"\/>\n\n\n\n<figure class=\"wp-block-image\"><img decoding=\"async\" src=\"https:\/\/snalc.fr\/wp-content\/uploads\/Bandeau_IS_CSA-MEN-1024x190.jpg\" alt=\"\" class=\"wp-image-50346\"\/><\/figure>\n\n\n\n<p>Madame la ministre d\u2019\u00c9tat,<\/p>\n\n\n\n<p>Dans la journ\u00e9e du 30 janvier, les personnels des coll\u00e8ges et lyc\u00e9es ont appris, bien souvent par des voies d\u00e9tourn\u00e9es et non par une communication officielle, le gel, \u00e0 compter du 31 janvier, des fonds allou\u00e9s \u00e0 la part collective du Pass culture.<\/p>\n\n\n\n<p>L\u2019argument invoqu\u00e9, pour tenter de justifier cette d\u00e9cision brutale est le lissage sur l\u2019ann\u00e9e civile des cr\u00e9dits d\u00e9di\u00e9s \u00e0 la part collective du Pass Culture, afin de garder des fonds disponibles pour le d\u00e9but de la prochaine ann\u00e9e scolaire. Mais en r\u00e9alit\u00e9, les cr\u00e9dits pour l\u2019ann\u00e9e 2025 (72 millions d\u2019euros) sont inf\u00e9rieurs aux cr\u00e9dits mobilis\u00e9s en 2024 (97 millions d\u2019euros). Le gouvernement fait donc le choix de ne pas financer \u00e0 la m\u00eame hauteur que l\u2019an dernier ce dispositif pour des raisons d\u2019\u00e9conomies budg\u00e9taires. Depuis vendredi, les t\u00e9moignages de nos coll\u00e8gues affluent&nbsp;: visites de mus\u00e9es, ateliers artistiques (chants, th\u00e9\u00e2tre), ateliers d\u2019\u00e9criture, rencontres avec des \u00e9crivains, des r\u00e9alisateurs, des scientifiques, des artistes\u2026 C\u2019est tout ce qui permet aux \u00e9l\u00e8ves, quel que soit son milieu d\u2019origine,&nbsp; de s\u2019ouvrir au monde, de d\u00e9couvrir la culture, d\u2019apprendre, de grandir, de s\u2019\u00e9manciper, de se nourrir intellectuellement, de sortir, au sens propre comme figur\u00e9, de son \u00e9tablissement et de son lieu de vie, en un mot, la mission essentielle de l\u2019\u00c9cole est remise en cause. Cette d\u00e9cision est un renoncement aux cons\u00e9quences d\u00e9sastreuses pour nos \u00e9l\u00e8ves.<\/p>\n\n\n\n<p>Par ailleurs, une fois encore, la m\u00e9thode employ\u00e9e est bien peu respectueuse du travail des personnels. Pas ou peu d\u2019informations officielles, des rumeurs, des informations diff\u00e9rentes selon les acad\u00e9mies\u2026 et un d\u00e9lai de 24h pour valider les projets sur Adage&nbsp;! Course contre la montre pour tenter de concr\u00e9tiser des projets, blocages, plateforme d\u00e9faillante et, au final, des heures de travail pour rien, des projets qui sont brutalement arr\u00eat\u00e9s. Nos coll\u00e8gues ont eu la terrible impression de revivre l\u2019\u00e9pisode peu glorieux des HSE de l\u2019ann\u00e9e derni\u00e8re. La col\u00e8re est grande face \u00e0 cette nouvelle preuve de m\u00e9pris pour le travail des personnels.<\/p>\n\n\n\n<p>Madame la ministre, ces m\u00e9thodes sont insupportables, elles discr\u00e9ditent la parole et l\u2019engagement de l\u2019\u00c9tat et donc des agents qui la portent localement, et doivent cesser.<\/p>\n\n\n\n<p>Nous exigeons le maintien du budget allou\u00e9 \u00e0 la part collective du Pass culture pour l\u2019ann\u00e9e scolaire 2024-2025 et que les projets initi\u00e9s cette ann\u00e9e puissent tous \u00eatre men\u00e9s \u00e0 leur terme pour les \u00e9l\u00e8ves et par respect pour tous les personnels engag\u00e9s. Nous soutiendrons toutes les mobilisations des personnels avec les acteurs de la Culture pour le r\u00e9tablissement des cr\u00e9dits et des projets engag\u00e9s.<\/p>\n\n\n\n<p>Veuillez recevoir, Madame la ministre, nos respectueuses salutations.<\/p>\n\n\n\n<p><a href=\"https:\/\/snalc.fr\/wp-content\/uploads\/Pas-culture-courrier-IS-20250204.pdf\">T\u00e9l\u00e9charger<\/a><\/p>\n","protected":false},"excerpt":{"rendered":"<p>Courrier intersyndical FSU, UNSA Education, FNEC FP FO, CFDT EFRP, CGT Educ\u2019action, SNALC,SUD Education du 4 f\u00e9vrier 2025 Madame la ministre d\u2019\u00c9tat, Dans la journ\u00e9e du 30 janvier, les personnels [&hellip;]<\/p>\n","protected":false},"author":1,"featured_media":0,"comment_status":"closed","ping_status":"closed","sticky":false,"template":"","format":"standard","meta":{"_lmt_disableupdate":"","_lmt_disable":"","site-sidebar-layout":"default","site-content-layout":"","ast-site-content-layout":"default","site-content-style":"default","site-sidebar-style":"default","ast-global-header-display":"","ast-banner-title-visibility":"","ast-main-header-display":"","ast-hfb-above-header-display":"","ast-hfb-below-header-display":"","ast-hfb-mobile-header-display":"","site-post-title":"","ast-breadcrumbs-content":"","ast-featured-img":"","footer-sml-layout":"","ast-disable-related-posts":"","theme-transparent-header-meta":"","adv-header-id-meta":"","stick-header-meta":"","header-above-stick-meta":"","header-main-stick-meta":"","header-below-stick-meta":"","astra-migrate-meta-layouts":"set","ast-page-background-enabled":"default","ast-page-background-meta":{"desktop":{"background-color":"var(--ast-global-color-4)","background-image":"","background-repeat":"repeat","background-position":"center center","background-size":"auto","background-attachment":"scroll","background-type":"","background-media":"","overlay-type":"","overlay-color":"","overlay-opacity":"","overlay-gradient":""},"tablet":{"background-color":"","background-image":"","background-repeat":"repeat","background-position":"center center","background-size":"auto","background-attachment":"scroll","background-type":"","background-media":"","overlay-type":"","overlay-color":"","overlay-opacity":"","overlay-gradient":""},"mobile":{"background-color":"","background-image":"","background-repeat":"repeat","background-position":"center center","background-size":"auto","background-attachment":"scroll","background-type":"","background-media":"","overlay-type":"","overlay-color":"","overlay-opacity":"","overlay-gradient":""}},"ast-content-background-meta":{"desktop":{"background-color":"var(--ast-global-color-5)","background-image":"","background-repeat":"repeat","background-position":"center center","background-size":"auto","background-attachment":"scroll","background-type":"","background-media":"","overlay-type":"","overlay-color":"","overlay-opacity":"","overlay-gradient":""},"tablet":{"background-color":"var(--ast-global-color-5)","background-image":"","background-repeat":"repeat","background-position":"center center","background-size":"auto","background-attachment":"scroll","background-type":"","background-media":"","overlay-type":"","overlay-color":"","overlay-opacity":"","overlay-gradient":""},"mobile":{"background-color":"var(--ast-global-color-5)","background-image":"","background-repeat":"repeat","background-position":"center center","background-size":"auto","background-attachment":"scroll","background-type":"","background-media":"","overlay-type":"","overlay-color":"","overlay-opacity":"","overlay-gradient":""}},"footnotes":""},"categories":[41],"tags":[],"class_list":["post-4082","post","type-post","status-publish","format-standard","hentry","category-actualites-2024-2025"],"modified_by":"slecourtier","_links":{"self":[{"href":"https:\/\/snalc.org\/snalc2023\/index.php?rest_route=\/wp\/v2\/posts\/4082","targetHints":{"allow":["GET"]}}],"collection":[{"href":"https:\/\/snalc.org\/snalc2023\/index.php?rest_route=\/wp\/v2\/posts"}],"about":[{"href":"https:\/\/snalc.org\/snalc2023\/index.php?rest_route=\/wp\/v2\/types\/post"}],"author":[{"embeddable":true,"href":"https:\/\/snalc.org\/snalc2023\/index.php?rest_route=\/wp\/v2\/users\/1"}],"replies":[{"embeddable":true,"href":"https:\/\/snalc.org\/snalc2023\/index.php?rest_route=%2Fwp%2Fv2%2Fcomments&post=4082"}],"version-history":[{"count":1,"href":"https:\/\/snalc.org\/snalc2023\/index.php?rest_route=\/wp\/v2\/posts\/4082\/revisions"}],"predecessor-version":[{"id":4083,"href":"https:\/\/snalc.org\/snalc2023\/index.php?rest_route=\/wp\/v2\/posts\/4082\/revisions\/4083"}],"wp:attachment":[{"href":"https:\/\/snalc.org\/snalc2023\/index.php?rest_route=%2Fwp%2Fv2%2Fmedia&parent=4082"}],"wp:term":[{"taxonomy":"category","embeddable":true,"href":"https:\/\/snalc.org\/snalc2023\/index.php?rest_route=%2Fwp%2Fv2%2Fcategories&post=4082"},{"taxonomy":"post_tag","embeddable":true,"href":"https:\/\/snalc.org\/snalc2023\/index.php?rest_route=%2Fwp%2Fv2%2Ftags&post=4082"}],"curies":[{"name":"wp","href":"https:\/\/api.w.org\/{rel}","templated":true}]}}