{"id":4096,"date":"2025-02-12T15:17:56","date_gmt":"2025-02-12T14:17:56","guid":{"rendered":"https:\/\/snalc.org\/snalc2023\/?p=4096"},"modified":"2025-02-12T15:17:59","modified_gmt":"2025-02-12T14:17:59","slug":"un-ministere-borne-personnels-de-lenseignement-prive-sous-contrat","status":"publish","type":"post","link":"https:\/\/snalc.org\/snalc2023\/?p=4096","title":{"rendered":"UN MINIST\u00c8RE BORN\u00c9 (PERSONNELS DE L&rsquo;ENSEIGNEMENT PRIV\u00c9 SOUS CONTRAT)"},"content":{"rendered":"\n<figure class=\"wp-block-table\"><table class=\"has-fixed-layout\"><tbody><tr><td><strong>Lettre d&rsquo;information du SNALC &#8211;&nbsp;11 f\u00e9vrier 2025<\/strong><br><strong>PERSONNELS DE L&rsquo;ENSEIGNEMENT PRIV\u00c9 SOUS CONTRAT<\/strong><\/td><\/tr><\/tbody><\/table><\/figure>\n\n\n\n<figure class=\"wp-block-table\"><table class=\"has-fixed-layout\"><tbody><tr><td><img decoding=\"async\" src=\"https:\/\/syndicat-snalc.net\/AWURTSJ67\/editedimg_69d3980ac7.png\" alt=\"\"><\/td><\/tr><\/tbody><\/table><\/figure>\n\n\n\n<figure class=\"wp-block-table\"><table class=\"has-fixed-layout\"><tbody><tr><td>Syndicat national des lyc\u00e9es, coll\u00e8ges, \u00e9coles et du sup\u00e9rieur<\/td><\/tr><\/tbody><\/table><\/figure>\n\n\n\n<figure class=\"wp-block-table\"><table class=\"has-fixed-layout\"><tbody><tr><td><a href=\"https:\/\/snalc.forms.app\/contact-prive\" target=\"_blank\" rel=\"noreferrer noopener\">Contact<\/a><\/td><\/tr><\/tbody><\/table><\/figure>\n\n\n\n<figure class=\"wp-block-table\"><table class=\"has-fixed-layout\"><tbody><tr><td>UN MINIST\u00c8RE BORN\u00c9<\/td><\/tr><\/tbody><\/table><\/figure>\n\n\n\n<figure class=\"wp-block-table\"><table class=\"has-fixed-layout\"><tbody><tr><td>5 ministres en un an&nbsp;! C&rsquo;est visiblement \u00e7a la priorit\u00e9 donn\u00e9e \u00e0 l&rsquo;\u00e9cole. Rien ne bouge, on nous maltraite toujours et notre ch\u00e8re ministre, Borne again, cherche \u00e0 cacher la faillite de son minist\u00e8re en d\u00e9tournant l&rsquo;attention sur les vacances scolaires. Avec moins de vacances, soyons certains que l&rsquo;\u00e9cole ira mieux, les \u00e9l\u00e8ves seront plus savants et les concours d\u00e9borderont de candidats&nbsp;! L&rsquo;ind\u00e9cence n&rsquo;a pas de borne. Sans t\u00eate, notre joyeux minist\u00e8re acc\u00e9l\u00e8re vers tous les murs possibles qu&rsquo;il peut croiser, aid\u00e9 qu&rsquo;il est par des rectorats en roue libre qui s&rsquo;amusent \u00e0 ne plus payer les coll\u00e8gues Ma\u00eetres auxiliaires durant les vacances. Le <strong>SNALC<\/strong> lui propose, r\u00e9fl\u00e9chit, d\u00e9fend. Quand l&rsquo;incomp\u00e9tence revendiqu\u00e9e est aux manettes du minist\u00e8re, le <strong>SNALC<\/strong> vous offre sa constance et son s\u00e9rieux.<\/td><\/tr><\/tbody><\/table><\/figure>\n\n\n\n<figure class=\"wp-block-table\"><table class=\"has-fixed-layout\"><tbody><tr><td><strong>Nicolas GLIERE,<\/strong>Responsable national SNALC&nbsp;enseignement priv\u00e9<a href=\"https:\/\/snalc.forms.app\/contact-prive\" target=\"_blank\" rel=\"noreferrer noopener\">Nous contacter<\/a><\/td><\/tr><\/tbody><\/table><\/figure>\n\n\n\n<figure class=\"wp-block-table\"><table class=\"has-fixed-layout\"><tbody><tr><td><img decoding=\"async\" src=\"https:\/\/syndicat-snalc.net\/AWURTSJ67\/portrait-woman-office-prepared-summer-holid_7b8d551de6.jpeg\" alt=\"\"><strong>VOUS REPRENDREZ BIEN UN PEU DE B\u00c9N\u00c9VOLAT, LES \u00ab\u00a0FEIGNASSES\u00a0\u00bb&nbsp;!<\/strong>Vacances scolaires&nbsp;: le faux d\u00e9bat qui masque le vrai naufragePlut\u00f4t que de s\u2019attaquer aux vrais probl\u00e8mes \u2013 salaires, moyens, recrutement \u2013 notre minist\u00e8re a trouv\u00e9 sa priorit\u00e9&nbsp;: r\u00e9duire les vacances d\u2019\u00e9t\u00e9 d\u00e8s 2026. C\u2019est bien connu, c\u2019est le calendrier qui plombe notre syst\u00e8me \u00e9ducatif&nbsp;!Pendant que les professeurs travaillent gratuitement pendant leurs \u00ab&nbsp;cong\u00e9s&nbsp;\u00bb et que l\u2019\u00e9ducation nationale s\u2019effondre, le <strong>SNALC<\/strong>, lui, reste \u00e0 vos c\u00f4t\u00e9s. Nous ne faisons pas diversion, nous d\u00e9fendons votre m\u00e9tier.<br>[&#8230;<a href=\"https:\/\/snalc.fr\/vous-reprendrez-bien-un-peu-de-benevolat-les-feignasses\/\" target=\"_blank\" rel=\"noreferrer noopener\">Lire la suite<\/a>]<\/td><\/tr><\/tbody><\/table><\/figure>\n\n\n\n<figure class=\"wp-block-table\"><table class=\"has-fixed-layout\"><tbody><tr><td><img decoding=\"async\" src=\"https:\/\/syndicat-snalc.net\/AWURTSJ67\/editedimg_d7e3ca585e.png\" alt=\"\"><strong>VACANCES SCOLAIRES&nbsp;: LA GRANDE BRADERIE NATIONALE<br><\/strong><br>Les vacances scolaires, ce fl\u00e9au qui d\u00e9truit notre syst\u00e8me \u00e9ducatif&nbsp;! Heureusement, le minist\u00e8re a trouv\u00e9 la solution&nbsp;: les raccourcir d\u00e8s 2026. Qui aurait cru que la r\u00e9ussite scolaire tenait \u00e0 quelques semaines en moins&nbsp;?Les enseignants, eux, continuent de travailler pendant leurs \u00ab&nbsp;cong\u00e9s&nbsp;\u00bb, mais qu\u2019importe, le mythe du prof en vacances perdure. Plut\u00f4t que de revaloriser le m\u00e9tier, on pr\u00e9f\u00e8re rogner encore. Le <strong>SNALC<\/strong>, lui, ne se laisse pas distraire et d\u00e9fend votre engagement.<br>[&#8230;<a href=\"https:\/\/snalc.fr\/vacances-scolaires-la-grande-braderie-nationale\/\" target=\"_blank\" rel=\"noreferrer noopener\">Lire la suite<\/a>]<\/td><\/tr><\/tbody><\/table><\/figure>\n\n\n\n<figure class=\"wp-block-table\"><table class=\"has-fixed-layout\"><tbody><tr><td><img decoding=\"async\" src=\"https:\/\/syndicat-snalc.net\/AWURTSJ67\/classroom-desk-with-books-pencils_-_Moyenne_ee1aa856fc.jpeg\" alt=\"\"><strong>\u00c9TABLISSEMENT DE CAMPAGNE ET BAISSE DE LA NATALIT\u00c9&nbsp;: QUELS RISQUES&nbsp;?<br><\/strong><br>La baisse des naissances en France depuis 2011 impactera fortement les coll\u00e8ges d\u00e8s l&rsquo;an prochain, avec une diminution des effectifs de 21,5 % en dix ans. Les enseignants risquent des pertes d&rsquo;heures, tandis que les personnels OGEC doivent se pr\u00e9parer \u00e0 des licenciements \u00e9conomiques. Anticiper ces changements et rester en contact avec le SNALC est crucial pour tous.<br>[&#8230;<a href=\"https:\/\/snalc.fr\/etablissement-de-campagne-et-baisse-de-la-natalite-quels-risques\/\" target=\"_blank\" rel=\"noreferrer noopener\">Lire la suite<\/a>]<\/td><\/tr><\/tbody><\/table><\/figure>\n\n\n\n<figure class=\"wp-block-table\"><table class=\"has-fixed-layout\"><tbody><tr><td><img decoding=\"async\" src=\"https:\/\/syndicat-snalc.net\/AWURTSJ67\/confused-worried-bearded-man-glasses-posing_4e9331b4d6.jpeg\" alt=\"\"><strong>LES SACRIFI\u00c9S DE L&rsquo;\u00c9DUCATION NATIONALE<br><\/strong><br>La nomination d&rsquo;Elisabeth Borne au minisy\u00e8te de&nbsp;l\u2019\u00c9ducation nationale a suscit\u00e9 des inqui\u00e9tudes. D\u00e8s son arriv\u00e9e, elle a admis ne pas \u00eatre sp\u00e9cialiste des sujets \u00e9ducatifs, une d\u00e9claration qui interpelle. Alors que les enseignants esp\u00e8rent un soutien fort pour relever les d\u00e9fis \u00e9ducatifs, cette nomination soul\u00e8ve des questions sur l&rsquo;avenir de l&rsquo;\u00e9ducation en France.<br>[&#8230;<a href=\"https:\/\/snalc.fr\/les-sacrifies-de-leducation-nationale\/\" target=\"_blank\" rel=\"noreferrer noopener\">Lire la suite<\/a>]<\/td><\/tr><\/tbody><\/table><\/figure>\n\n\n\n<figure class=\"wp-block-table\"><table class=\"has-fixed-layout\"><tbody><tr><td><img decoding=\"async\" src=\"https:\/\/syndicat-snalc.net\/AWURTSJ67\/group-young-people-sitting-conference-toget_9389f1a062.jpeg\" alt=\"\">Le <strong>SNALC<\/strong> organise des <strong>congr\u00e8s<\/strong> dans les mois \u00e0 venir. N&rsquo;h\u00e9sitez pas \u00e0 vous inscrire et \u00e0 venir. La participation a un congr\u00e8s donne droit \u00e0 un cong\u00e9 r\u00e9mun\u00e9r\u00e9 sans rattrapage de cours.<a href=\"https:\/\/syndicat-snalc.net\/AWURTSJ67\/EF0A5039F1724FDD86FBD263481DC828.php\" target=\"_blank\" rel=\"noreferrer noopener\">Mardi 13 mars 2025<\/a> &#8211; Congr\u00e8s Langues anciennes\/Rester ou quitter l&rsquo;EN &#8211; Paris 12<br><a href=\"https:\/\/snalc-strasbourg.fr\" target=\"_blank\" rel=\"noreferrer noopener\">Mardi 1<sup>er<\/sup> avril<\/a> &#8211; Enseignement priv\u00e9 \/ Agr\u00e9g\u00e9s StrasbourgSi vous souhaitez un congr\u00e8s d\u00e9di\u00e9 \u00e0 l&rsquo;enseignement priv\u00e9, n&rsquo;h\u00e9sitez pas \u00e0 contacter votre SNALC acad\u00e9mique et le SNALC enseignement priv\u00e9.<br><\/td><\/tr><\/tbody><\/table><\/figure>\n\n\n\n<figure class=\"wp-block-table\"><table class=\"has-fixed-layout\"><tbody><tr><td>LE GUIDE DES MA\u00ceTRES TITULAIRES DU PRIV\u00c9<\/td><\/tr><\/tbody><\/table><\/figure>\n\n\n\n<figure class=\"wp-block-table\"><table class=\"has-fixed-layout\"><tbody><tr><td><img decoding=\"async\" src=\"https:\/\/syndicat-snalc.net\/AWURTSJ67\/GUIDE_TITULAIRES_PRIVE_opt_3dbbd3465c.jpg\" alt=\"\">Toujours disponible <strong>en libre acc\u00e8s<\/strong>, notre <strong>guide des ma\u00eetres titulaires<\/strong>, que l\u2019on nomme dans le jargon&nbsp;: les contractuels. Si vous ne l\u2019avez pas encore lu ou feuillet\u00e9, il est grand temps&nbsp;!<a href=\"https:\/\/snalc.fr\/guide-des-maitres-titulaires-du-prive\/\" target=\"_blank\" rel=\"noreferrer noopener\">En savoir plus<\/a><\/td><\/tr><\/tbody><\/table><\/figure>\n\n\n\n<figure class=\"wp-block-table\"><table class=\"has-fixed-layout\"><tbody><tr><td>L&rsquo;ADH\u00c9SION AU SNALC<\/td><\/tr><\/tbody><\/table><\/figure>\n\n\n\n<figure class=\"wp-block-table\"><table class=\"has-fixed-layout\"><tbody><tr><td><strong>LE SNALC EST LE SYNDICAT REPR\u00c9SENTATIF<\/strong><strong>Nos salaires sont trop bas. Le point d\u2019indice ne suit pas l&rsquo;inflation.<\/strong><strong>Logiquement, le SNALC n\u2019augmente pas ses tarifs pour la 14<sup>e<\/sup> ann\u00e9e cons\u00e9cutive.<\/strong><strong><a href=\"https:\/\/snalc.fr\/wp-content\/uploads\/tarifs.pdf\" target=\"_blank\" rel=\"noreferrer noopener\">Consulter les tarifs et r\u00e9ductions<\/a><\/strong><br><strong>CHOISISSEZ VOTRE MOYEN DE PAIEMENT, RAPIDE ET S\u00c9CURIS\u00c9<\/strong><\/td><\/tr><\/tbody><\/table><\/figure>\n\n\n\n<figure class=\"wp-block-table\"><table class=\"has-fixed-layout\"><tbody><tr><td><img decoding=\"async\" src=\"http:\/\/syndicat-snalc.net\/AWURTSJ67\/editedimg_361b042f34.jpg\" alt=\"\"><a href=\"https:\/\/www.snalc.fr\/adhesion-carte\/\" target=\"_blank\" rel=\"noreferrer noopener\">carte bancaire<\/a><img decoding=\"async\" src=\"http:\/\/syndicat-snalc.net\/AWURTSJ67\/adhesion_prelevements_0703b426ca.JPG\" alt=\"\"><a href=\"https:\/\/www.snalc.fr\/adhesion\/\" target=\"_blank\" rel=\"noreferrer noopener\">pr\u00e9l\u00e8vements mensuels<\/a><img decoding=\"async\" src=\"https:\/\/syndicat-snalc.net\/AWURTSJ67\/editedimg_c6a21d792d.png\" alt=\"\"><a href=\"https:\/\/www.snalc.fr\/adhesion-virement\/\" target=\"_blank\" rel=\"noreferrer noopener\">virement<\/a><img decoding=\"async\" src=\"http:\/\/syndicat-snalc.net\/AWURTSJ67\/adhesion_cheque_699976dc59.JPG\" alt=\"\"><a href=\"https:\/\/www.snalc.fr\/uploads\/bulletin.pdf\" target=\"_blank\" rel=\"noreferrer noopener\">ch\u00e8que<\/a><\/td><\/tr><\/tbody><\/table><\/figure>\n\n\n\n<figure class=\"wp-block-table\"><table class=\"has-fixed-layout\"><tbody><tr><td>Le SNALC est le syndicat le moins cher de l&rsquo;\u00c9ducation nationale. Votre cotisation comprend l&rsquo;assistance <a href=\"https:\/\/snalc.fr\/gmf-protection-juridique\/\" target=\"_blank\" rel=\"noreferrer noopener\">et la protection juridiques<\/a> p\u00e9nales (agressions, diffamation, harc\u00e8lement&#8230;) ; l&rsquo;acc\u00e8s au dispositif exclusif d&rsquo;accompagnement&nbsp; \u00e0 la souffrance au travail et d&rsquo;aide \u00e0 la mobilit\u00e9 (bilan de comp\u00e9tences)&nbsp;: \u00ab\u00a0<a href=\"https:\/\/snalc.fr\/mobi-snalc\/\" target=\"_blank\" rel=\"noreferrer noopener\">mobi-SNALC<\/a>\u00a0\u00bb ; des tarifs n\u00e9goci\u00e9s aupr\u00e8s de nombreux partenaires&nbsp;: \u00ab\u00a0<a href=\"https:\/\/snalc.fr\/avantages-snalc\/\" target=\"_blank\" rel=\"noreferrer noopener\">Avantages-SNALC<\/a>\u00ab\u00a0.<\/td><\/tr><\/tbody><\/table><\/figure>\n\n\n\n<figure class=\"wp-block-table\"><table class=\"has-fixed-layout\"><tbody><tr><td>LE SNALC EST TOTALEMENT IND\u00c9PENDANT&nbsp;:<br>les cotisations sont ses seules ressources. Il n&rsquo;a de compte \u00e0 rendre qu&rsquo;\u00e0 ses adh\u00e9rents.<\/td><\/tr><\/tbody><\/table><\/figure>\n\n\n\n<figure class=\"wp-block-table\"><table class=\"has-fixed-layout\"><tbody><tr><td><a href=\"https:\/\/snalc.fr\/contact\/\" target=\"_blank\" rel=\"noreferrer noopener\">Contacter le SNALC<\/a><\/td><\/tr><\/tbody><\/table><\/figure>\n","protected":false},"excerpt":{"rendered":"<p>Lettre d&rsquo;information du SNALC &#8211;&nbsp;11 f\u00e9vrier 2025PERSONNELS DE L&rsquo;ENSEIGNEMENT PRIV\u00c9 SOUS CONTRAT Syndicat national des lyc\u00e9es, coll\u00e8ges, \u00e9coles et du sup\u00e9rieur Contact UN MINIST\u00c8RE BORN\u00c9 5 ministres en un an&nbsp;! [&hellip;]<\/p>\n","protected":false},"author":1,"featured_media":0,"comment_status":"closed","ping_status":"closed","sticky":false,"template":"","format":"standard","meta":{"_lmt_disableupdate":"","_lmt_disable":"","site-sidebar-layout":"default","site-content-layout":"","ast-site-content-layout":"default","site-content-style":"default","site-sidebar-style":"default","ast-global-header-display":"","ast-banner-title-visibility":"","ast-main-header-display":"","ast-hfb-above-header-display":"","ast-hfb-below-header-display":"","ast-hfb-mobile-header-display":"","site-post-title":"","ast-breadcrumbs-content":"","ast-featured-img":"","footer-sml-layout":"","ast-disable-related-posts":"","theme-transparent-header-meta":"","adv-header-id-meta":"","stick-header-meta":"","header-above-stick-meta":"","header-main-stick-meta":"","header-below-stick-meta":"","astra-migrate-meta-layouts":"set","ast-page-background-enabled":"default","ast-page-background-meta":{"desktop":{"background-color":"var(--ast-global-color-4)","background-image":"","background-repeat":"repeat","background-position":"center center","background-size":"auto","background-attachment":"scroll","background-type":"","background-media":"","overlay-type":"","overlay-color":"","overlay-opacity":"","overlay-gradient":""},"tablet":{"background-color":"","background-image":"","background-repeat":"repeat","background-position":"center center","background-size":"auto","background-attachment":"scroll","background-type":"","background-media":"","overlay-type":"","overlay-color":"","overlay-opacity":"","overlay-gradient":""},"mobile":{"background-color":"","background-image":"","background-repeat":"repeat","background-position":"center center","background-size":"auto","background-attachment":"scroll","background-type":"","background-media":"","overlay-type":"","overlay-color":"","overlay-opacity":"","overlay-gradient":""}},"ast-content-background-meta":{"desktop":{"background-color":"var(--ast-global-color-5)","background-image":"","background-repeat":"repeat","background-position":"center center","background-size":"auto","background-attachment":"scroll","background-type":"","background-media":"","overlay-type":"","overlay-color":"","overlay-opacity":"","overlay-gradient":""},"tablet":{"background-color":"var(--ast-global-color-5)","background-image":"","background-repeat":"repeat","background-position":"center center","background-size":"auto","background-attachment":"scroll","background-type":"","background-media":"","overlay-type":"","overlay-color":"","overlay-opacity":"","overlay-gradient":""},"mobile":{"background-color":"var(--ast-global-color-5)","background-image":"","background-repeat":"repeat","background-position":"center center","background-size":"auto","background-attachment":"scroll","background-type":"","background-media":"","overlay-type":"","overlay-color":"","overlay-opacity":"","overlay-gradient":""}},"footnotes":""},"categories":[41,35],"tags":[],"class_list":["post-4096","post","type-post","status-publish","format-standard","hentry","category-actualites-2024-2025","category-professeurs-prive"],"modified_by":"slecourtier","_links":{"self":[{"href":"https:\/\/snalc.org\/snalc2023\/index.php?rest_route=\/wp\/v2\/posts\/4096","targetHints":{"allow":["GET"]}}],"collection":[{"href":"https:\/\/snalc.org\/snalc2023\/index.php?rest_route=\/wp\/v2\/posts"}],"about":[{"href":"https:\/\/snalc.org\/snalc2023\/index.php?rest_route=\/wp\/v2\/types\/post"}],"author":[{"embeddable":true,"href":"https:\/\/snalc.org\/snalc2023\/index.php?rest_route=\/wp\/v2\/users\/1"}],"replies":[{"embeddable":true,"href":"https:\/\/snalc.org\/snalc2023\/index.php?rest_route=%2Fwp%2Fv2%2Fcomments&post=4096"}],"version-history":[{"count":1,"href":"https:\/\/snalc.org\/snalc2023\/index.php?rest_route=\/wp\/v2\/posts\/4096\/revisions"}],"predecessor-version":[{"id":4097,"href":"https:\/\/snalc.org\/snalc2023\/index.php?rest_route=\/wp\/v2\/posts\/4096\/revisions\/4097"}],"wp:attachment":[{"href":"https:\/\/snalc.org\/snalc2023\/index.php?rest_route=%2Fwp%2Fv2%2Fmedia&parent=4096"}],"wp:term":[{"taxonomy":"category","embeddable":true,"href":"https:\/\/snalc.org\/snalc2023\/index.php?rest_route=%2Fwp%2Fv2%2Fcategories&post=4096"},{"taxonomy":"post_tag","embeddable":true,"href":"https:\/\/snalc.org\/snalc2023\/index.php?rest_route=%2Fwp%2Fv2%2Ftags&post=4096"}],"curies":[{"name":"wp","href":"https:\/\/api.w.org\/{rel}","templated":true}]}}