{"id":4103,"date":"2025-02-12T15:25:00","date_gmt":"2025-02-12T14:25:00","guid":{"rendered":"https:\/\/snalc.org\/snalc2023\/?p=4103"},"modified":"2025-02-12T15:25:08","modified_gmt":"2025-02-12T14:25:08","slug":"stop-a-la-desagregation-salariale-des-agreges","status":"publish","type":"post","link":"https:\/\/snalc.org\/snalc2023\/?p=4103","title":{"rendered":"STOP \u00c0 LA D\u00c9SAGR\u00c9GATION SALARIALE DES AGR\u00c9G\u00c9S"},"content":{"rendered":"\n<figure class=\"wp-block-table\"><table class=\"has-fixed-layout\"><tbody><tr><td><strong>Lettre d&rsquo;information du SNALC &#8211; 30&nbsp;janvier 2025<\/strong><br>Professeurs agr\u00e9g\u00e9s<\/td><\/tr><\/tbody><\/table><\/figure>\n\n\n\n<figure class=\"wp-block-table\"><table class=\"has-fixed-layout\"><tbody><tr><td><img decoding=\"async\" src=\"https:\/\/syndicat-snalc.net\/AWURTSJ67\/editedimg_69d3980ac7.png\" alt=\"\"><\/td><\/tr><\/tbody><\/table><\/figure>\n\n\n\n<figure class=\"wp-block-table\"><table class=\"has-fixed-layout\"><tbody><tr><td>Syndicat national des lyc\u00e9es, coll\u00e8ges, \u00e9coles et du sup\u00e9rieur<\/td><\/tr><\/tbody><\/table><\/figure>\n\n\n\n<figure class=\"wp-block-table\"><table class=\"has-fixed-layout\"><tbody><tr><td>STOP \u00c0 LA D\u00c9SAGR\u00c9GATION SALARIALE DES AGR\u00c9G\u00c9S<\/td><\/tr><\/tbody><\/table><\/figure>\n\n\n\n<figure class=\"wp-block-table\"><table class=\"has-fixed-layout\"><tbody><tr><td>En cette p\u00e9riode de disette budg\u00e9taire, les ministres d\u00e9filent, et la politique \u00e9ducative demeure la m\u00eame. La suppression pour l\u2019ann\u00e9e 2024 par le gouvernement Barnier de la garantie individuelle du pouvoir d\u2019achat (GIPA), instaur\u00e9e en 2008 et prorog\u00e9e chaque ann\u00e9e depuis, permet, avec l\u2019exemple des professeurs agr\u00e9g\u00e9s, de mesurer la fuite en avant des pouvoirs publics depuis plus de 20 ans, entre appauvrissement de l\u2019ensemble de la fonction publique et compensations en trompe-l\u2019\u0153il. Ainsi, pour les professeurs agr\u00e9g\u00e9s, on constate que la cr\u00e9ation d\u2019un nouveau grade n\u2019a pas permis de compenser les pertes dues au gel du point d\u2019indice, y compris avec le versement de la GIPA. Et ann\u00e9e apr\u00e8s ann\u00e9e, rapport apr\u00e8s rapport, revalorisations \u00ab&nbsp;historiques&nbsp;\u00bb apr\u00e8s d\u00e9gels du point d\u2019indice tout aussi \u00ab&nbsp;historiques&nbsp;\u00bb, le constat est le m\u00eame&nbsp;: les enseignants per\u00e7oivent en moyenne 1&nbsp;000&nbsp;\u20ac net de moins par mois que leurs coll\u00e8gues de cat\u00e9gorie A des autres fonctions publiques, et la carri\u00e8re des agr\u00e9g\u00e9s a totalement d\u00e9croch\u00e9 de celle des fonctions dont les grilles \u00e9taient autrefois similaires.<br>Pour les PRAG aussi, malgr\u00e9 des conditions de travail un peu moins difficiles que leurs coll\u00e8gues du second degr\u00e9, le constat du d\u00e9classement est tout aussi amer.<br>Ministre apr\u00e8s ministre de l\u2019\u00c9ducation nationale, le <strong>SNALC<\/strong> alerte sur les cons\u00e9quences d\u00e9sastreuses de la maltraitance des personnels, d\u00e9sormais structurelle dans ce minist\u00e8re&nbsp;\u2013 dont on se demande comment il peut encore tenir debout,&nbsp;sinon gr\u00e2ce \u00e0 leur d\u00e9vouement. Si le d\u00e9ficit budg\u00e9taire de la France ne permet plus de faire fonctionner ses services publics, le <strong>SNALC<\/strong> rappelle cependant inlassablement aux politiques qui nous gouvernent que les comptes ne pourront se redresser sans une \u00e9ducation de qualit\u00e9, indissociable de la consid\u00e9ration port\u00e9e aux professionnels qui en sont charg\u00e9s, y compris salariale.<\/td><\/tr><\/tbody><\/table><\/figure>\n\n\n\n<figure class=\"wp-block-table\"><table class=\"has-fixed-layout\"><tbody><tr><td><strong>Anne MUGNIER,<\/strong>responsable du SNALC charg\u00e9e des professeurs agr\u00e9g\u00e9s<a href=\"mailto:agreges@snalc.fr?subject=Lettre%20agr%C3%A9g%C3%A9s\">Nous contacter<\/a><\/td><\/tr><\/tbody><\/table><\/figure>\n\n\n\n<figure class=\"wp-block-table\"><table class=\"has-fixed-layout\"><tbody><tr><td><\/td><\/tr><\/tbody><\/table><\/figure>\n\n\n\n<figure class=\"wp-block-table\"><table class=\"has-fixed-layout\"><tbody><tr><td><img decoding=\"async\" src=\"https:\/\/syndicat-snalc.net\/AWURTSJ67\/close-up-hands-pulling-out-jeans-pockets_-__eb3a588b61.jpeg\" alt=\"\"><strong>GIPA&nbsp;: QU&rsquo;AVONS-NOUS PERDU AVEC SA SUPPRESSION&nbsp;?<\/strong>La Garantie Individuelle du Pouvoir d\u2019Achat (GIPA), instaur\u00e9e en 2008 pour compenser la baisse du pouvoir d\u2019achat des agents publics face \u00e0 l\u2019inflation, \u00e9tait reconduite chaque ann\u00e9e depuis 2010. Malgr\u00e9 une hausse des prix de 12 % entre 2019 et 2023, elle n\u2019a pas \u00e9t\u00e9 renouvel\u00e9e. Cette suppression s\u2019explique par le fait qu\u2019elle aurait b\u00e9n\u00e9fici\u00e9 \u00e0 de nombreux agents, notamment des professeurs agr\u00e9g\u00e9s, dont les salaires n\u2019ont pas suivi l\u2019inflation.<br>[&#8230;<a href=\"https:\/\/snalc.fr\/gipa-quavons-nous-perdu-avec-sa-suppression\/\" target=\"_blank\" rel=\"noreferrer noopener\">Lire la suite<\/a>]<\/td><\/tr><\/tbody><\/table><\/figure>\n\n\n\n<figure class=\"wp-block-table\"><table class=\"has-fixed-layout\"><tbody><tr><td><img decoding=\"async\" src=\"https:\/\/syndicat-snalc.net\/AWURTSJ67\/hand-putting-coin-inside-jar_-_Moyenne_a6138d3d75.jpeg\" alt=\"\"><strong>GIPA&nbsp;: CALCULEZ AVEC LE SNALC CE QUE VOUS AURIEZ D\u00db TOUCHER EN 2024<\/strong>Si vous souhaitez obtenir une estimation du montant de la GIPA 24, que vous auriez pu percevoir si la GIPA n\u2019avait pas \u00e9t\u00e9 supprim\u00e9e, et ainsi conna\u00eetre le niveau de votre contribution au redressement des comptes de l\u2019\u00c9tat, n\u2019h\u00e9sitez pas \u00e0 compl\u00e9ter ce formulaire&#8230;<br>[&#8230;<a href=\"https:\/\/snalc.fr\/gipa-calculez-avec-le-snalc-ce-que-vous-auriez-du-toucher-en-2024\/\" target=\"_blank\" rel=\"noreferrer noopener\">Lire la suite<\/a>]<\/td><\/tr><\/tbody><\/table><\/figure>\n\n\n\n<figure class=\"wp-block-table\"><table class=\"has-fixed-layout\"><tbody><tr><td><img decoding=\"async\" src=\"https:\/\/syndicat-snalc.net\/AWURTSJ67\/team-meeting-office_-_Moyenne_4fe9300ae4.jpeg\" alt=\"\"><strong>PRAG&nbsp;: R\u00c9SULTATS DE L&rsquo;ENQU\u00caTE DU SNALC<\/strong><br>Le SNALC a r\u00e9alis\u00e9 une enqu\u00eate aupr\u00e8s des PRAG afin de conna\u00eetre leur avis sur le m\u00e9tier d\u2019enseignant en tant que professeur agr\u00e9g\u00e9 dans le sup\u00e9rieur. Les r\u00e9ponses refl\u00e8tent un sentiment partag\u00e9 sur le m\u00e9tier qui reste difficile m\u00eame dans le sup\u00e9rieur.[&#8230;<a href=\"https:\/\/snalc.fr\/prag-resultats-de-lenquete-du-snalc\/\" target=\"_blank\" rel=\"noreferrer noopener\">Lire la suite<\/a>]<\/td><\/tr><\/tbody><\/table><\/figure>\n\n\n\n<figure class=\"wp-block-table\"><table class=\"has-fixed-layout\"><tbody><tr><td><img decoding=\"async\" src=\"https:\/\/syndicat-snalc.net\/AWURTSJ67\/csa_istock_piranka-1207360622-1536x707_opt_e61d6d8ce1.jpg\" alt=\"\"><strong>CSA MINIST\u00c9RIEL DU 17 JANVIER 2025&nbsp;: D\u00c9CLARATION DU SNALC<br><\/strong><br>Le SNALC a bien not\u00e9 que, selon le premier ministre, \u00ab&nbsp;L\u2019\u00e9ducation est \u00e0 sa place, la premi\u00e8re&nbsp;\u00bb. Toutefois, il ne parlait que de l\u2019ordre protocolaire, et non de la r\u00e9alit\u00e9 de la politique \u00e9ducative men\u00e9e. Cette politique, impressionnante de constance malgr\u00e9 les changements de visages que nous constatons tous les trois mois environ, obtient des r\u00e9sultats tout aussi constants&nbsp;: ils sont, invariablement, nuls.<br>[&#8230;<a href=\"https:\/\/snalc.fr\/csa-ministeriel-du-17-janvier-2025-declaration\/\" target=\"_blank\" rel=\"noreferrer noopener\">Lire la suite<\/a>]<\/td><\/tr><\/tbody><\/table><\/figure>\n\n\n\n<figure class=\"wp-block-table\"><table class=\"has-fixed-layout\"><tbody><tr><td><img decoding=\"async\" src=\"https:\/\/syndicat-snalc.net\/AWURTSJ67\/langues_freepik.com_alexkich_42263_8f34077e42.jpg\" alt=\"\"><strong>ENQU\u00caTE DU SNALC&nbsp;: PROGRAMMES DE LANGUES VIVANTES<br><\/strong><br><strong>Depuis 2018 et les premiers \u00e9changes sur les nouveaux programmes du lyc\u00e9e g\u00e9n\u00e9ral et technologique, le SNALC n\u2019a cess\u00e9 de dire qu\u2019il fallait revoir les programmes de langues vivantes.<\/strong><br>Nous vous remercions de prendre quelques minutes pour r\u00e9pondre \u00e0 cette enqu\u00eate&nbsp;: c\u2019est pr\u00e9cis\u00e9ment \u00e0 partir de vos r\u00e9ponses, remarques et attentes que le SNALC portera ses revendications aupr\u00e8s des instances concern\u00e9es.<br>[&#8230;<a href=\"https:\/\/snalc.fr\/enquete-du-snalc-programmes-de-langues-vivantes\/\" target=\"_blank\" rel=\"noreferrer noopener\">Lire la suite<\/a>]<\/td><\/tr><\/tbody><\/table><\/figure>\n\n\n\n<figure class=\"wp-block-table\"><table class=\"has-fixed-layout\"><tbody><tr><td><img decoding=\"async\" src=\"https:\/\/syndicat-snalc.net\/AWURTSJ67\/MVT_INTER_2D_4543529cad.jpg\" alt=\"\"><strong>RAPPELS CONCERNANT LE CALENDRIER DU MOUVEMENT INTERACAD\u00c9MIQUE 2025<\/strong><br><strong>Rappels concernant le calendrier du mouvement interacad\u00e9mique 2025<\/strong>L\u2019annulation de la participation au mouvement interacad\u00e9mique peut se faire jusqu\u2019au 7 f\u00e9vrier 2025&nbsp;dans le second degr\u00e9. Elle ne n\u00e9cessite pas de justification&#8230;<br>[&#8230;<a href=\"https:\/\/syndicat-snalc.net\/AWURTSJ67\/0285C3F6AC23413485C61084ED0C587E.php\" target=\"_blank\" rel=\"noreferrer noopener\">Lire la suite<\/a>]<\/td><\/tr><\/tbody><\/table><\/figure>\n\n\n\n<figure class=\"wp-block-table\"><table class=\"has-fixed-layout\"><tbody><tr><td><img decoding=\"async\" src=\"https:\/\/syndicat-snalc.net\/AWURTSJ67\/LE_EPS_28012025_opt_108037ca5f.jpg\" alt=\"\"><strong>ENSEIGNANTS D&rsquo;EPS R\u00c9SIGN\u00c9S&nbsp;?&#8230; JAMAIS&nbsp;!<\/strong><br>Au sommaire de la derni\u00e8re&nbsp;lettre du SNALC EPS&nbsp;:Plaidoyer pour l\u2019\u00e9galit\u00e9 des ORS des enseignants d\u2019EPSNon aux 3 jours de carence et aux 10 % de perte de salaire Sections sportives scolaires&nbsp;: un dispositif toujours sous-financ\u00e9Le d\u00e9clin de la PSC1<br>[&#8230;<a href=\"https:\/\/syndicat-snalc.net\/AWURTSJ67\/0E53D615102E4AD092A5F2E69C78FE07_1.php\" target=\"_blank\" rel=\"noreferrer noopener\">Lire la lettre<\/a>]<\/td><\/tr><\/tbody><\/table><\/figure>\n\n\n\n<figure class=\"wp-block-table\"><table class=\"has-fixed-layout\"><tbody><tr><td>L&rsquo;ADH\u00c9SION AU SNALC<\/td><\/tr><\/tbody><\/table><\/figure>\n\n\n\n<figure class=\"wp-block-table\"><table class=\"has-fixed-layout\"><tbody><tr><td><strong>LE SNALC EST LE SYNDICAT REPR\u00c9SENTATIF<\/strong><strong>LE MOINS CHER DE L\u2019\u00c9DUCATION NATIONALE<\/strong><strong>Nos salaires sont trop bas. Le point d\u2019indice est ne suit pas l&rsquo;inflation.<\/strong><strong>Logiquement, le SNALC n\u2019augmente pas ses tarifs pour la 14<sup>e<\/sup> ann\u00e9e cons\u00e9cutive.<\/strong><a href=\"https:\/\/snalc.fr\/wp-content\/uploads\/tarifs.pdf\" target=\"_blank\" rel=\"noreferrer noopener\">Consulter les tarifs et r\u00e9ductions<\/a><br><strong>CHOISISSEZ VOTRE MOYEN DE PAIEMENT, RAPIDE ET S\u00c9CURIS\u00c9<\/strong><\/td><\/tr><\/tbody><\/table><\/figure>\n\n\n\n<figure class=\"wp-block-table\"><table class=\"has-fixed-layout\"><tbody><tr><td><img decoding=\"async\" src=\"http:\/\/syndicat-snalc.net\/AWURTSJ67\/editedimg_361b042f34.jpg\" alt=\"\"><a href=\"https:\/\/www.snalc.fr\/adhesion-carte\/\" target=\"_blank\" rel=\"noreferrer noopener\">carte bancaire<\/a><img decoding=\"async\" src=\"http:\/\/syndicat-snalc.net\/AWURTSJ67\/adhesion_prelevements_0703b426ca.JPG\" alt=\"\"><a href=\"https:\/\/www.snalc.fr\/adhesion\/\" target=\"_blank\" rel=\"noreferrer noopener\">pr\u00e9l\u00e8vements mensuels<\/a><img decoding=\"async\" src=\"https:\/\/syndicat-snalc.net\/AWURTSJ67\/editedimg_c6a21d792d.png\" alt=\"\"><a href=\"https:\/\/www.snalc.fr\/adhesion-virement\/\" target=\"_blank\" rel=\"noreferrer noopener\">virement<\/a><img decoding=\"async\" src=\"http:\/\/syndicat-snalc.net\/AWURTSJ67\/adhesion_cheque_699976dc59.JPG\" alt=\"\"><a href=\"https:\/\/www.snalc.fr\/uploads\/bulletin.pdf\" target=\"_blank\" rel=\"noreferrer noopener\">ch\u00e8que<\/a><\/td><\/tr><\/tbody><\/table><\/figure>\n\n\n\n<figure class=\"wp-block-table\"><table class=\"has-fixed-layout\"><tbody><tr><td>Le SNALC est le syndicat le moins cher de l&rsquo;\u00c9ducation nationale. Votre cotisation comprend l&rsquo;assistance <a href=\"https:\/\/snalc.fr\/gmf-protection-juridique\/\" target=\"_blank\" rel=\"noreferrer noopener\">et la protection juridiques<\/a> p\u00e9nales (agressions, diffamation, harc\u00e8lement&#8230;) ; l&rsquo;acc\u00e8s au dispositif exclusif d&rsquo;accompagnement&nbsp; \u00e0 la souffrance au travail et d&rsquo;aide \u00e0 la mobilit\u00e9 (bilan de comp\u00e9tences)&nbsp;: \u00ab\u00a0<a href=\"https:\/\/snalc.fr\/mobi-snalc\/\" target=\"_blank\" rel=\"noreferrer noopener\">mobi-SNALC<\/a>\u00a0\u00bb ; des tarifs n\u00e9goci\u00e9s aupr\u00e8s de nombreux partenaires&nbsp;: \u00ab\u00a0<a href=\"https:\/\/snalc.fr\/avantages-snalc\/\" target=\"_blank\" rel=\"noreferrer noopener\">Avantages-SNALC<\/a>\u00ab\u00a0.<\/td><\/tr><\/tbody><\/table><\/figure>\n\n\n\n<figure class=\"wp-block-table\"><table class=\"has-fixed-layout\"><tbody><tr><td>LE SNALC EST TOTALEMENT IND\u00c9PENDANT&nbsp;:<br>les cotisations sont ses seules ressources. Il n&rsquo;a de compte \u00e0 rendre qu&rsquo;\u00e0 ses adh\u00e9rents.<\/td><\/tr><\/tbody><\/table><\/figure>\n\n\n\n<figure class=\"wp-block-table\"><table class=\"has-fixed-layout\"><tbody><tr><td><a href=\"https:\/\/snalc.fr\/contact\/\" target=\"_blank\" rel=\"noreferrer noopener\">\u00c9crire au SNALC<\/a><\/td><\/tr><\/tbody><\/table><\/figure>\n","protected":false},"excerpt":{"rendered":"<p>Lettre d&rsquo;information du SNALC &#8211; 30&nbsp;janvier 2025Professeurs agr\u00e9g\u00e9s Syndicat national des lyc\u00e9es, coll\u00e8ges, \u00e9coles et du sup\u00e9rieur STOP \u00c0 LA D\u00c9SAGR\u00c9GATION SALARIALE DES AGR\u00c9G\u00c9S En cette p\u00e9riode de disette budg\u00e9taire, [&hellip;]<\/p>\n","protected":false},"author":1,"featured_media":0,"comment_status":"closed","ping_status":"closed","sticky":false,"template":"","format":"standard","meta":{"_lmt_disableupdate":"","_lmt_disable":"","site-sidebar-layout":"default","site-content-layout":"","ast-site-content-layout":"default","site-content-style":"default","site-sidebar-style":"default","ast-global-header-display":"","ast-banner-title-visibility":"","ast-main-header-display":"","ast-hfb-above-header-display":"","ast-hfb-below-header-display":"","ast-hfb-mobile-header-display":"","site-post-title":"","ast-breadcrumbs-content":"","ast-featured-img":"","footer-sml-layout":"","ast-disable-related-posts":"","theme-transparent-header-meta":"","adv-header-id-meta":"","stick-header-meta":"","header-above-stick-meta":"","header-main-stick-meta":"","header-below-stick-meta":"","astra-migrate-meta-layouts":"set","ast-page-background-enabled":"default","ast-page-background-meta":{"desktop":{"background-color":"var(--ast-global-color-4)","background-image":"","background-repeat":"repeat","background-position":"center center","background-size":"auto","background-attachment":"scroll","background-type":"","background-media":"","overlay-type":"","overlay-color":"","overlay-opacity":"","overlay-gradient":""},"tablet":{"background-color":"","background-image":"","background-repeat":"repeat","background-position":"center center","background-size":"auto","background-attachment":"scroll","background-type":"","background-media":"","overlay-type":"","overlay-color":"","overlay-opacity":"","overlay-gradient":""},"mobile":{"background-color":"","background-image":"","background-repeat":"repeat","background-position":"center center","background-size":"auto","background-attachment":"scroll","background-type":"","background-media":"","overlay-type":"","overlay-color":"","overlay-opacity":"","overlay-gradient":""}},"ast-content-background-meta":{"desktop":{"background-color":"var(--ast-global-color-5)","background-image":"","background-repeat":"repeat","background-position":"center center","background-size":"auto","background-attachment":"scroll","background-type":"","background-media":"","overlay-type":"","overlay-color":"","overlay-opacity":"","overlay-gradient":""},"tablet":{"background-color":"var(--ast-global-color-5)","background-image":"","background-repeat":"repeat","background-position":"center center","background-size":"auto","background-attachment":"scroll","background-type":"","background-media":"","overlay-type":"","overlay-color":"","overlay-opacity":"","overlay-gradient":""},"mobile":{"background-color":"var(--ast-global-color-5)","background-image":"","background-repeat":"repeat","background-position":"center center","background-size":"auto","background-attachment":"scroll","background-type":"","background-media":"","overlay-type":"","overlay-color":"","overlay-opacity":"","overlay-gradient":""}},"footnotes":""},"categories":[41],"tags":[],"class_list":["post-4103","post","type-post","status-publish","format-standard","hentry","category-actualites-2024-2025"],"modified_by":"slecourtier","_links":{"self":[{"href":"https:\/\/snalc.org\/snalc2023\/index.php?rest_route=\/wp\/v2\/posts\/4103","targetHints":{"allow":["GET"]}}],"collection":[{"href":"https:\/\/snalc.org\/snalc2023\/index.php?rest_route=\/wp\/v2\/posts"}],"about":[{"href":"https:\/\/snalc.org\/snalc2023\/index.php?rest_route=\/wp\/v2\/types\/post"}],"author":[{"embeddable":true,"href":"https:\/\/snalc.org\/snalc2023\/index.php?rest_route=\/wp\/v2\/users\/1"}],"replies":[{"embeddable":true,"href":"https:\/\/snalc.org\/snalc2023\/index.php?rest_route=%2Fwp%2Fv2%2Fcomments&post=4103"}],"version-history":[{"count":1,"href":"https:\/\/snalc.org\/snalc2023\/index.php?rest_route=\/wp\/v2\/posts\/4103\/revisions"}],"predecessor-version":[{"id":4104,"href":"https:\/\/snalc.org\/snalc2023\/index.php?rest_route=\/wp\/v2\/posts\/4103\/revisions\/4104"}],"wp:attachment":[{"href":"https:\/\/snalc.org\/snalc2023\/index.php?rest_route=%2Fwp%2Fv2%2Fmedia&parent=4103"}],"wp:term":[{"taxonomy":"category","embeddable":true,"href":"https:\/\/snalc.org\/snalc2023\/index.php?rest_route=%2Fwp%2Fv2%2Fcategories&post=4103"},{"taxonomy":"post_tag","embeddable":true,"href":"https:\/\/snalc.org\/snalc2023\/index.php?rest_route=%2Fwp%2Fv2%2Ftags&post=4103"}],"curies":[{"name":"wp","href":"https:\/\/api.w.org\/{rel}","templated":true}]}}