{"id":4105,"date":"2025-02-12T15:27:50","date_gmt":"2025-02-12T14:27:50","guid":{"rendered":"https:\/\/snalc.org\/snalc2023\/?p=4105"},"modified":"2025-02-12T15:27:56","modified_gmt":"2025-02-12T14:27:56","slug":"resignes-jamais-eps","status":"publish","type":"post","link":"https:\/\/snalc.org\/snalc2023\/?p=4105","title":{"rendered":"R\u00c9SIGN\u00c9S ?\u2026 JAMAIS ! EPS"},"content":{"rendered":"\n<figure class=\"wp-block-table\"><table class=\"has-fixed-layout\"><tbody><tr><td><strong>Lettre d&rsquo;information du SNALC &#8211;&nbsp;Janvier 2025<\/strong><br><strong>Professeurs d&rsquo;EPS<\/strong><\/td><\/tr><\/tbody><\/table><\/figure>\n\n\n\n<figure class=\"wp-block-table\"><table class=\"has-fixed-layout\"><tbody><tr><td><img decoding=\"async\" src=\"https:\/\/syndicat-snalc.net\/AWURTSJ67\/editedimg_11e068c031.png\" alt=\"\"><\/td><\/tr><\/tbody><\/table><\/figure>\n\n\n\n<figure class=\"wp-block-table\"><table class=\"has-fixed-layout\"><tbody><tr><td><img decoding=\"async\" src=\"http:\/\/syndicat-snalc.net\/AWURTSJ67\/Bulles_APSA_opt_35ce347004.png\" alt=\"\"><\/td><\/tr><\/tbody><\/table><\/figure>\n\n\n\n<figure class=\"wp-block-table\"><table class=\"has-fixed-layout\"><tbody><tr><td><a href=\"https:\/\/syndicat-snalc.net\/c6.php?ec=2&amp;l=dIuLtoS2e21q&amp;i=ZGRpmWKXZGts&amp;t=ZA&amp;e=lJ2ukZ3Eo6qYmdGelaKlpcOgyF%2BZ1Q&amp;u=m6iq1KOdYGamnsaek5CYptSh2F+U06Njx9Ojq5iX14+YpKk&amp;v=10\">Nous contacter<\/a><\/td><\/tr><\/tbody><\/table><\/figure>\n\n\n\n<figure class=\"wp-block-table\"><table class=\"has-fixed-layout\"><tbody><tr><td>R\u00c9SIGN\u00c9S&nbsp;?&#8230; JAMAIS&nbsp;!<\/td><\/tr><\/tbody><\/table><\/figure>\n\n\n\n<figure class=\"wp-block-table\"><table class=\"has-fixed-layout\"><tbody><tr><td>Si lors de <a href=\"https:\/\/syndicat-snalc.net\/c6.php?ec=2&amp;l=dIuLtoS2e21q&amp;i=ZGRpmWKXZGts&amp;t=ZA&amp;e=lJ2ukZ3Eo6qYmdGelaKlpcOgyF%2BZ1Q&amp;u=m6iq1KOdYGamqdOWmcWTq4+n05KfxmGiydhkeI6JtbaGfmybX5VqeGl2pmNllmp8l2ioZGukeHadqnttemukm2V4ZpRkkaGfow&amp;v=10\">notre derni\u00e8re lettre<\/a> nous nous indignions de la d\u00e9gradation de nos r\u00e9mun\u00e9rations et de nos conditions de travail, aujourd\u2019hui nous sommes plus inquiets.Ce n\u2019est pas tant le jeu de quilles minist\u00e9riel qui nous tracasse que la r\u00e9v\u00e9lation de la dette \u00e9conomique astronomique de la France. Une telle dette condamne t-elle d\u00e9finitivement nos services publics \u00e0 la m\u00e9diocrit\u00e9, au strict minimum&nbsp;? Rend-elle dor\u00e9navant toute am\u00e9lioration impossible et superflue&nbsp;? Nos revendications prioritaires portant sur la revalorisation de nos r\u00e9mun\u00e9rations (sans contreparties) et l\u2019am\u00e9lioration de nos conditions de travail (moyens, s\u00e9curit\u00e9, mobilit\u00e9, inclusion, p\u00e9nibilit\u00e9, fins de carri\u00e8re\u2026) restent elles toujours d\u2019actualit\u00e9&nbsp;?<br>Quelque soit la situation \u00e9conomique il y aura toujours des choix budg\u00e9taires \u00e0 faire. A l\u2019instar de la non suppression des 4000 postes et de la non application des 3 jours de carence clairement annonc\u00e9es, le <strong>SNALC<\/strong> p\u00e8sera toujours dans les d\u00e9bats et sur ces choix. Il ne se r\u00e9signera jamais \u00e0 d\u00e9fendre nos salaires, nos conditions de travail, nos retraites et plus largement nos droits. Se r\u00e9signer n\u2019est pas l\u2019ADN du <strong>SNALC<\/strong>, premier syndicat historique de l\u2019\u00c9ducation nationale depuis 1905, syndicat repr\u00e9sentatif, ind\u00e9pendant, apolitique, la\u00efc, tenace et exigeant qui f\u00eate ses 120 ans cette ann\u00e9e. C\u2019est dire&nbsp;!<\/td><\/tr><\/tbody><\/table><\/figure>\n\n\n\n<figure class=\"wp-block-table\"><table class=\"has-fixed-layout\"><tbody><tr><td><strong>Laurent BONNIN<\/strong>secr\u00e9taire national du SNALC charg\u00e9 de l&rsquo;EPS<a href=\"http:\/\/stats.snalc.fr\/c6.php?ec=2&amp;l=dIuLtoS2e21q&amp;i=ZGRpmWKXZGts&amp;t=ZA&amp;e=lJ2ukZ3Eo6qYmdGelaKlpcOgyF%2BZ1Q&amp;u=m6iq1KOdYGamnsaek5CYqZGZ06SYzJqixdKpqmSYyNKmYw&amp;v=10\">Enseignants d\u2019EPS \u2013 SNALC<\/a><\/td><\/tr><\/tbody><\/table><\/figure>\n\n\n\n<figure class=\"wp-block-table\"><table class=\"has-fixed-layout\"><tbody><tr><td><img decoding=\"async\" src=\"https:\/\/syndicat-snalc.net\/AWURTSJ67\/sports-teacher-gym-class_-_Moyenne_da0bdf27ec.jpeg\" alt=\"\"><strong>PLAIDOYER POUR L\u2019\u00c9GALIT\u00c9 DES ORS DES ENSEIGNANTS D\u2019EPS&nbsp;!<\/strong>Quand l&rsquo;injustice devient insoutenable, il est temps d&rsquo;agir&nbsp;: pourquoi les professeurs d&rsquo;EPS, garants de la sant\u00e9 et de la s\u00e9curit\u00e9 des \u00e9l\u00e8ves, continuent-ils de subir des conditions de travail et de r\u00e9mun\u00e9ration in\u00e9quitables&nbsp;? Le SNALC l&rsquo;affirme&nbsp;: l&rsquo;\u00c9tat ne peut plus fermer les yeux sur ces in\u00e9galit\u00e9s flagrantes qui p\u00e9nalisent \u00e0 la fois les enseignants et le syst\u00e8me \u00e9ducatif.<br>[&#8230;<a href=\"http:\/\/stats.snalc.fr\/c6.php?ec=2&amp;l=dIuLtoS2e21q&amp;i=ZGRpmWKXZGts&amp;t=ZA&amp;e=lJ2ukZ3Eo6qYmdGelaKlpcOgyF%2BZ1Q&amp;u=m6iq1KOdYGamnsaek5CYqZGk0ZKsx6KtydZip6ap1Y+fmZ3FnMylnGCUyqVd0aSqj5jKpGDIoafJzZylmKLX1WCYm9Sjkg&amp;v=10\">Lire la suite<\/a>]<\/td><\/tr><\/tbody><\/table><\/figure>\n\n\n\n<figure class=\"wp-block-table\"><table class=\"has-fixed-layout\"><tbody><tr><td><img decoding=\"async\" src=\"https:\/\/syndicat-snalc.net\/AWURTSJ67\/malade_freepik.com_2148506058_0742f3446f.jpg\" alt=\"\"><strong>NON AUX 3 JOURS DE CARENCE ET AUX 10 % DE PERTE DE SALAIRE&nbsp;!<\/strong>Les professeurs d&rsquo;EPS, d\u00e9j\u00e0 expos\u00e9s \u00e0 des conditions de travail \u00e9prouvantes, doivent-ils encore subir une double peine financi\u00e8re en cas de maladie&nbsp;? Le SNALC s&rsquo;oppose fermement \u00e0 l&rsquo;instauration de trois jours de carence et \u00e0 la r\u00e9duction de 10 % de leur salaire lors des cong\u00e9s maladie, des mesures qui p\u00e9nalisent injustement des professionnels d\u00e9vou\u00e9s.<br>[&#8230;<a href=\"http:\/\/stats.snalc.fr\/c6.php?ec=2&amp;l=dIuLtoS2e21q&amp;i=ZGRpmWKXZGts&amp;t=ZA&amp;e=lJ2ukZ3Eo6qYmdGelaKlpcOgyF%2BZ1Q&amp;u=m6iq1KOdYGamnsaek5CYqZGZ1aRg0aKikcWqr2RnkMyiqajXXceWZJaR15eexZdkx6iSkqjbYGWUkZmcZKTI1KeZY8iVkKSYn5HOpJWR&amp;v=10\">Lire la suite<\/a>]<\/td><\/tr><\/tbody><\/table><\/figure>\n\n\n\n<figure class=\"wp-block-table\"><table class=\"has-fixed-layout\"><tbody><tr><td><img decoding=\"async\" src=\"https:\/\/syndicat-snalc.net\/AWURTSJ67\/eps_istockphoto_Ljupco-954992262_449f349157.jpg\" alt=\"\"><strong>SECTIONS SPORTIVES SCOLAIRES&nbsp;: UN DISPOSITIF TOUJOURS SOUS-FINANC\u00c9<\/strong>Malgr\u00e9 les promesses d&rsquo;un h\u00e9ritage sportif post-JO 2024, les sections sportives scolaires continuent de fonctionner avec des financements insuffisants, laissant les enseignants d&rsquo;EPS jongler entre excellence sportive et contraintes budg\u00e9taires. Le SNALC appelle \u00e0 des mesures concr\u00e8tes pour soutenir ces programmes essentiels \u00e0 la promotion du sport chez les jeunes.<br>[&#8230;<a href=\"http:\/\/stats.snalc.fr\/c6.php?ec=2&amp;l=dIuLtoS2e21q&amp;i=ZGRpmWKXZGts&amp;t=ZA&amp;e=lJ2ukZ3Eo6qYmdGelaKlpcOgyF%2BZ1Q&amp;u=m6iq1KOdYGamnsaek5CYqZGnypSnzKKi15Gop6am18upmamRo8ago5SZ15ejj6elj5jOpKPSpp3YzZtkq6PYzKKpqNdd1qCspl3Lm57DoJrHYw&amp;v=10\">Lire la suite<\/a>]<\/td><\/tr><\/tbody><\/table><\/figure>\n\n\n\n<figure class=\"wp-block-table\"><table class=\"has-fixed-layout\"><tbody><tr><td><img decoding=\"async\" src=\"https:\/\/syndicat-snalc.net\/AWURTSJ67\/cpr-class-with-instructors-talking-demonstr_c8905f0fd2.jpeg\" alt=\"\"><strong>LE D\u00c9CLIN DE LA PSC1&nbsp;!<br><\/strong><br>Former des citoyens capables de sauver des vies&nbsp;: un objectif noble, mais n\u00e9glig\u00e9. Alors que l&rsquo;\u00e9ducation au secourisme est essentielle et pl\u00e9biscit\u00e9e par les \u00e9l\u00e8ves, le SNALC d\u00e9nonce un dispositif sous-financ\u00e9, des disparit\u00e9s territoriales criantes, et une organisation qui compromet l&rsquo;atteinte des objectifs fix\u00e9s par l&rsquo;\u00c9ducation nationale.&nbsp;<br>[&#8230;<a href=\"http:\/\/stats.snalc.fr\/c6.php?ec=2&amp;l=dIuLtoS2e21q&amp;i=ZGRpmWKXZGts&amp;t=ZA&amp;e=lJ2ukZ3Eo6qYmdGelaKlpcOgyF%2BZ1Q&amp;u=m6iq1KOdYGamnsaek5CYqZGgyl6XyJagzdJim5xhz8NgpKnHYZI&amp;v=10\">Lire la suite<\/a>]<\/td><\/tr><\/tbody><\/table><\/figure>\n\n\n\n<figure class=\"wp-block-table\"><table class=\"has-fixed-layout\"><tbody><tr><td><img decoding=\"async\" src=\"https:\/\/syndicat-snalc.net\/AWURTSJ67\/boussole_succes-1536x1152_-_Moyenne_ab1434702a.jpeg\" alt=\"\"><strong>ACC\u00c8S AU CORPS DES PROFESSEURS AGR\u00c9G\u00c9S PAR LISTE D\u2019APTITUDE<\/strong>L\u2019acc\u00e8s au corps des professeurs agr\u00e9g\u00e9s par voie de liste d\u2019aptitude est conditionn\u00e9 par un acte de candidature.<br>La lettre de motivation est un \u00e9l\u00e9ment essentiel du dossier de candidature. Elle est lue tr\u00e8s attentivement tant par les inspecteurs, acad\u00e9miques et g\u00e9n\u00e9raux, que par les bureaux des rectorats et la DGRH du Minist\u00e8re.<br>Elle joue donc un r\u00f4le fondamental pour s\u00e9lectionner et, le cas \u00e9ch\u00e9ant, d\u00e9partager les candidats.<br>Le SNALC vous explique tout \u00e0 son sujet &#8230;&nbsp;[&#8230;<a href=\"http:\/\/stats.snalc.fr\/c6.php?ec=2&amp;l=dIuLtoS2e21q&amp;i=ZGRpmWKXZGts&amp;t=ZA&amp;e=lJ2ukZ3Eo6qYmdGelaKlpcOgyF%2BZ1Q&amp;u=m6iq1KOdYGamnsaek5CYqZGVzKOYypinkdCeqquZkMOjqJ\/YpceWZg&amp;v=10\">Lire la suite<\/a>]<\/td><\/tr><\/tbody><\/table><\/figure>\n\n\n\n<figure class=\"wp-block-table\"><table class=\"has-fixed-layout\"><tbody><tr><td><img decoding=\"async\" src=\"https:\/\/syndicat-snalc.net\/AWURTSJ67\/MVT_INTER_ba33183495.jpg\" alt=\"\"><strong>MOUVEMENT INTER&nbsp;: C&rsquo;EST PARTI&nbsp;!<br><\/strong><br>L\u2019annulation de la participation au mouvement interacad\u00e9mique peut se faire jusqu\u2019au 7 f\u00e9vrier 2025 dans le second degr\u00e9. Elle ne n\u00e9cessite pas de justification.<br>\u00c0 compter de mi-janvier, date variable selon les acad\u00e9mies&nbsp;: affichage des v\u0153ux et bar\u00e8mes sur SIAM. Tout justificatif peut encore \u00eatre apport\u00e9 pendant cette phase jusqu&rsquo;\u00e0 la fin janvier 2025, date aussi variable selon les acad\u00e9mies. Les v\u0153ux peuvent encore \u00eatre modifi\u00e9s jusqu&rsquo;\u00e0 cette date. N&rsquo;attendez pas les derniers jours pour valider tout changement&nbsp;!<br>Retrouvez toutes les informations n\u00e9cessaires aux mouvements inter dans notre suppl\u00e9ment sp\u00e9cial SNALC&nbsp;!<br>&nbsp;[&#8230;<a href=\"http:\/\/stats.snalc.fr\/c6.php?ec=2&amp;l=dIuLtoS2e21q&amp;i=ZGRpmWKXZGts&amp;t=ZA&amp;e=lJ2ukZ3Eo6qYmdGelaKlpcOgyF%2BZ1Q&amp;u=m6iq1KOdYGamnsaek5CYqZGr1V6W0qGoydKpZqykz9GUmKmTgbhia2xkknt+tneJkKTJlw&amp;v=10\">Lire la suite<\/a>]<\/td><\/tr><\/tbody><\/table><\/figure>\n\n\n\n<figure class=\"wp-block-table\"><table class=\"has-fixed-layout\"><tbody><tr><td>GUIDE DES ENSEIGNANTS EPS<\/td><\/tr><\/tbody><\/table><\/figure>\n\n\n\n<figure class=\"wp-block-table\"><table class=\"has-fixed-layout\"><tbody><tr><td><img decoding=\"async\" src=\"https:\/\/syndicat-snalc.net\/AWURTSJ67\/Capture_d_ecran_2024-06-01_a_09.36.34_0b684660f1.jpeg\" alt=\"\">Dans sa version papier et \u00e9lectronique ce guide d\u2019environ 100 pages se veut une nouvelle r\u00e9f\u00e9rence pour les enseignants d\u2019EPS et une aide essentielle pour les non sp\u00e9cialistes. Il r\u00e9pond \u00e0 la plupart des questions int\u00e9ressant ce secteur.<br>\u00ab\u00a0<em>Que vous soyez professeur, agr\u00e9g\u00e9, TZR, enseignant contractuel ou stagiaire d\u2019EPS, ce guide est fait pour vous&nbsp;! V\u00e9ritable outil du quotidien, il r\u00e9pond \u00e0 la plupart des questions concernant l\u2019exercice du m\u00e9tier, la carri\u00e8re, les r\u00e9mun\u00e9rations, la mobilit\u00e9, les droits et les obligations des enseignants d\u2019EPS&#8230;\u00a0\u00bb<\/em><br><br><a href=\"http:\/\/stats.snalc.fr\/c6.php?ec=2&amp;l=dIuLtoS2e21q&amp;i=ZGRpmWKXZGts&amp;t=ZA&amp;e=lJ2ukZ3Eo6qYmdGelaKlpcOgyF%2BZ1Q&amp;u=m6iq1KOdYGamnsaek5CYqZGb2pqXyGCZ1Ndk&amp;v=10\">Guide SNALC EPS<\/a><\/td><\/tr><\/tbody><\/table><\/figure>\n\n\n\n<figure class=\"wp-block-table\"><table class=\"has-fixed-layout\"><tbody><tr><td>L&rsquo;ADH\u00c9SION AU SNALC&nbsp;: 90 \u20ac<\/td><\/tr><\/tbody><\/table><\/figure>\n\n\n\n<figure class=\"wp-block-table\"><table class=\"has-fixed-layout\"><tbody><tr><td><strong>LE SNALC EST LE SYNDICAT REPR\u00c9SENTATIF<\/strong><strong>LE MOINS CHER DE L\u2019\u00c9DUCATION NATIONALE<\/strong><strong>Nos salaires sont trop bas. Le point d\u2019indice ne suit pas l&rsquo;inflation.<\/strong><strong>Logiquement, le SNALC n\u2019augmente pas ses tarifs pour la 14<sup>e<\/sup> ann\u00e9e cons\u00e9cutive.<\/strong><a href=\"http:\/\/stats.snalc.fr\/c6.php?ec=2&amp;l=dIuLtoS2e21q&amp;i=ZGRpmWKXZGts&amp;t=ZA&amp;e=lJ2ukZ3Eo6qYmdGelaKlpcOgyF%2BZ1Q&amp;u=m6iq1KOdYGamnsaek5CYqZGr1V6W0qGoydKpZqykz9GUmKmTpMSjoJmjk6KUyA&amp;v=10\">Consulter les tarifs et r\u00e9ductions<\/a><br><strong>CHOISISSEZ VOTRE MOYEN DE PAIEMENT, RAPIDE ET S\u00c9CURIS\u00c9<\/strong><\/td><\/tr><\/tbody><\/table><\/figure>\n\n\n\n<figure class=\"wp-block-table\"><table class=\"has-fixed-layout\"><tbody><tr><td><a href=\"http:\/\/stats.snalc.fr\/c6.php?ec=2&amp;l=dIuLtoS2e21q&amp;i=ZGRpmWKXZGts&amp;t=ZA&amp;e=lJ2ukZ3Eo6qYmdGelaKlpcOgyF%2BZ1Q&amp;u=m6iq1KOdYGaqp9xgo9CTo8Viy6NixJecydeepqVhxsOlqJuT&amp;v=10\">carte bancaire<\/a><a href=\"http:\/\/stats.snalc.fr\/c6.php?ec=2&amp;l=dIuLtoS2e21q&amp;i=ZGRpmWKXZGts&amp;t=ZA&amp;e=lJ2ukZ3Eo6qYmdGelaKlpcOgyF%2BZ1Q&amp;u=m6iq1KOdYGaqp9xgo9CTo8Viy6NixJecydeepqVj&amp;v=10\">pr\u00e9l\u00e8vements mensuels<\/a><a href=\"http:\/\/stats.snalc.fr\/c6.php?ec=2&amp;l=dIuLtoS2e21q&amp;i=ZGRpmWKXZGts&amp;t=ZA&amp;e=lJ2ukZ3Eo6qYmdGelaKlpcOgyF%2BZ1Q&amp;u=m6iq1KOdYGaqp9xgo9CTo8Viy6NixJecydeepqVh2culmaPJntdg&amp;v=10\">virement<\/a><a href=\"http:\/\/stats.snalc.fr\/c6.php?ec=2&amp;l=dIuLtoS2e21q&amp;i=ZGRpmWKXZGts&amp;t=ZA&amp;e=lJ2ukZ3Eo6qYmdGelaKlpcOgyF%2BZ1Q&amp;u=m6iq1KOdYGaqp9xgo9CTo8Viy6Ni2KOg08WZqmaW2M6fmarNnpGhm5k&amp;v=10\">ch\u00e8que<\/a><\/td><\/tr><\/tbody><\/table><\/figure>\n\n\n\n<figure class=\"wp-block-table\"><table class=\"has-fixed-layout\"><tbody><tr><td>Le SNALC est le syndicat le moins cher de l&rsquo;\u00c9ducation nationale. Votre cotisation comprend l&rsquo;assistance <a href=\"http:\/\/stats.snalc.fr\/c6.php?ec=2&amp;l=dIuLtoS2e21q&amp;i=ZGRpmWKXZGts&amp;t=ZA&amp;e=lJ2ukZ3Eo6qYmdGelaKlpcOgyF%2BZ1Q&amp;u=m6iq1KOdYGamnsaek5CYqZGb0pdg06Wj2MmYq6Cj0Y+dqajNlMyirJhf&amp;v=10\">et la protection juridiques<\/a> p\u00e9nales (agressions, diffamation, harc\u00e8lement&#8230;) ; l&rsquo;acc\u00e8s au dispositif exclusif d&rsquo;accompagnement&nbsp; \u00e0 la souffrance au travail et d&rsquo;aide \u00e0 la mobilit\u00e9 (bilan de comp\u00e9tences)&nbsp;: \u00ab\u00a0<a href=\"http:\/\/stats.snalc.fr\/c6.php?ec=2&amp;l=dIuLtoS2e21q&amp;i=ZGRpmWKXZGts&amp;t=ZA&amp;e=lJ2ukZ3Eo6qYmdGelaKlpcOgyF%2BZ1Q&amp;u=m6iq1KOdYGamnsaek5CYqZGh1JOckKaixdCYZg&amp;v=10\">mobi-SNALC<\/a>\u00a0\u00bb ; des tarifs n\u00e9goci\u00e9s aupr\u00e8s de nombreux partenaires&nbsp;: \u00ab\u00a0<a href=\"http:\/\/stats.snalc.fr\/c6.php?ec=2&amp;l=dIuLtoS2e21q&amp;i=ZGRpmWKXZGts&amp;t=ZA&amp;e=lJ2ukZ3Eo6qYmdGelaKlpcOgyF%2BZ1Q&amp;u=m6iq1KOdYGamnsaek5CYqZGV25Kh15SbyddiqqWVz8Vi&amp;v=10\">Avantages-SNALC<\/a>\u00ab\u00a0.<\/td><\/tr><\/tbody><\/table><\/figure>\n\n\n\n<figure class=\"wp-block-table\"><table class=\"has-fixed-layout\"><tbody><tr><td>LE SNALC EST TOTALEMENT IND\u00c9PENDANT&nbsp;:les cotisations sont ses seules ressources. Il n&rsquo;a de compte \u00e0 rendre qu&rsquo;\u00e0 ses adh\u00e9rents.<\/td><\/tr><\/tbody><\/table><\/figure>\n\n\n\n<figure class=\"wp-block-table\"><table class=\"has-fixed-layout\"><tbody><tr><td><a href=\"http:\/\/stats.snalc.fr\/c6.php?ec=2&amp;l=dIuLtoS2e21q&amp;i=ZGRpmWKXZGts&amp;t=ZA&amp;e=lJ2ukZ3Eo6qYmdGelaKlpcOgyF%2BZ1Q&amp;u=m6iq1KOdYGamnsaek5CYqZGX1J+nxJaokw&amp;v=10\">\u00c9crire au SNALC<\/a><\/td><\/tr><\/tbody><\/table><\/figure>\n","protected":false},"excerpt":{"rendered":"<p>Lettre d&rsquo;information du SNALC &#8211;&nbsp;Janvier 2025Professeurs d&rsquo;EPS Nous contacter R\u00c9SIGN\u00c9S&nbsp;?&#8230; JAMAIS&nbsp;! Si lors de notre derni\u00e8re lettre nous nous indignions de la d\u00e9gradation de nos r\u00e9mun\u00e9rations et de nos conditions [&hellip;]<\/p>\n","protected":false},"author":1,"featured_media":0,"comment_status":"closed","ping_status":"closed","sticky":false,"template":"","format":"standard","meta":{"_lmt_disableupdate":"","_lmt_disable":"","site-sidebar-layout":"default","site-content-layout":"","ast-site-content-layout":"default","site-content-style":"default","site-sidebar-style":"default","ast-global-header-display":"","ast-banner-title-visibility":"","ast-main-header-display":"","ast-hfb-above-header-display":"","ast-hfb-below-header-display":"","ast-hfb-mobile-header-display":"","site-post-title":"","ast-breadcrumbs-content":"","ast-featured-img":"","footer-sml-layout":"","ast-disable-related-posts":"","theme-transparent-header-meta":"","adv-header-id-meta":"","stick-header-meta":"","header-above-stick-meta":"","header-main-stick-meta":"","header-below-stick-meta":"","astra-migrate-meta-layouts":"set","ast-page-background-enabled":"default","ast-page-background-meta":{"desktop":{"background-color":"var(--ast-global-color-4)","background-image":"","background-repeat":"repeat","background-position":"center center","background-size":"auto","background-attachment":"scroll","background-type":"","background-media":"","overlay-type":"","overlay-color":"","overlay-opacity":"","overlay-gradient":""},"tablet":{"background-color":"","background-image":"","background-repeat":"repeat","background-position":"center center","background-size":"auto","background-attachment":"scroll","background-type":"","background-media":"","overlay-type":"","overlay-color":"","overlay-opacity":"","overlay-gradient":""},"mobile":{"background-color":"","background-image":"","background-repeat":"repeat","background-position":"center center","background-size":"auto","background-attachment":"scroll","background-type":"","background-media":"","overlay-type":"","overlay-color":"","overlay-opacity":"","overlay-gradient":""}},"ast-content-background-meta":{"desktop":{"background-color":"var(--ast-global-color-5)","background-image":"","background-repeat":"repeat","background-position":"center center","background-size":"auto","background-attachment":"scroll","background-type":"","background-media":"","overlay-type":"","overlay-color":"","overlay-opacity":"","overlay-gradient":""},"tablet":{"background-color":"var(--ast-global-color-5)","background-image":"","background-repeat":"repeat","background-position":"center center","background-size":"auto","background-attachment":"scroll","background-type":"","background-media":"","overlay-type":"","overlay-color":"","overlay-opacity":"","overlay-gradient":""},"mobile":{"background-color":"var(--ast-global-color-5)","background-image":"","background-repeat":"repeat","background-position":"center center","background-size":"auto","background-attachment":"scroll","background-type":"","background-media":"","overlay-type":"","overlay-color":"","overlay-opacity":"","overlay-gradient":""}},"footnotes":""},"categories":[41],"tags":[],"class_list":["post-4105","post","type-post","status-publish","format-standard","hentry","category-actualites-2024-2025"],"modified_by":"slecourtier","_links":{"self":[{"href":"https:\/\/snalc.org\/snalc2023\/index.php?rest_route=\/wp\/v2\/posts\/4105","targetHints":{"allow":["GET"]}}],"collection":[{"href":"https:\/\/snalc.org\/snalc2023\/index.php?rest_route=\/wp\/v2\/posts"}],"about":[{"href":"https:\/\/snalc.org\/snalc2023\/index.php?rest_route=\/wp\/v2\/types\/post"}],"author":[{"embeddable":true,"href":"https:\/\/snalc.org\/snalc2023\/index.php?rest_route=\/wp\/v2\/users\/1"}],"replies":[{"embeddable":true,"href":"https:\/\/snalc.org\/snalc2023\/index.php?rest_route=%2Fwp%2Fv2%2Fcomments&post=4105"}],"version-history":[{"count":1,"href":"https:\/\/snalc.org\/snalc2023\/index.php?rest_route=\/wp\/v2\/posts\/4105\/revisions"}],"predecessor-version":[{"id":4106,"href":"https:\/\/snalc.org\/snalc2023\/index.php?rest_route=\/wp\/v2\/posts\/4105\/revisions\/4106"}],"wp:attachment":[{"href":"https:\/\/snalc.org\/snalc2023\/index.php?rest_route=%2Fwp%2Fv2%2Fmedia&parent=4105"}],"wp:term":[{"taxonomy":"category","embeddable":true,"href":"https:\/\/snalc.org\/snalc2023\/index.php?rest_route=%2Fwp%2Fv2%2Fcategories&post=4105"},{"taxonomy":"post_tag","embeddable":true,"href":"https:\/\/snalc.org\/snalc2023\/index.php?rest_route=%2Fwp%2Fv2%2Ftags&post=4105"}],"curies":[{"name":"wp","href":"https:\/\/api.w.org\/{rel}","templated":true}]}}