{"id":4130,"date":"2025-02-14T20:31:51","date_gmt":"2025-02-14T19:31:51","guid":{"rendered":"https:\/\/snalc.org\/snalc2023\/?p=4130"},"modified":"2025-02-14T20:31:56","modified_gmt":"2025-02-14T19:31:56","slug":"quinzaine-universitaire-n1498","status":"publish","type":"post","link":"https:\/\/snalc.org\/snalc2023\/?p=4130","title":{"rendered":"QUINZAINE UNIVERSITAIRE n\u00b01498"},"content":{"rendered":"\n<figure class=\"wp-block-image\"><img decoding=\"async\" src=\"https:\/\/snalc.fr\/wp-content\/uploads\/QU1498.jpg\" alt=\"\" class=\"wp-image-51168\"\/><\/figure>\n\n\n\n<p><strong>\u00c9DITO : <a href=\"https:\/\/snalc.fr\/deconsideres\/\">D\u00c9CONSID\u00c9R\u00c9S<\/a><\/strong><\/p>\n\n\n\n<figure class=\"wp-block-image\"><img decoding=\"async\" src=\"https:\/\/snalc.fr\/wp-content\/uploads\/elementor\/thumbs\/SNALC-congres-Strasbourg-mai-2023-Photo-Philippe-Sautier-3-e1686317689865-qfu77nw4qlxwj5dktm23kiay8chujy1r6wng15ek0o.jpg\" alt=\"SNALC congres Strasbourg mai 2023 - Photo Philippe Sautier (3)\" title=\"SNALC congres Strasbourg mai 2023 \u2013 Photo Philippe Sautier (3)\"\/><\/figure>\n\n\n\n<p>Jean-R\u00e9mi Girard<br>Pr\u00e9sident du SNALC<\/p>\n\n\n\n<p>Si l\u2019\u00c9ducation nationale va mal, si ses personnels sont d\u00e9consid\u00e9r\u00e9s, c\u2019est aussi car on ne sait ou ne veut pas fixer les priorit\u00e9s.<\/p>\n\n\n\n<p>L\u2019\u00c9cole est devenue un objet m\u00e9diatique. Dans un contexte plus que morose, il faut trouver des explications, et surtout identifier des responsables\u2026 et des coupables. Qui de mieux que les personnels de l\u2019\u00c9ducation nationale pour endosser ce r\u00f4le de bouc \u00e9missaire ? D\u00e9j\u00e0, ce sont des fonctionnaires \u2014 pas le temps de s\u2019arr\u00eater sur la hausse du nombre des contractuels, qui devrait pourtant faire r\u00e9fl\u00e9chir \u2014 donc des privil\u00e9gi\u00e9s. Ils ont trop de vacances. Ils se plaignent tout le temps. Et si mon enfant est p\u00e9nible, c\u2019est \u00e9videmment \u00e0 cause de ses professeurs. Car vous \u00eates trop s\u00e9v\u00e8res, mais aussi trop laxistes. Vous leur donnez trop de travail, mais \u00e9galement pas assez de travail. Vous le punissez alors qu\u2019il n\u2019a \u00e9videmment rien fait, mais vous laissez s\u2019installer un climat d\u2019impunit\u00e9 dans l\u2019\u00e9tablissement.&nbsp; [<a href=\"https:\/\/snalc.fr\/deconsideres\/\"><strong>Lire la suite<\/strong><\/a>]<\/p>\n\n\n\n<p><strong>DOSSIER DU MOIS :<\/strong><\/p>\n\n\n\n<p><a href=\"https:\/\/snalc.fr\/etranger-defense-melh-cned\/\"><strong>\u00c9TRANGER, D\u00c9FENSE, MELH, CNED : EMMENEZ-MOI AU BOUT DE L\u2019\u00c9COLE\u2026<\/strong><\/a><\/p>\n\n\n\n<ul class=\"wp-block-list\">\n<li><a href=\"https:\/\/snalc.fr\/etranger-defense-melh-cned#aefe\"><em>Travailler \u00e0 l\u2019\u00e9tranger : comment postuler \u00e0 l\u2019AEFE ?<\/em><\/a><\/li>\n\n\n\n<li><a href=\"https:\/\/snalc.fr\/etranger-defense-melh-cned#defis\"><em>L\u2019AEFE face \u00e0 de nombreux d\u00e9fis<\/em><\/a><\/li>\n\n\n\n<li><a href=\"https:\/\/snalc.fr\/etranger-defense-melh-cned#defense\"><em>Devenir professeur en lyc\u00e9e militaire<\/em><\/a><\/li>\n\n\n\n<li><a href=\"https:\/\/snalc.fr\/etranger-defense-melh-cned#eamea\"><em>L\u2019EAMEA : une \u00e9cole m\u00e9connue<\/em><\/a><\/li>\n\n\n\n<li><a href=\"https:\/\/snalc.fr\/etranger-defense-melh-cned#melh\"><em>La Maison d\u2019\u00c9ducation de la L\u00e9gion d\u2019Honneur : un lieu d\u2019exception<\/em><\/a><\/li>\n\n\n\n<li><a href=\"https:\/\/snalc.fr\/etranger-defense-melh-cned#cned\"><em>Enseigner au CNED : sur poste adapt\u00e9, mais pas seulement<\/em><\/a><\/li>\n\n\n\n<li><a href=\"https:\/\/snalc.fr\/etranger-defense-melh-cned#detachement\"><em>\u00catre d\u00e9tach\u00e9 en France hors enseignement<\/em><\/a><\/li>\n<\/ul>\n\n\n\n<p><strong>LES PERSONNELS<\/strong><\/p>\n\n\n\n<ul class=\"wp-block-list\">\n<li><a href=\"https:\/\/snalc.fr\/le-dispositif-passerelle\/\">Le dispositif \u201cpasserelle\u201d<\/a><\/li>\n\n\n\n<li><a href=\"https:\/\/snalc.fr\/candidater-chaires-sup-competence-com\/\">Candidater pour acc\u00e9der aux chaires sup\u00e9rieures : de la comp\u00e9tence \u00e0 la com\u2019 ?<\/a><\/li>\n\n\n\n<li><a href=\"https:\/\/snalc.fr\/p-eps-faites-bien-vos-comptes\/\">Jeunes P.EPS (et moins jeunes) : faites bien vos comptes !<\/a><\/li>\n\n\n\n<li><a href=\"https:\/\/snalc.fr\/haro-sur-les-retraites\/\">Haro sur les retrait\u00e9s !<\/a><\/li>\n\n\n\n<li><a href=\"https:\/\/snalc.fr\/saenes-contingents-2025-examens-professionnels\/\">Examens professionnels des SAENES : contingents 2025<\/a><\/li>\n\n\n\n<li><a href=\"https:\/\/snalc.fr\/filiere-bibliotheques-contingents-2025-examens-professionnels\/\">Fili\u00e8re biblioth\u00e8ques : contingents relatifs aux examens professionnels 2025<\/a><\/li>\n\n\n\n<li><a href=\"https:\/\/snalc.fr\/le-conge-maternite\/\">Le cong\u00e9 maternit\u00e9<\/a><\/li>\n\n\n\n<li><a href=\"https:\/\/snalc.fr\/wp-content\/uploads\/QU1498_NLOP.jpg\">Ne l\u2019oubliez pas !<\/a><\/li>\n<\/ul>\n\n\n\n<p><strong>SYST\u00c8ME \u00c9DUCATIF<\/strong><\/p>\n\n\n\n<ul class=\"wp-block-list\">\n<li><a href=\"https:\/\/snalc.fr\/repartition-de-la-dgh-faire-appliquer-les-textes\/\">R\u00e9partition de la DGH : faire appliquer les textes !<\/a><\/li>\n\n\n\n<li><a href=\"https:\/\/snalc.fr\/dgh-2025-2026-en-college-menace-sur-les-options-lca-et-fca\/\">DGH 2025-2026 en coll\u00e8ge : menace sur les options LCA et FCA<\/a><\/li>\n\n\n\n<li><a href=\"https:\/\/snalc.fr\/programmes-lv-resultats-enquete\/\">Programmes de langues vivantes : ils n\u2019ont pas tout compris !<\/a><\/li>\n<\/ul>\n\n\n\n<p><a href=\"https:\/\/snalc.fr\/wp-content\/uploads\/QU1498.pdf\">T\u00e9l\u00e9charger la revue en PDF<\/a><\/p>\n\n\n\n<figure class=\"wp-block-image\"><img decoding=\"async\" src=\"https:\/\/snalc.fr\/wp-content\/uploads\/QU1498-1D-719x1024.jpg\" alt=\"\" class=\"wp-image-51169\"\/><\/figure>\n\n\n\n<p><em><strong>Afin d\u2019\u00eatre au plus pr\u00e8s de vos attentes et de vous informer au mieux, la revue du SNALC a \u00e9volu\u00e9 d\u00e8s cette rentr\u00e9e, avec d\u00e9sormais deux num\u00e9ros mensuels au lieu d\u2019un : l\u2019un centr\u00e9 sur le second degr\u00e9 et le sup\u00e9rieur, et le second sur les probl\u00e9matiques sp\u00e9cifiques de l\u2019\u00e9cole primaire.<\/strong><\/em><\/p>\n\n\n\n<p><a href=\"https:\/\/snalc.fr\/quinzaine-universitaire-n1498-1d\/\">D\u00e9couvrir la revue Premier degr\u00e9<\/a><\/p>\n","protected":false},"excerpt":{"rendered":"<p>\u00c9DITO : D\u00c9CONSID\u00c9R\u00c9S Jean-R\u00e9mi GirardPr\u00e9sident du SNALC Si l\u2019\u00c9ducation nationale va mal, si ses personnels sont d\u00e9consid\u00e9r\u00e9s, c\u2019est aussi car on ne sait ou ne veut pas fixer les priorit\u00e9s. [&hellip;]<\/p>\n","protected":false},"author":1,"featured_media":0,"comment_status":"closed","ping_status":"closed","sticky":false,"template":"","format":"standard","meta":{"_lmt_disableupdate":"","_lmt_disable":"","site-sidebar-layout":"default","site-content-layout":"","ast-site-content-layout":"default","site-content-style":"default","site-sidebar-style":"default","ast-global-header-display":"","ast-banner-title-visibility":"","ast-main-header-display":"","ast-hfb-above-header-display":"","ast-hfb-below-header-display":"","ast-hfb-mobile-header-display":"","site-post-title":"","ast-breadcrumbs-content":"","ast-featured-img":"","footer-sml-layout":"","ast-disable-related-posts":"","theme-transparent-header-meta":"","adv-header-id-meta":"","stick-header-meta":"","header-above-stick-meta":"","header-main-stick-meta":"","header-below-stick-meta":"","astra-migrate-meta-layouts":"set","ast-page-background-enabled":"default","ast-page-background-meta":{"desktop":{"background-color":"var(--ast-global-color-4)","background-image":"","background-repeat":"repeat","background-position":"center center","background-size":"auto","background-attachment":"scroll","background-type":"","background-media":"","overlay-type":"","overlay-color":"","overlay-opacity":"","overlay-gradient":""},"tablet":{"background-color":"","background-image":"","background-repeat":"repeat","background-position":"center center","background-size":"auto","background-attachment":"scroll","background-type":"","background-media":"","overlay-type":"","overlay-color":"","overlay-opacity":"","overlay-gradient":""},"mobile":{"background-color":"","background-image":"","background-repeat":"repeat","background-position":"center center","background-size":"auto","background-attachment":"scroll","background-type":"","background-media":"","overlay-type":"","overlay-color":"","overlay-opacity":"","overlay-gradient":""}},"ast-content-background-meta":{"desktop":{"background-color":"var(--ast-global-color-5)","background-image":"","background-repeat":"repeat","background-position":"center center","background-size":"auto","background-attachment":"scroll","background-type":"","background-media":"","overlay-type":"","overlay-color":"","overlay-opacity":"","overlay-gradient":""},"tablet":{"background-color":"var(--ast-global-color-5)","background-image":"","background-repeat":"repeat","background-position":"center center","background-size":"auto","background-attachment":"scroll","background-type":"","background-media":"","overlay-type":"","overlay-color":"","overlay-opacity":"","overlay-gradient":""},"mobile":{"background-color":"var(--ast-global-color-5)","background-image":"","background-repeat":"repeat","background-position":"center center","background-size":"auto","background-attachment":"scroll","background-type":"","background-media":"","overlay-type":"","overlay-color":"","overlay-opacity":"","overlay-gradient":""}},"footnotes":""},"categories":[41,37],"tags":[],"class_list":["post-4130","post","type-post","status-publish","format-standard","hentry","category-actualites-2024-2025","category-qu"],"modified_by":"slecourtier","_links":{"self":[{"href":"https:\/\/snalc.org\/snalc2023\/index.php?rest_route=\/wp\/v2\/posts\/4130","targetHints":{"allow":["GET"]}}],"collection":[{"href":"https:\/\/snalc.org\/snalc2023\/index.php?rest_route=\/wp\/v2\/posts"}],"about":[{"href":"https:\/\/snalc.org\/snalc2023\/index.php?rest_route=\/wp\/v2\/types\/post"}],"author":[{"embeddable":true,"href":"https:\/\/snalc.org\/snalc2023\/index.php?rest_route=\/wp\/v2\/users\/1"}],"replies":[{"embeddable":true,"href":"https:\/\/snalc.org\/snalc2023\/index.php?rest_route=%2Fwp%2Fv2%2Fcomments&post=4130"}],"version-history":[{"count":1,"href":"https:\/\/snalc.org\/snalc2023\/index.php?rest_route=\/wp\/v2\/posts\/4130\/revisions"}],"predecessor-version":[{"id":4131,"href":"https:\/\/snalc.org\/snalc2023\/index.php?rest_route=\/wp\/v2\/posts\/4130\/revisions\/4131"}],"wp:attachment":[{"href":"https:\/\/snalc.org\/snalc2023\/index.php?rest_route=%2Fwp%2Fv2%2Fmedia&parent=4130"}],"wp:term":[{"taxonomy":"category","embeddable":true,"href":"https:\/\/snalc.org\/snalc2023\/index.php?rest_route=%2Fwp%2Fv2%2Fcategories&post=4130"},{"taxonomy":"post_tag","embeddable":true,"href":"https:\/\/snalc.org\/snalc2023\/index.php?rest_route=%2Fwp%2Fv2%2Ftags&post=4130"}],"curies":[{"name":"wp","href":"https:\/\/api.w.org\/{rel}","templated":true}]}}