{"id":4164,"date":"2025-03-04T20:58:21","date_gmt":"2025-03-04T19:58:21","guid":{"rendered":"https:\/\/snalc.org\/snalc2023\/?p=4164"},"modified":"2025-03-04T20:58:26","modified_gmt":"2025-03-04T19:58:26","slug":"programmes-de-cycle-3-courrier-intersyndical","status":"publish","type":"post","link":"https:\/\/snalc.org\/snalc2023\/?p=4164","title":{"rendered":"Programmes de cycle 3 (courrier intersyndical)"},"content":{"rendered":"\n<figure class=\"wp-block-image\"><img decoding=\"async\" src=\"https:\/\/snalc.fr\/wp-content\/uploads\/prof_istockphoto_pixdeluxe-1475870449.jpg\" alt=\"\" class=\"wp-image-50535\"\/><figcaption class=\"wp-element-caption\">\u00a9 istockphoto_pixdeluxe-1475870449<\/figcaption><\/figure>\n\n\n\n<p><em>Courrier intersyndical FSU, UNSA, SGEN CFDT, CGT Educ\u2019action, SNALC, SUD Education du 4 mars 2025<\/em><\/p>\n\n\n\n<hr class=\"wp-block-separator has-alpha-channel-opacity\"\/>\n\n\n\n<figure class=\"wp-block-image\"><img decoding=\"async\" src=\"https:\/\/snalc.fr\/wp-content\/uploads\/Bandeau_IS_CSA_6-1024x234.jpg\" alt=\"\" class=\"wp-image-50090\"\/><\/figure>\n\n\n\n<p>Madame la Ministre,<\/p>\n\n\n\n<p>Annonc\u00e9e avec le \u00ab choc de savoirs \u00bb le 5 d\u00e9cembre 2023, la r\u00e9\u00e9criture des programmes de l\u2019\u00e9cole au lyc\u00e9e se fait \u00e0 marche forc\u00e9e. Les programmes de cycle 1 et 2 en math\u00e9matiques et en fran\u00e7ais, comme ceux de langues vivantes et r\u00e9gionales au coll\u00e8ge et au lyc\u00e9e n\u2019ont pas b\u00e9n\u00e9fici\u00e9 d\u2019une concertation suffisante.<\/p>\n\n\n\n<p>Lors de la s\u00e9ance du CSE du 6 juin 2024, la communaut\u00e9 \u00e9ducative a rejet\u00e9 par un vote d\u00e9favorable l\u2019arr\u00eat\u00e9 portant sur ces programmes avec 47 voix contre et 3 voix pour. Les amendements de nos organisations ont recueilli des votes favorables mais ils n\u2019ont pas \u00e9t\u00e9 pris en compte par l\u2019administration. Aucun v\u00e9ritable dialogue social ne s\u2019est engag\u00e9 et actuellement les formateurs et formatrices sont mis en difficult\u00e9 dans les d\u00e9partements pour les mettre en \u0153uvre.<\/p>\n\n\n\n<p>Concernant les programmes de cycle 3, aucune organisation syndicale n\u2019a \u00e9t\u00e9 auditionn\u00e9e ou consult\u00e9e avant la publication des projets, malgr\u00e9 les 9 mois qui se sont \u00e9coul\u00e9s depuis la saisine du Conseil sup\u00e9rieur des programmes. Depuis, le calendrier s\u2019acc\u00e9l\u00e8re avec un passage en Commission sp\u00e9cialis\u00e9e le 12 mars et un vote en Conseil sup\u00e9rieur de l\u2019\u00c9ducation le 27 mars : nos organisations contestent cette pr\u00e9cipitation.<\/p>\n\n\n\n<p>Modifier les programmes n\u00e9cessite des temps de concertation mais \u00e9galement du dialogue, du temps d\u2019appropriation par les \u00e9quipes et de la formation si l\u2019on souhaite qu\u2019ils soient ensuite appliqu\u00e9s dans les classes.<\/p>\n\n\n\n<p>\u00c0 l\u2019occasion du CSE du 30 janvier, un v\u0153u intersyndical a formalis\u00e9 notre demande unitaire de report des programmes de cycle 3 et de LVER. L\u2019application de ces programmes n\u2019a aucun caract\u00e8re d\u2019urgence qui justifierait une d\u00e9rogation. Un d\u00e9lai d\u2019au moins une ann\u00e9e entre la publication d\u2019un nouveau programme et son entr\u00e9e en vigueur est bien l\u2019usage et un imp\u00e9ratif. Les programmes actuels, sans \u00eatre parfaits, peuvent parfaitement servir de cadres pour les enseignements une ou plusieurs ann\u00e9es encore. Ces programmes mis en place en 2015 avaient d\u2019ailleurs fait l\u2019objet d\u2019une large concertation avec les \u00e9quipes \u00e9ducatives avec un temps d\u00e9di\u00e9 \u00e0 l\u2019analyse des pr\u00e9c\u00e9dents programmes et aux besoins sur le terrain qui avaient ainsi permis d\u2019apporter un certain nombre d\u2019am\u00e9liorations non n\u00e9gligeables.<\/p>\n\n\n\n<p>Nous l\u2019avons toutes et tous constat\u00e9, les concertations engag\u00e9es avec la DGESCO et le minist\u00e8re sur les programmes d\u2019Evars ont permis d\u2019aboutir \u00e0 un vote positif en CSE, un signal explicite de la communaut\u00e9 \u00e9ducative repr\u00e9sent\u00e9e au CSE, bien compris dans nos \u00e9coles et nos \u00e9tablissements. \u00c0 la rentr\u00e9e 2025, les professeurs devront appliquer les programmes de cycle 1 et 2 mais \u00e9galement le programme d\u2019EVARS. Il est inacceptable de demander aux \u00e9quipes de se former en quelques semaines \u00e0 de nouveaux programmes du cycle 3 en fran\u00e7ais, en math\u00e9matiques et en langues vivantes de la sixi\u00e8me \u00e0 la terminale.<\/p>\n\n\n\n<p>Madame la ministre, vous avez rappel\u00e9 \u00e0 plusieurs reprises votre attachement au dialogue social. Pour mener des r\u00e9flexions et des concertations de qualit\u00e9 sur un sujet aussi important que celui des programmes, il faut du temps.<\/p>\n\n\n\n<p>Les organisations FSU, SE-Unsa, CFDT EFRP, CGT Educ\u2019action, SNALC, SUD \u00c9ducation, vous demandent donc, Madame la Ministre, de prononcer le report de l\u2019application des nouveaux programmes de fran\u00e7ais et math\u00e9matiques de cycle 3, et de langues vivantes \u00e9trang\u00e8res et r\u00e9gionales et d\u2019engager une v\u00e9ritable concertation avec la communaut\u00e9 \u00e9ducative sur un temps long.<\/p>\n\n\n\n<p>Nous vous prions de croire, Madame la ministre, en notre sinc\u00e8re et profond attachement au service public d\u2019\u00e9ducation.<\/p>\n\n\n\n<p><a href=\"https:\/\/snalc.fr\/wp-content\/uploads\/20250304-COURRIER-IS-report-programmes-cycle3.pdf\">T\u00e9l\u00e9charger<\/a><\/p>\n","protected":false},"excerpt":{"rendered":"<p>Courrier intersyndical FSU, UNSA, SGEN CFDT, CGT Educ\u2019action, SNALC, SUD Education du 4 mars 2025 Madame la Ministre, Annonc\u00e9e avec le \u00ab choc de savoirs \u00bb le 5 d\u00e9cembre 2023, [&hellip;]<\/p>\n","protected":false},"author":1,"featured_media":0,"comment_status":"closed","ping_status":"closed","sticky":false,"template":"","format":"standard","meta":{"_lmt_disableupdate":"","_lmt_disable":"","site-sidebar-layout":"default","site-content-layout":"","ast-site-content-layout":"default","site-content-style":"default","site-sidebar-style":"default","ast-global-header-display":"","ast-banner-title-visibility":"","ast-main-header-display":"","ast-hfb-above-header-display":"","ast-hfb-below-header-display":"","ast-hfb-mobile-header-display":"","site-post-title":"","ast-breadcrumbs-content":"","ast-featured-img":"","footer-sml-layout":"","ast-disable-related-posts":"","theme-transparent-header-meta":"","adv-header-id-meta":"","stick-header-meta":"","header-above-stick-meta":"","header-main-stick-meta":"","header-below-stick-meta":"","astra-migrate-meta-layouts":"set","ast-page-background-enabled":"default","ast-page-background-meta":{"desktop":{"background-color":"var(--ast-global-color-4)","background-image":"","background-repeat":"repeat","background-position":"center center","background-size":"auto","background-attachment":"scroll","background-type":"","background-media":"","overlay-type":"","overlay-color":"","overlay-opacity":"","overlay-gradient":""},"tablet":{"background-color":"","background-image":"","background-repeat":"repeat","background-position":"center center","background-size":"auto","background-attachment":"scroll","background-type":"","background-media":"","overlay-type":"","overlay-color":"","overlay-opacity":"","overlay-gradient":""},"mobile":{"background-color":"","background-image":"","background-repeat":"repeat","background-position":"center center","background-size":"auto","background-attachment":"scroll","background-type":"","background-media":"","overlay-type":"","overlay-color":"","overlay-opacity":"","overlay-gradient":""}},"ast-content-background-meta":{"desktop":{"background-color":"var(--ast-global-color-5)","background-image":"","background-repeat":"repeat","background-position":"center center","background-size":"auto","background-attachment":"scroll","background-type":"","background-media":"","overlay-type":"","overlay-color":"","overlay-opacity":"","overlay-gradient":""},"tablet":{"background-color":"var(--ast-global-color-5)","background-image":"","background-repeat":"repeat","background-position":"center center","background-size":"auto","background-attachment":"scroll","background-type":"","background-media":"","overlay-type":"","overlay-color":"","overlay-opacity":"","overlay-gradient":""},"mobile":{"background-color":"var(--ast-global-color-5)","background-image":"","background-repeat":"repeat","background-position":"center center","background-size":"auto","background-attachment":"scroll","background-type":"","background-media":"","overlay-type":"","overlay-color":"","overlay-opacity":"","overlay-gradient":""}},"footnotes":""},"categories":[41],"tags":[],"class_list":["post-4164","post","type-post","status-publish","format-standard","hentry","category-actualites-2024-2025"],"modified_by":"slecourtier","_links":{"self":[{"href":"https:\/\/snalc.org\/snalc2023\/index.php?rest_route=\/wp\/v2\/posts\/4164","targetHints":{"allow":["GET"]}}],"collection":[{"href":"https:\/\/snalc.org\/snalc2023\/index.php?rest_route=\/wp\/v2\/posts"}],"about":[{"href":"https:\/\/snalc.org\/snalc2023\/index.php?rest_route=\/wp\/v2\/types\/post"}],"author":[{"embeddable":true,"href":"https:\/\/snalc.org\/snalc2023\/index.php?rest_route=\/wp\/v2\/users\/1"}],"replies":[{"embeddable":true,"href":"https:\/\/snalc.org\/snalc2023\/index.php?rest_route=%2Fwp%2Fv2%2Fcomments&post=4164"}],"version-history":[{"count":1,"href":"https:\/\/snalc.org\/snalc2023\/index.php?rest_route=\/wp\/v2\/posts\/4164\/revisions"}],"predecessor-version":[{"id":4165,"href":"https:\/\/snalc.org\/snalc2023\/index.php?rest_route=\/wp\/v2\/posts\/4164\/revisions\/4165"}],"wp:attachment":[{"href":"https:\/\/snalc.org\/snalc2023\/index.php?rest_route=%2Fwp%2Fv2%2Fmedia&parent=4164"}],"wp:term":[{"taxonomy":"category","embeddable":true,"href":"https:\/\/snalc.org\/snalc2023\/index.php?rest_route=%2Fwp%2Fv2%2Fcategories&post=4164"},{"taxonomy":"post_tag","embeddable":true,"href":"https:\/\/snalc.org\/snalc2023\/index.php?rest_route=%2Fwp%2Fv2%2Ftags&post=4164"}],"curies":[{"name":"wp","href":"https:\/\/api.w.org\/{rel}","templated":true}]}}