{"id":4197,"date":"2025-03-13T06:26:48","date_gmt":"2025-03-13T05:26:48","guid":{"rendered":"https:\/\/snalc.org\/snalc2023\/?p=4197"},"modified":"2025-03-13T06:26:50","modified_gmt":"2025-03-13T05:26:50","slug":"lapproche-par-competences-le-snalc-dit-non","status":"publish","type":"post","link":"https:\/\/snalc.org\/snalc2023\/?p=4197","title":{"rendered":"L\u2019approche par comp\u00e9tences : le SNALC dit non !"},"content":{"rendered":"\n<figure class=\"wp-block-image\"><img decoding=\"async\" src=\"https:\/\/snalc.fr\/wp-content\/uploads\/prof_reunion_Freepik.com_2149204748.jpg\" alt=\"\" class=\"wp-image-46981\"\/><figcaption class=\"wp-element-caption\">\u00a9 Freepik.com_2149204748<\/figcaption><\/figure>\n\n\n\n<hr class=\"wp-block-separator has-alpha-channel-opacity\"\/>\n\n\n\n<p><em>Communiqu\u00e9 du SNALC secteur Enseignement sup\u00e9rieur, du 12 mars 2025<\/em><\/p>\n\n\n\n<h2 class=\"wp-block-heading\">L&rsquo;APPROCHE PAR COMP\u00c9TENCES : LE SNALC DIT NON !<\/h2>\n\n\n\n<p><em>\u201cIl y a des temps o\u00f9 l\u2019on ne doit d\u00e9penser le m\u00e9pris qu\u2019avec \u00e9conomie \u00e0 cause du grand nombre de n\u00e9cessiteux.\u201d<\/em> \u2014 Fran\u00e7ois-Ren\u00e9 de Chateaubriand<\/p>\n\n\n\n<h3 class=\"wp-block-heading\">L&rsquo;UNIVERSIT\u00c9 EN DANGER !<\/h3>\n\n\n\n<p>Deux projets mettent en p\u00e9ril l\u2019essence m\u00eame de l\u2019enseignement sup\u00e9rieur :<\/p>\n\n\n\n<p><strong>1\u279f La g\u00e9n\u00e9ralisation de l\u2019approche par comp\u00e9tences (APC) aux formations de Master<\/strong><\/p>\n\n\n\n<p>Pr\u00e9sent\u00e9e comme une modernisation, cette r\u00e9forme a d\u00e9j\u00e0 montr\u00e9 ses limites en IUT. En rempla\u00e7ant l\u2019acquisition des savoirs par un simple catalogue de comp\u00e9tences ferm\u00e9es et p\u00e9rissables, elle transforme l\u2019Universit\u00e9 en centre de formation professionnelle, oubliant sa mission fondamentale : transmettre des connaissances solides, d\u00e9velopper l\u2019esprit critique et former des citoyens \u00e9clair\u00e9s.<\/p>\n\n\n\n<p>Ce mod\u00e8le conduit \u00e0 :<\/p>\n\n\n\n<ul class=\"wp-block-list\">\n<li><strong>Des dipl\u00f4mes d\u00e9valoris\u00e9s<\/strong> et inadapt\u00e9s aux exigences acad\u00e9miques et professionnelles.<\/li>\n\n\n\n<li><strong>Une standardisation appauvrissante<\/strong> qui affaiblit les parcours universitaires et marginalise les cours magistraux.<\/li>\n\n\n\n<li><strong>Une r\u00e9duction des contenus <\/strong>\u00e0 des aspects purement pratiques, transformant nos formations en \u201cSuper Bac Pro+\u201d.<\/li>\n<\/ul>\n\n\n\n<p>Ainsi, en Droit, lorsque le programme du BUT TC mentionne l\u2019\u00e9tude de la l\u00e9gislation applicable \u00e0 \u00ab la gestion des chariots \u00bb, l\u2019universitaire ne sait plus s\u2019il doit rire ou pleurer.<\/p>\n\n\n\n<p>Les responsables de composantes devraient s\u2019opposer \u00e0 ces r\u00e9formes destructrices. Or, leur silence est assourdissant. Par peur d\u2019un mauvais rapport de l\u2019HCERES, ils se soumettent aveugl\u00e9ment aux directives minist\u00e9rielles, comme s\u2019il s\u2019agissait de n\u2019\u00eatre que les \u00ab bon petits t\u00e9l\u00e9graphistes du Minist\u00e8re \u00bb, Minist\u00e8re qui serait par ailleurs bien inspir\u00e9 de s\u2019atteler au probl\u00e8me de fond, celui de la d\u00e9gradation du niveau g\u00e9n\u00e9ral de nos \u00e9tudiants.<\/p>\n\n\n\n<p>Que penser \u00e9galement du silence des tenants du \u201ccourant critique en gestion\u201d, alors m\u00eame que cette r\u00e9forme s\u2019inscrit dans une logique patronale pure et dure ?<\/p>\n\n\n\n<p><strong>Lib\u00e9ralisme culturel et lib\u00e9ralisme \u00e9conomique : m\u00eame combat ?<\/strong><\/p>\n\n\n\n<p><strong>2\u279f L\u2019auto-\u00e9valuation des comp\u00e9tences par les \u00e9tudiants : un leurre dangereux<\/strong><\/p>\n\n\n\n<p>Plut\u00f4t que d\u2019exiger plus de rigueur, ce syst\u00e8me ent\u00e9rine la baisse du niveau en consacrant l\u2019id\u00e9e que l\u2019\u00e9tudiant est seul juge de son apprentissage.<\/p>\n\n\n\n<p>Une aberration qui :<\/p>\n\n\n\n<ul class=\"wp-block-list\">\n<li><strong>N\u00e9glige le r\u00f4le des enseignants<\/strong> et transforme l\u2019\u00e9valuation en formalit\u00e9 administrative.<\/li>\n\n\n\n<li><strong>Accentue les in\u00e9galit\u00e9s<\/strong>, d\u00e9savantageant les \u00e9tudiants les moins confiants et avantagent ceux qui surestiment leurs comp\u00e9tences.<\/li>\n\n\n\n<li><strong>Met en p\u00e9ril la reconnaissance des dipl\u00f4mes<\/strong> et la cr\u00e9dibilit\u00e9 des formations universitaires.<\/li>\n<\/ul>\n\n\n\n<h3 class=\"wp-block-heading\">LE SNALC DIT NON \u00c0 CETTE DOUBLE R\u00c9GRESSION !<\/h3>\n\n\n\n<p><strong>Nous demandons<\/strong> le maintien d\u2019une formation universitaire fond\u00e9e sur la transmission des savoirs, l\u2019exigence acad\u00e9mique et une \u00e9valuation rigoureuse assur\u00e9e par des enseignants qualifi\u00e9s.<\/p>\n\n\n\n<p><strong>Nous exigeons<\/strong> l\u2019abandon de ces projets qui affaiblissent la valeur des dipl\u00f4mes et compromettent l\u2019avenir de nos \u00e9tudiants.<\/p>\n\n\n\n<h3 class=\"wp-block-heading\">ENSEIGNANTS, CHERCHEURS, \u00c9TUDIANTS : MOBILISONS-NOUS POUR UNE UNIVERSIT\u00c9 EXIGEANTE ET AMBITIEUSE !<\/h3>\n\n\n\n<p><strong>NOUS AVONS BESOIN DE VOUS&nbsp;! ADH\u00c9REZ AU SNALC&nbsp;!<\/strong><\/p>\n\n\n\n<p><a href=\"https:\/\/snalc.fr\/adherer-choix-du-mode-de-paiement\/\">Voir les tarifs<\/a><\/p>\n\n\n\n<p><strong>REJOIGNEZ-NOUS SUR FACEBOOK SNALC UPEC<\/strong><\/p>\n\n\n\n<p><a href=\"https:\/\/bit.ly\/snalc_upec\">SNALC UPEC<\/a><\/p>\n\n\n\n<figure class=\"wp-block-image\"><img decoding=\"async\" src=\"https:\/\/snalc.fr\/wp-content\/uploads\/pacitto.png\" alt=\"\" class=\"wp-image-23160\"\/><\/figure>\n\n\n\n<p>Jean-Claude&nbsp;<strong>PACITTO<\/strong>&nbsp;est Ma\u00eetre de conf\u00e9rences HDR. Il est enseignant-chercheur \u00e0 l\u2019IUT-TC de Cr\u00e9teil, d\u00e9l\u00e9gu\u00e9 syndical SNALC. Pour le contacter&nbsp;:&nbsp;<a href=\"mailto:pacitto@u-pec.fr\">pacitto@u-pec.fr<\/a><\/p>\n\n\n\n<figure class=\"wp-block-image\"><img decoding=\"async\" src=\"https:\/\/snalc.fr\/wp-content\/uploads\/jourdan-e1673004435499.png\" alt=\"\" class=\"wp-image-23159\"\/><\/figure>\n\n\n\n<p>Philippe&nbsp;<strong>JOURDAN<\/strong>&nbsp;est Professeur des universit\u00e9s. Il est enseignant-chercheur \u00e0 l\u2019IAE Gustave Eiffel depuis 2011, d\u00e9l\u00e9gu\u00e9 syndical SNALC, \u00e9lu \u00e0 la CFVU et au CaC restreint. Pour le contacter&nbsp;:&nbsp;<a href=\"mailto:philippe.jourdan@u-pec.fr\">philippe.jourdan@u-pec.fr<\/a><\/p>\n\n\n\n<p><a href=\"https:\/\/snalc.fr\/wp-content\/uploads\/20250312_compresse_Universite_competences.pdf\">T\u00e9l\u00e9charger ce communiqu\u00e9 (PDF)<\/a><\/p>\n","protected":false},"excerpt":{"rendered":"<p>Communiqu\u00e9 du SNALC secteur Enseignement sup\u00e9rieur, du 12 mars 2025 L&rsquo;APPROCHE PAR COMP\u00c9TENCES : LE SNALC DIT NON ! \u201cIl y a des temps o\u00f9 l\u2019on ne doit d\u00e9penser le [&hellip;]<\/p>\n","protected":false},"author":1,"featured_media":0,"comment_status":"closed","ping_status":"closed","sticky":false,"template":"","format":"standard","meta":{"_lmt_disableupdate":"","_lmt_disable":"","site-sidebar-layout":"default","site-content-layout":"","ast-site-content-layout":"default","site-content-style":"default","site-sidebar-style":"default","ast-global-header-display":"","ast-banner-title-visibility":"","ast-main-header-display":"","ast-hfb-above-header-display":"","ast-hfb-below-header-display":"","ast-hfb-mobile-header-display":"","site-post-title":"","ast-breadcrumbs-content":"","ast-featured-img":"","footer-sml-layout":"","ast-disable-related-posts":"","theme-transparent-header-meta":"","adv-header-id-meta":"","stick-header-meta":"","header-above-stick-meta":"","header-main-stick-meta":"","header-below-stick-meta":"","astra-migrate-meta-layouts":"set","ast-page-background-enabled":"default","ast-page-background-meta":{"desktop":{"background-color":"var(--ast-global-color-4)","background-image":"","background-repeat":"repeat","background-position":"center center","background-size":"auto","background-attachment":"scroll","background-type":"","background-media":"","overlay-type":"","overlay-color":"","overlay-opacity":"","overlay-gradient":""},"tablet":{"background-color":"","background-image":"","background-repeat":"repeat","background-position":"center center","background-size":"auto","background-attachment":"scroll","background-type":"","background-media":"","overlay-type":"","overlay-color":"","overlay-opacity":"","overlay-gradient":""},"mobile":{"background-color":"","background-image":"","background-repeat":"repeat","background-position":"center center","background-size":"auto","background-attachment":"scroll","background-type":"","background-media":"","overlay-type":"","overlay-color":"","overlay-opacity":"","overlay-gradient":""}},"ast-content-background-meta":{"desktop":{"background-color":"var(--ast-global-color-5)","background-image":"","background-repeat":"repeat","background-position":"center center","background-size":"auto","background-attachment":"scroll","background-type":"","background-media":"","overlay-type":"","overlay-color":"","overlay-opacity":"","overlay-gradient":""},"tablet":{"background-color":"var(--ast-global-color-5)","background-image":"","background-repeat":"repeat","background-position":"center center","background-size":"auto","background-attachment":"scroll","background-type":"","background-media":"","overlay-type":"","overlay-color":"","overlay-opacity":"","overlay-gradient":""},"mobile":{"background-color":"var(--ast-global-color-5)","background-image":"","background-repeat":"repeat","background-position":"center center","background-size":"auto","background-attachment":"scroll","background-type":"","background-media":"","overlay-type":"","overlay-color":"","overlay-opacity":"","overlay-gradient":""}},"footnotes":""},"categories":[41],"tags":[],"class_list":["post-4197","post","type-post","status-publish","format-standard","hentry","category-actualites-2024-2025"],"modified_by":"slecourtier","_links":{"self":[{"href":"https:\/\/snalc.org\/snalc2023\/index.php?rest_route=\/wp\/v2\/posts\/4197","targetHints":{"allow":["GET"]}}],"collection":[{"href":"https:\/\/snalc.org\/snalc2023\/index.php?rest_route=\/wp\/v2\/posts"}],"about":[{"href":"https:\/\/snalc.org\/snalc2023\/index.php?rest_route=\/wp\/v2\/types\/post"}],"author":[{"embeddable":true,"href":"https:\/\/snalc.org\/snalc2023\/index.php?rest_route=\/wp\/v2\/users\/1"}],"replies":[{"embeddable":true,"href":"https:\/\/snalc.org\/snalc2023\/index.php?rest_route=%2Fwp%2Fv2%2Fcomments&post=4197"}],"version-history":[{"count":1,"href":"https:\/\/snalc.org\/snalc2023\/index.php?rest_route=\/wp\/v2\/posts\/4197\/revisions"}],"predecessor-version":[{"id":4198,"href":"https:\/\/snalc.org\/snalc2023\/index.php?rest_route=\/wp\/v2\/posts\/4197\/revisions\/4198"}],"wp:attachment":[{"href":"https:\/\/snalc.org\/snalc2023\/index.php?rest_route=%2Fwp%2Fv2%2Fmedia&parent=4197"}],"wp:term":[{"taxonomy":"category","embeddable":true,"href":"https:\/\/snalc.org\/snalc2023\/index.php?rest_route=%2Fwp%2Fv2%2Fcategories&post=4197"},{"taxonomy":"post_tag","embeddable":true,"href":"https:\/\/snalc.org\/snalc2023\/index.php?rest_route=%2Fwp%2Fv2%2Ftags&post=4197"}],"curies":[{"name":"wp","href":"https:\/\/api.w.org\/{rel}","templated":true}]}}