{"id":4216,"date":"2025-03-14T17:16:50","date_gmt":"2025-03-14T16:16:50","guid":{"rendered":"https:\/\/snalc.org\/snalc2023\/?p=4216"},"modified":"2025-03-14T17:16:52","modified_gmt":"2025-03-14T16:16:52","slug":"quinzaine-universitaire-n1499","status":"publish","type":"post","link":"https:\/\/snalc.org\/snalc2023\/?p=4216","title":{"rendered":"QUINZAINE UNIVERSITAIRE n\u00b01499"},"content":{"rendered":"\n<figure class=\"wp-block-image\"><img decoding=\"async\" src=\"https:\/\/snalc.fr\/wp-content\/uploads\/QU1499.jpg\" alt=\"\" class=\"wp-image-52362\"\/><\/figure>\n\n\n\n<p><strong>\u00c9DITO : <a href=\"https:\/\/snalc.fr\/assez\/\">ASSEZ !<\/a><\/strong><\/p>\n\n\n\n<figure class=\"wp-block-image\"><img decoding=\"async\" src=\"https:\/\/snalc.fr\/wp-content\/uploads\/elementor\/thumbs\/SNALC-congres-Strasbourg-mai-2023-Photo-Philippe-Sautier-3-e1686317689865-qfu77nw4qlxwj5dktm23kiay8chujy1r6wng15ek0o.jpg\" alt=\"SNALC congres Strasbourg mai 2023 - Photo Philippe Sautier (3)\" title=\"SNALC congres Strasbourg mai 2023 \u2013 Photo Philippe Sautier (3)\"\/><\/figure>\n\n\n\n<p>Jean-R\u00e9mi Girard<br>Pr\u00e9sident du SNALC<\/p>\n\n\n\n<p>Traditionnellement, les personnels de l\u2019\u00c9ducation nationale \u2014 en particulier les professeurs \u2014 sont jug\u00e9s coupables d\u2019\u00eatre toujours en vacances et de ne pas travailler beaucoup. Gr\u00e2ce \u00e0 l\u2019investissement du <strong>SNALC,<\/strong> cette image d\u2019\u00c9pinal s\u2019estompe, m\u00eame si elle n\u2019a pas disparu tout \u00e0 fait. Nous martelons dans tous les grands m\u00e9dias nationaux la r\u00e9alit\u00e9 du terrain. Nous combattons les id\u00e9es re\u00e7ues avec des faits, des donn\u00e9es chiffr\u00e9es. Nous rappelons la crise actuelle des recrutements : a-t-on d\u00e9j\u00e0 vu un m\u00e9tier attractif manquer \u00e0 ce point de candidats ? Et nous le voyons : \u00e7a fonctionne. Le <strong>SNALC<\/strong> n\u2019oublie jamais que la bataille que nous menons pour la d\u00e9fense des personnels est aussi une bataille de l\u2019opinion, et que marteler la question des salaires, des conditions de travail, est un \u00e9l\u00e9ment important de ce combat. Car ce ne sont pas nos gouvernants qui vont d\u2019eux-m\u00eames am\u00e9liorer la situation, puisqu\u2019ils ne font que la d\u00e9grader, ministre apr\u00e8s ministre. [<a href=\"https:\/\/snalc.fr\/assez\/\"><strong>Lire la suite<\/strong><\/a>]<\/p>\n\n\n\n<p><strong>DOSSIER DU MOIS : <a href=\"https:\/\/snalc.fr\/en-cas-de-litige-ayez-le-reflexe-snalc\/\">EN CAS DE LITIGE, AYEZ LE R\u00c9FLEXE SNALC !<\/a><\/strong><\/p>\n\n\n\n<ul class=\"wp-block-list\">\n<li><em><a href=\"https:\/\/snalc.fr\/en-cas-de-litige-ayez-le-reflexe-snalc\/#protection\">Protection des personnels : de nouvelles mesures en projet<\/a><\/em><\/li>\n\n\n\n<li><em><a href=\"https:\/\/snalc.fr\/en-cas-de-litige-ayez-le-reflexe-snalc\/#entorse\">L\u2019entorse \u00e0 la fonction d\u2019enseignement : un vrai d\u00e9lit<\/a><\/em><\/li>\n\n\n\n<li><em><a href=\"https:\/\/snalc.fr\/en-cas-de-litige-ayez-le-reflexe-snalc\/#prenoms\">Pr\u00e9noms des \u00e9l\u00e8ves : des demandes \u00e0 bien consid\u00e9rer<\/a><\/em><\/li>\n\n\n\n<li><em><a href=\"https:\/\/snalc.fr\/en-cas-de-litige-ayez-le-reflexe-snalc\/#harcelement\">Relations de harc\u00e8lement entre coll\u00e8gues au travail<\/a><\/em><\/li>\n\n\n\n<li><em><a href=\"https:\/\/snalc.fr\/en-cas-de-litige-ayez-le-reflexe-snalc\/#pressions\">Pressions hi\u00e9rarchiques : comment agir ?<\/a><\/em><\/li>\n\n\n\n<li><em><a href=\"https:\/\/snalc.fr\/en-cas-de-litige-ayez-le-reflexe-snalc\/#accusations\">Accusations d\u2019attouchement infond\u00e9es : comment se d\u00e9fendre ?<\/a><\/em><\/li>\n\n\n\n<li><em><a href=\"https:\/\/snalc.fr\/en-cas-de-litige-ayez-le-reflexe-snalc\/#secret\">Secret professionnel : un principe de base<\/a><\/em><\/li>\n\n\n\n<li><em><a href=\"https:\/\/snalc.fr\/en-cas-de-litige-ayez-le-reflexe-snalc\/#prevention\">Pr\u00e9vention des risques professionnels : \u00e0 qui la faute ?<\/a><\/em><\/li>\n<\/ul>\n\n\n\n<p><strong>VIE SYNDICALE<\/strong><\/p>\n\n\n\n<ul class=\"wp-block-list\">\n<li><a href=\"https:\/\/snalc.fr\/congres-national-beaune-mai-2025\/\">Congr\u00e8s national du SNALC \u00e0 Beaune du 12 au 16 mai 2025<\/a><\/li>\n\n\n\n<li><a href=\"https:\/\/snalc.fr\/a-court-didees-dactivites-pour-le-week-end-decouvrez-avantages-snalc\/\">\u00c0 court d\u2019id\u00e9es d\u2019activit\u00e9s pour le week-end ? D\u00e9couvrez Avantages-SNALC<\/a><\/li>\n<\/ul>\n\n\n\n<p><strong>SYST\u00c8ME \u00c9DUCATIF<\/strong><\/p>\n\n\n\n<ul class=\"wp-block-list\">\n<li><a href=\"https:\/\/snalc.fr\/parcours-renforce-en-seconde-le-flop-assure\/\">\u00ab Parcours renforc\u00e9 en seconde \u00bb : le flop assur\u00e9?<\/a><\/li>\n\n\n\n<li><a href=\"https:\/\/snalc.fr\/eam-un-gadget-indesirable\/\">EAM : un gadget ind\u00e9sirable<\/a><\/li>\n\n\n\n<li><a href=\"https:\/\/snalc.fr\/semaine-des-langues-et-si-on-lv-le-niveau\/\">Semaine des langues : et si on LV le niveau ?<\/a><\/li>\n\n\n\n<li><a href=\"https:\/\/snalc.fr\/erasmus-2025-une-mobilite-europeenne-en-expansion\/\">ERASMUS+ 2025 : une mobilit\u00e9 europ\u00e9enne en expansion ?<\/a><\/li>\n\n\n\n<li><a href=\"https:\/\/snalc.fr\/orientation-parents-en-entreprise-professionnels-sur-la-touche\/\">Orientation : \u00ab parents en entreprise \u00bb, professionnels sur la touche ?<\/a><\/li>\n\n\n\n<li><a href=\"https:\/\/snalc.fr\/pass-ski-scolaire-une-montagne-de-soucis\/\">Pass ski scolaire : une montagne de soucis<\/a><\/li>\n\n\n\n<li><a href=\"https:\/\/snalc.fr\/table-ronde-lia-en-education-ou-sont-les-profs\/\">Table ronde \u00ab l\u2019IA en \u00e9ducation \u00bb : o\u00f9 sont les profs ?<\/a><\/li>\n\n\n\n<li><a href=\"https:\/\/snalc.fr\/grandes-vacances-ou-idees-courtes\/\">Grandes vacances ou id\u00e9es courtes ?<\/a><\/li>\n<\/ul>\n\n\n\n<p><strong>CONDITIONS DE TRAVAIL<\/strong><\/p>\n\n\n\n<ul class=\"wp-block-list\">\n<li><a href=\"https:\/\/snalc.fr\/conges-de-maladie-un-pas-en-avant-deux-pas-en-arriere\/\">Cong\u00e9s de maladie : un pas en avant, deux pas en arri\u00e8re<\/a><\/li>\n\n\n\n<li><a href=\"https:\/\/snalc.fr\/stress-en-classe-comment-faire-face\/\">Stress en classe : comment faire face ?<\/a><\/li>\n<\/ul>\n\n\n\n<p><strong>LES PERSONNELS<\/strong><\/p>\n\n\n\n<ul class=\"wp-block-list\">\n<li><a href=\"https:\/\/snalc.fr\/sante-les-bonnes-nouvelles-arrivent-toujours-par-deux\/\">Contractuels : les \u00ab bonnes \u00bb nouvelles arrivent toujours par deux<\/a><\/li>\n\n\n\n<li><a href=\"https:\/\/snalc.fr\/projet-rh-2026-un-levier-pour-rentabiliser-le-capital-humain\/\">Projet \u00ab RH 2026 \u00bb : un levier pour rentabiliser le capital humain ?<\/a><\/li>\n\n\n\n<li><a href=\"https:\/\/snalc.fr\/filiere-biblio-concours-de-recrutement-2025\/\">Fili\u00e8re biblioth\u00e8ques : concours de recrutement 2025<\/a><\/li>\n\n\n\n<li><a href=\"https:\/\/snalc.fr\/wp-content\/uploads\/QU1499_NLOP.jpg\">Ne l\u2019oubliez pas !<\/a><\/li>\n\n\n\n<li><a href=\"https:\/\/snalc.fr\/heures-de-vie-de-classe\/\">Heures de vie de classe : quelle r\u00e9mun\u00e9ration ?<\/a><\/li>\n\n\n\n<li><a href=\"https:\/\/snalc.fr\/nouvelles-modalites-de-gestion-des-retraites\/\">Nouvelles modalit\u00e9s de gestion des retraites<\/a><\/li>\n\n\n\n<li><a href=\"https:\/\/snalc.fr\/retraite-progressive-peser-le-pour-et-le-contre\/\">Retraite progressive : peser le <em>pour<\/em> et le <em>contre<\/em><\/a><\/li>\n<\/ul>\n\n\n\n<p><a href=\"https:\/\/snalc.fr\/wp-content\/uploads\/QU1499.pdf\">T\u00e9l\u00e9charger la revue en PDF<\/a><\/p>\n\n\n\n<figure class=\"wp-block-image\"><img decoding=\"async\" src=\"https:\/\/snalc.fr\/wp-content\/uploads\/QU1499-1D-721x1024.jpg\" alt=\"\" class=\"wp-image-52361\"\/><\/figure>\n\n\n\n<p><em><strong>Afin d\u2019\u00eatre au plus pr\u00e8s de vos attentes et de vous informer au mieux, la revue du SNALC a \u00e9volu\u00e9 d\u00e8s cette rentr\u00e9e, avec d\u00e9sormais deux num\u00e9ros mensuels au lieu d\u2019un : l\u2019un centr\u00e9 sur le second degr\u00e9 et le sup\u00e9rieur, et le second sur les probl\u00e9matiques sp\u00e9cifiques de l\u2019\u00e9cole primaire.<\/strong><\/em><\/p>\n\n\n\n<p><a href=\"https:\/\/snalc.fr\/quinzaine-universitaire-n1499-1d\/\">D\u00e9couvrir la revue Premier degr\u00e9<\/a><\/p>\n\n\n\n<p><a href=\"https:\/\/snalc.fr\/contact\/\" target=\"_blank\" rel=\"noreferrer noopener\">Nous \u00e9crire<\/a><\/p>\n","protected":false},"excerpt":{"rendered":"<p>\u00c9DITO : ASSEZ ! Jean-R\u00e9mi GirardPr\u00e9sident du SNALC Traditionnellement, les personnels de l\u2019\u00c9ducation nationale \u2014 en particulier les professeurs \u2014 sont jug\u00e9s coupables d\u2019\u00eatre toujours en vacances et de ne [&hellip;]<\/p>\n","protected":false},"author":1,"featured_media":0,"comment_status":"closed","ping_status":"closed","sticky":false,"template":"","format":"standard","meta":{"_lmt_disableupdate":"","_lmt_disable":"","site-sidebar-layout":"default","site-content-layout":"","ast-site-content-layout":"default","site-content-style":"default","site-sidebar-style":"default","ast-global-header-display":"","ast-banner-title-visibility":"","ast-main-header-display":"","ast-hfb-above-header-display":"","ast-hfb-below-header-display":"","ast-hfb-mobile-header-display":"","site-post-title":"","ast-breadcrumbs-content":"","ast-featured-img":"","footer-sml-layout":"","ast-disable-related-posts":"","theme-transparent-header-meta":"","adv-header-id-meta":"","stick-header-meta":"","header-above-stick-meta":"","header-main-stick-meta":"","header-below-stick-meta":"","astra-migrate-meta-layouts":"set","ast-page-background-enabled":"default","ast-page-background-meta":{"desktop":{"background-color":"var(--ast-global-color-4)","background-image":"","background-repeat":"repeat","background-position":"center center","background-size":"auto","background-attachment":"scroll","background-type":"","background-media":"","overlay-type":"","overlay-color":"","overlay-opacity":"","overlay-gradient":""},"tablet":{"background-color":"","background-image":"","background-repeat":"repeat","background-position":"center center","background-size":"auto","background-attachment":"scroll","background-type":"","background-media":"","overlay-type":"","overlay-color":"","overlay-opacity":"","overlay-gradient":""},"mobile":{"background-color":"","background-image":"","background-repeat":"repeat","background-position":"center center","background-size":"auto","background-attachment":"scroll","background-type":"","background-media":"","overlay-type":"","overlay-color":"","overlay-opacity":"","overlay-gradient":""}},"ast-content-background-meta":{"desktop":{"background-color":"var(--ast-global-color-5)","background-image":"","background-repeat":"repeat","background-position":"center center","background-size":"auto","background-attachment":"scroll","background-type":"","background-media":"","overlay-type":"","overlay-color":"","overlay-opacity":"","overlay-gradient":""},"tablet":{"background-color":"var(--ast-global-color-5)","background-image":"","background-repeat":"repeat","background-position":"center center","background-size":"auto","background-attachment":"scroll","background-type":"","background-media":"","overlay-type":"","overlay-color":"","overlay-opacity":"","overlay-gradient":""},"mobile":{"background-color":"var(--ast-global-color-5)","background-image":"","background-repeat":"repeat","background-position":"center center","background-size":"auto","background-attachment":"scroll","background-type":"","background-media":"","overlay-type":"","overlay-color":"","overlay-opacity":"","overlay-gradient":""}},"footnotes":""},"categories":[41,37],"tags":[],"class_list":["post-4216","post","type-post","status-publish","format-standard","hentry","category-actualites-2024-2025","category-qu"],"modified_by":"slecourtier","_links":{"self":[{"href":"https:\/\/snalc.org\/snalc2023\/index.php?rest_route=\/wp\/v2\/posts\/4216","targetHints":{"allow":["GET"]}}],"collection":[{"href":"https:\/\/snalc.org\/snalc2023\/index.php?rest_route=\/wp\/v2\/posts"}],"about":[{"href":"https:\/\/snalc.org\/snalc2023\/index.php?rest_route=\/wp\/v2\/types\/post"}],"author":[{"embeddable":true,"href":"https:\/\/snalc.org\/snalc2023\/index.php?rest_route=\/wp\/v2\/users\/1"}],"replies":[{"embeddable":true,"href":"https:\/\/snalc.org\/snalc2023\/index.php?rest_route=%2Fwp%2Fv2%2Fcomments&post=4216"}],"version-history":[{"count":1,"href":"https:\/\/snalc.org\/snalc2023\/index.php?rest_route=\/wp\/v2\/posts\/4216\/revisions"}],"predecessor-version":[{"id":4217,"href":"https:\/\/snalc.org\/snalc2023\/index.php?rest_route=\/wp\/v2\/posts\/4216\/revisions\/4217"}],"wp:attachment":[{"href":"https:\/\/snalc.org\/snalc2023\/index.php?rest_route=%2Fwp%2Fv2%2Fmedia&parent=4216"}],"wp:term":[{"taxonomy":"category","embeddable":true,"href":"https:\/\/snalc.org\/snalc2023\/index.php?rest_route=%2Fwp%2Fv2%2Fcategories&post=4216"},{"taxonomy":"post_tag","embeddable":true,"href":"https:\/\/snalc.org\/snalc2023\/index.php?rest_route=%2Fwp%2Fv2%2Ftags&post=4216"}],"curies":[{"name":"wp","href":"https:\/\/api.w.org\/{rel}","templated":true}]}}