{"id":4293,"date":"2025-04-11T19:30:41","date_gmt":"2025-04-11T17:30:41","guid":{"rendered":"https:\/\/snalc.org\/snalc2023\/?p=4293"},"modified":"2025-04-11T19:40:06","modified_gmt":"2025-04-11T17:40:06","slug":"1905-2025-le-snalc-a-120-ans","status":"publish","type":"post","link":"https:\/\/snalc.org\/snalc2023\/?p=4293","title":{"rendered":"1905-2025 : le SNALC a 120 ans"},"content":{"rendered":"\n<ul class=\"wp-block-list\">\n<li><a href=\"https:\/\/snalc.fr\/category\/le-snalc\/qui-sommes-nous\/\"><\/a><\/li>\n<\/ul>\n\n\n\n<figure class=\"wp-block-image\"><img decoding=\"async\" src=\"https:\/\/snalc.fr\/wp-content\/uploads\/SNALC-120-ans.jpg\" alt=\"\" class=\"wp-image-53274\"\/><\/figure>\n\n\n\n<p><em>Dossier du mois de la revue du SNALC <a href=\"https:\/\/snalc.fr\/quinzaine-universitaire-n1500\/\">Quinzaine universitaire n\u00b01500<\/a> du 11 avril 2025.<\/em><\/p>\n\n\n\n<p><em>Par <strong>Marie-H\u00e9l\u00e8ne PIQUEMAL<\/strong>, vice-pr\u00e9sidente du SNALC. Avec les contributions de <strong>Maxime REPPERT<\/strong>, vice-pr\u00e9sident du SNALC ; <strong>Laurent MARCONCINI<\/strong>, tr\u00e9sorier national du SNALC ; <strong>Danielle ARNAUD<\/strong>, secr\u00e9taire nationale du SNALC charg\u00e9e des personnels contractuels, <strong>Laurent BONNIN<\/strong>, secr\u00e9taire national du SNALC charg\u00e9 de l\u2019EPS, <strong>\u00c9lise BOZEC-BARET<\/strong>, secr\u00e9taire nationale du SNALC charg\u00e9e des conditions de travail et du climat scolaire, <strong>Val\u00e9rie LEJEUNE-LAMBERT<\/strong>, secr\u00e9taire nationale du SNALC charg\u00e9e de l\u2019enseignement professionnel, <strong>Philippe TR\u00c9PAGNE<\/strong>, secr\u00e9taire national du SNALC charg\u00e9 de la gestion des personnels, <strong>S\u00e9bastien VIEILLE<\/strong>,&nbsp;secr\u00e9taire national du SNALC charg\u00e9 de la p\u00e9dagogie ; <strong>Solange DE J\u00c9SUS, Anne MUGNIER<\/strong>, membres du Bureau national du SNALC ; <strong>Emmanuel CAQUET<\/strong>, responsable national secteur SNALC Pr\u00e9pa,<strong> C\u00e9cile DIENER-FROELICHER<\/strong>, responsable nationale secteur SNALC Lettres classiques,<strong> Nicolas GLI\u00c8RE<\/strong>, responsable national secteur SNALC Enseignement priv\u00e9; <strong>Estelle MEUNIER<\/strong>, secr\u00e9taire acad\u00e9mique du SNALC de Cr\u00e9teil ; et l\u2019ensemble des <strong>ADH\u00c9RENTS DU SNALC<\/strong> que nous remercions de leur t\u00e9moignages, de leur confiance et de leur fid\u00e9lit\u00e9 depuis tant d\u2019ann\u00e9es.<\/em><\/p>\n\n\n\n<h4 class=\"wp-block-heading\">Au menu dans ce dossier&#8230;<\/h4>\n\n\n\n<h4 class=\"wp-block-heading\">1905-2025 : LE SNALC A 120 ANS<\/h4>\n\n\n\n<p><strong>Le SNALC c\u00e9l\u00e8bre ses 120 ans. Un si\u00e8cle et deux d\u00e9cennies de pers\u00e9v\u00e9rance, de d\u00e9termination et de fid\u00e9lit\u00e9 au service des personnels de l\u2019\u00c9cole de la R\u00e9publique. Avec cet anniversaire, nous f\u00eatons aussi celui de notre revue dans sa version actuelle, le 1 500<sup>e<\/sup> num\u00e9ro de la Quinzaine Universitaire.<\/strong><\/p>\n\n\n\n<p>D\u00e8s le n\u00b01 d\u2019octobre 1905 du <em>Bulletin officiel<\/em> de la F\u00e9d\u00e9ration nationale des professeurs de lyc\u00e9e, devenue le SNALC en 1949, et tout au long des pages de son histoire, le SNALC a surmont\u00e9 de nombreux d\u00e9fis avec une r\u00e9silience qui force le respect. Comme le montrent les exemples qui suivent, il se distingue par sa capacit\u00e9 \u00e0 traverser les \u00e9poques sans jamais d\u00e9vier de sa mission : lutter avec ferveur pour d\u00e9fendre l\u2019\u00c9cole r\u00e9publicaine, ses valeurs et missions fondamentales \u2013 dont la transmission des connaissances, dans le respect de l\u2019autorit\u00e9 \u2013 et, bien entendu, les int\u00e9r\u00eats des personnels qui la servent.<\/p>\n\n\n\n<p>Cette loyaut\u00e9 et cet engagement sont \u00e9galement incarn\u00e9s par nos adh\u00e9rents fid\u00e8les, qui c\u00e9l\u00e8brent cet anniversaire par leurs t\u00e9moignages. Ils attestent du d\u00e9vouement du SNALC, de la pertinence de ses combats pour leurs salaires, leurs conditions de travail, leurs disciplines et la reconnaissance de leur m\u00e9rite. En outre, ils appr\u00e9cient le r\u00f4le constructif du SNALC, qui offre des solutions ambitieuses pour am\u00e9liorer le syst\u00e8me \u00e9ducatif.<\/p>\n\n\n\n<p>Dans un monde en tension, o\u00f9 les partis s\u2019opposent et les influences s\u2019entrechoquent, le SNALC se distingue par une ind\u00e9pendance politique et financi\u00e8re, unique parmi les syndicats repr\u00e9sentatifs, qui offre \u00e0 ses adh\u00e9rents la libert\u00e9 et la pluralit\u00e9 des opinions. Chez nous, point de discours partisan ; le SNALC n\u2019a de comptes \u00e0 rendre qu\u2019\u00e0 ceux qu\u2019il repr\u00e9sente.<\/p>\n\n\n\n<p>Depuis 120 ans, le SNALC a prouv\u00e9 que la neutralit\u00e9 politique et l\u2019ouverture d\u2019esprit sont des valeurs essentielles pour un syndicat. D\u2019Albert Fedel en 1905 \u00e0 Jean-R\u00e9mi Girard aujourd\u2019hui, nombreuses sont les figures qui ont fa\u00e7onn\u00e9 le SNALC, lui ont permis de r\u00e9sister et d\u2019\u00eatre aujourd\u2019hui ce qu\u2019il est, celui que vous avez choisi, celui \u00e0 qui vous donnerez votre voix, nous l\u2019esp\u00e9rons, aux \u00e9lections professionnelles de d\u00e9cembre 2026.<\/p>\n\n\n\n<p>Avec un nombre croissant d\u2019adh\u00e9rents \u00e0 ses c\u00f4t\u00e9s, le SNALC, chaque jour plus fort, sera constant dans sa mission : porter haut et fort la voix de ceux qui s\u2019engagent pour l\u2019avenir de nos g\u00e9n\u00e9rations futures. Ensemble, nous lui souhaitons un joyeux anniversaire&nbsp;!<\/p>\n\n\n\n<p><a href=\"https:\/\/snalc.fr\/1905-2025-le-snalc-a-120-ans\/#sommaire\"><\/a><\/p>\n\n\n\n<h4 class=\"wp-block-heading\">QUINZAINE UNIVERSITAIRE : 1 500 NUM\u00c9ROS D\u2019HISTOIRE SYNDICALE<\/h4>\n\n\n\n<figure class=\"wp-block-image\"><img decoding=\"async\" src=\"https:\/\/snalc.fr\/wp-content\/uploads\/QU1500-2D-image-dossier-p4-1.png\" alt=\"\" class=\"wp-image-53042\"\/><figcaption class=\"wp-element-caption\">Couvertures de Quinzaines universitaires de 1905 \u00e0 2025<\/figcaption><\/figure>\n\n\n\n<p><strong>En 1905, la&nbsp;<em>Quinzaine Universitaire<\/em>&nbsp;ne portait pas encore ce nom.&nbsp;<\/strong><strong>Ni le SNALC, d\u2019ailleurs, qui \u00e9tait \u00e0 cette \u00e9poque, la F\u00e9d\u00e9ration Nationale des Professeurs de Lyc\u00e9e et du Personnel de l\u2019Enseignement secondaire F\u00e9minin.&nbsp;<\/strong><strong>La F\u00e9d\u00e9ration \u00e9ditait alors un&nbsp;<em>Bulletin officiel<\/em>, dont le n\u00b01 parut le 1<sup>er<\/sup>&nbsp;octobre 1905.<\/strong><\/p>\n\n\n\n<figure class=\"wp-block-image\"><img decoding=\"async\" src=\"https:\/\/snalc.fr\/wp-content\/uploads\/QU1-OCTOBRE1905.jpg\" alt=\"\" class=\"wp-image-52766\"\/><\/figure>\n\n\n\n<p>Se plonger aujourd\u2019hui dans la lecture de ces pages pr\u00e9cieuses pour l\u2019histoire de notre organisation nous montre \u00e0 quel point les combats du SNALC \u00e9taient avant-gardistes !&nbsp;Que penser par exemple du combat pour l\u2019\u00e9galit\u00e9 femmes \u2013 hommes (<a href=\"https:\/\/snalc.fr\/egalite-femmes-hommes-le-snalc-a-lavant-garde-des-1905\/\">voir plus bas<\/a>) ou de cette r\u00e9flexion d\u2019Albert F\u00e9del, fondateur de la F\u00e9d\u00e9ration, \u00e0 propos des politiques de r\u00e9forme de l\u2019enseignement :<\/p>\n\n\n\n<p><strong>On sait assez que plusieurs des r\u00e9formes entreprises depuis quelques ann\u00e9es dans l\u2019enseignement secondaire n\u2019ont pas eu d\u2019autre cause que des raisons p\u00e9cuniaires,&nbsp;<\/strong><strong>et une pr\u00e9occupation excessive d\u2019\u00e9conomies \u00e0 r\u00e9aliser, au d\u00e9triment de la l\u00e9galit\u00e9, de la valeur de l\u2019enseignement et des int\u00e9r\u00eats les plus l\u00e9gitimes du corps enseignant.<\/strong><\/p>\n\n\n\n<p>Albert FEDEL, 1906<\/p>\n\n\n\n<p><a href=\"https:\/\/snalc.fr\/quinzaine-universitaire-1500-numeros-dhistoire-syndicale\/\">Lire la suite<\/a><\/p>\n\n\n\n<p><a href=\"https:\/\/snalc.fr\/1905-2025-le-snalc-a-120-ans\/#sommaire\"><\/a><\/p>\n\n\n\n<h4 class=\"wp-block-heading\">\u00ab CE QU\u2019EST LE SNALC \u00bb<\/h4>\n\n\n\n<figure class=\"wp-block-image\"><img decoding=\"async\" src=\"https:\/\/snalc.fr\/wp-content\/uploads\/QU-1957-10-page-3-Ce-quest-le-SNALC-1024x783.jpg\" alt=\"\" class=\"wp-image-52778\"\/><figcaption class=\"wp-element-caption\">Extrait de la QU n\u00b0521 du 1er octobre 1957, p.3<\/figcaption><\/figure>\n\n\n\n<p><strong>Le premier pr\u00e9sident de la F\u00e9d\u00e9ration fut Albert F\u00e9del<\/strong> \u2013 nagu\u00e8re d\u00e9plac\u00e9 du lyc\u00e9e de Bordeaux, en raison de l\u2019action qu\u2019il y avait men\u00e9e, par le directeur de l\u2019enseignement secondaire Rabier. Il remplit ces fonctions pendant quinze ans. Son successeur, Fouquet, nomm\u00e9 par. le Congr\u00e8s d\u2019avril 1920, \u00e9tant d\u00e9c\u00e9d\u00e9 accidentellement l\u2019\u00e9t\u00e9 suivant, Victor Cop\u00e9 fut, \u00e0 la rentr\u00e9e, appel\u00e9 \u00e0 la pr\u00e9sidence, qu\u2019il conservera jusqu\u2019\u00e0 sa mort, en 1937.<\/p>\n\n\n\n<p><strong>On sait assez que plusieurs des r\u00e9formes entreprises depuis quelques ann\u00e9es dans l\u2019enseignement secondaire n\u2019ont pas eu d\u2019autre cause que des raisons p\u00e9cuniaires,&nbsp;<\/strong><strong>et une pr\u00e9occupation excessive d\u2019\u00e9conomies \u00e0 r\u00e9aliser, au d\u00e9triment de la l\u00e9galit\u00e9, de la valeur de l\u2019enseignement et des int\u00e9r\u00eats les plus l\u00e9gitimes du corps enseignant.<\/strong><\/p>\n\n\n\n<p>Albert FEDEL, 1906<\/p>\n\n\n\n<p><a href=\"https:\/\/snalc.fr\/ce-quest-le-snalc-des-origines-a-1957\/\">Lire la suite<\/a><\/p>\n\n\n\n<p><a href=\"https:\/\/snalc.fr\/1905-2025-le-snalc-a-120-ans\/#sommaire\"><\/a><\/p>\n\n\n\n<h4 class=\"wp-block-heading\">\u00c9GALIT\u00c9 FEMMES-HOMMES : LE SNALC \u00c0 L\u2019AVANT-GARDE D\u00c8S 1905<\/h4>\n\n\n\n<figure class=\"wp-block-image\"><img decoding=\"async\" src=\"https:\/\/snalc.fr\/wp-content\/uploads\/SNALC-E.Meunier-Egalite-de-traitement-scaled-e1744364807955-1024x740.jpg\" alt=\"\" class=\"wp-image-52748\"\/><\/figure>\n\n\n\n<p>La publication r\u00e9cente, par le minist\u00e8re, du&nbsp;<a href=\"https:\/\/www.education.gouv.fr\/le-ministere-s-engage-pour-l-egalite-professionnelle-9284\" target=\"_blank\" rel=\"noreferrer noopener\"><strong><em>Plan national d\u2019action pour l\u2019\u00e9galit\u00e9 professionnelle&nbsp;<\/em><\/strong><\/a><em>entre les femmes et les hommes<\/em>&nbsp;(2025-2027), nous fournit l\u2019occasion d\u2019un petit rappel historique. &nbsp;&nbsp;&nbsp;<\/p>\n\n\n\n<p>Fond\u00e9e en 1905,<strong>&nbsp;la&nbsp;<em>F\u00e9d\u00e9ration Nationale des Professeurs de Lyc\u00e9e et du<\/em><\/strong><em>&nbsp;<strong>Personnel de l\u2019Enseignement secondaire F\u00e9minin<\/strong>,<\/em>&nbsp;est l\u2019anc\u00eatre du SNALC.&nbsp;\u00c0 l\u2019\u00e9poque, les lyc\u00e9es n\u2019\u00e9taient pas mixtes et le personnel f\u00e9minin cantonn\u00e9 \u00e0 l\u2019instruction des jeunes filles. Mal pay\u00e9, mal consid\u00e9r\u00e9, le corps enseignant f\u00e9minin m\u00e9ritait d\u2019\u00eatre d\u00e9fendu et notre toute jeune F\u00e9d\u00e9ration s\u2019est empar\u00e9e de la question avec conviction.<\/p>\n\n\n\n<p>On retrouve dans nos archives, d\u00e8s 1905, la formulation de v\u0153ux pour que le corps enseignant f\u00e9minin per\u00e7oive les m\u00eames traitements et profite du m\u00eame syst\u00e8me d\u2019avancement que son homologue masculin. &nbsp;<\/p>\n\n\n\n<p><strong>Le mouvement f\u00e9ministe pour l\u2019\u00e9galit\u00e9 femmes \/ hommes \u00e9tait en marche et nous le soutenions. &nbsp;<\/strong><\/p>\n\n\n\n<figure class=\"wp-block-image\"><img decoding=\"async\" src=\"https:\/\/snalc.fr\/wp-content\/uploads\/1905-12-page-15-1024x302.jpg\" alt=\"\" class=\"wp-image-52750\"\/><figcaption class=\"wp-element-caption\">Bulletin SNALC D\u00e9cembre 1905 &#8211; page 15<\/figcaption><\/figure>\n\n\n\n<p>Le congr\u00e8s \u00e9met le v\u0153u&nbsp;:<\/p>\n\n\n\n<figure class=\"wp-block-image\"><img decoding=\"async\" src=\"https:\/\/snalc.fr\/wp-content\/uploads\/Bulletin-fevrier-1920-p729-1024x235.jpg\" alt=\"\" class=\"wp-image-52751\"\/><figcaption class=\"wp-element-caption\">Bulletin SNALC f\u00e9vrier 1920 p.729<\/figcaption><\/figure>\n\n\n\n<p><a href=\"https:\/\/snalc.fr\/egalite-femmes-hommes-le-snalc-a-lavant-garde-des-1905\/\">Lire la suite<\/a><\/p>\n\n\n\n<p><a href=\"https:\/\/snalc.fr\/1905-2025-le-snalc-a-120-ans\/#sommaire\"><\/a><\/p>\n\n\n\n<h4 class=\"wp-block-heading\">DE SOLIDES CONVICTIONS ET DE BELLES VICTOIRES<\/h4>\n\n\n\n<figure class=\"wp-block-image\"><img decoding=\"async\" src=\"https:\/\/snalc.fr\/wp-content\/uploads\/prof_freepik.com_2148633374.jpg\" alt=\"\" class=\"wp-image-53044\"\/><\/figure>\n\n\n\n<p>RECENTRER LE M\u00c9TIER<\/p>\n\n\n\n<p>LES SAVOIRS L\u2019EMPORTENT SUR LES COMP\u00c9TENCES<\/p>\n\n\n\n<p>LIBERT\u00c9 P\u00c9DAGOGIQUE : NOTRE PREMIER CHEVAL DE BATAILLE<\/p>\n\n\n\n<p>LUTTER CONTRE LES HEURES FANT\u00d4MES<\/p>\n\n\n\n<p>PROGRAMMES ANNUALIS\u00c9S : UNE VICTOIRE SUR LE TEMPS<\/p>\n\n\n\n<p>\u00c9QUIPER LES PROFESSEURS<\/p>\n\n\n\n<p>LANGUES VIVANTES : ENFIN DE LA LANGUE !<\/p>\n\n\n\n<p>CPGE : UN D\u00c9FI PERMANENT<\/p>\n\n\n\n<p>EPS : POUR L\u2019\u00c9DUCATION DU PHYSIQUE ET 18 H DE SERVICE<\/p>\n\n\n\n<p>LE NIVEAU : COMBAT DU SNALC DANS LE PRIV\u00c9 AUSSI<\/p>\n\n\n\n<p>LETTRES CLASSIQUES : SURSUM CORDA !<\/p>\n\n\n\n<p>POUR LA PRISE EN COMPTE DES SP\u00c9CIFICIT\u00c9S DE L\u2019ENSEIGNEMENT PROFESSIONNEL<\/p>\n\n\n\n<figure class=\"wp-block-image\"><img decoding=\"async\" src=\"https:\/\/snalc.fr\/wp-content\/uploads\/atelier_AdobeStock__106797371.jpg\" alt=\"\" class=\"wp-image-53233\"\/><\/figure>\n\n\n\n<p>CONTRE LES R\u00c9FORMES DE DUPES EN LYC\u00c9E PROFESSIONNEL<\/p>\n\n\n\n<p>POUR UNE JUSTE R\u00c9MUN\u00c9RATION EN LYC\u00c9E PROFESSIONNEL<\/p>\n\n\n\n<p>LE SNALC EN PREMI\u00c8RE LIGNE POUR DES SALAIRES DIGNES<\/p>\n\n\n\n<p>REPRISE D\u2019ANCIENNET\u00c9 POUR L\u2019EXP\u00c9RIENCE PROFESSIONNELLE<\/p>\n\n\n\n<figure class=\"wp-block-image\"><img decoding=\"async\" src=\"https:\/\/snalc.fr\/wp-content\/uploads\/argent_freepik.com_pvproductions_24461.jpg\" alt=\"\" class=\"wp-image-53045\"\/><\/figure>\n\n\n\n<p>RENDEZ-VOUS DE CARRI\u00c8RE ET APPR\u00c9CIATIONS<\/p>\n\n\n\n<p>ATTRIBUTION DES POINTS ET AVIS POUR LES PROMOTIONS<\/p>\n\n\n\n<p>LE SNALC, SEUL D\u00c9FENSEUR DU STATUT DES PROFESSEURS AGR\u00c9G\u00c9S<\/p>\n\n\n\n<p>EXTENSION DE LA PRIME D\u2019ATTRACTIVIT\u00c9<\/p>\n\n\n\n<p>CLASSE EXCEPTIONNELLE : FIN DES VIVIERS POUR MAINTENIR DES PROMOTIONS<\/p>\n\n\n\n<p>CONTRACTUELS ENSEIGNANTS, CPE ET PSY-EN : LES GRANDS OUBLI\u00c9S<\/p>\n\n\n\n<figure class=\"wp-block-image\"><img decoding=\"async\" src=\"https:\/\/snalc.fr\/wp-content\/uploads\/prof_freepik.com_picgratuit.jpg\" alt=\"\" class=\"wp-image-42915\"\/><\/figure>\n\n\n\n<p>CONTRACTUELS ENSEIGNANTS, CPE ET PSY-EN : LES GRANDS OUBLI\u00c9S<\/p>\n\n\n\n<p>CONTRACTUELS IATPSS : UN CADRE DE GESTION TARDIF ET INACHEV\u00c9<\/p>\n\n\n\n<p>AESH : LA D\u00c9PR\u00c9CARISATION RESTE UN LEURRE<\/p>\n\n\n\n<p>DE L\u2019INCLUSION SCOLAIRE \u00c0 L\u2019\u00c9COLE POUR TOUS<\/p>\n\n\n\n<p>AED : CONDAMN\u00c9S AU SMIC\u2026 ?<\/p>\n\n\n\n<p>LA\u00cfCIT\u00c9 : L\u2019ENGAGEMENT IND\u00c9FECTIBLE DU SNALC<\/p>\n\n\n\n<p>LE SNALC \u00c0 VOS C\u00d4T\u00c9S CONTRE LA VIOLENCE SCOLAIRE<\/p>\n\n\n\n<p>LA PROTECTION JURIDIQUE : UN ATOUT DEVENU INDISPENSABLE !<\/p>\n\n\n\n<figure class=\"wp-block-image\"><img decoding=\"async\" src=\"https:\/\/snalc.fr\/wp-content\/uploads\/proteger_freepik.com_ijeab_87.jpg\" alt=\"\" class=\"wp-image-53043\"\/><\/figure>\n\n\n\n<p>UN OUTIL QUI A DU SENS : MOBI-SNALC<\/p>\n\n\n\n<p>UN P\u00d4LE SANT\u00c9- HANDICAP POUR VOUS ACCOMPAGNER<\/p>\n\n\n\n<p><a href=\"https:\/\/snalc.fr\/1905-2025-le-snalc-a-120-ans\/#sommaire\"><\/a><\/p>\n\n\n\n<h4 class=\"wp-block-heading\">PORTRAIT : LE SNALC AU CORPS<\/h4>\n\n\n\n<p>S\u2019il faut faire preuve d\u2019ind\u00e9pendance pour rejoindre notre syndicat, y durer&nbsp;et y \u0153uvrer n\u00e9cessite une clart\u00e9 et une force intellectuelles peu communes : pour le <strong>SNALC,<\/strong> l\u2019\u00c9cole est un lieu d\u2019apprentissage o\u00f9 l\u2019adulte est respect\u00e9, o\u00f9 le professeur instruit, o\u00f9 seule la transmission des savoirs et des savoir-faire permet le d\u00e9veloppement d\u2019esprits \u00e9clair\u00e9s, donc libres.<\/p>\n\n\n\n<p>Et si on n\u2019en est pas convaincu de prime abord, il faut un courage certain pour r\u00e9sister aux coups de boutoir \u2013 souvent malhonn\u00eates \u2013 de nos adversaires, mais aussi une dose d\u2019abn\u00e9gation pour ne pas succomber aux sir\u00e8nes du p\u00e9dagogisme, cette maladie qui d\u00e9nature nos missions, ronge nos programmes et affaiblit l\u2019institution depuis un demi-si\u00e8cle.<\/p>\n\n\n\n<p><strong>Vous \u00eates nombreux \u00e0 nous honorer de votre fid\u00e9lit\u00e9 : soyez-en ici chaleureusement remerci\u00e9s.<\/strong><\/p>\n\n\n\n<p>Le jeune monsieur en photo \u2013 Fr\u00e9d\u00e9ric \u00c9leuche \u2013 est \u00e0 la fois notre plus ancien adh\u00e9rent et militant du savoir : le <strong>SNALC<\/strong> et lui ont partag\u00e9, chacun, plus de la moiti\u00e9 de leur existence. Le temps n\u2019a pas chang\u00e9 le c\u0153ur de Fr\u00e9d\u00e9ric, ni l\u2019\u00e2me du <strong>SNALC.<\/strong><\/p>\n\n\n\n<p>\u00c0 la vue de nos audience et repr\u00e9sentativit\u00e9 croissantes, certains tentent d\u2019affaiblir notre organisation en l\u2019assimilant au diable. Peine perdue&nbsp;: ils n\u2019y trouvent pas d\u2019esprit du mal. Si nous sommes poss\u00e9d\u00e9s, c\u2019est par la seule d\u00e9fense de l\u2019\u00c9cole et de ses serviteurs. G\u00e9n\u00e9ration apr\u00e8s g\u00e9n\u00e9ration, nous d\u00e9non\u00e7ons le manque de courage, l\u2019hypocrisie et les non-dits de nos dirigeants, tous responsables d\u2019une soci\u00e9t\u00e9 qui se meurt. Et puis nous proposons, nous influen\u00e7ons&nbsp;: la pens\u00e9e du <strong>SNALC,<\/strong> souvent, se niche dans les d\u00e9tails qui am\u00e9liorent votre quotidien.<\/p>\n\n\n\n<figure class=\"wp-block-image\"><img decoding=\"async\" src=\"https:\/\/snalc.fr\/wp-content\/uploads\/Frederic-ELEUCHE-enfant-sans-fond-852x1024.png\" alt=\"\" class=\"wp-image-53286\"\/><figcaption class=\"wp-element-caption\">Fr\u00e9d\u00e9ric ELEUCHE<\/figcaption><\/figure>\n\n\n\n<p>Vous qui lisez assid\u00fbment notre revue le savez bien. Vous qui d\u2019habitude la survolez, mais avez eu la patience de lire cet hommage \u00e0 la fid\u00e9lit\u00e9 et aux convictions, \u00e9pluchez-la d\u00e9sormais et alors, \u00e0 l\u2019instar de nos a\u00een\u00e9s, vous vivrez vous aussi le <strong>SNALC<\/strong> au corps.<\/p>\n\n\n\n<p><a href=\"https:\/\/snalc.fr\/1905-2025-le-snalc-a-120-ans\/#sommaire\"><\/a><\/p>\n\n\n\n<h4 class=\"wp-block-heading\">POURQUOI LE SNALC ?<\/h4>\n\n\n\n<h5 class=\"wp-block-heading\">La parole est \u00e0 nos adh\u00e9rents\u2026<\/h5>\n\n\n\n<figure class=\"wp-block-image\"><img decoding=\"async\" src=\"https:\/\/snalc.fr\/wp-content\/uploads\/Pourquoi-le-SNALC-1024x579.jpg\" alt=\"\" class=\"wp-image-53272\"\/><\/figure>\n\n\n\n<p><strong>S\u2019il est vrai que l\u2019\u00e2ge est un gage de sagesse, alors le SNALC, fond\u00e9 en 1905 et c\u00e9l\u00e9brant cette ann\u00e9e ses 120 ans, est sans doute un pilier de perspicacit\u00e9 dans l\u2019univers \u00e9ducatif !<\/strong><\/p>\n\n\n\n<p>Afin de marquer cet \u00e9v\u00e9nement m\u00e9morable, nous avons souhait\u00e9 recueillir et publier ici les t\u00e9moignages de nos adh\u00e9rents.<\/p>\n\n\n\n<p>Nous leur avons pos\u00e9 une question simple qui tient en trois mots : \u201cPourquoi le SNALC ?\u201d<\/p>\n\n\n\n<p>Voici leurs r\u00e9ponses\u2026<\/p>\n\n\n\n<p>Car c&rsquo;est le seul syndicat ind\u00e9pendant et r\u00e9actif.<\/p>\n\n\n\n<figure class=\"wp-block-image\"><img decoding=\"async\" src=\"https:\/\/snalc.fr\/wp-content\/uploads\/PAVES_S_BLOC_BLEU_180X180PX_RVB-150x150.png\" alt=\"Monsieur V.\"\/><\/figure>\n\n\n\n<p>Monsieur V.Enseignant, anglais, Acad\u00e9mie de Montpellier<\/p>\n\n\n\n<p>Pour l&rsquo;esprit d&rsquo;ind\u00e9pendance qui anime ses adh\u00e9rents et ses repr\u00e9sentants. Contre l&rsquo;id\u00e9ologie et le dogmatisme.<\/p>\n\n\n\n<figure class=\"wp-block-image\"><img decoding=\"async\" src=\"https:\/\/snalc.fr\/wp-content\/uploads\/PAVES_S_BLOC_BLEU_180X180PX_RVB-150x150.png\" alt=\"M. V.\"\/><\/figure>\n\n\n\n<p>M. V.Acad\u00e9mie de Lyon<\/p>\n\n\n\n<p>Pour l&rsquo;ind\u00e9pendance de tout parti, et la libert\u00e9 d&rsquo;esprit!<\/p>\n\n\n\n<figure class=\"wp-block-image\"><img decoding=\"async\" src=\"https:\/\/snalc.fr\/wp-content\/uploads\/PAVES_S_BLOC_BLEU_180X180PX_RVB-150x150.png\" alt=\"M.V.\"\/><\/figure>\n\n\n\n<p>M.V.Math\u00e9matiques, Acad\u00e9mie de Cr\u00e9teil<\/p>\n\n\n\n<p>Pour son courage, son audace et son engagement dans la d\u00e9fense de ses adh\u00e9rents<\/p>\n\n\n\n<figure class=\"wp-block-image\"><img decoding=\"async\" src=\"https:\/\/snalc.fr\/wp-content\/uploads\/PAVES_S_BLOC_BLEU_180X180PX_RVB-150x150.png\" alt=\"Mme A.\"\/><\/figure>\n\n\n\n<p>Mme A.Acad\u00e9mie de Strasbourg<\/p>\n\n\n\n<p>Pour lutter contre la d\u00e9magogie des autres syndicats .<\/p>\n\n\n\n<figure class=\"wp-block-image\"><img decoding=\"async\" src=\"https:\/\/snalc.fr\/wp-content\/uploads\/PAVES_S_BLOC_BLEU_180X180PX_RVB-150x150.png\" alt=\"Mme B.\"\/><\/figure>\n\n\n\n<p>Mme B.Proviseure, Acad\u00e9mie de Normandie<\/p>\n\n\n\n<p>S\u00e9rieux, r\u00e9activit\u00e9 et serviable<\/p>\n\n\n\n<figure class=\"wp-block-image\"><img decoding=\"async\" src=\"https:\/\/snalc.fr\/wp-content\/uploads\/PAVES_S_BLOC_BLEU_180X180PX_RVB-150x150.png\" alt=\"Monsieur L\"\/><\/figure>\n\n\n\n<p>Monsieur LEnseignant de chimie en IUT, Acad\u00e9mie de Lyon<\/p>\n\n\n\n<p>Apolitique, s\u00e9rieux, humain et apportant un r\u00e9el soutien.<\/p>\n\n\n\n<figure class=\"wp-block-image\"><img decoding=\"async\" src=\"https:\/\/snalc.fr\/wp-content\/uploads\/PAVES_S_BLOC_BLEU_180X180PX_RVB-150x150.png\" alt=\"Mme V.\"\/><\/figure>\n\n\n\n<p>Mme V.Professeur, Acad\u00e9mie de Clermont-Fd<\/p>\n\n\n\n<p>\u00c0 cause de son exigence de s\u00e9rieux dans son discours p\u00e9dagogique.<\/p>\n\n\n\n<figure class=\"wp-block-image\"><img decoding=\"async\" src=\"https:\/\/snalc.fr\/wp-content\/uploads\/PAVES_S_BLOC_BLEU_180X180PX_RVB-150x150.png\" alt=\"Cc\"\/><\/figure>\n\n\n\n<p>CcEnseignant, Acad\u00e9mie d&rsquo;Orl\u00e9ans-Tours<\/p>\n\n\n\n<p>Parce que c&rsquo;est un syndicat juste qui ne cherche pas le passe-droit.<\/p>\n\n\n\n<figure class=\"wp-block-image\"><img decoding=\"async\" src=\"https:\/\/snalc.fr\/wp-content\/uploads\/PAVES_S_BLOC_BLEU_180X180PX_RVB-150x150.png\" alt=\"B.\"\/><\/figure>\n\n\n\n<p>B.Enseignante, Acad\u00e9mie de Lille<\/p>\n\n\n\n<p>Pour sortir du pr\u00eat \u00e0 penser.<\/p>\n\n\n\n<figure class=\"wp-block-image\"><img decoding=\"async\" src=\"https:\/\/snalc.fr\/wp-content\/uploads\/PAVES_S_BLOC_BLEU_180X180PX_RVB-150x150.png\" alt=\"T.\"\/><\/figure>\n\n\n\n<p>T.Enseignant, Acad\u00e9mie de Nantes<\/p>\n\n\n\n<p>Efficacit\u00e9 et neutralit\u00e9.<\/p>\n\n\n\n<figure class=\"wp-block-image\"><img decoding=\"async\" src=\"https:\/\/snalc.fr\/wp-content\/uploads\/PAVES_S_BLOC_BLEU_180X180PX_RVB-150x150.png\" alt=\"M.A.\"\/><\/figure>\n\n\n\n<p>M.A.Enseignant physique, Acad\u00e9mie de Poitiers<\/p>\n\n\n\n<p>Pour son objectivit\u00e9 et son int\u00e9grit\u00e9!<\/p>\n\n\n\n<figure class=\"wp-block-image\"><img decoding=\"async\" src=\"https:\/\/snalc.fr\/wp-content\/uploads\/PAVES_S_BLOC_BLEU_180X180PX_RVB-150x150.png\" alt=\"Mme T.\"\/><\/figure>\n\n\n\n<p>Mme T.Enseignante, Acad\u00e9mie d&rsquo;Orl\u00e9ans-Tours<\/p>\n\n\n\n<p>Hauteur de vue, g\u00e9n\u00e9rosit\u00e9, exigence des savoirs&#8230; merci !<\/p>\n\n\n\n<figure class=\"wp-block-image\"><img decoding=\"async\" src=\"https:\/\/snalc.fr\/wp-content\/uploads\/PAVES_S_BLOC_BLEU_180X180PX_RVB-150x150.png\" alt=\"Mme S.\"\/><\/figure>\n\n\n\n<p>Mme S.Professeur de lettres classiques, Acad\u00e9mie de Versailles<\/p>\n\n\n\n<p>Sans dogme ni parti pris.<\/p>\n\n\n\n<figure class=\"wp-block-image\"><img decoding=\"async\" src=\"https:\/\/snalc.fr\/wp-content\/uploads\/PAVES_S_BLOC_BLEU_180X180PX_RVB-150x150.png\" alt=\"M J M \"\/><\/figure>\n\n\n\n<p>M J M Histoire-G\u00e9ographie, Acad\u00e9mie de Poitiers<\/p>\n\n\n\n<p>Pour la libert\u00e9 politique, sans aide financi\u00e8re ayant forc\u00e9ment un impact sur la libert\u00e9 des id\u00e9es !<\/p>\n\n\n\n<figure class=\"wp-block-image\"><img decoding=\"async\" src=\"https:\/\/snalc.fr\/wp-content\/uploads\/PAVES_S_BLOC_BLEU_180X180PX_RVB-150x150.png\" alt=\"Madame A.\"\/><\/figure>\n\n\n\n<p>Madame A. Enseignante, Acad\u00e9mie de Versailles<\/p>\n\n\n\n<p>Parce que j&rsquo;ai rencontr\u00e9 des interlocuteurs efficaces, d\u00e9vou\u00e9s et int\u00e8gres. Merci \u00e0 eux.<\/p>\n\n\n\n<figure class=\"wp-block-image\"><img decoding=\"async\" src=\"https:\/\/snalc.fr\/wp-content\/uploads\/PAVES_S_BLOC_BLEU_180X180PX_RVB-150x150.png\" alt=\"Mme M.\"\/><\/figure>\n\n\n\n<p>Mme M. Acad\u00e9mie de Bordeaux<\/p>\n\n\n\n<p>Syndicat le plus clair, rapide \u00e0 joindre.<\/p>\n\n\n\n<figure class=\"wp-block-image\"><img decoding=\"async\" src=\"https:\/\/snalc.fr\/wp-content\/uploads\/PAVES_S_BLOC_BLEU_180X180PX_RVB-150x150.png\" alt=\"D.\"\/><\/figure>\n\n\n\n<p>D.Enseignante, Acad\u00e9mie de Lille<\/p>\n\n\n\n<p>Le SNALC pour sa r\u00e9activit\u00e9; son expertise; son ind\u00e9pendance, sp\u00e9cialement vis \u00e0 vis de la politique.<\/p>\n\n\n\n<figure class=\"wp-block-image\"><img decoding=\"async\" src=\"https:\/\/snalc.fr\/wp-content\/uploads\/PAVES_S_BLOC_BLEU_180X180PX_RVB-150x150.png\" alt=\"M.B.\"\/><\/figure>\n\n\n\n<p>M.B.Enseignant de maths, Acad\u00e9mie de Grenoble<\/p>\n\n\n\n<p>Syndicat ind\u00e9pendant.<\/p>\n\n\n\n<figure class=\"wp-block-image\"><img decoding=\"async\" src=\"https:\/\/snalc.fr\/wp-content\/uploads\/PAVES_S_BLOC_BLEU_180X180PX_RVB-150x150.png\" alt=\"Mme L.\"\/><\/figure>\n\n\n\n<p>Mme L.Enseignante, Acad\u00e9mie de Normandie<\/p>\n\n\n\n<p>Engagement, coh\u00e9rence, d\u00e9fense des personnels.<\/p>\n\n\n\n<figure class=\"wp-block-image\"><img decoding=\"async\" src=\"https:\/\/snalc.fr\/wp-content\/uploads\/PAVES_S_BLOC_BLEU_180X180PX_RVB-150x150.png\" alt=\"Mme V.\"\/><\/figure>\n\n\n\n<p>Mme V.Enseignante, Acad\u00e9mie de Poitiers<\/p>\n\n\n\n<p>Parce que ce syndicat propose au lieu de s&rsquo;opposer syst\u00e9matiquement.<\/p>\n\n\n\n<figure class=\"wp-block-image\"><img decoding=\"async\" src=\"https:\/\/snalc.fr\/wp-content\/uploads\/PAVES_S_BLOC_BLEU_180X180PX_RVB-150x150.png\" alt=\"D.\"\/><\/figure>\n\n\n\n<p>D.Enseignant, Acad\u00e9mie de Lille<\/p>\n\n\n\n<p>Le SNALC en trois mots : pr\u00e9sent, comp\u00e9tent, pertinent. Merci.<\/p>\n\n\n\n<figure class=\"wp-block-image\"><img decoding=\"async\" src=\"https:\/\/snalc.fr\/wp-content\/uploads\/PAVES_S_BLOC_BLEU_180X180PX_RVB-150x150.png\" alt=\"Mme L.\"\/><\/figure>\n\n\n\n<p>Mme L.Enseignante, Acad\u00e9mie de Versailles<\/p>\n\n\n\n<p>Pour la r\u00e9activit\u00e9, les conseils et la d\u00e9fense concr\u00e8te des personnels.<\/p>\n\n\n\n<figure class=\"wp-block-image\"><img decoding=\"async\" src=\"https:\/\/snalc.fr\/wp-content\/uploads\/PAVES_S_BLOC_BLEU_180X180PX_RVB-150x150.png\" alt=\"C.\"\/><\/figure>\n\n\n\n<p>C.Enseignante, Acad\u00e9mie de Toulouse<\/p>\n\n\n\n<p>Son ind\u00e9pendance.<\/p>\n\n\n\n<figure class=\"wp-block-image\"><img decoding=\"async\" src=\"https:\/\/snalc.fr\/wp-content\/uploads\/PAVES_S_BLOC_BLEU_180X180PX_RVB-150x150.png\" alt=\"M.G.\"\/><\/figure>\n\n\n\n<p>M.G.Enseignant S2I, Acad\u00e9mie de Nice<\/p>\n\n\n\n<p>Fid\u00e9lit\u00e9 aux valeurs essentielles de l&rsquo;\u00e9ducation, efficacit\u00e9, et soutien aux enseignants.<\/p>\n\n\n\n<figure class=\"wp-block-image\"><img decoding=\"async\" src=\"https:\/\/snalc.fr\/wp-content\/uploads\/PAVES_S_BLOC_BLEU_180X180PX_RVB-150x150.png\" alt=\"M.P.\"\/><\/figure>\n\n\n\n<p>M.P.Enseignant, Acad\u00e9mie de La R\u00e9union<\/p>\n\n\n\n<p>Car c&rsquo;est le seul syndicat ind\u00e9pendant et r\u00e9actif.<\/p>\n\n\n\n<figure class=\"wp-block-image\"><img decoding=\"async\" src=\"https:\/\/snalc.fr\/wp-content\/uploads\/PAVES_S_BLOC_BLEU_180X180PX_RVB-150x150.png\" alt=\"Monsieur V.\"\/><\/figure>\n\n\n\n<p>Monsieur V.Enseignant, anglais, Acad\u00e9mie de Montpellier<\/p>\n\n\n\n<p>Pour l&rsquo;esprit d&rsquo;ind\u00e9pendance qui anime ses adh\u00e9rents et ses repr\u00e9sentants. Contre l&rsquo;id\u00e9ologie et le dogmatisme.<\/p>\n\n\n\n<figure class=\"wp-block-image\"><img decoding=\"async\" src=\"https:\/\/snalc.fr\/wp-content\/uploads\/PAVES_S_BLOC_BLEU_180X180PX_RVB-150x150.png\" alt=\"M. V.\"\/><\/figure>\n\n\n\n<p>M. V.Acad\u00e9mie de Lyon<\/p>\n\n\n\n<p>Pour l&rsquo;ind\u00e9pendance de tout parti, et la libert\u00e9 d&rsquo;esprit!<\/p>\n\n\n\n<figure class=\"wp-block-image\"><img decoding=\"async\" src=\"https:\/\/snalc.fr\/wp-content\/uploads\/PAVES_S_BLOC_BLEU_180X180PX_RVB-150x150.png\" alt=\"M.V.\"\/><\/figure>\n\n\n\n<p>M.V.Math\u00e9matiques, Acad\u00e9mie de Cr\u00e9teil<\/p>\n\n\n\n<p>Pour son courage, son audace et son engagement dans la d\u00e9fense de ses adh\u00e9rents<\/p>\n\n\n\n<figure class=\"wp-block-image\"><img decoding=\"async\" src=\"https:\/\/snalc.fr\/wp-content\/uploads\/PAVES_S_BLOC_BLEU_180X180PX_RVB-150x150.png\" alt=\"Mme A.\"\/><\/figure>\n\n\n\n<p>Mme A.Acad\u00e9mie de Strasbourg<\/p>\n\n\n\n<p>Pr\u00e9c\u00e9dent<\/p>\n\n\n\n<p>Suivant<\/p>\n\n\n\n<p><a href=\"https:\/\/snalc.fr\/pourquoi-le-snalc\/\">Tous les t\u00e9moignages<\/a><\/p>\n\n\n\n<p><strong>\u00c0 TOUS NOS ADH\u00c9RENTS<\/strong><\/p>\n\n\n\n<p>nous exprimons notre profonde gratitude pour leurs t\u00e9moignages pr\u00e9cieux et la confiance fid\u00e8le qu\u2019ils nous accordent depuis tant d\u2019ann\u00e9es.<\/p>\n\n\n\n<p><a href=\"https:\/\/snalc.fr\/1905-2025-le-snalc-a-120-ans\/#sommaire\"><\/a><\/p>\n\n\n\n<figure class=\"wp-block-image\"><img decoding=\"async\" src=\"https:\/\/snalc.fr\/wp-content\/uploads\/Logo-anime-SNALC-120-ans.gif\" alt=\"\" class=\"wp-image-53275\"\/><\/figure>\n\n\n\n<p><a href=\"https:\/\/snalc.fr\/contact\/\" target=\"_blank\" rel=\"noreferrer noopener\">Nous \u00e9crire<\/a><\/p>\n","protected":false},"excerpt":{"rendered":"<p>Dossier du mois de la revue du SNALC Quinzaine universitaire n\u00b01500 du 11 avril 2025. Par Marie-H\u00e9l\u00e8ne PIQUEMAL, vice-pr\u00e9sidente du SNALC. Avec les contributions de Maxime REPPERT, vice-pr\u00e9sident du SNALC [&hellip;]<\/p>\n","protected":false},"author":1,"featured_media":0,"comment_status":"closed","ping_status":"closed","sticky":false,"template":"","format":"standard","meta":{"_lmt_disableupdate":"no","_lmt_disable":"","site-sidebar-layout":"default","site-content-layout":"","ast-site-content-layout":"default","site-content-style":"default","site-sidebar-style":"default","ast-global-header-display":"","ast-banner-title-visibility":"","ast-main-header-display":"","ast-hfb-above-header-display":"","ast-hfb-below-header-display":"","ast-hfb-mobile-header-display":"","site-post-title":"","ast-breadcrumbs-content":"","ast-featured-img":"","footer-sml-layout":"","ast-disable-related-posts":"","theme-transparent-header-meta":"","adv-header-id-meta":"","stick-header-meta":"","header-above-stick-meta":"","header-main-stick-meta":"","header-below-stick-meta":"","astra-migrate-meta-layouts":"set","ast-page-background-enabled":"default","ast-page-background-meta":{"desktop":{"background-color":"var(--ast-global-color-4)","background-image":"","background-repeat":"repeat","background-position":"center center","background-size":"auto","background-attachment":"scroll","background-type":"","background-media":"","overlay-type":"","overlay-color":"","overlay-opacity":"","overlay-gradient":""},"tablet":{"background-color":"","background-image":"","background-repeat":"repeat","background-position":"center center","background-size":"auto","background-attachment":"scroll","background-type":"","background-media":"","overlay-type":"","overlay-color":"","overlay-opacity":"","overlay-gradient":""},"mobile":{"background-color":"","background-image":"","background-repeat":"repeat","background-position":"center center","background-size":"auto","background-attachment":"scroll","background-type":"","background-media":"","overlay-type":"","overlay-color":"","overlay-opacity":"","overlay-gradient":""}},"ast-content-background-meta":{"desktop":{"background-color":"var(--ast-global-color-5)","background-image":"","background-repeat":"repeat","background-position":"center center","background-size":"auto","background-attachment":"scroll","background-type":"","background-media":"","overlay-type":"","overlay-color":"","overlay-opacity":"","overlay-gradient":""},"tablet":{"background-color":"var(--ast-global-color-5)","background-image":"","background-repeat":"repeat","background-position":"center center","background-size":"auto","background-attachment":"scroll","background-type":"","background-media":"","overlay-type":"","overlay-color":"","overlay-opacity":"","overlay-gradient":""},"mobile":{"background-color":"var(--ast-global-color-5)","background-image":"","background-repeat":"repeat","background-position":"center center","background-size":"auto","background-attachment":"scroll","background-type":"","background-media":"","overlay-type":"","overlay-color":"","overlay-opacity":"","overlay-gradient":""}},"footnotes":""},"categories":[41,36],"tags":[],"class_list":["post-4293","post","type-post","status-publish","format-standard","hentry","category-actualites-2024-2025","category-avantage-snalc"],"modified_by":"slecourtier","_links":{"self":[{"href":"https:\/\/snalc.org\/snalc2023\/index.php?rest_route=\/wp\/v2\/posts\/4293","targetHints":{"allow":["GET"]}}],"collection":[{"href":"https:\/\/snalc.org\/snalc2023\/index.php?rest_route=\/wp\/v2\/posts"}],"about":[{"href":"https:\/\/snalc.org\/snalc2023\/index.php?rest_route=\/wp\/v2\/types\/post"}],"author":[{"embeddable":true,"href":"https:\/\/snalc.org\/snalc2023\/index.php?rest_route=\/wp\/v2\/users\/1"}],"replies":[{"embeddable":true,"href":"https:\/\/snalc.org\/snalc2023\/index.php?rest_route=%2Fwp%2Fv2%2Fcomments&post=4293"}],"version-history":[{"count":1,"href":"https:\/\/snalc.org\/snalc2023\/index.php?rest_route=\/wp\/v2\/posts\/4293\/revisions"}],"predecessor-version":[{"id":4294,"href":"https:\/\/snalc.org\/snalc2023\/index.php?rest_route=\/wp\/v2\/posts\/4293\/revisions\/4294"}],"wp:attachment":[{"href":"https:\/\/snalc.org\/snalc2023\/index.php?rest_route=%2Fwp%2Fv2%2Fmedia&parent=4293"}],"wp:term":[{"taxonomy":"category","embeddable":true,"href":"https:\/\/snalc.org\/snalc2023\/index.php?rest_route=%2Fwp%2Fv2%2Fcategories&post=4293"},{"taxonomy":"post_tag","embeddable":true,"href":"https:\/\/snalc.org\/snalc2023\/index.php?rest_route=%2Fwp%2Fv2%2Ftags&post=4293"}],"curies":[{"name":"wp","href":"https:\/\/api.w.org\/{rel}","templated":true}]}}