{"id":4295,"date":"2025-04-11T19:33:13","date_gmt":"2025-04-11T17:33:13","guid":{"rendered":"https:\/\/snalc.org\/snalc2023\/?p=4295"},"modified":"2025-04-11T19:33:15","modified_gmt":"2025-04-11T17:33:15","slug":"quinzaine-universitaire-n1500-ecole","status":"publish","type":"post","link":"https:\/\/snalc.org\/snalc2023\/?p=4295","title":{"rendered":"QUINZAINE UNIVERSITAIRE n\u00b01500 \u2013 \u00e9cole"},"content":{"rendered":"\n<ul class=\"wp-block-list\">\n<li><a href=\"https:\/\/snalc.fr\/category\/premier-degre\/risques\/\"><\/a><\/li>\n<\/ul>\n\n\n\n<figure class=\"wp-block-image\"><img decoding=\"async\" src=\"https:\/\/snalc.fr\/wp-content\/uploads\/QU1500-1D.jpg\" alt=\"\" class=\"wp-image-53453\"\/><\/figure>\n\n\n\n<p><strong>\u00c9DITO : <a href=\"https:\/\/snalc.fr\/le-snalc-vous-protege\/\">LE SNALC VOUS PROT\u00c8GE<\/a><\/strong><\/p>\n\n\n\n<figure class=\"wp-block-image\"><img decoding=\"async\" src=\"https:\/\/snalc.fr\/wp-content\/uploads\/elementor\/thumbs\/SNALC-congres-Strasbourg-mai-2023-Photo-Philippe-Sautier-3-e1686317689865-qfu77nw4qlxwj5dktm23kiay8chujy1r6wng15ek0o.jpg\" alt=\"SNALC congres Strasbourg mai 2023 - Photo Philippe Sautier (3)\" title=\"SNALC congres Strasbourg mai 2023 \u2013 Photo Philippe Sautier (3)\"\/><\/figure>\n\n\n\n<p>J-R\u00e9mi Girard<br>Pr\u00e9sident du SNALC<\/p>\n\n\n\n<p>Je suis tr\u00e8s heureux et tr\u00e8s touch\u00e9 d\u2019\u00eatre pr\u00e9sident du SNALC alors que nous f\u00eatons les 120 ans de notre organisation et le 1&nbsp;500<sup>e<\/sup> num\u00e9ro de notre revue syndicale.<\/p>\n\n\n\n<p>Le SNALC est une aventure unique. Dans un paysage syndical fran\u00e7ais marqu\u00e9 par une histoire tr\u00e8s sp\u00e9cifique et organis\u00e9 autour de grandes centrales, le SNALC joue la carte de l\u2019ind\u00e9pendance, garantie par l\u2019article 1<sup>er<\/sup> de ses statuts. Il ne vit que de vos cotisations. Il est professionnel sans \u00eatre purement corporatiste. Son unique objet est la d\u00e9fense des conditions mat\u00e9rielles et morales des coll\u00e8gues. C\u2019est sa boussole et sa seule raison d\u2019\u00eatre.<\/p>\n\n\n\n<p>Le SNALC n\u2019a que faire des on-dit. Il n\u2019a que faire non plus des tentatives de diviser les personnels de l\u2019\u00c9ducation nationale. Il ne rentre pas dans les bisbilles premier VS second degr\u00e9 : aujourd\u2019hui, nous sommes tous dans le m\u00eame bateau, et le bateau prend l\u2019eau. Si l\u2019\u00c9cole primaire coule, c\u2019est tout le syst\u00e8me \u00e9ducatif qui dispara\u00eetra avec.&nbsp;[<a href=\"https:\/\/snalc.fr\/le-snalc-vous-protege\/\"><strong>Lire la suite<\/strong><\/a>]<\/p>\n\n\n\n<p><strong>NUM\u00c9RO SP\u00c9CIAL : ENQU\u00caTE DU SNALC<\/strong><\/p>\n\n\n\n<h5 class=\"wp-block-heading\">VOTRE \u00c9COLE EST-ELLE S\u00c9CURIS\u00c9E ?<\/h5>\n\n\n\n<p><strong>En 2024, suite \u00e0 divers \u00e9v\u00e9nements qui ont remis sur le devant de la sc\u00e8ne la s\u00e9curit\u00e9 dans les \u00e9coles primaires,&nbsp;le SNALC a lanc\u00e9 une grande enqu\u00eate nationale sur le niveau de s\u00e9curisation de nos \u00e9coles. Plusieurs milliers&nbsp;de r\u00e9ponses issues de tout le territoire, de tous types d\u2019\u00e9coles et de tous profils de professeurs des \u00e9coles,&nbsp;ont permis une exploitation de r\u00e9sultats repr\u00e9sentatifs de la diversit\u00e9 et de la r\u00e9alit\u00e9 du terrain. De multiples&nbsp;lacunes et des dysfonctionnements consid\u00e9rables ont ainsi \u00e9t\u00e9 mis en lumi\u00e8re.<\/strong>&nbsp;<\/p>\n\n\n\n<p><a href=\"https:\/\/snalc.fr\/securite-des-ecoles-enquete-du-snalc\/\">Voir les r\u00e9sultats complets de cette enqu\u00eate (site)<\/a><\/p>\n\n\n\n<p><a href=\"https:\/\/snalc.fr\/wp-content\/uploads\/QU1500-1D.pdf\">T\u00e9l\u00e9charger les r\u00e9sultats de cette enqu\u00eate (QU1500-1D)<\/a><\/p>\n\n\n\n<p><em>\u2026ou acc\u00e9der \u00e0 certaines parties :<\/em><\/p>\n\n\n\n<p><a href=\"https:\/\/snalc.fr\/securite-des-ecoles-enquete-du-snalc#1\"><strong>1. L\u2019ACC\u00c8S \u00c0 L\u2019\u00c9COLE<\/strong><\/a><\/p>\n\n\n\n<p>1.1 Les entr\u00e9es et sorties d\u2019\u00e9cole<br>1.2 Les familles dans l\u2019\u00c9cole<\/p>\n\n\n\n<p><a href=\"https:\/\/snalc.fr\/securite-des-ecoles-enquete-du-snalc#2\"><strong>2. OUTILS ET FORMATIONS<\/strong><\/a><\/p>\n\n\n\n<p>2.1 Connaissance des outils et des protocoles<br>2.2 La formation<\/p>\n\n\n\n<p><a href=\"https:\/\/snalc.fr\/securite-des-ecoles-enquete-du-snalc#3\"><strong>3. LE R\u00d4LE DE LA MUNICIPALIT\u00c9<\/strong><\/a><\/p>\n\n\n\n<p>3.1 Le b\u00e2ti scolaire<br>3.2 Communication avec la municipalit\u00e9<\/p>\n\n\n\n<p><a href=\"https:\/\/snalc.fr\/securite-des-ecoles-enquete-du-snalc#4\"><strong>4. DISPOSITIFS D\u2019ALERTE<\/strong><\/a><\/p>\n\n\n\n<p>4.1 Logistique et moyens d\u2019alerte<br>4.2 Communication et probl\u00e8mes de r\u00e9seaux<\/p>\n\n\n\n<p><a href=\"https:\/\/snalc.fr\/securite-des-ecoles-enquete-du-snalc#5\"><strong>5. LE R\u00d4LE COMPLIQU\u00c9 DU DIRECTEUR D\u2019\u00c9COLE<\/strong><\/a><\/p>\n\n\n\n<p>5.1 Les moyens<br>5.2 Les interventions et la pr\u00e9sence des adultes dans l\u2019\u00c9cole<\/p>\n\n\n\n<figure class=\"wp-block-image\"><img decoding=\"async\" src=\"https:\/\/snalc.fr\/wp-content\/uploads\/QU1500-722x1024.jpg\" alt=\"\" class=\"wp-image-53360\"\/><\/figure>\n\n\n\n<p><em><strong>Afin d\u2019\u00eatre au plus pr\u00e8s de vos attentes <\/strong><strong>et de vous informer au mieux, la revue du SNALC a <\/strong><strong>\u00e9volu\u00e9 d\u00e8s cette rentr\u00e9e, avec d\u00e9sormais <\/strong><strong>deux num\u00e9ros mensuels au lieu d\u2019un : <\/strong><strong>l\u2019un centr\u00e9 sur le second degr\u00e9 et le sup\u00e9rieur, <\/strong><strong>et le second sur les probl\u00e9matiques <\/strong><strong>sp\u00e9cifiques de l\u2019\u00e9cole primaire.<\/strong><\/em><\/p>\n\n\n\n<p><a href=\"https:\/\/snalc.fr\/quinzaine-universitaire-n1500\">D\u00e9couvrir la revue Second degr\u00e9 &amp; Sup\u00e9rieur<\/a><\/p>\n\n\n\n<p><a href=\"https:\/\/snalc.fr\/contact\/\" target=\"_blank\" rel=\"noreferrer noopener\">Nous \u00e9crire<\/a><\/p>\n","protected":false},"excerpt":{"rendered":"<p>\u00c9DITO : LE SNALC VOUS PROT\u00c8GE J-R\u00e9mi GirardPr\u00e9sident du SNALC Je suis tr\u00e8s heureux et tr\u00e8s touch\u00e9 d\u2019\u00eatre pr\u00e9sident du SNALC alors que nous f\u00eatons les 120 ans de notre [&hellip;]<\/p>\n","protected":false},"author":1,"featured_media":0,"comment_status":"closed","ping_status":"closed","sticky":false,"template":"","format":"standard","meta":{"_lmt_disableupdate":"","_lmt_disable":"","site-sidebar-layout":"default","site-content-layout":"","ast-site-content-layout":"default","site-content-style":"default","site-sidebar-style":"default","ast-global-header-display":"","ast-banner-title-visibility":"","ast-main-header-display":"","ast-hfb-above-header-display":"","ast-hfb-below-header-display":"","ast-hfb-mobile-header-display":"","site-post-title":"","ast-breadcrumbs-content":"","ast-featured-img":"","footer-sml-layout":"","ast-disable-related-posts":"","theme-transparent-header-meta":"","adv-header-id-meta":"","stick-header-meta":"","header-above-stick-meta":"","header-main-stick-meta":"","header-below-stick-meta":"","astra-migrate-meta-layouts":"set","ast-page-background-enabled":"default","ast-page-background-meta":{"desktop":{"background-color":"var(--ast-global-color-4)","background-image":"","background-repeat":"repeat","background-position":"center center","background-size":"auto","background-attachment":"scroll","background-type":"","background-media":"","overlay-type":"","overlay-color":"","overlay-opacity":"","overlay-gradient":""},"tablet":{"background-color":"","background-image":"","background-repeat":"repeat","background-position":"center center","background-size":"auto","background-attachment":"scroll","background-type":"","background-media":"","overlay-type":"","overlay-color":"","overlay-opacity":"","overlay-gradient":""},"mobile":{"background-color":"","background-image":"","background-repeat":"repeat","background-position":"center center","background-size":"auto","background-attachment":"scroll","background-type":"","background-media":"","overlay-type":"","overlay-color":"","overlay-opacity":"","overlay-gradient":""}},"ast-content-background-meta":{"desktop":{"background-color":"var(--ast-global-color-5)","background-image":"","background-repeat":"repeat","background-position":"center center","background-size":"auto","background-attachment":"scroll","background-type":"","background-media":"","overlay-type":"","overlay-color":"","overlay-opacity":"","overlay-gradient":""},"tablet":{"background-color":"var(--ast-global-color-5)","background-image":"","background-repeat":"repeat","background-position":"center center","background-size":"auto","background-attachment":"scroll","background-type":"","background-media":"","overlay-type":"","overlay-color":"","overlay-opacity":"","overlay-gradient":""},"mobile":{"background-color":"var(--ast-global-color-5)","background-image":"","background-repeat":"repeat","background-position":"center center","background-size":"auto","background-attachment":"scroll","background-type":"","background-media":"","overlay-type":"","overlay-color":"","overlay-opacity":"","overlay-gradient":""}},"footnotes":""},"categories":[41,23,37],"tags":[],"class_list":["post-4295","post","type-post","status-publish","format-standard","hentry","category-actualites-2024-2025","category-professeurs-1er-degre","category-qu"],"modified_by":"slecourtier","_links":{"self":[{"href":"https:\/\/snalc.org\/snalc2023\/index.php?rest_route=\/wp\/v2\/posts\/4295","targetHints":{"allow":["GET"]}}],"collection":[{"href":"https:\/\/snalc.org\/snalc2023\/index.php?rest_route=\/wp\/v2\/posts"}],"about":[{"href":"https:\/\/snalc.org\/snalc2023\/index.php?rest_route=\/wp\/v2\/types\/post"}],"author":[{"embeddable":true,"href":"https:\/\/snalc.org\/snalc2023\/index.php?rest_route=\/wp\/v2\/users\/1"}],"replies":[{"embeddable":true,"href":"https:\/\/snalc.org\/snalc2023\/index.php?rest_route=%2Fwp%2Fv2%2Fcomments&post=4295"}],"version-history":[{"count":1,"href":"https:\/\/snalc.org\/snalc2023\/index.php?rest_route=\/wp\/v2\/posts\/4295\/revisions"}],"predecessor-version":[{"id":4296,"href":"https:\/\/snalc.org\/snalc2023\/index.php?rest_route=\/wp\/v2\/posts\/4295\/revisions\/4296"}],"wp:attachment":[{"href":"https:\/\/snalc.org\/snalc2023\/index.php?rest_route=%2Fwp%2Fv2%2Fmedia&parent=4295"}],"wp:term":[{"taxonomy":"category","embeddable":true,"href":"https:\/\/snalc.org\/snalc2023\/index.php?rest_route=%2Fwp%2Fv2%2Fcategories&post=4295"},{"taxonomy":"post_tag","embeddable":true,"href":"https:\/\/snalc.org\/snalc2023\/index.php?rest_route=%2Fwp%2Fv2%2Ftags&post=4295"}],"curies":[{"name":"wp","href":"https:\/\/api.w.org\/{rel}","templated":true}]}}