{"id":4298,"date":"2025-04-11T19:34:28","date_gmt":"2025-04-11T17:34:28","guid":{"rendered":"https:\/\/snalc.org\/snalc2023\/?p=4298"},"modified":"2025-04-11T19:34:30","modified_gmt":"2025-04-11T17:34:30","slug":"quinzaine-universitaire-n1500","status":"publish","type":"post","link":"https:\/\/snalc.org\/snalc2023\/?p=4298","title":{"rendered":"QUINZAINE UNIVERSITAIRE n\u00b01500"},"content":{"rendered":"\n<ul class=\"wp-block-list\">\n<li><a href=\"https:\/\/snalc.fr\/category\/le-snalc\/qui-sommes-nous\/\"><\/a><\/li>\n<\/ul>\n\n\n\n<figure class=\"wp-block-image\"><img decoding=\"async\" src=\"https:\/\/snalc.fr\/wp-content\/uploads\/QU1500.jpg\" alt=\"\" class=\"wp-image-53360\"\/><\/figure>\n\n\n\n<p><strong>\u00c9DITO : <a href=\"https:\/\/snalc.fr\/120-ans-dindependance\/\">120 ANS D\u2019IND\u00c9PENDANCE<\/a><\/strong><\/p>\n\n\n\n<figure class=\"wp-block-image\"><img decoding=\"async\" src=\"https:\/\/snalc.fr\/wp-content\/uploads\/elementor\/thumbs\/SNALC-congres-Strasbourg-mai-2023-Photo-Philippe-Sautier-3-e1686317689865-qfu77nw4qlxwj5dktm23kiay8chujy1r6wng15ek0o.jpg\" alt=\"SNALC congres Strasbourg mai 2023 - Photo Philippe Sautier (3)\" title=\"SNALC congres Strasbourg mai 2023 \u2013 Photo Philippe Sautier (3)\"\/><\/figure>\n\n\n\n<p>Jean-R\u00e9mi Girard<br>Pr\u00e9sident du SNALC<\/p>\n\n\n\n<p>Je suis tr\u00e8s heureux et tr\u00e8s touch\u00e9 d\u2019\u00eatre pr\u00e9sident du SNALC alors que nous f\u00eatons les 120 ans de notre organisation et le 1&nbsp;500<sup>e<\/sup> num\u00e9ro de notre revue syndicale.<\/p>\n\n\n\n<p>Le SNALC est une aventure unique. Dans un paysage syndical fran\u00e7ais marqu\u00e9 par une histoire tr\u00e8s sp\u00e9cifique et organis\u00e9 autour de grandes centrales, le SNALC joue la carte de l\u2019ind\u00e9pendance, garantie par l\u2019article 1<sup>er<\/sup> de ses statuts. Il ne vit que de vos cotisations. Il est professionnel sans \u00eatre purement corporatiste. Son unique objet est la d\u00e9fense des conditions mat\u00e9rielles et morales des coll\u00e8gues. C\u2019est sa boussole et sa seule raison d\u2019\u00eatre.<\/p>\n\n\n\n<p>Le SNALC n\u2019a que faire des on-dit. Il sait que sa position originale \u2014 en France, car dans d\u2019autres pays europ\u00e9ens, notre conception syndicale est la norme \u2014 peut d\u00e9ranger. Il a toujours d\u00e9fendu les humanit\u00e9s, donc il conna\u00eet l\u2019air de la calomnie. Il y r\u00e9pond par des actes et des faits. [<a href=\"https:\/\/snalc.fr\/120-ans-dindependance\/\"><strong>Lire la suite<\/strong><\/a>]<\/p>\n\n\n\n<p><strong>DOSSIER DU MOIS&nbsp;:&nbsp;<a href=\"https:\/\/snalc.fr\/1905-2025-le-snalc-a-120-ans\/\" target=\"_blank\" rel=\"noreferrer noopener\">1905-2025 : LE SNALC A 120 ANS, DE SOLIDES CONVICTIONS ET DE BELLES VICTOIRES<\/a><\/strong><\/p>\n\n\n\n<figure class=\"wp-block-image\"><img decoding=\"async\" src=\"https:\/\/snalc.fr\/wp-content\/uploads\/SNALC-120-ans-1024x640.jpg\" alt=\"\" class=\"wp-image-53274\"\/><\/figure>\n\n\n\n<p><a href=\"https:\/\/snalc.fr\/1905-2025-le-snalc-a-120-ans\/\"><\/a><\/p>\n\n\n\n<ul class=\"wp-block-list\">\n<li><em><a href=\"https:\/\/snalc.fr\/1905-2025-le-snalc-a-120-ans#120\" target=\"_blank\" rel=\"noreferrer noopener\">1905-2025 : le SNALC a 120 ans<\/a><\/em><\/li>\n\n\n\n<li><em><a href=\"https:\/\/snalc.fr\/quinzaine-universitaire-1500-numeros-dhistoire-syndicale\/\" target=\"_blank\" rel=\"noreferrer noopener\">Quinzaine universitaire : 1500 num\u00e9ros d\u2019histoire syndicale<\/a><\/em><\/li>\n\n\n\n<li><a href=\"https:\/\/snalc.fr\/ce-quest-le-snalc-des-origines-a-1957\/\"><em>\u00ab Ce\u00a0qu\u2019est le\u00a0SNALC \u00bb (1957)<\/em><\/a><\/li>\n\n\n\n<li><em><a href=\"https:\/\/snalc.fr\/egalite-femmes-hommes-le-snalc-a-lavant-garde-des-1905\/\" target=\"_blank\" rel=\"noreferrer noopener\">\u00c9galit\u00e9 femmes-hommes : le SNALC \u00e0 l\u2019avant-garde d\u00e8s 1905<\/a><\/em><\/li>\n\n\n\n<li><em><a href=\"https:\/\/snalc.fr\/1905-2025-le-snalc-a-120-ans#convictions\" target=\"_blank\" rel=\"noreferrer noopener\">De solides convictions et de belles victoires<\/a><\/em><\/li>\n\n\n\n<li><em><a href=\"https:\/\/snalc.fr\/1905-2025-le-snalc-a-120-ans#portrait\" target=\"_blank\" rel=\"noreferrer noopener\">Portrait : le SNALC au corps<\/a><\/em><\/li>\n\n\n\n<li><a href=\"https:\/\/snalc.fr\/pourquoi-le-snalc\/\"><em>\u00ab Pourquoi le SNALC\u00a0?\u00a0\u00bb\u00a0Nos adh\u00e9rents ont la parole\u2026<\/em><\/a><\/li>\n<\/ul>\n\n\n\n<p><strong>VIE SYNDICALE<\/strong><\/p>\n\n\n\n<ul class=\"wp-block-list\">\n<li><a href=\"https:\/\/snalc.fr\/congres-national-beaune-mai-2025\/\">Congr\u00e8s national du SNALC \u00e0 Beaune du 12 au 16 mai 2025<\/a><\/li>\n<\/ul>\n\n\n\n<p><strong>SYST\u00c8ME \u00c9DUCATIF<\/strong><\/p>\n\n\n\n<ul class=\"wp-block-list\">\n<li><a href=\"https:\/\/snalc.fr\/decret-de-2014-et-missions-liees-savoir-reperer-les-arnaques\/\">D\u00e9cret de 2014 et \u00ab missions li\u00e9es \u00bb : savoir rep\u00e9rer les arnaques<\/a><\/li>\n\n\n\n<li><a href=\"https:\/\/snalc.fr\/professeurs-vers-un-nouveau-referentiel-de-competences\/\">Professeurs\u00a0: vers un nouveau r\u00e9f\u00e9rentiel de comp\u00e9tences\u00a0?<\/a><\/li>\n\n\n\n<li><a href=\"https:\/\/snalc.fr\/programme-de-langues-vivantes-le-snalc-obtient-des-resultats\/\">Programme de langues vivantes\u00a0: le SNALC obtient des r\u00e9sultats<\/a><\/li>\n\n\n\n<li><a href=\"https:\/\/snalc.fr\/education-a-limage-relever-les-defis-du-numerique-pour-la-jeunesse\/\">\u00c9ducation \u00e0 l\u2019image : relever les d\u00e9fis du num\u00e9rique pour la jeunesse<\/a><\/li>\n\n\n\n<li><a href=\"https:\/\/snalc.fr\/formation-boutons\/\">Pourquoi le mot \u00ab FORMATION \u00bb nous donne des boutons\u2026<\/a><\/li>\n<\/ul>\n\n\n\n<p><strong>LES PERSONNELS<\/strong><\/p>\n\n\n\n<ul class=\"wp-block-list\">\n<li><a href=\"https:\/\/snalc.fr\/ne-loubliez-pas\/\">Ne l\u2019oubliez pas !<\/a><\/li>\n\n\n\n<li><a href=\"https:\/\/snalc.fr\/aed-et-aesh-pas-de-sortie-de-la-precarite-sans-volonte-politique\/\">AED et AESH\u00a0: Pas de sortie de la pr\u00e9carit\u00e9 sans volont\u00e9 politique\u00a0!<\/a><\/li>\n\n\n\n<li><a href=\"https:\/\/snalc.fr\/lepargne-retraite\/\">L\u2019\u00e9pargne retraite<\/a><\/li>\n<\/ul>\n\n\n\n<p><strong>CONDITIONS DE TRAVAIL<\/strong><\/p>\n\n\n\n<ul class=\"wp-block-list\">\n<li><a href=\"https:\/\/snalc.fr\/couverture-sante-des-personnels-marche-attribue\/\">Couverture sant\u00e9\u00a0des personnels\u00a0: march\u00e9 attribu\u00e9\u00a0!<\/a><\/li>\n\n\n\n<li><a href=\"https:\/\/snalc.fr\/p-eps-une-categorie-sedentaire-serieusement\/\">P. EPS\u00a0: une cat\u00e9gorie s\u00e9dentaire, s\u00e9rieusement\u00a0?<\/a><\/li>\n\n\n\n<li><a href=\"https:\/\/snalc.fr\/conseil-de-discipline-le-snalc-vote-pour-proteger-les-personnels-et-les-eleves\/\">Conseil de discipline : le SNALC vote pour prot\u00e9ger les personnels et les \u00e9l\u00e8ves<\/a><\/li>\n\n\n\n<li><a href=\"https:\/\/snalc.fr\/stress-en-classe-comment-faire-face\/\">Stress en classe : comment faire face ?<\/a><\/li>\n<\/ul>\n\n\n\n<p><a href=\"https:\/\/snalc.fr\/wp-content\/uploads\/QU1500.pdf\">T\u00e9l\u00e9charger la revue en PDF<\/a><\/p>\n\n\n\n<figure class=\"wp-block-image\"><img decoding=\"async\" src=\"https:\/\/snalc.fr\/wp-content\/uploads\/QU1500-1D-723x1024.jpg\" alt=\"\" class=\"wp-image-53453\"\/><\/figure>\n\n\n\n<p><em><strong>Afin d\u2019\u00eatre au plus pr\u00e8s de vos attentes et de vous informer au mieux, la revue du SNALC a \u00e9volu\u00e9 d\u00e8s cette rentr\u00e9e, avec d\u00e9sormais deux num\u00e9ros mensuels au lieu d\u2019un : l\u2019un centr\u00e9 sur le second degr\u00e9 et le sup\u00e9rieur, et le second sur les probl\u00e9matiques sp\u00e9cifiques de l\u2019\u00e9cole primaire.<\/strong><\/em><\/p>\n\n\n\n<p><a href=\"https:\/\/snalc.fr\/quinzaine-universitaire-n1500-1d\/\">D\u00e9couvrir la revue Premier degr\u00e9<\/a><\/p>\n\n\n\n<figure class=\"wp-block-image\"><img decoding=\"async\" src=\"https:\/\/snalc.fr\/wp-content\/uploads\/Logo-anime-SNALC-120-ans.gif\" alt=\"\" class=\"wp-image-53275\"\/><\/figure>\n\n\n\n<p><a href=\"https:\/\/snalc.fr\/contact\/\" target=\"_blank\" rel=\"noreferrer noopener\">Nous \u00e9crire<\/a><\/p>\n","protected":false},"excerpt":{"rendered":"<p>\u00c9DITO : 120 ANS D\u2019IND\u00c9PENDANCE Jean-R\u00e9mi GirardPr\u00e9sident du SNALC Je suis tr\u00e8s heureux et tr\u00e8s touch\u00e9 d\u2019\u00eatre pr\u00e9sident du SNALC alors que nous f\u00eatons les 120 ans de notre organisation [&hellip;]<\/p>\n","protected":false},"author":1,"featured_media":0,"comment_status":"closed","ping_status":"closed","sticky":false,"template":"","format":"standard","meta":{"_lmt_disableupdate":"","_lmt_disable":"","site-sidebar-layout":"default","site-content-layout":"","ast-site-content-layout":"default","site-content-style":"default","site-sidebar-style":"default","ast-global-header-display":"","ast-banner-title-visibility":"","ast-main-header-display":"","ast-hfb-above-header-display":"","ast-hfb-below-header-display":"","ast-hfb-mobile-header-display":"","site-post-title":"","ast-breadcrumbs-content":"","ast-featured-img":"","footer-sml-layout":"","ast-disable-related-posts":"","theme-transparent-header-meta":"","adv-header-id-meta":"","stick-header-meta":"","header-above-stick-meta":"","header-main-stick-meta":"","header-below-stick-meta":"","astra-migrate-meta-layouts":"set","ast-page-background-enabled":"default","ast-page-background-meta":{"desktop":{"background-color":"var(--ast-global-color-4)","background-image":"","background-repeat":"repeat","background-position":"center center","background-size":"auto","background-attachment":"scroll","background-type":"","background-media":"","overlay-type":"","overlay-color":"","overlay-opacity":"","overlay-gradient":""},"tablet":{"background-color":"","background-image":"","background-repeat":"repeat","background-position":"center center","background-size":"auto","background-attachment":"scroll","background-type":"","background-media":"","overlay-type":"","overlay-color":"","overlay-opacity":"","overlay-gradient":""},"mobile":{"background-color":"","background-image":"","background-repeat":"repeat","background-position":"center center","background-size":"auto","background-attachment":"scroll","background-type":"","background-media":"","overlay-type":"","overlay-color":"","overlay-opacity":"","overlay-gradient":""}},"ast-content-background-meta":{"desktop":{"background-color":"var(--ast-global-color-5)","background-image":"","background-repeat":"repeat","background-position":"center center","background-size":"auto","background-attachment":"scroll","background-type":"","background-media":"","overlay-type":"","overlay-color":"","overlay-opacity":"","overlay-gradient":""},"tablet":{"background-color":"var(--ast-global-color-5)","background-image":"","background-repeat":"repeat","background-position":"center center","background-size":"auto","background-attachment":"scroll","background-type":"","background-media":"","overlay-type":"","overlay-color":"","overlay-opacity":"","overlay-gradient":""},"mobile":{"background-color":"var(--ast-global-color-5)","background-image":"","background-repeat":"repeat","background-position":"center center","background-size":"auto","background-attachment":"scroll","background-type":"","background-media":"","overlay-type":"","overlay-color":"","overlay-opacity":"","overlay-gradient":""}},"footnotes":""},"categories":[41,37],"tags":[],"class_list":["post-4298","post","type-post","status-publish","format-standard","hentry","category-actualites-2024-2025","category-qu"],"modified_by":"slecourtier","_links":{"self":[{"href":"https:\/\/snalc.org\/snalc2023\/index.php?rest_route=\/wp\/v2\/posts\/4298","targetHints":{"allow":["GET"]}}],"collection":[{"href":"https:\/\/snalc.org\/snalc2023\/index.php?rest_route=\/wp\/v2\/posts"}],"about":[{"href":"https:\/\/snalc.org\/snalc2023\/index.php?rest_route=\/wp\/v2\/types\/post"}],"author":[{"embeddable":true,"href":"https:\/\/snalc.org\/snalc2023\/index.php?rest_route=\/wp\/v2\/users\/1"}],"replies":[{"embeddable":true,"href":"https:\/\/snalc.org\/snalc2023\/index.php?rest_route=%2Fwp%2Fv2%2Fcomments&post=4298"}],"version-history":[{"count":1,"href":"https:\/\/snalc.org\/snalc2023\/index.php?rest_route=\/wp\/v2\/posts\/4298\/revisions"}],"predecessor-version":[{"id":4299,"href":"https:\/\/snalc.org\/snalc2023\/index.php?rest_route=\/wp\/v2\/posts\/4298\/revisions\/4299"}],"wp:attachment":[{"href":"https:\/\/snalc.org\/snalc2023\/index.php?rest_route=%2Fwp%2Fv2%2Fmedia&parent=4298"}],"wp:term":[{"taxonomy":"category","embeddable":true,"href":"https:\/\/snalc.org\/snalc2023\/index.php?rest_route=%2Fwp%2Fv2%2Fcategories&post=4298"},{"taxonomy":"post_tag","embeddable":true,"href":"https:\/\/snalc.org\/snalc2023\/index.php?rest_route=%2Fwp%2Fv2%2Ftags&post=4298"}],"curies":[{"name":"wp","href":"https:\/\/api.w.org\/{rel}","templated":true}]}}