{"id":4305,"date":"2025-04-16T20:08:18","date_gmt":"2025-04-16T18:08:18","guid":{"rendered":"https:\/\/snalc.org\/snalc2023\/?p=4305"},"modified":"2025-04-16T20:08:21","modified_gmt":"2025-04-16T18:08:21","slug":"concours-sur-la-periode-transitoire-2026-2028-compte-rendu-du-15-avril-2025","status":"publish","type":"post","link":"https:\/\/snalc.org\/snalc2023\/?p=4305","title":{"rendered":"Concours sur la p\u00e9riode transitoire 2026-2028 : compte rendu du 15 avril 2025"},"content":{"rendered":"\n<figure class=\"wp-block-image\"><img decoding=\"async\" src=\"https:\/\/snalc.fr\/wp-content\/uploads\/concours_freepik.com_pressfoto_218.jpg\" alt=\"\" class=\"wp-image-53565\"\/><figcaption class=\"wp-element-caption\">\u00a9 freepik.com_pressfoto_218<\/figcaption><\/figure>\n\n\n\n<p><strong>Groupe de travail des organisations syndicales repr\u00e9sentatives du MEN<\/strong><\/p>\n\n\n\n<p><strong>Mardi 15 avril 2025<\/strong><\/p>\n\n\n\n<h2 class=\"wp-block-heading\">LE TH\u00c8ME<\/h2>\n\n\n\n<p>Les concours durant la p\u00e9riode transitoire 2026-2028.<\/p>\n\n\n\n<h2 class=\"wp-block-heading\">L\u2019ESSENTIEL<\/h2>\n\n\n\n<p>Entre 2026 et 2028, le CRPE aura deux concours : l\u2019un en L3 et l\u2019autre en M2. Il en sera de m\u00eame pour les CAPES d\u2019une vingtaine de disciplines. Les autres passeront directement au seul concours en L3. Au final, \u00e0 partir de 2028, seuls l\u2019agr\u00e9gation et le concours Psy-EN resteront \u00e0 Bac+5.<\/p>\n\n\n\n<p>Ainsi, d\u00e8s la fin de l\u2019ann\u00e9e 2025-2026, les \u00e9tudiants en licence et en Master 1 pourront passer le concours. Les premiers seront form\u00e9s sur deux ans, les seconds iront en M2 s\u2019ils ont pass\u00e9 leur ann\u00e9e de Master en MEEF et referont un M1 dans le cas contraire (mais cela reste \u00e0 confirmer dans un arr\u00eat\u00e9).<\/p>\n\n\n\n<p>La seule incertitude porte sur la coexistence des deux concours pendant deux ans qui pourraient \u00eatre organis\u00e9s simultan\u00e9ment ou \u00e0 des dates diff\u00e9rentes.<\/p>\n\n\n\n<h2 class=\"wp-block-heading\">LE SNALC A INSIST\u00c9 SUR\u2026<\/h2>\n\n\n\n<p>Sans rappeler nos <a href=\"https:\/\/snalc.fr\/licence-professorat-des-ecoles-compte-rendu-du-11-avril-2025\/\">oppositions majeures<\/a> sur l\u2019ensemble de la r\u00e9forme (sur les \u00e9preuves de concours, la dispense d\u2019\u00e9crit du CRPE pour ceux ayant fait une licence pr\u00e9paratoire au professorat des \u00e9coles, etc.), nous avons exprim\u00e9 les positions et les interrogations suivantes :<\/p>\n\n\n\n<ul class=\"wp-block-list\">\n<li>Les concours doivent se tenir \u00e0 des dates diff\u00e9rentes pour permettre aux M2 qui le souhaitent de passer le concours L3 et le concours M2. En parall\u00e8le, il faudra ouvrir une liste compl\u00e9mentaire pour compenser le nombre de bi-admis.<\/li>\n\n\n\n<li>Les postes aux deux concours doivent \u00eatre d\u00e9finis et calibr\u00e9s.<\/li>\n\n\n\n<li>L\u2019arr\u00eat\u00e9 concernant le devenir des M1 doit faire l\u2019objet d\u2019une concertation.<\/li>\n\n\n\n<li>Le Minist\u00e8re doit clairement reconna\u00eetre que la formation correspond \u00e0 un Master. Pour l\u2019heure, le d\u00e9cret ne dit pas cela.<\/li>\n<\/ul>\n\n\n\n<h2 class=\"wp-block-heading\">L\u2019AVIS DU SNALC<\/h2>\n\n\n\n<p>Les plus gros chantiers de la r\u00e9forme de la formation initiale ne feront visiblement pas l\u2019objet de discussions. En effet, si un point d\u2019information nous sera pr\u00e9sent\u00e9 au CSA minist\u00e9riel du mois de mai, le d\u00e9cret ainsi que l\u2019arr\u00eat\u00e9 concernant les \u00e9quivalences dipl\u00f4me et les textes relatifs aux concours vont para\u00eetre tr\u00e8s prochainement.<\/p>\n\n\n\n<p>Ce groupe de travail traite certes de sujets importants pour les futurs candidats et laur\u00e9ats. Cependant, les&nbsp; sujets essentiels et les points bloquants sont ailleurs.<\/p>\n","protected":false},"excerpt":{"rendered":"<p>Groupe de travail des organisations syndicales repr\u00e9sentatives du MEN Mardi 15 avril 2025 LE TH\u00c8ME Les concours durant la p\u00e9riode transitoire 2026-2028. L\u2019ESSENTIEL Entre 2026 et 2028, le CRPE aura [&hellip;]<\/p>\n","protected":false},"author":1,"featured_media":0,"comment_status":"closed","ping_status":"closed","sticky":false,"template":"","format":"standard","meta":{"_lmt_disableupdate":"","_lmt_disable":"","site-sidebar-layout":"default","site-content-layout":"","ast-site-content-layout":"default","site-content-style":"default","site-sidebar-style":"default","ast-global-header-display":"","ast-banner-title-visibility":"","ast-main-header-display":"","ast-hfb-above-header-display":"","ast-hfb-below-header-display":"","ast-hfb-mobile-header-display":"","site-post-title":"","ast-breadcrumbs-content":"","ast-featured-img":"","footer-sml-layout":"","ast-disable-related-posts":"","theme-transparent-header-meta":"","adv-header-id-meta":"","stick-header-meta":"","header-above-stick-meta":"","header-main-stick-meta":"","header-below-stick-meta":"","astra-migrate-meta-layouts":"set","ast-page-background-enabled":"default","ast-page-background-meta":{"desktop":{"background-color":"var(--ast-global-color-4)","background-image":"","background-repeat":"repeat","background-position":"center center","background-size":"auto","background-attachment":"scroll","background-type":"","background-media":"","overlay-type":"","overlay-color":"","overlay-opacity":"","overlay-gradient":""},"tablet":{"background-color":"","background-image":"","background-repeat":"repeat","background-position":"center center","background-size":"auto","background-attachment":"scroll","background-type":"","background-media":"","overlay-type":"","overlay-color":"","overlay-opacity":"","overlay-gradient":""},"mobile":{"background-color":"","background-image":"","background-repeat":"repeat","background-position":"center center","background-size":"auto","background-attachment":"scroll","background-type":"","background-media":"","overlay-type":"","overlay-color":"","overlay-opacity":"","overlay-gradient":""}},"ast-content-background-meta":{"desktop":{"background-color":"var(--ast-global-color-5)","background-image":"","background-repeat":"repeat","background-position":"center center","background-size":"auto","background-attachment":"scroll","background-type":"","background-media":"","overlay-type":"","overlay-color":"","overlay-opacity":"","overlay-gradient":""},"tablet":{"background-color":"var(--ast-global-color-5)","background-image":"","background-repeat":"repeat","background-position":"center center","background-size":"auto","background-attachment":"scroll","background-type":"","background-media":"","overlay-type":"","overlay-color":"","overlay-opacity":"","overlay-gradient":""},"mobile":{"background-color":"var(--ast-global-color-5)","background-image":"","background-repeat":"repeat","background-position":"center center","background-size":"auto","background-attachment":"scroll","background-type":"","background-media":"","overlay-type":"","overlay-color":"","overlay-opacity":"","overlay-gradient":""}},"footnotes":""},"categories":[41],"tags":[],"class_list":["post-4305","post","type-post","status-publish","format-standard","hentry","category-actualites-2024-2025"],"modified_by":"slecourtier","_links":{"self":[{"href":"https:\/\/snalc.org\/snalc2023\/index.php?rest_route=\/wp\/v2\/posts\/4305","targetHints":{"allow":["GET"]}}],"collection":[{"href":"https:\/\/snalc.org\/snalc2023\/index.php?rest_route=\/wp\/v2\/posts"}],"about":[{"href":"https:\/\/snalc.org\/snalc2023\/index.php?rest_route=\/wp\/v2\/types\/post"}],"author":[{"embeddable":true,"href":"https:\/\/snalc.org\/snalc2023\/index.php?rest_route=\/wp\/v2\/users\/1"}],"replies":[{"embeddable":true,"href":"https:\/\/snalc.org\/snalc2023\/index.php?rest_route=%2Fwp%2Fv2%2Fcomments&post=4305"}],"version-history":[{"count":1,"href":"https:\/\/snalc.org\/snalc2023\/index.php?rest_route=\/wp\/v2\/posts\/4305\/revisions"}],"predecessor-version":[{"id":4306,"href":"https:\/\/snalc.org\/snalc2023\/index.php?rest_route=\/wp\/v2\/posts\/4305\/revisions\/4306"}],"wp:attachment":[{"href":"https:\/\/snalc.org\/snalc2023\/index.php?rest_route=%2Fwp%2Fv2%2Fmedia&parent=4305"}],"wp:term":[{"taxonomy":"category","embeddable":true,"href":"https:\/\/snalc.org\/snalc2023\/index.php?rest_route=%2Fwp%2Fv2%2Fcategories&post=4305"},{"taxonomy":"post_tag","embeddable":true,"href":"https:\/\/snalc.org\/snalc2023\/index.php?rest_route=%2Fwp%2Fv2%2Ftags&post=4305"}],"curies":[{"name":"wp","href":"https:\/\/api.w.org\/{rel}","templated":true}]}}