{"id":4319,"date":"2025-04-26T18:12:01","date_gmt":"2025-04-26T16:12:01","guid":{"rendered":"https:\/\/snalc.org\/snalc2023\/?p=4319"},"modified":"2025-04-26T18:12:04","modified_gmt":"2025-04-26T16:12:04","slug":"budget-2026-courrier-intersyndical-a-la-ministre","status":"publish","type":"post","link":"https:\/\/snalc.org\/snalc2023\/?p=4319","title":{"rendered":"Budget 2026 : courrier intersyndical \u00e0 la ministre"},"content":{"rendered":"\n<figure class=\"wp-block-image\"><img decoding=\"async\" src=\"https:\/\/snalc.fr\/wp-content\/uploads\/courrier_AdobeStock_505912269.jpg\" alt=\"\" class=\"wp-image-24943\"\/><figcaption class=\"wp-element-caption\">\u00a9 AdobeStock_505912269<\/figcaption><\/figure>\n\n\n\n<h2 class=\"wp-block-heading\">Courrier intersyndical<\/h2>\n\n\n\n<h2 class=\"wp-block-heading\">\u00e0 Madame Elisabeth BORNE, ministre d&rsquo;\u00c9tat,<\/h2>\n\n\n\n<h2 class=\"wp-block-heading\">ministre de l&rsquo;\u00c9ducation nationale, de l&rsquo;Enseignement sup\u00e9rieur et de la Recherche.<\/h2>\n\n\n\n<figure class=\"wp-block-image\"><img decoding=\"async\" src=\"https:\/\/snalc.fr\/wp-content\/uploads\/Bandeau_IS_20250423.jpg\" alt=\"\" class=\"wp-image-53721\"\/><\/figure>\n\n\n\n<p>Madame la ministre,&nbsp;<\/p>\n\n\n\n<p>Dans le cadre de la construction du budget 2026, le ministre de l\u2019\u00c9conomie vient d\u2019annoncer 40&nbsp;milliards d\u2019euros d\u2019efforts suppl\u00e9mentaires. De son c\u00f4t\u00e9, la porte-parole du gouvernement annonce&nbsp;qu\u2019entre 40 milliards et 50 milliards d\u2019euros d\u2019\u00e9conomies sont \u00ab \u00e0 trouver \u00bb pour le budget 2026.&nbsp;Nous avons \u00e9galement pris connaissance de la circulaire envoy\u00e9e par le minist\u00e8re de l\u2019\u00c9conomie \u00e0&nbsp;tous les minist\u00e8res dans laquelle il est demand\u00e9 \u00ab d\u2019identifier et de pr\u00e9senter un niveau ambitieux de&nbsp;diminution des effectifs \u00bb et qui pr\u00e9cise \u00ab toute mesure nouvelle devra \u00eatre gag\u00e9e int\u00e9gralement par&nbsp;une mesure d\u2019\u00e9conomie pour \u00eatre admise \u00bb. Apr\u00e8s un budget 2025, comportant des mesures&nbsp;synonymes de reculs sociaux et environnementaux, pass\u00e9 en force avec l\u2019article 49-3, nous&nbsp;d\u00e9non\u00e7ons fermement toute mesure qui d\u00e9graderait l\u2019avenir du service public d\u2019\u00c9ducation.&nbsp;<\/p>\n\n\n\n<p>Notre \u00c9cole a toujours les classes les plus charg\u00e9es d\u2019Europe, la crise d\u2019attractivit\u00e9 s\u2019enracine et ne&nbsp;peut \u00eatre r\u00e9solue qu\u2019avec un ensemble de mesures, dont des augmentations substantielles de&nbsp;r\u00e9mun\u00e9rations pour tous les personnels et une am\u00e9lioration des conditions de travail. Les personnels&nbsp;sont \u00e9puis\u00e9s et ont vu le sens de leur m\u00e9tier sans cesse remis en cause par des r\u00e9formes brutales,&nbsp;pens\u00e9es sans eux et qui d\u00e9gradent leur quotidien professionnel. L\u2019ann\u00e9e 2024 et l\u2019ann\u00e9e 2025 ont&nbsp;montr\u00e9 \u00e0 quel point la situation est critique dans notre secteur : en plus des \u00e9l\u00e9ments \u00e9voqu\u00e9s cidessus,&nbsp;le minist\u00e8re a rogn\u00e9 sur les remboursements de frais de d\u00e9placement des personnels, a tent\u00e9&nbsp;de couper les HSE, a rogn\u00e9 sur le Pass Culture, comptant sur la bonne volont\u00e9 des personnels pour&nbsp;continuer d\u2019exercer pleinement leur mission \u00e0 moindre frais.&nbsp;Par ailleurs, des coll\u00e8gues non titulaires ont vu, brutalement, leur contrat non reconduit par certains&nbsp;rectorats. Il a fallu toute la pression syndicale et m\u00e9diatique pour que ces rectorats fassent machine&nbsp;arri\u00e8re. Ce manque de consid\u00e9ration pour des personnels pr\u00e9caires n\u2019est pas acceptable.&nbsp;<\/p>\n\n\n\n<p>Le service public d\u2019\u00c9ducation ne tient plus qu\u2019\u00e0 un fil : celui de la conscience professionnelle de&nbsp;nos coll\u00e8gues. Tirer sur ce fil, sans r\u00e9pondre aux attentes et aux urgences, \u00e0 commencer par celles&nbsp;des r\u00e9mun\u00e9rations et des conditions de travail, serait une forme de cynisme irresponsable qui ne&nbsp;pourrait qu\u2019aggraver davantage la crise dans l\u2019\u00c9ducation nationale.&nbsp;<\/p>\n\n\n\n<p>L\u2019annulation des 4000 suppressions d\u2019emplois de professeurs pour la rentr\u00e9e 2025 a \u00e9t\u00e9 un premier&nbsp;pas, mais le compte n\u2019y est pas. Notre premier bilan de pr\u00e9paration de la rentr\u00e9e 2025 montre que&nbsp;les fermetures de classes sont tr\u00e8s nombreuses dans le premier degr\u00e9 (pas moins de 5000 selon nos&nbsp;chiffres). Dans le second degr\u00e9, de nombreux \u00e9tablissements subissent des baisses de DGH, les&nbsp;dotations vie scolaire restent insuffisantes : tout cela ne permet pas d\u2019am\u00e9liorer de mani\u00e8re&nbsp;significative les conditions d\u2019\u00e9tudes des \u00e9l\u00e8ves, le climat scolaire et les conditions de travail des&nbsp;personnels. Faute de moyens suffisants, la qualit\u00e9 de scolarisation des \u00e9l\u00e8ves en situation de&nbsp;handicap ne s\u2019am\u00e9liorera pas. Dans les \u00e9coles, coll\u00e8ges et lyc\u00e9es l\u2019ensemble des&nbsp;personnels (professeurs, AESH, AED, Psy-EN, CPE, personnels administratifs, personnels de&nbsp;direction, assistantes sociales, infirmi\u00e8res scolaires, ITRF, m\u00e9decins scolaires) voient se profiler une&nbsp;nouvelle rentr\u00e9e dans des conditions de travail tr\u00e8s d\u00e9grad\u00e9es. Les mobilisations des personnels, des&nbsp;parents d\u2019\u00e9l\u00e8ves et des \u00e9lus locaux se multiplient depuis le mois de janvier. Nos organisations&nbsp;syndicales soutiennent toutes ces mobilisations et contribueront \u00e0 les amplifier.&nbsp;<\/p>\n\n\n\n<p>Les organisations syndicales, repr\u00e9sentatives des personnels qui font l\u2019\u00c9cole au quotidien, au plus&nbsp;pr\u00e8s de l\u2019ensemble de la population du pays, refusent toute nouvelle instrumentalisation de la baisse&nbsp;d\u00e9mographique pour justifier des suppressions d\u2019emplois (comme le pr\u00e9conisait le rapport de l\u2019IGF&nbsp;et l\u2019IGESR que vous aviez command\u00e9 \u00e0 l\u2019automne 2023 \u00e0 Matignon). Nous refusons aussi la&nbsp;perspective d\u2019une ann\u00e9e blanche en mati\u00e8re de revalorisation salariale. Nous n\u2019accepterons pas les&nbsp;renoncements budg\u00e9taires \u00e0 am\u00e9liorer les conditions de travail et de r\u00e9mun\u00e9ration des personnels, \u00e0&nbsp;am\u00e9liorer les conditions de scolarisation des enfants et adolescents.&nbsp;<\/p>\n\n\n\n<p>Nos organisations FSU, UNSA \u00c9ducation, FNEC FP FO, CFDT EFRP, CGT Educ\u2019action, SNALC&nbsp;et SUD \u00c9ducation vous demandent l\u2019ouverture de discussions dans le cadre d\u2019une r\u00e9union&nbsp;multilat\u00e9rale ou d\u2019un CSAMEN en votre pr\u00e9sence, sur les orientations budg\u00e9taires port\u00e9es par votre&nbsp;minist\u00e8re au sein du gouvernement. Ce dialogue ne peut plus se limiter \u00e0 la pr\u00e9sentation une fois par&nbsp;an de la r\u00e9partition acad\u00e9mique des cr\u00e9ations et suppressions d\u2019emplois apr\u00e8s l\u2019adoption de la loi&nbsp;de finances initiale. Il est temps d\u2019ouvrir la bo\u00eete noire de la pr\u00e9paration du budget. Les d\u00e9cisions&nbsp;budg\u00e9taires du gouvernement et du Parlement ont des cons\u00e9quences pour le service public&nbsp;d\u2019\u00c9ducation et pour le travail des personnels par bien d\u2019autres aspects que la carte des emplois. Ces&nbsp;d\u00e9cisions ne peuvent donc \u00eatre prises sans prendre en compte les revendications de nos&nbsp;organisations qui relayent ainsi les attentes et exigences des personnels. A d\u00e9faut, nos organisations&nbsp;sont pr\u00eates \u00e0 pr\u00e9parer et organiser les mobilisations pour faire aboutir nos revendications pour le&nbsp;service public d\u2019\u00c9ducation, la revalorisation des personnels et l\u2019am\u00e9lioration des conditions de&nbsp;travail des personnels et d\u2019\u00e9tude des \u00e9l\u00e8ves.&nbsp;<\/p>\n\n\n\n<p>Veuillez recevoir, Madame la ministre, nos respectueuses salutations.&nbsp;<\/p>\n\n\n\n<p>L\u2019intersyndicale FSU, UNSA \u00c9ducation, FNEC FP FO, CFDT EFRP, CGT Educ\u2019action, SNALC et&nbsp;SUD \u00c9ducation.&nbsp;<\/p>\n\n\n\n<p><em>Paris, le 23 avril 2025<\/em><\/p>\n\n\n\n<p>L<em>\u2019intersyndicale FSU, UNSA \u00c9ducation, FNEC FP FO, CFDT EFRP, CGT Educ\u2019action, SNALC et&nbsp;SUD \u00c9ducation<\/em><\/p>\n\n\n\n<p><a href=\"https:\/\/snalc.fr\/wp-content\/uploads\/Courrier_IS_ministre_budget_20250423.pdf\">T\u00e9l\u00e9charger<\/a><\/p>\n","protected":false},"excerpt":{"rendered":"<p>Courrier intersyndical \u00e0 Madame Elisabeth BORNE, ministre d&rsquo;\u00c9tat, ministre de l&rsquo;\u00c9ducation nationale, de l&rsquo;Enseignement sup\u00e9rieur et de la Recherche. Madame la ministre,&nbsp; Dans le cadre de la construction du budget [&hellip;]<\/p>\n","protected":false},"author":1,"featured_media":0,"comment_status":"closed","ping_status":"closed","sticky":false,"template":"","format":"standard","meta":{"_lmt_disableupdate":"","_lmt_disable":"","site-sidebar-layout":"default","site-content-layout":"","ast-site-content-layout":"default","site-content-style":"default","site-sidebar-style":"default","ast-global-header-display":"","ast-banner-title-visibility":"","ast-main-header-display":"","ast-hfb-above-header-display":"","ast-hfb-below-header-display":"","ast-hfb-mobile-header-display":"","site-post-title":"","ast-breadcrumbs-content":"","ast-featured-img":"","footer-sml-layout":"","ast-disable-related-posts":"","theme-transparent-header-meta":"","adv-header-id-meta":"","stick-header-meta":"","header-above-stick-meta":"","header-main-stick-meta":"","header-below-stick-meta":"","astra-migrate-meta-layouts":"set","ast-page-background-enabled":"default","ast-page-background-meta":{"desktop":{"background-color":"var(--ast-global-color-4)","background-image":"","background-repeat":"repeat","background-position":"center center","background-size":"auto","background-attachment":"scroll","background-type":"","background-media":"","overlay-type":"","overlay-color":"","overlay-opacity":"","overlay-gradient":""},"tablet":{"background-color":"","background-image":"","background-repeat":"repeat","background-position":"center center","background-size":"auto","background-attachment":"scroll","background-type":"","background-media":"","overlay-type":"","overlay-color":"","overlay-opacity":"","overlay-gradient":""},"mobile":{"background-color":"","background-image":"","background-repeat":"repeat","background-position":"center center","background-size":"auto","background-attachment":"scroll","background-type":"","background-media":"","overlay-type":"","overlay-color":"","overlay-opacity":"","overlay-gradient":""}},"ast-content-background-meta":{"desktop":{"background-color":"var(--ast-global-color-5)","background-image":"","background-repeat":"repeat","background-position":"center center","background-size":"auto","background-attachment":"scroll","background-type":"","background-media":"","overlay-type":"","overlay-color":"","overlay-opacity":"","overlay-gradient":""},"tablet":{"background-color":"var(--ast-global-color-5)","background-image":"","background-repeat":"repeat","background-position":"center center","background-size":"auto","background-attachment":"scroll","background-type":"","background-media":"","overlay-type":"","overlay-color":"","overlay-opacity":"","overlay-gradient":""},"mobile":{"background-color":"var(--ast-global-color-5)","background-image":"","background-repeat":"repeat","background-position":"center center","background-size":"auto","background-attachment":"scroll","background-type":"","background-media":"","overlay-type":"","overlay-color":"","overlay-opacity":"","overlay-gradient":""}},"footnotes":""},"categories":[41],"tags":[],"class_list":["post-4319","post","type-post","status-publish","format-standard","hentry","category-actualites-2024-2025"],"modified_by":"slecourtier","_links":{"self":[{"href":"https:\/\/snalc.org\/snalc2023\/index.php?rest_route=\/wp\/v2\/posts\/4319","targetHints":{"allow":["GET"]}}],"collection":[{"href":"https:\/\/snalc.org\/snalc2023\/index.php?rest_route=\/wp\/v2\/posts"}],"about":[{"href":"https:\/\/snalc.org\/snalc2023\/index.php?rest_route=\/wp\/v2\/types\/post"}],"author":[{"embeddable":true,"href":"https:\/\/snalc.org\/snalc2023\/index.php?rest_route=\/wp\/v2\/users\/1"}],"replies":[{"embeddable":true,"href":"https:\/\/snalc.org\/snalc2023\/index.php?rest_route=%2Fwp%2Fv2%2Fcomments&post=4319"}],"version-history":[{"count":1,"href":"https:\/\/snalc.org\/snalc2023\/index.php?rest_route=\/wp\/v2\/posts\/4319\/revisions"}],"predecessor-version":[{"id":4320,"href":"https:\/\/snalc.org\/snalc2023\/index.php?rest_route=\/wp\/v2\/posts\/4319\/revisions\/4320"}],"wp:attachment":[{"href":"https:\/\/snalc.org\/snalc2023\/index.php?rest_route=%2Fwp%2Fv2%2Fmedia&parent=4319"}],"wp:term":[{"taxonomy":"category","embeddable":true,"href":"https:\/\/snalc.org\/snalc2023\/index.php?rest_route=%2Fwp%2Fv2%2Fcategories&post=4319"},{"taxonomy":"post_tag","embeddable":true,"href":"https:\/\/snalc.org\/snalc2023\/index.php?rest_route=%2Fwp%2Fv2%2Ftags&post=4319"}],"curies":[{"name":"wp","href":"https:\/\/api.w.org\/{rel}","templated":true}]}}