{"id":4333,"date":"2025-05-08T10:33:38","date_gmt":"2025-05-08T08:33:38","guid":{"rendered":"https:\/\/snalc.org\/snalc2023\/?p=4333"},"modified":"2025-05-08T10:33:41","modified_gmt":"2025-05-08T08:33:41","slug":"aesh-declaration-intersyndicale-au-csa-ministeriel-du-6-mai-2025","status":"publish","type":"post","link":"https:\/\/snalc.org\/snalc2023\/?p=4333","title":{"rendered":"AESH : d\u00e9claration intersyndicale au CSA minist\u00e9riel du 6 mai 2025"},"content":{"rendered":"\n<figure class=\"wp-block-image\"><img decoding=\"async\" src=\"https:\/\/snalc.fr\/wp-content\/uploads\/declaration_freepik.com_2149579705.jpg\" alt=\"\" class=\"wp-image-54314\"\/><figcaption class=\"wp-element-caption\">\u00a9 freepik.com_2149579705<\/figcaption><\/figure>\n\n\n\n<h2 class=\"wp-block-heading\">D\u00e9claration intersyndicale<\/h2>\n\n\n\n<h2 class=\"wp-block-heading\">Comit\u00e9 social d&rsquo;administration minist\u00e9riel de l&rsquo;\u00c9ducation nationale<\/h2>\n\n\n\n<h2 class=\"wp-block-heading\">6 mai 2025<\/h2>\n\n\n\n<figure class=\"wp-block-image\"><img decoding=\"async\" src=\"https:\/\/snalc.fr\/wp-content\/uploads\/BANDEAU_IS_CSA-MEN_2025.jpg\" alt=\"\" class=\"wp-image-54316\"\/><\/figure>\n\n\n\n<p>Aujourd\u2019hui un agent de l\u2019\u00c9ducation nationale sur dix est AESH, ce qui correspond, en volume, au deuxi\u00e8me m\u00e9tier de notre minist\u00e8re. Les AESH exercent une mission de service publique p\u00e9renne dont l\u2019utilit\u00e9 n\u2019est plus \u00e0 d\u00e9montrer. Sans leur travail dans les classes, aupr\u00e8s des \u00e9l\u00e8ves en situation de handicap, il n\u2019y aurait pas d\u2019\u00e9cole inclusive.<\/p>\n\n\n\n<p>Apr\u00e8s avoir \u00e9t\u00e9 recrut\u00e9s sur une longue liste de contrats pr\u00e9caires (EVS, AVS, AED-AVS\u2026), l\u2019action des organisations syndicales a permis d\u2019am\u00e9liorer progressivement les conditions d\u2019emploi de ces personnels qui accompagnent les \u00e9l\u00e8ves dans les \u00e9coles et les \u00e9tablissements scolaires. Les contrats d\u2019AESH, l\u2019acc\u00e8s \u00e0 un CDI et l\u2019\u00e9volution automatique des r\u00e9mun\u00e9rations constituent des avanc\u00e9es. M<s>a<\/s>is cela ne suffit pas \u00e0 assurer des conditions d\u2019emploi et de travail satisfaisantes, ni \u00e0 garantir la pleine reconnaissance d\u2019un m\u00e9tier \u00e0 part enti\u00e8re.<\/p>\n\n\n\n<p>Chaque jour nos organisations syndicales sont alert\u00e9es par de nouvelles probl\u00e9matiques qui concernent les AESH,&nbsp;qu\u2019elles rel\u00e8vent de leur contrat, de leur temps de travail, de leur r\u00e9mun\u00e9ration ou de leurs droits. La liste serait longue si on voulait en rechercher l\u2019exhaustivit\u00e9. Ces agents se heurtent la plupart du temps au silence de leur administration et \u00e0 une absence de consid\u00e9ration et au m\u00e9pris de l\u2019institution.<\/p>\n\n\n\n<p>Il est aujourd\u2019hui urgent de conforter les AESH dans leurs missions en leur garantissant une reconnaissance statutaire r\u00e9ellement protectrice et un v\u00e9ritable m\u00e9tier de la Fonction publique. C\u2019est la seule issue possible pour construire une carri\u00e8re professionnelle et en finir avec cette pr\u00e9carit\u00e9 insupportable (temps incomplets, bas salaires, formation quasi inexistante\u2026). Parce que l\u2019accompagnement des \u00e9l\u00e8ves en situation de handicap est un besoin permanent, cette mission doit \u00eatre r\u00e9alis\u00e9e par des fonctionnaires.<\/p>\n\n\n\n<p>C\u2019est pourquoi, Madame la premi\u00e8re ministre, nous vous demandons solennellement la cr\u00e9ation d\u2019un corps de fonctionnaire de cat\u00e9gorie B pour offrir aux AESH un statut sp\u00e9cifique et protecteur, une carri\u00e8re, l\u2019acc\u00e8s de droit \u00e0 un temps complet et \u00e0 une formation statutaire. Nos organisations syndicales sont d\u00e9termin\u00e9es pour avancer sur la question et elles prennent d\u2019ores et d\u00e9j\u00e0 contact avec la repr\u00e9sentation nationale pour obtenir rapidement des avanc\u00e9es. Il s\u2019agit de reconna\u00eetre enfin le m\u00e9tier d\u2019AESH dans la Fonction publique<\/p>\n\n\n\n<p><em>Paris, le 6 mai 2025<\/em><\/p>\n\n\n\n<p><em>Les organisations FSU, SE-Unsa, CFDT EFRP, CGT Educ\u2019action, SNALC et SUD \u00c9ducation<\/em><\/p>\n\n\n\n<p><a href=\"https:\/\/snalc.fr\/wp-content\/uploads\/20250506_CSAMEN_decla_IS.pdf\">T\u00e9l\u00e9charger<\/a><\/p>\n","protected":false},"excerpt":{"rendered":"<p>D\u00e9claration intersyndicale Comit\u00e9 social d&rsquo;administration minist\u00e9riel de l&rsquo;\u00c9ducation nationale 6 mai 2025 Aujourd\u2019hui un agent de l\u2019\u00c9ducation nationale sur dix est AESH, ce qui correspond, en volume, au deuxi\u00e8me m\u00e9tier [&hellip;]<\/p>\n","protected":false},"author":1,"featured_media":0,"comment_status":"closed","ping_status":"closed","sticky":false,"template":"","format":"standard","meta":{"_lmt_disableupdate":"","_lmt_disable":"","site-sidebar-layout":"default","site-content-layout":"","ast-site-content-layout":"default","site-content-style":"default","site-sidebar-style":"default","ast-global-header-display":"","ast-banner-title-visibility":"","ast-main-header-display":"","ast-hfb-above-header-display":"","ast-hfb-below-header-display":"","ast-hfb-mobile-header-display":"","site-post-title":"","ast-breadcrumbs-content":"","ast-featured-img":"","footer-sml-layout":"","ast-disable-related-posts":"","theme-transparent-header-meta":"","adv-header-id-meta":"","stick-header-meta":"","header-above-stick-meta":"","header-main-stick-meta":"","header-below-stick-meta":"","astra-migrate-meta-layouts":"set","ast-page-background-enabled":"default","ast-page-background-meta":{"desktop":{"background-color":"var(--ast-global-color-4)","background-image":"","background-repeat":"repeat","background-position":"center center","background-size":"auto","background-attachment":"scroll","background-type":"","background-media":"","overlay-type":"","overlay-color":"","overlay-opacity":"","overlay-gradient":""},"tablet":{"background-color":"","background-image":"","background-repeat":"repeat","background-position":"center center","background-size":"auto","background-attachment":"scroll","background-type":"","background-media":"","overlay-type":"","overlay-color":"","overlay-opacity":"","overlay-gradient":""},"mobile":{"background-color":"","background-image":"","background-repeat":"repeat","background-position":"center center","background-size":"auto","background-attachment":"scroll","background-type":"","background-media":"","overlay-type":"","overlay-color":"","overlay-opacity":"","overlay-gradient":""}},"ast-content-background-meta":{"desktop":{"background-color":"var(--ast-global-color-5)","background-image":"","background-repeat":"repeat","background-position":"center center","background-size":"auto","background-attachment":"scroll","background-type":"","background-media":"","overlay-type":"","overlay-color":"","overlay-opacity":"","overlay-gradient":""},"tablet":{"background-color":"var(--ast-global-color-5)","background-image":"","background-repeat":"repeat","background-position":"center center","background-size":"auto","background-attachment":"scroll","background-type":"","background-media":"","overlay-type":"","overlay-color":"","overlay-opacity":"","overlay-gradient":""},"mobile":{"background-color":"var(--ast-global-color-5)","background-image":"","background-repeat":"repeat","background-position":"center center","background-size":"auto","background-attachment":"scroll","background-type":"","background-media":"","overlay-type":"","overlay-color":"","overlay-opacity":"","overlay-gradient":""}},"footnotes":""},"categories":[41,13],"tags":[],"class_list":["post-4333","post","type-post","status-publish","format-standard","hentry","category-actualites-2024-2025","category-aesh"],"modified_by":"slecourtier","_links":{"self":[{"href":"https:\/\/snalc.org\/snalc2023\/index.php?rest_route=\/wp\/v2\/posts\/4333","targetHints":{"allow":["GET"]}}],"collection":[{"href":"https:\/\/snalc.org\/snalc2023\/index.php?rest_route=\/wp\/v2\/posts"}],"about":[{"href":"https:\/\/snalc.org\/snalc2023\/index.php?rest_route=\/wp\/v2\/types\/post"}],"author":[{"embeddable":true,"href":"https:\/\/snalc.org\/snalc2023\/index.php?rest_route=\/wp\/v2\/users\/1"}],"replies":[{"embeddable":true,"href":"https:\/\/snalc.org\/snalc2023\/index.php?rest_route=%2Fwp%2Fv2%2Fcomments&post=4333"}],"version-history":[{"count":1,"href":"https:\/\/snalc.org\/snalc2023\/index.php?rest_route=\/wp\/v2\/posts\/4333\/revisions"}],"predecessor-version":[{"id":4334,"href":"https:\/\/snalc.org\/snalc2023\/index.php?rest_route=\/wp\/v2\/posts\/4333\/revisions\/4334"}],"wp:attachment":[{"href":"https:\/\/snalc.org\/snalc2023\/index.php?rest_route=%2Fwp%2Fv2%2Fmedia&parent=4333"}],"wp:term":[{"taxonomy":"category","embeddable":true,"href":"https:\/\/snalc.org\/snalc2023\/index.php?rest_route=%2Fwp%2Fv2%2Fcategories&post=4333"},{"taxonomy":"post_tag","embeddable":true,"href":"https:\/\/snalc.org\/snalc2023\/index.php?rest_route=%2Fwp%2Fv2%2Ftags&post=4333"}],"curies":[{"name":"wp","href":"https:\/\/api.w.org\/{rel}","templated":true}]}}