{"id":4341,"date":"2025-05-13T16:21:10","date_gmt":"2025-05-13T14:21:10","guid":{"rendered":"https:\/\/snalc.org\/snalc2023\/?p=4341"},"modified":"2025-05-13T16:21:12","modified_gmt":"2025-05-13T14:21:12","slug":"quinzaine-universitaire-n1501","status":"publish","type":"post","link":"https:\/\/snalc.org\/snalc2023\/?p=4341","title":{"rendered":"QUINZAINE UNIVERSITAIRE n\u00b01501"},"content":{"rendered":"\n<figure class=\"wp-block-image\"><img decoding=\"async\" src=\"https:\/\/snalc.fr\/wp-content\/uploads\/QU1501.jpg\" alt=\"\" class=\"wp-image-54425\"\/><\/figure>\n\n\n\n<p><strong>\u00c9DITO : <a href=\"https:\/\/snalc.fr\/la-politique-du-cache-misere\/\">LA POLITIQUE DU CACHE-MIS\u00c8RE<\/a><\/strong><\/p>\n\n\n\n<figure class=\"wp-block-image\"><img decoding=\"async\" src=\"https:\/\/snalc.fr\/wp-content\/uploads\/elementor\/thumbs\/SNALC-congres-Strasbourg-mai-2023-Photo-Philippe-Sautier-3-e1686317689865-qfu77nw4qlxwj5dktm23kiay8chujy1r6wng15ek0o.jpg\" alt=\"SNALC congres Strasbourg mai 2023 - Photo Philippe Sautier (3)\" title=\"SNALC congres Strasbourg mai 2023 \u2013 Photo Philippe Sautier (3)\"\/><\/figure>\n\n\n\n<p>Jean-R\u00e9mi Girard<br>Pr\u00e9sident du SNALC<\/p>\n\n\n\n<p>Alors que l\u2019\u00c9ducation nationale continue de s\u2019enfoncer dans une crise durable, notre minist\u00e8re doit devenir et rester une priorit\u00e9 budg\u00e9taire sur le long terme. C\u2019est pourquoi le SNALC continue de revendiquer une loi de programmation pluri-annuelle afin d\u2019y inscrire le n\u00e9cessaire rattrapage salarial auquel nous avons droit. Les personnels enseignants, rappelons-le, connaissent un diff\u00e9rentiel de 1 000&nbsp;\u20ac mensuels en leur d\u00e9faveur par rapport au reste des cat\u00e9gories A dans la fonction publique d\u2019\u00c9tat. De m\u00eame, nous ne pouvons continuer de sous-payer des m\u00e9tiers essentiels comme ceux d\u2019AESH et d\u2019AED.<\/p>\n\n\n\n<p>Nos coll\u00e8gues ont besoin de m\u00e9tiers attractifs, et non de mesurettes qui les divisent ou, pire, d\u2019effets d\u2019annonce contre-productifs comme la prochaine convention citoyenne sur les temps de l\u2019enfant, dont le SNALC demande la suspension. De m\u00eame pour les assises de la sant\u00e9 scolaire, qui n\u2019aideront en rien \u00e0 recruter des personnels sociaux et de sant\u00e9 et \u00e0 mieux les r\u00e9mun\u00e9rer. De m\u00eame pour le nouveau socle commun, qui n\u2019aidera en rien \u00e0 am\u00e9liorer l\u2019\u00c9cole.<\/p>\n\n\n\n<p>La politique du cache-mis\u00e8re ne co\u00fbte certes pas cher, mais elle n\u2019am\u00e9liore en rien notre syst\u00e8me. Pire, elle rajoute des contraintes et fait perdre du temps \u00e0 tout le monde.<\/p>\n\n\n\n<p>Nous ne cesserons de le rappeler&nbsp;: les priorit\u00e9s pour le SNALC sont la r\u00e9mun\u00e9ration de tous et les conditions de travail de tous. Le reste, c\u2019est du vent.<\/p>\n\n\n\n<p><strong>DOSSIER DU MOIS :&nbsp;<\/strong><a href=\"https:\/\/snalc.fr\/haro-sur-la-deformation\/\"><strong>HARO SUR LA (D\u00c9)FORMATION&nbsp;!<\/strong><\/a><\/p>\n\n\n\n<ul class=\"wp-block-list\">\n<li><strong>PARTIE I : R\u00c9FORMER LA FORMATION INITIALE<\/strong>\n<ul class=\"wp-block-list\">\n<li><a href=\"https:\/\/snalc.fr\/haro-sur-la-deformation#place\">La place du concours : un vrai dilemme ou un faux probl\u00e8me ?<\/a><\/li>\n\n\n\n<li><a href=\"https:\/\/snalc.fr\/haro-sur-la-deformation#noeud\">Concours, le n\u0153ud du probl\u00e8me<\/a><\/li>\n\n\n\n<li><a href=\"https:\/\/snalc.fr\/haro-sur-la-deformation#pe\">Licence PE, un gage de qualit\u00e9 ?<\/a><\/li>\n\n\n\n<li><a href=\"https:\/\/snalc.fr\/haro-sur-la-deformation#master\">Un master flou dangereux<\/a><\/li>\n<\/ul>\n<\/li>\n\n\n\n<li><strong>PARTIE II : LA FORMATION CONTINUE<\/strong>\n<ul class=\"wp-block-list\">\n<li><a href=\"https:\/\/snalc.fr\/haro-sur-la-deformation#nerf\">Le nerf de la guerre<\/a><\/li>\n\n\n\n<li><a href=\"https:\/\/snalc.fr\/haro-sur-la-deformation#asynchrone\">La \u00ab formation asynchrone \u00bb, nouvelle panac\u00e9e ?<\/a><\/li>\n\n\n\n<li><a href=\"https:\/\/snalc.fr\/haro-sur-la-deformation#discipline\">O\u00f9 sont pass\u00e9es les formations disciplinaires ?<\/a><\/li>\n<\/ul>\n<\/li>\n<\/ul>\n\n\n\n<p><strong>VIE SYNDICALE<\/strong><\/p>\n\n\n\n<ul class=\"wp-block-list\">\n<li><a href=\"https:\/\/snalc.fr\/avec-avantages-snalc-les-vacances-on-y-pense-maintenant\/\">Avec Avantages-SNALC, les vacances, on y pense maintenant\u00a0!<\/a><\/li>\n<\/ul>\n\n\n\n<p><strong>SYST\u00c8ME \u00c9DUCATIF<\/strong><\/p>\n\n\n\n<ul class=\"wp-block-list\">\n<li><a href=\"https:\/\/snalc.fr\/tests-physiques-en-6e-un-bon-depart\/\">Tests physiques en 6\u00e8 : un bon d\u00e9part ?<\/a><\/li>\n\n\n\n<li><a href=\"https:\/\/snalc.fr\/former-a-la-verification-dimages-un-enjeu-educatif-majeur-a-lere-numerique\/\">Former \u00e0 la v\u00e9rification d\u2019images : un enjeu \u00e9ducatif majeur \u00e0 l\u2019\u00e8re num\u00e9rique<\/a><\/li>\n\n\n\n<li><a href=\"https:\/\/snalc.fr\/du-choc-des-savoirs-au-choc-des-bavoirs\/\">Du \u00ab choc des savoirs \u00bb au choc des bavoirs<\/a><\/li>\n<\/ul>\n\n\n\n<p><strong>CONDITIONS DE TRAVAIL<\/strong><\/p>\n\n\n\n<ul class=\"wp-block-list\">\n<li><a href=\"https:\/\/snalc.fr\/20-ans-de-la-loi-handicap-et-les-personnels\/\">20 ans de la loi handicap\u00a0: et les personnels\u00a0?<\/a><\/li>\n\n\n\n<li><a href=\"https:\/\/snalc.fr\/article-40-du-code-de-procedure-penale-une-obligation-de-signalement\/\">Article 40 du Code de proc\u00e9dure p\u00e9nale : une obligation de signalement<\/a><\/li>\n\n\n\n<li><a href=\"https:\/\/snalc.fr\/avril-2026-combien-vais-je-payer-psc\/\">Avril 2026\u00a0: combien vais-je payer pour la protection sociale compl\u00e9mentaire en sant\u00e9\u00a0?<\/a><\/li>\n\n\n\n<li><a href=\"https:\/\/snalc.fr\/enquete-du-snalc-accompagnement-des-professeurs\/\">Enqu\u00eate du SNALC\u00a0: l\u2019accompagnement des professeurs<\/a><\/li>\n<\/ul>\n\n\n\n<p><strong>LES PERSONNELS<\/strong><\/p>\n\n\n\n<ul class=\"wp-block-list\">\n<li><a href=\"https:\/\/snalc.fr\/rachat-dannees-detudes-le-snalc-denonce-un-manque-flagrant-dinformation\/\">Rachat d\u2019ann\u00e9es d\u2019\u00e9tudes\u00a0: le SNALC d\u00e9nonce un manque flagrant d\u2019information<\/a><\/li>\n\n\n\n<li><a href=\"https:\/\/snalc.fr\/ne-loubliez-pas\/\">Ne l\u2019oubliez pas !<\/a><\/li>\n<\/ul>\n\n\n\n<p><a href=\"https:\/\/snalc.fr\/wp-content\/uploads\/QU1501.pdf\">T\u00e9l\u00e9charger la revue en PDF<\/a><\/p>\n\n\n\n<figure class=\"wp-block-image\"><img decoding=\"async\" src=\"https:\/\/snalc.fr\/wp-content\/uploads\/QU1501-1D-723x1024.jpg\" alt=\"\" class=\"wp-image-54424\"\/><\/figure>\n\n\n\n<p><em><strong>Afin d\u2019\u00eatre au plus pr\u00e8s de vos attentes et de vous informer au mieux, la revue du SNALC a \u00e9volu\u00e9 d\u00e8s cette rentr\u00e9e, avec d\u00e9sormais deux num\u00e9ros mensuels au lieu d\u2019un : l\u2019un centr\u00e9 sur le second degr\u00e9 et le sup\u00e9rieur, et le second sur les probl\u00e9matiques sp\u00e9cifiques de l\u2019\u00e9cole primaire.<\/strong><\/em><\/p>\n\n\n\n<p><a href=\"https:\/\/snalc.fr\/quinzaine-universitaire-n1501-1d\/\">D\u00e9couvrir la revue Premier degr\u00e9<\/a><\/p>\n\n\n\n<p><a href=\"https:\/\/snalc.fr\/contact\/\" target=\"_blank\" rel=\"noreferrer noopener\">Nous \u00e9crire<\/a><\/p>\n","protected":false},"excerpt":{"rendered":"<p>\u00c9DITO : LA POLITIQUE DU CACHE-MIS\u00c8RE Jean-R\u00e9mi GirardPr\u00e9sident du SNALC Alors que l\u2019\u00c9ducation nationale continue de s\u2019enfoncer dans une crise durable, notre minist\u00e8re doit devenir et rester une priorit\u00e9 budg\u00e9taire [&hellip;]<\/p>\n","protected":false},"author":1,"featured_media":0,"comment_status":"closed","ping_status":"closed","sticky":false,"template":"","format":"standard","meta":{"_lmt_disableupdate":"","_lmt_disable":"","site-sidebar-layout":"default","site-content-layout":"","ast-site-content-layout":"default","site-content-style":"default","site-sidebar-style":"default","ast-global-header-display":"","ast-banner-title-visibility":"","ast-main-header-display":"","ast-hfb-above-header-display":"","ast-hfb-below-header-display":"","ast-hfb-mobile-header-display":"","site-post-title":"","ast-breadcrumbs-content":"","ast-featured-img":"","footer-sml-layout":"","ast-disable-related-posts":"","theme-transparent-header-meta":"","adv-header-id-meta":"","stick-header-meta":"","header-above-stick-meta":"","header-main-stick-meta":"","header-below-stick-meta":"","astra-migrate-meta-layouts":"set","ast-page-background-enabled":"default","ast-page-background-meta":{"desktop":{"background-color":"var(--ast-global-color-4)","background-image":"","background-repeat":"repeat","background-position":"center center","background-size":"auto","background-attachment":"scroll","background-type":"","background-media":"","overlay-type":"","overlay-color":"","overlay-opacity":"","overlay-gradient":""},"tablet":{"background-color":"","background-image":"","background-repeat":"repeat","background-position":"center center","background-size":"auto","background-attachment":"scroll","background-type":"","background-media":"","overlay-type":"","overlay-color":"","overlay-opacity":"","overlay-gradient":""},"mobile":{"background-color":"","background-image":"","background-repeat":"repeat","background-position":"center center","background-size":"auto","background-attachment":"scroll","background-type":"","background-media":"","overlay-type":"","overlay-color":"","overlay-opacity":"","overlay-gradient":""}},"ast-content-background-meta":{"desktop":{"background-color":"var(--ast-global-color-5)","background-image":"","background-repeat":"repeat","background-position":"center center","background-size":"auto","background-attachment":"scroll","background-type":"","background-media":"","overlay-type":"","overlay-color":"","overlay-opacity":"","overlay-gradient":""},"tablet":{"background-color":"var(--ast-global-color-5)","background-image":"","background-repeat":"repeat","background-position":"center center","background-size":"auto","background-attachment":"scroll","background-type":"","background-media":"","overlay-type":"","overlay-color":"","overlay-opacity":"","overlay-gradient":""},"mobile":{"background-color":"var(--ast-global-color-5)","background-image":"","background-repeat":"repeat","background-position":"center center","background-size":"auto","background-attachment":"scroll","background-type":"","background-media":"","overlay-type":"","overlay-color":"","overlay-opacity":"","overlay-gradient":""}},"footnotes":""},"categories":[41,37],"tags":[],"class_list":["post-4341","post","type-post","status-publish","format-standard","hentry","category-actualites-2024-2025","category-qu"],"modified_by":"slecourtier","_links":{"self":[{"href":"https:\/\/snalc.org\/snalc2023\/index.php?rest_route=\/wp\/v2\/posts\/4341","targetHints":{"allow":["GET"]}}],"collection":[{"href":"https:\/\/snalc.org\/snalc2023\/index.php?rest_route=\/wp\/v2\/posts"}],"about":[{"href":"https:\/\/snalc.org\/snalc2023\/index.php?rest_route=\/wp\/v2\/types\/post"}],"author":[{"embeddable":true,"href":"https:\/\/snalc.org\/snalc2023\/index.php?rest_route=\/wp\/v2\/users\/1"}],"replies":[{"embeddable":true,"href":"https:\/\/snalc.org\/snalc2023\/index.php?rest_route=%2Fwp%2Fv2%2Fcomments&post=4341"}],"version-history":[{"count":1,"href":"https:\/\/snalc.org\/snalc2023\/index.php?rest_route=\/wp\/v2\/posts\/4341\/revisions"}],"predecessor-version":[{"id":4342,"href":"https:\/\/snalc.org\/snalc2023\/index.php?rest_route=\/wp\/v2\/posts\/4341\/revisions\/4342"}],"wp:attachment":[{"href":"https:\/\/snalc.org\/snalc2023\/index.php?rest_route=%2Fwp%2Fv2%2Fmedia&parent=4341"}],"wp:term":[{"taxonomy":"category","embeddable":true,"href":"https:\/\/snalc.org\/snalc2023\/index.php?rest_route=%2Fwp%2Fv2%2Fcategories&post=4341"},{"taxonomy":"post_tag","embeddable":true,"href":"https:\/\/snalc.org\/snalc2023\/index.php?rest_route=%2Fwp%2Fv2%2Ftags&post=4341"}],"curies":[{"name":"wp","href":"https:\/\/api.w.org\/{rel}","templated":true}]}}