{"id":4429,"date":"2025-06-12T17:49:06","date_gmt":"2025-06-12T15:49:06","guid":{"rendered":"https:\/\/snalc.org\/snalc2023\/?p=4429"},"modified":"2025-06-12T17:49:08","modified_gmt":"2025-06-12T15:49:08","slug":"droit-de-reponse","status":"publish","type":"post","link":"https:\/\/snalc.org\/snalc2023\/?p=4429","title":{"rendered":"Droit de r\u00e9ponse !"},"content":{"rendered":"\n<p><em>SNALC Ecole Aix Marseille<\/em><\/p>\n\n\n\n<p>Comme vous tous, nous avons re\u00e7u, dans nos bo\u00eetes mails&nbsp;professionnelles, un&nbsp;mail de notre ministre de l&rsquo;\u00e9ducation nationale, Madame 49.3 pour ne pas la nommer.&nbsp; Celle-ci disait,&nbsp; samedi dernier, qu\u2019il fallait&nbsp;<em>\u00ab&nbsp;\u00e9viter la surench\u00e8re de mesures \u00e9cul\u00e9es&nbsp;\u00bb<\/em>&nbsp;apr\u00e8s&nbsp;<em>\u00ab&nbsp;chaque actualit\u00e9 dramatique&nbsp;\u00bb<\/em>, appelant \u00e0&nbsp;<em>\u00ab&nbsp;privil\u00e9gier la r\u00e9flexion&nbsp;\u00bb.<\/em>&nbsp;Avant d&rsquo;ajouter<em>&nbsp;: \u00ab\u00a0on ne doit ni l\u00e9gif\u00e9rer \u00e0 chaud, ni dans l\u2019\u00e9motion.&nbsp;\u00bb&nbsp;<\/em>De qui se moque-t-on ?&nbsp;<\/p>\n\n\n\n<p>Depuis 2017, Madame Borne n&rsquo;a-t-elle pas occup\u00e9 des fonctions de ministre et de premi\u00e8re ministre ? Qu&rsquo;a-t-elle donc fait, \u00e0 froid, puisqu&rsquo;\u00e0 chaud il ne faut pas r\u00e9agir ? N&rsquo;a-t-elle pas eu suffisamment de temps et d&rsquo;exp\u00e9rience pour passer de la r\u00e9flexion aux actes ?&nbsp;Depuis l&rsquo;envoi de ce courriel, nous recevons de nombreux t\u00e9moignages de ras-le-bol&nbsp;&nbsp;face \u00e0 cet \u00e9ni\u00e8me courriel de recueillement. Nous en avons soup\u00e9 et assez, des bougies, des minutes de silence, des marches blanches, des plans com et r\u00e9cup\u00e9rations politiques \u00e0 chaque drame qui frappe \u00ab\u00a0notre corps\u00a0\u00bb. Encore une fois, de qui se moque-t-on ?<\/p>\n\n\n\n<p>Nous voulons pouvoir aller travailler en toute s\u00e9curit\u00e9 et s\u00e9r\u00e9nit\u00e9 ! Nos familles n&rsquo;en peuvent plus de nous regarder partir le matin, la boule au ventre, dans l&rsquo;incertitude de ne pas nous voir rentrer le soir&nbsp;! Nous ne voulons plus de paroles mais des actes !&nbsp;Maintenant,&nbsp;PRENEZ DES MESURES S\u00c9CURITAIRES ET SOCI\u00c9TALES FORTES, pour respecter notre droit fondamental de vivre, d&rsquo;enseigner et d&rsquo;\u00e9duquer en toute s\u00e9curit\u00e9 !<\/p>\n\n\n\n<p><strong>En guise de r\u00e9ponse, nous avons choisi de laisser nos conjoints, nos enfants, nos familles vous partager la lecture qu\u2019ils font de votre lettre. Car eux sont \u00e0 nos c\u00f4t\u00e9s au quotidien dans les moments de doute et de violence. Ils sont aujourd\u2019hui heurt\u00e9s et dans la peur de nous voir partir au front. Comme nous, ils en ont assez de votre langue de bois !<\/strong><\/p>\n\n\n\n<p><strong><em>A nous, conjoints, familles de personnel de l\u2019\u00e9ducation nationale, de reprendre votre lettre et de vous faire savoir le message cach\u00e9 de notre ressenti en vous lisant:<\/em><\/strong><\/p>\n\n\n\n<p>Chers personnels de l\u2019\u00c9ducation nationale,<\/p>\n\n\n\n<p><strong>L\u2019\u00e9ni\u00e8me<\/strong>drame survenu hier au coll\u00e8ge Fran\u00e7oise-Dolto de Nogent a boulevers\u00e9 <strong>encore une fois<\/strong><strong>les citoyens fran\u00e7ais<\/strong>. L\u2019assassinat&nbsp;d\u2019une assistante d\u2019\u00e9ducation Madame M\u00e9lanie GRAPINET, en pleine journ\u00e9e&nbsp;<strong>de travail<\/strong>, \u00e0 l\u2019entr\u00e9e de l\u2019\u00e9tablissement,&nbsp;<strong>lors<\/strong>&nbsp;<strong>d\u2019un banal contr\u00f4le&nbsp;des sacs des coll\u00e9giens,<\/strong>&nbsp;nous frappe d\u2019effroi.&nbsp;<strong>Cet assassinat&nbsp;aurait peut-\u00eatre pu \u00eatre \u00e9vit\u00e9 si nous&nbsp;\u00e9tions \u00e0 l&rsquo;\u00e9coute des besoins des professionnels de l\u2019\u00e9ducation nationale.<\/strong><\/p>\n\n\n\n<p>Par cette lettre, je tenais \u00e0 vous dire combien je partage&nbsp;<strong>momentan\u00e9ment&nbsp;<\/strong>le choc, la tristesse et l\u2019indignation qui vous traversent.<\/p>\n\n\n\n<p>Comme vous, je pense d\u2019abord \u00e0 la victime, \u00e0 sa famille, \u00e0 ses proches, \u00e0 ses coll\u00e8gues, aux \u00e9l\u00e8ves et \u00e0 toute la communaut\u00e9 \u00e9ducative du coll\u00e8ge Fran\u00e7oise-Dolto.<strong>&nbsp;C\u2019est pourquoi nous sommes surpris que les changements de programmes, d&rsquo;horaires d\u2019\u00e9cole et de vacances scolaires n&#8217;emp\u00eachent ni les agressions&nbsp;ni ne rendent les coups de couteau, inoffensifs et indolores.&nbsp;<\/strong>Je veux vous assurer de mon soutien&nbsp;<\/p>\n\n\n\n<p><strong>\u00e0 cet instant.<\/strong>&nbsp;Vous exercez une mission essentielle&nbsp;<strong>et non reconnue<\/strong>. Je&nbsp;<strong>ne sais&nbsp;<\/strong><strong>que trop peu de choses malheureusement&nbsp;<\/strong>de<\/p>\n\n\n\n<p>&nbsp;<strong>votre<\/strong>&nbsp;d\u00e9vouement, de&nbsp;<strong>votre<\/strong>&nbsp;courage, et&nbsp;<strong>de<\/strong>&nbsp;l\u2019engagement dont vous faites preuve chaque jour.<\/p>\n\n\n\n<p>Jeudi \u00e0 midi,&nbsp;une&nbsp;minute&nbsp;de silence sera observ\u00e9e dans tous les \u00e9tablissements de France pour rendre hommage \u00e0 notre coll\u00e8gue disparue.&nbsp;<\/p>\n\n\n\n<p><strong>Une \u00e9ni\u00e8me minute de silence, \u00e0 une heure et \u00e0 un moment de l&rsquo;ann\u00e9e o\u00f9 beaucoup d&rsquo;\u00e9tablissements du secondaire, par le fait du calendrier scolaire, sont d\u00e9j\u00e0 d\u00e9sert\u00e9s.&nbsp;<\/strong><\/p>\n\n\n\n<p>Ce temps de recueillement dira aussi, collectivement,<strong>notre refus de l\u2019indiff\u00e9rence&nbsp;<\/strong><strong>le temps d\u2019un mail<\/strong>&nbsp;et notre volont\u00e9 de faire bloc autour des valeurs de l\u2019\u00c9cole et de celles et ceux qui la font vivre.&nbsp;<strong>Puis nous continuerons de l\u00e9gif\u00e9rer sur l&rsquo;accessoire&nbsp;en oubliant l&rsquo;essentiel, tant nous sommes coup\u00e9s de la r\u00e9alit\u00e9 du terrain.<\/strong><\/p>\n\n\n\n<p>Vous pouvez compter sur ma d\u00e9termination totale pour&nbsp;prot\u00e9ger&nbsp;notre \u00e9cole&nbsp;<strong>en paroles du moins&nbsp;<\/strong>et l\u2019ensemble de la communaut\u00e9 \u00e9ducative.<\/p>\n","protected":false},"excerpt":{"rendered":"<p>SNALC Ecole Aix Marseille Comme vous tous, nous avons re\u00e7u, dans nos bo\u00eetes mails&nbsp;professionnelles, un&nbsp;mail de notre ministre de l&rsquo;\u00e9ducation nationale, Madame 49.3 pour ne pas la nommer.&nbsp; Celle-ci disait,&nbsp; [&hellip;]<\/p>\n","protected":false},"author":1,"featured_media":0,"comment_status":"closed","ping_status":"closed","sticky":false,"template":"","format":"standard","meta":{"_lmt_disableupdate":"","_lmt_disable":"","site-sidebar-layout":"default","site-content-layout":"","ast-site-content-layout":"default","site-content-style":"default","site-sidebar-style":"default","ast-global-header-display":"","ast-banner-title-visibility":"","ast-main-header-display":"","ast-hfb-above-header-display":"","ast-hfb-below-header-display":"","ast-hfb-mobile-header-display":"","site-post-title":"","ast-breadcrumbs-content":"","ast-featured-img":"","footer-sml-layout":"","ast-disable-related-posts":"","theme-transparent-header-meta":"","adv-header-id-meta":"","stick-header-meta":"","header-above-stick-meta":"","header-main-stick-meta":"","header-below-stick-meta":"","astra-migrate-meta-layouts":"set","ast-page-background-enabled":"default","ast-page-background-meta":{"desktop":{"background-color":"var(--ast-global-color-4)","background-image":"","background-repeat":"repeat","background-position":"center center","background-size":"auto","background-attachment":"scroll","background-type":"","background-media":"","overlay-type":"","overlay-color":"","overlay-opacity":"","overlay-gradient":""},"tablet":{"background-color":"","background-image":"","background-repeat":"repeat","background-position":"center center","background-size":"auto","background-attachment":"scroll","background-type":"","background-media":"","overlay-type":"","overlay-color":"","overlay-opacity":"","overlay-gradient":""},"mobile":{"background-color":"","background-image":"","background-repeat":"repeat","background-position":"center center","background-size":"auto","background-attachment":"scroll","background-type":"","background-media":"","overlay-type":"","overlay-color":"","overlay-opacity":"","overlay-gradient":""}},"ast-content-background-meta":{"desktop":{"background-color":"var(--ast-global-color-5)","background-image":"","background-repeat":"repeat","background-position":"center center","background-size":"auto","background-attachment":"scroll","background-type":"","background-media":"","overlay-type":"","overlay-color":"","overlay-opacity":"","overlay-gradient":""},"tablet":{"background-color":"var(--ast-global-color-5)","background-image":"","background-repeat":"repeat","background-position":"center center","background-size":"auto","background-attachment":"scroll","background-type":"","background-media":"","overlay-type":"","overlay-color":"","overlay-opacity":"","overlay-gradient":""},"mobile":{"background-color":"var(--ast-global-color-5)","background-image":"","background-repeat":"repeat","background-position":"center center","background-size":"auto","background-attachment":"scroll","background-type":"","background-media":"","overlay-type":"","overlay-color":"","overlay-opacity":"","overlay-gradient":""}},"footnotes":""},"categories":[41],"tags":[],"class_list":["post-4429","post","type-post","status-publish","format-standard","hentry","category-actualites-2024-2025"],"modified_by":"slecourtier","_links":{"self":[{"href":"https:\/\/snalc.org\/snalc2023\/index.php?rest_route=\/wp\/v2\/posts\/4429","targetHints":{"allow":["GET"]}}],"collection":[{"href":"https:\/\/snalc.org\/snalc2023\/index.php?rest_route=\/wp\/v2\/posts"}],"about":[{"href":"https:\/\/snalc.org\/snalc2023\/index.php?rest_route=\/wp\/v2\/types\/post"}],"author":[{"embeddable":true,"href":"https:\/\/snalc.org\/snalc2023\/index.php?rest_route=\/wp\/v2\/users\/1"}],"replies":[{"embeddable":true,"href":"https:\/\/snalc.org\/snalc2023\/index.php?rest_route=%2Fwp%2Fv2%2Fcomments&post=4429"}],"version-history":[{"count":1,"href":"https:\/\/snalc.org\/snalc2023\/index.php?rest_route=\/wp\/v2\/posts\/4429\/revisions"}],"predecessor-version":[{"id":4430,"href":"https:\/\/snalc.org\/snalc2023\/index.php?rest_route=\/wp\/v2\/posts\/4429\/revisions\/4430"}],"wp:attachment":[{"href":"https:\/\/snalc.org\/snalc2023\/index.php?rest_route=%2Fwp%2Fv2%2Fmedia&parent=4429"}],"wp:term":[{"taxonomy":"category","embeddable":true,"href":"https:\/\/snalc.org\/snalc2023\/index.php?rest_route=%2Fwp%2Fv2%2Fcategories&post=4429"},{"taxonomy":"post_tag","embeddable":true,"href":"https:\/\/snalc.org\/snalc2023\/index.php?rest_route=%2Fwp%2Fv2%2Ftags&post=4429"}],"curies":[{"name":"wp","href":"https:\/\/api.w.org\/{rel}","templated":true}]}}