{"id":4476,"date":"2025-07-05T14:13:38","date_gmt":"2025-07-05T12:13:38","guid":{"rendered":"https:\/\/snalc.org\/snalc2023\/?p=4476"},"modified":"2025-07-05T14:13:41","modified_gmt":"2025-07-05T12:13:41","slug":"vacances-scolaires-le-calendrier-pour-2025-2026","status":"publish","type":"post","link":"https:\/\/snalc.org\/snalc2023\/?p=4476","title":{"rendered":"Vacances scolaires\u00a0: le calendrier pour 2025-2026"},"content":{"rendered":"\n<p><strong>Le calendrier scolaire 2025-2026 a \u00e9t\u00e9 fix\u00e9 par arr\u00eat\u00e9 paru au <a href=\"https:\/\/www.legifrance.gouv.fr\/jorf\/id\/JORFTEXT000046704476\"><em>Journal officiel<\/em> le 8&nbsp;d\u00e9cembre&nbsp;2022.<\/a><\/strong><\/p>\n\n\n\n<h4 class=\"wp-block-heading\">Sommaire<\/h4>\n\n\n\n<ul class=\"wp-block-list\">\n<li><a href=\"https:\/\/snalc.fr\/calendrier-scolaire-2025-2026\/#elementor-toc__heading-anchor-0\">Zones m\u00e9tropolitaines A, B, C et Corse<\/a><\/li>\n\n\n\n<li><a href=\"https:\/\/snalc.fr\/calendrier-scolaire-2025-2026\/#elementor-toc__heading-anchor-1\">Outre-mer<\/a>\n<ul class=\"wp-block-list\">\n<li><a href=\"https:\/\/snalc.fr\/calendrier-scolaire-2025-2026\/#elementor-toc__heading-anchor-2\">Guadeloupe<\/a><\/li>\n\n\n\n<li><a href=\"https:\/\/snalc.fr\/calendrier-scolaire-2025-2026\/#elementor-toc__heading-anchor-3\">Martinique<\/a><\/li>\n\n\n\n<li><a href=\"https:\/\/snalc.fr\/calendrier-scolaire-2025-2026\/#elementor-toc__heading-anchor-4\">Guyane<\/a><\/li>\n\n\n\n<li><a href=\"https:\/\/snalc.fr\/calendrier-scolaire-2025-2026\/#elementor-toc__heading-anchor-5\">La R\u00e9union<\/a><\/li>\n\n\n\n<li><a href=\"https:\/\/snalc.fr\/calendrier-scolaire-2025-2026\/#elementor-toc__heading-anchor-6\">Mayotte<\/a><\/li>\n\n\n\n<li><a href=\"https:\/\/snalc.fr\/calendrier-scolaire-2025-2026\/#elementor-toc__heading-anchor-7\">Polyn\u00e9sie Fran\u00e7aise<\/a><\/li>\n\n\n\n<li><a href=\"https:\/\/snalc.fr\/calendrier-scolaire-2025-2026\/#elementor-toc__heading-anchor-8\">Wallis et Futuna<\/a><\/li>\n\n\n\n<li><a href=\"https:\/\/snalc.fr\/calendrier-scolaire-2025-2026\/#elementor-toc__heading-anchor-9\">Nouvelle Cal\u00e9donie<\/a><\/li>\n\n\n\n<li><a href=\"https:\/\/snalc.fr\/calendrier-scolaire-2025-2026\/#elementor-toc__heading-anchor-10\">Saint-Pierre-et-Miquelon<\/a><\/li>\n\n\n\n<li><a href=\"https:\/\/snalc.fr\/calendrier-scolaire-2025-2026\/#elementor-toc__heading-anchor-11\">Saint-Barth\u00e9l\u00e9my et Saint-Martin<\/a><\/li>\n<\/ul>\n<\/li>\n<\/ul>\n\n\n\n<h2 class=\"wp-block-heading\">Zones m\u00e9tropolitaines A, B, C et Corse<\/h2>\n\n\n\n<figure class=\"wp-block-table\"><table class=\"has-fixed-layout\"><tbody><tr><td>&nbsp;<\/td><td><strong>Zone A<\/strong>&nbsp;:Besan\u00e7on, Bordeaux, Clermont-Ferrand, Dijon, Grenoble, Limoges, Lyon, Poitiers<\/td><td><strong>Zone B&nbsp;: <\/strong>Aix-Marseille, Amiens, Caen, Lille, Nancy-Metz, Nantes, Nice, Orl\u00e9ans-Tours, Reims, Rennes, Rouen, Strasbourg<\/td><td><strong>Zone C&nbsp;: <\/strong>Cr\u00e9teil, Montpellier, Paris, Toulouse, Versailles<\/td><td><strong>Corse<\/strong><\/td><\/tr><tr><td><strong>Rentr\u00e9e des enseignants<\/strong><\/td><td colspan=\"3\">Vendredi 29 ao\u00fbt 2025<\/td><td>Lundi 1er&nbsp;septembre 2025<\/td><\/tr><tr><td><strong>Rentr\u00e9e des \u00e9l\u00e8ves<\/strong><\/td><td colspan=\"3\">Lundi 1er&nbsp;septembre 2025<\/td><td>Mardi 2 septembre 2025<\/td><\/tr><tr><td><strong>Vacances de la Toussaint<\/strong><\/td><td colspan=\"4\">Du samedi 18 octobre au lundi 3 novembre 2025<\/td><\/tr><tr><td><strong>Vacances de No\u00ebl<\/strong><\/td><td colspan=\"4\">Du samedi 20 d\u00e9cembre 2025 au lundi 5 janvier 2026<\/td><\/tr><tr><td><strong>Vacances d\u2019hiver<\/strong><\/td><td>Du samedi 7 f\u00e9vrier au lundi 23 f\u00e9vrier 2026<\/td><td>Du samedi 14 f\u00e9vrier au lundi 2 mars 2026<\/td><td>Du samedi 21 f\u00e9vrier au lundi 9 mars 2026<\/td><td>Du samedi 14 f\u00e9vrier au lundi 2 mars 2026<\/td><\/tr><tr><td><strong>Vacances de printemps<\/strong><\/td><td>Du samedi 4 avril au lundi 20 avril 2026<\/td><td>Du samedi 11 avril au lundi 27 avril 2026<\/td><td>Du samedi 18 avril au lundi 4 mai 2026<\/td><td>Du samedi 11 avril au lundi 27 avril 2026<\/td><\/tr><tr><td><strong>Vacances d\u2019\u00e9t\u00e9<\/strong><\/td><td colspan=\"4\">Samedi 4 juillet 2026<\/td><\/tr><\/tbody><\/table><\/figure>\n\n\n\n<p><strong>Jours f\u00e9ri\u00e9s&nbsp;\u00e0 date mobile&nbsp;:<\/strong><\/p>\n\n\n\n<ul class=\"wp-block-list\">\n<li><strong>Lundi de P\u00e2ques<\/strong>\u00a0: 6 avril\u00a02026 (Vendredi Saint\u00a0: 3 avril en Alsace-Moselle)<\/li>\n\n\n\n<li><strong>Jeudi de l\u2019Ascension<\/strong>\u00a0: 14 mai\u00a02026. Les \u00e9l\u00e8ves n\u2019auront pas classe le vendredi 15 mai 2026 et le samedi 16 mai 2026.<\/li>\n\n\n\n<li><strong>Lundi de Pentec\u00f4te<\/strong>\u00a0:\u00a025 mai\u00a02026\u00a0\u00a0\u00a0\u00a0\u00a0\u00a0\u00a0\u00a0<\/li>\n<\/ul>\n\n\n\n<p><strong>Corse&nbsp;<\/strong>: La journ\u00e9e du 8 septembre 2025 sera f\u00e9ri\u00e9e. La journ\u00e9e du 8 d\u00e9cembre 2025 sera banalis\u00e9e.<\/p>\n\n\n\n<p><a href=\"https:\/\/www.vacances-scolaires-education.fr\/pdf\/calendrier-scolaire\/2025-2026\/calendrier-scolaire-2025-2026-avec-jours-feries.pdf\" target=\"_blank\" rel=\"noreferrer noopener\"><strong>T\u00e9l\u00e9charger le calendrier en PDF \u00e0 imprimer<\/strong><\/a><\/p>\n\n\n\n<p><a href=\"https:\/\/www.service-public.fr\/simulateur\/calcul\/Dates_Vacances_Scolaires\" target=\"_blank\" rel=\"noreferrer noopener\"><strong>Consulter le simulateur de calendrier de vacances scolaires par d\u00e9partement<\/strong><\/a><\/p>\n\n\n\n<p><a href=\"https:\/\/snalc.fr\/calendrier-scolaire-2025-2026\/#sommaire\"><\/a><\/p>\n\n\n\n<p><a href=\"https:\/\/snalc.fr\/calendrier-scolaire-2025-2026\/#top-section\"><\/a><\/p>\n\n\n\n<h2 class=\"wp-block-heading\">Outre-mer<\/h2>\n\n\n\n<h3 class=\"wp-block-heading\">Guadeloupe<\/h3>\n\n\n\n<figure class=\"wp-block-table\"><table class=\"has-fixed-layout\"><tbody><tr><th>Rentr\u00e9e des \u00e9l\u00e8ves<\/th><td colspan=\"4\">Lundi&nbsp;1er septembre 2025<\/td><\/tr><tr><th>Vacances de la Toussaint<\/th><td colspan=\"4\">Du samedi 18 octobre 2025 au lundi 03 novembre 2025<\/td><\/tr><tr><th>Vacances de No\u00ebl<\/th><td colspan=\"4\">Du samedi 20 d\u00e9cembre 2025 au lundi 5 janvier 2026<\/td><\/tr><tr><th>Vacances de Carnaval<\/th><td colspan=\"4\">Du samedi 7 f\u00e9vrier 2026 au lundi 23 f\u00e9vrier 2026<\/td><\/tr><tr><th>Vacances de P\u00e2ques<\/th><td colspan=\"4\">Du jeudi 2 avril 2026 au lundi 20 avril 2026<\/td><\/tr><tr><th>Vacances d\u2019\u00e9t\u00e9<\/th><td colspan=\"4\">Samedi 4 juillet 2026<\/td><\/tr><\/tbody><\/table><\/figure>\n\n\n\n<p>Les \u00e9l\u00e8ves n\u2019auront pas classe le vendredi 15 mai, le samedi 16 mai et le mardi 26 mai 2026.<\/p>\n\n\n\n<p><a href=\"https:\/\/snalc.fr\/calendrier-scolaire-2025-2026\/#sommaire\"><\/a><\/p>\n\n\n\n<h3 class=\"wp-block-heading\">Martinique<\/h3>\n\n\n\n<figure class=\"wp-block-table\"><table class=\"has-fixed-layout\"><tbody><tr><th>Rentr\u00e9e des \u00e9l\u00e8ves<\/th><td colspan=\"4\">Lundi 1er&nbsp;septembre 2025<\/td><\/tr><tr><th>Vacances de la Toussaint<\/th><td colspan=\"4\">Du samedi 18&nbsp;octobre 2025 au lundi 3&nbsp;novembre 2025<\/td><\/tr><tr><th>Vacances de No\u00ebl<\/th><td colspan=\"4\">Du samedi 20&nbsp;d\u00e9cembre 2025&nbsp;au lundi&nbsp;5&nbsp;janvier 2026<\/td><\/tr><tr><th>Vacances de Carnaval<\/th><td colspan=\"4\">Du samedi 7&nbsp;f\u00e9vrier au lundi 23 f\u00e9vrier 2026<\/td><\/tr><tr><th>Vacances de P\u00e2ques<\/th><td colspan=\"4\">Du samedi 28 mars au lundi 13 avril 2026<\/td><\/tr><tr><th>Vacances d\u2019\u00e9t\u00e9<\/th><td colspan=\"4\">Samedi 4 juillet 2026<\/td><\/tr><\/tbody><\/table><\/figure>\n\n\n\n<p>Les \u00e9l\u00e8ves n\u2019auront pas classe le vendredi 15 mai, le samedi 16 mai et le mardi 26 mai 2026.<\/p>\n\n\n\n<p><a href=\"https:\/\/snalc.fr\/calendrier-scolaire-2025-2026\/#sommaire\"><\/a><\/p>\n\n\n\n<h3 class=\"wp-block-heading\">Guyane<\/h3>\n\n\n\n<figure class=\"wp-block-table\"><table class=\"has-fixed-layout\"><tbody><tr><th>Rentr\u00e9e des \u00e9l\u00e8ves<\/th><td colspan=\"4\">Lundi 1er septembre 2025<\/td><\/tr><tr><th>Vacances de la Toussaint<\/th><td colspan=\"4\">Du samedi 18 octobre 2025 au lundi 3 novembre 2025<\/td><\/tr><tr><th>Vacances de No\u00ebl<\/th><td colspan=\"4\">Du samedi 20 d\u00e9cembre 2025 au lundi 5 janvier 2026<\/td><\/tr><tr><th>Vacances de Carnaval<\/th><td colspan=\"4\">Du samedi 7 f\u00e9vrier 2026 au lundi 23 f\u00e9vrier 2026<\/td><\/tr><tr><th>Vacances de P\u00e2ques<\/th><td colspan=\"4\">Du mercredi 1er avril 2026 au jeudi 16 avril 2026<\/td><\/tr><tr><th>Vacances d\u2019\u00e9t\u00e9<\/th><td colspan=\"4\">Samedi 4 juillet 2026<\/td><\/tr><\/tbody><\/table><\/figure>\n\n\n\n<p>Les \u00e9l\u00e8ves n\u2019auront pas classe le vendredi 15 mai, le samedi 16 mai et le mardi 26 mai 2026.<\/p>\n\n\n\n<p><a href=\"https:\/\/snalc.fr\/calendrier-scolaire-2025-2026\/#sommaire\"><\/a><\/p>\n\n\n\n<h3 class=\"wp-block-heading\">La R\u00e9union<\/h3>\n\n\n\n<figure class=\"wp-block-table\"><table class=\"has-fixed-layout\"><tbody><tr><th>Rentr\u00e9e des \u00e9l\u00e8ves<\/th><td colspan=\"4\">Mardi 19 ao\u00fbt 2025<\/td><\/tr><tr><th>Vacances apr\u00e8s 1<sup>re<\/sup>&nbsp;p\u00e9riode<\/th><td colspan=\"4\">Du samedi 11 octobre 2025 au lundi 27 octobre 2025<\/td><\/tr><tr><th>Vacances d\u2019\u00e9t\u00e9 austral<\/th><td colspan=\"4\">Du vendredi 19 d\u00e9cembre 2025 au mercredi 21 janvier 2026<\/td><\/tr><tr><th>Vacances apr\u00e8s 3<sup>e<\/sup>&nbsp;p\u00e9riode<\/th><td colspan=\"4\">Du samedi 28 f\u00e9vrier 2026 au lundi 16 mars 2026<\/td><\/tr><tr><th>Vacances apr\u00e8s 4<sup>e<\/sup>&nbsp;p\u00e9riode<\/th><td colspan=\"4\">Du samedi 02 mai 2026 au lundi 18 mai 2026<\/td><\/tr><tr><th>Vacances d\u2019\u00e9t\u00e9<\/th><td colspan=\"4\">Samedi 4 juillet 2026<\/td><\/tr><\/tbody><\/table><\/figure>\n\n\n\n<p><a href=\"https:\/\/snalc.fr\/calendrier-scolaire-2025-2026\/#sommaire\"><\/a><\/p>\n\n\n\n<h3 class=\"wp-block-heading\">Mayotte<\/h3>\n\n\n\n<figure class=\"wp-block-table\"><table class=\"has-fixed-layout\"><tbody><tr><th>Rentr\u00e9e des \u00e9l\u00e8ves<\/th><td colspan=\"4\">Lundi 25 ao\u00fbt 2025<\/td><\/tr><tr><th>Vacances de la Toussaint<\/th><td colspan=\"4\">Du samedi 11 octobre 2025 au lundi 27 octobre 2025<\/td><\/tr><tr><th>Vacances de No\u00ebl<\/th><td colspan=\"4\">Du samedi 13 d\u00e9cembre 2025 au lundi 12 janvier 2026<\/td><\/tr><tr><th>Vacances de f\u00e9vrier<\/th><td colspan=\"4\">Du samedi 28 f\u00e9vrier 2026 au lundi 9 mars 2026<\/td><\/tr><tr><th>Vacances de P\u00e2ques<\/th><td colspan=\"4\">Du jeudi 30 avril 2026 au lundi 18 mai 2026<\/td><\/tr><tr><th>Vacances d\u2019\u00e9t\u00e9<\/th><td colspan=\"4\">Samedi 4 juillet 2026<\/td><\/tr><\/tbody><\/table><\/figure>\n\n\n\n<p><a href=\"https:\/\/snalc.fr\/calendrier-scolaire-2025-2026\/#sommaire\"><\/a><\/p>\n\n\n\n<h3 class=\"wp-block-heading\">Polyn\u00e9sie Fran\u00e7aise<\/h3>\n\n\n\n<figure class=\"wp-block-table\"><table class=\"has-fixed-layout\"><tbody><tr><td><\/td><td><strong>Dernier jour de cours<\/strong><\/td><td><strong>Reprise des cours<\/strong><\/td><\/tr><tr><td>Rentr\u00e9e (\u00c9coles)<\/td><td>&nbsp;<\/td><td>mercredi 13 ao\u00fbt 2025<\/td><\/tr><tr><td>Rentr\u00e9e ( Coll\u00e8ges et lyc\u00e9es)<\/td><td>&nbsp;<\/td><td>mardi 12 ao\u00fbt 2025<\/td><\/tr><tr><td>Vacances de Septembre<\/td><td>samedi 13 septembre 2025<\/td><td>lundi 22 septembre 2025<\/td><\/tr><tr><td>Vacances de Toussaint<\/td><td>samedi 25 octobre 2025<\/td><td>lundi 10 novembre 2025<\/td><\/tr><tr><td>Vacances de No\u00ebl<\/td><td>samedi 13 d\u00e9cembre 2025<\/td><td>lundi 12 janvier 2026<\/td><\/tr><tr><td>Vacances de F\u00e9vrier<\/td><td>samedi 14 f\u00e9vrier 2026<\/td><td>lundi 23 f\u00e9vrier 2026<\/td><\/tr><tr><td>Vacances de P\u00e2ques<\/td><td>samedi 28 mars 2026<\/td><td>lundi 13 avril 2026<\/td><\/tr><tr><td>Vacances de Mai (\u00c9coles &amp; Coll\u00e8ges)<\/td><td>samedi 23 mai 2026<\/td><td>lundi 1er juin 2025<\/td><\/tr><tr><td>Grandes Vacances (\u00c9coles)<\/td><td>vendredi 3 juillet 2026<\/td><td>&nbsp;<\/td><\/tr><tr><td>Grandes Vacances (Coll\u00e8ges)<\/td><td>samedi 4 juillet 2026<\/td><td>&nbsp;<\/td><\/tr><tr><td>Grandes Vacances (Lyc\u00e9es)<\/td><td>samedi 4 juillet 2026<\/td><td>&nbsp;<\/td><\/tr><\/tbody><\/table><\/figure>\n\n\n\n<p><a href=\"https:\/\/snalc.fr\/calendrier-scolaire-2025-2026\/#sommaire\"><\/a><\/p>\n\n\n\n<h3 class=\"wp-block-heading\">Wallis et Futuna<\/h3>\n\n\n\n<figure class=\"wp-block-table\"><table class=\"has-fixed-layout\"><tbody><tr><td><\/td><td><strong>Dernier jour de cours<\/strong><\/td><td><strong>Reprise des cours<\/strong><\/td><\/tr><tr><td>Vacances 3e p\u00e9riode<\/td><td>samedi 9 ao\u00fbt 2025<\/td><td>lundi 25 ao\u00fbt 2025<\/td><\/tr><tr><td>Vacances 4e p\u00e9riode<\/td><td>samedi 11 octobre 2025<\/td><td>lundi 27 octobre 2025<\/td><\/tr><tr><td>Vacances d\u2019\u00e9t\u00e9<\/td><td>samedi 20 d\u00e9cembre 2025<\/td><td>&nbsp;<\/td><\/tr><\/tbody><\/table><\/figure>\n\n\n\n<p><a href=\"https:\/\/snalc.fr\/calendrier-scolaire-2025-2026\/#sommaire\"><\/a><\/p>\n\n\n\n<h3 class=\"wp-block-heading\">Nouvelle Cal\u00e9donie<\/h3>\n\n\n\n<figure class=\"wp-block-table\"><table class=\"has-fixed-layout\"><tbody><tr><td><\/td><td><strong>Dernier jour de cours<\/strong><\/td><td><strong>Reprise des cours<\/strong><\/td><\/tr><tr><td>Vacances 3e p\u00e9riode<\/td><td>samedi 9 ao\u00fbt 2025<\/td><td>lundi 25 ao\u00fbt 2025<\/td><\/tr><tr><td>Vacances 4e p\u00e9riode<\/td><td>samedi 11 octobre 2025<\/td><td>lundi 27 octobre 2025<\/td><\/tr><tr><td>Vacances d\u2019\u00e9t\u00e9<\/td><td>samedi 20 d\u00e9cembre 2025<\/td><td>&nbsp;<\/td><\/tr><\/tbody><\/table><\/figure>\n\n\n\n<p><a href=\"https:\/\/snalc.fr\/calendrier-scolaire-2025-2026\/#sommaire\"><\/a><\/p>\n\n\n\n<h3 class=\"wp-block-heading\">Saint-Pierre-et-Miquelon<\/h3>\n\n\n\n<figure class=\"wp-block-table\"><table class=\"has-fixed-layout\"><tbody><tr><th>Rentr\u00e9e des \u00e9l\u00e8ves<\/th><td colspan=\"4\">Mardi 2 septembre 2025<\/td><\/tr><tr><th>Vacances de la Toussaint<\/th><td colspan=\"4\">Du mardi 21 octobre 2025 au soir au lundi 3 novembre 2025 au matin<\/td><\/tr><tr><th>Vacances de No\u00ebl<\/th><td colspan=\"4\">Du vendredi 19 d\u00e9cembre 2025 au soir au lundi 5 janvier 2026 au matin<\/td><\/tr><tr><th>Vacances d\u2019hiver<\/th><td colspan=\"4\">Du vendredi 13 f\u00e9vrier 2026 au soir au lundi 2 mars 2026 au matin<\/td><\/tr><tr><th>Vacances de printemps<\/th><td colspan=\"4\">Du vendredi 10 avril 2026 au soir au lundi 27 avril 2026 au matin<\/td><\/tr><tr><th>Vacances d\u2019\u00e9t\u00e9<\/th><td colspan=\"4\">Le jeudi 2 juillet 2026 au soir<\/td><\/tr><\/tbody><\/table><\/figure>\n\n\n\n<p>Les classes vaqueront le vendredi 15 mai 2026. Les \u00e9l\u00e8ves seront donc en cong\u00e9s du mercredi 13 mai 2026 au soir au lundi 18 mai 2026 au matin.<\/p>\n\n\n\n<p><a href=\"https:\/\/snalc.fr\/calendrier-scolaire-2025-2026\/#sommaire\"><\/a><\/p>\n\n\n\n<h3 class=\"wp-block-heading\">Saint-Barth\u00e9l\u00e9my et Saint-Martin<\/h3>\n\n\n\n<figure class=\"wp-block-table\"><table class=\"has-fixed-layout\"><tbody><tr><th>Rentr\u00e9e des \u00e9l\u00e8ves<\/th><td colspan=\"4\">Lundi 1er septembre 2025<\/td><\/tr><tr><th>Vacances de la Toussaint<\/th><td colspan=\"4\">Du samedi 18 octobre 2025 au lundi 3 novembre 2025<\/td><\/tr><tr><th>Vacances de No\u00ebl<\/th><td colspan=\"4\">Du samedi 20 d\u00e9cembre 2025 au lundi 5 janvier 2026<\/td><\/tr><tr><th>Vacances de Carnaval<\/th><td colspan=\"4\">Du samedi 7 f\u00e9vrier 2026 au lundi 23 f\u00e9vrier 2026<\/td><\/tr><tr><th>Vacances de P\u00e2ques<\/th><td colspan=\"4\">Du samedi 2 avril 2026 au lundi 20 avril 2026<\/td><\/tr><tr><th>Semaine en Mai<\/th><td colspan=\"4\">Du jeudi 14 mai au jeudi 28 mai 2026<\/td><\/tr><tr><th>Vacances d\u2019\u00e9t\u00e9<\/th><td colspan=\"4\">Samedi 4 juillet 2026<\/td><\/tr><\/tbody><\/table><\/figure>\n","protected":false},"excerpt":{"rendered":"<p>Le calendrier scolaire 2025-2026 a \u00e9t\u00e9 fix\u00e9 par arr\u00eat\u00e9 paru au Journal officiel le 8&nbsp;d\u00e9cembre&nbsp;2022. Sommaire Zones m\u00e9tropolitaines A, B, C et Corse &nbsp; Zone A&nbsp;:Besan\u00e7on, Bordeaux, Clermont-Ferrand, Dijon, Grenoble, [&hellip;]<\/p>\n","protected":false},"author":1,"featured_media":0,"comment_status":"closed","ping_status":"closed","sticky":false,"template":"","format":"standard","meta":{"_lmt_disableupdate":"","_lmt_disable":"","site-sidebar-layout":"default","site-content-layout":"","ast-site-content-layout":"default","site-content-style":"default","site-sidebar-style":"default","ast-global-header-display":"","ast-banner-title-visibility":"","ast-main-header-display":"","ast-hfb-above-header-display":"","ast-hfb-below-header-display":"","ast-hfb-mobile-header-display":"","site-post-title":"","ast-breadcrumbs-content":"","ast-featured-img":"","footer-sml-layout":"","ast-disable-related-posts":"","theme-transparent-header-meta":"","adv-header-id-meta":"","stick-header-meta":"","header-above-stick-meta":"","header-main-stick-meta":"","header-below-stick-meta":"","astra-migrate-meta-layouts":"set","ast-page-background-enabled":"default","ast-page-background-meta":{"desktop":{"background-color":"var(--ast-global-color-4)","background-image":"","background-repeat":"repeat","background-position":"center center","background-size":"auto","background-attachment":"scroll","background-type":"","background-media":"","overlay-type":"","overlay-color":"","overlay-opacity":"","overlay-gradient":""},"tablet":{"background-color":"","background-image":"","background-repeat":"repeat","background-position":"center center","background-size":"auto","background-attachment":"scroll","background-type":"","background-media":"","overlay-type":"","overlay-color":"","overlay-opacity":"","overlay-gradient":""},"mobile":{"background-color":"","background-image":"","background-repeat":"repeat","background-position":"center center","background-size":"auto","background-attachment":"scroll","background-type":"","background-media":"","overlay-type":"","overlay-color":"","overlay-opacity":"","overlay-gradient":""}},"ast-content-background-meta":{"desktop":{"background-color":"var(--ast-global-color-5)","background-image":"","background-repeat":"repeat","background-position":"center center","background-size":"auto","background-attachment":"scroll","background-type":"","background-media":"","overlay-type":"","overlay-color":"","overlay-opacity":"","overlay-gradient":""},"tablet":{"background-color":"var(--ast-global-color-5)","background-image":"","background-repeat":"repeat","background-position":"center center","background-size":"auto","background-attachment":"scroll","background-type":"","background-media":"","overlay-type":"","overlay-color":"","overlay-opacity":"","overlay-gradient":""},"mobile":{"background-color":"var(--ast-global-color-5)","background-image":"","background-repeat":"repeat","background-position":"center center","background-size":"auto","background-attachment":"scroll","background-type":"","background-media":"","overlay-type":"","overlay-color":"","overlay-opacity":"","overlay-gradient":""}},"footnotes":""},"categories":[41],"tags":[],"class_list":["post-4476","post","type-post","status-publish","format-standard","hentry","category-actualites-2024-2025"],"modified_by":"slecourtier","_links":{"self":[{"href":"https:\/\/snalc.org\/snalc2023\/index.php?rest_route=\/wp\/v2\/posts\/4476","targetHints":{"allow":["GET"]}}],"collection":[{"href":"https:\/\/snalc.org\/snalc2023\/index.php?rest_route=\/wp\/v2\/posts"}],"about":[{"href":"https:\/\/snalc.org\/snalc2023\/index.php?rest_route=\/wp\/v2\/types\/post"}],"author":[{"embeddable":true,"href":"https:\/\/snalc.org\/snalc2023\/index.php?rest_route=\/wp\/v2\/users\/1"}],"replies":[{"embeddable":true,"href":"https:\/\/snalc.org\/snalc2023\/index.php?rest_route=%2Fwp%2Fv2%2Fcomments&post=4476"}],"version-history":[{"count":1,"href":"https:\/\/snalc.org\/snalc2023\/index.php?rest_route=\/wp\/v2\/posts\/4476\/revisions"}],"predecessor-version":[{"id":4477,"href":"https:\/\/snalc.org\/snalc2023\/index.php?rest_route=\/wp\/v2\/posts\/4476\/revisions\/4477"}],"wp:attachment":[{"href":"https:\/\/snalc.org\/snalc2023\/index.php?rest_route=%2Fwp%2Fv2%2Fmedia&parent=4476"}],"wp:term":[{"taxonomy":"category","embeddable":true,"href":"https:\/\/snalc.org\/snalc2023\/index.php?rest_route=%2Fwp%2Fv2%2Fcategories&post=4476"},{"taxonomy":"post_tag","embeddable":true,"href":"https:\/\/snalc.org\/snalc2023\/index.php?rest_route=%2Fwp%2Fv2%2Ftags&post=4476"}],"curies":[{"name":"wp","href":"https:\/\/api.w.org\/{rel}","templated":true}]}}