{"id":4486,"date":"2025-07-10T23:26:35","date_gmt":"2025-07-10T21:26:35","guid":{"rendered":"https:\/\/snalc.org\/snalc2023\/?p=4486"},"modified":"2025-07-10T23:26:40","modified_gmt":"2025-07-10T21:26:40","slug":"quinzaine-universitaire-n1503","status":"publish","type":"post","link":"https:\/\/snalc.org\/snalc2023\/?p=4486","title":{"rendered":"QUINZAINE UNIVERSITAIRE n\u00b01503"},"content":{"rendered":"\n<figure class=\"wp-block-image\"><img decoding=\"async\" src=\"https:\/\/snalc.fr\/wp-content\/uploads\/QU1503.jpg\" alt=\"\" class=\"wp-image-57250\"\/><\/figure>\n\n\n\n<p><strong>\u00c9DITO :&nbsp;<a href=\"https:\/\/snalc.fr\/anticiper\/\" target=\"_blank\" rel=\"noreferrer noopener\">ANTICIPER<\/a><\/strong><\/p>\n\n\n\n<figure class=\"wp-block-image\"><img decoding=\"async\" src=\"https:\/\/snalc.fr\/wp-content\/uploads\/elementor\/thumbs\/SNALC-congres-Strasbourg-mai-2023-Photo-Philippe-Sautier-3-e1686317689865-qfu77nw4qlxwj5dktm23kiay8chujy1r6wng15ek0o.jpg\" alt=\"SNALC congres Strasbourg mai 2023 - Photo Philippe Sautier (3)\" title=\"SNALC congres Strasbourg mai 2023 \u2013 Photo Philippe Sautier (3)\"\/><\/figure>\n\n\n\n<p>Jean-R\u00e9mi Girard<br>Pr\u00e9sident du SNALC<\/p>\n\n\n\n<p>Anticiper. Un verbe peu connu dans notre pays, visiblement, puisque l\u2019\u00c9tat semble d\u00e9couvrir l\u2019existence d\u2019\u00e9pisodes caniculaires alors que les personnels sont d\u00e9j\u00e0 en train de les vivre. Heureusement, les r\u00e9ponses sont \u00e0 la hauteur&nbsp;: un e-mail de conseils dont la moiti\u00e9 ne sont pas applicables, et un num\u00e9ro vert.<\/p>\n\n\n\n<p>Que fait-on pour anticiper les \u00e9pisodes caniculaires ? Pour adapter les conditions de travail des personnels ? Rien. Ces \u00e9pisodes vont pourtant se multiplier et s\u2019intensifier, et l\u2019\u00c9tat a des responsabilit\u00e9s qu\u2019il s\u2019est lui-m\u00eame fix\u00e9es par d\u00e9cret.&nbsp;[<strong><a href=\"https:\/\/snalc.fr\/anticiper\/\" target=\"_blank\" rel=\"noreferrer noopener\">Lire la suite<\/a><\/strong>]<\/p>\n\n\n\n<p><strong>DOSSIER DU MOIS :&nbsp;<a href=\"https:\/\/snalc.fr\/lia-une-amie-qui-vous-veut-du-bien\/\">L\u2019IA : UNE AMIE QUI VOUS VEUT DU BIEN ?<\/a><\/strong><\/p>\n\n\n\n<p>05 |&nbsp;<a href=\"https:\/\/snalc.fr\/lia-une-amie-qui-vous-veut-du-bien#intelligente\">L\u2019intelligence artificielle n\u2019est pas intelligente<\/a><br>05 |&nbsp;<a href=\"https:\/\/snalc.fr\/lia-une-amie-qui-vous-veut-du-bien#types\">Diff\u00e9rents types d\u2019IA<\/a><br>06 |&nbsp;<a href=\"https:\/\/snalc.fr\/lia-une-amie-qui-vous-veut-du-bien#generatives\">Les IA g\u00e9n\u00e9ratives<\/a><br>06 |&nbsp;<a href=\"https:\/\/snalc.fr\/lia-une-amie-qui-vous-veut-du-bien#eleves\">L\u2019IA pour les \u00e9l\u00e8ves : outil pour apprendre ou pour ne plus penser ?<\/a><br>07 |&nbsp;<a href=\"https:\/\/snalc.fr\/lia-une-amie-qui-vous-veut-du-bien#classe\">L\u2019IA en classe : progr\u00e8s technologique ou recul humaniste ?<\/a><br>07 |&nbsp;<a href=\"https:\/\/snalc.fr\/lia-une-amie-qui-vous-veut-du-bien#modernite\">L\u2019IA ou le mirage de la modernit\u00e9<\/a><br>08 |&nbsp;<a href=\"https:\/\/snalc.fr\/lia-une-amie-qui-vous-veut-du-bien#cadre\">R\u00e9guler l\u2019IA : l\u2019illusion d\u2019un cadre<\/a><br>08 |&nbsp;<a href=\"https:\/\/snalc.fr\/lia-une-amie-qui-vous-veut-du-bien#prix\">D\u00e9veloppement de l\u2019IA : \u00e0 quel prix ?<\/a><\/p>\n\n\n\n<p><strong>SYST\u00c8ME \u00c9DUCATIF<\/strong><\/p>\n\n\n\n<p>09 |&nbsp;<a href=\"https:\/\/snalc.fr\/programmes-lca-descente-aux-enfers\/\">Langues et cultures de l\u2019Antiquit\u00e9 : la descente aux Enfers<\/a><br>09 |&nbsp;<a href=\"https:\/\/snalc.fr\/choc-des-savoirs-derriere-les-horaires-planchers-un-piege-fatal-pour-les-lca\/\">Choc des savoirs : derri\u00e8re les horaires planchers, un pi\u00e8ge fatal pour les LCA ?<\/a><br>10 |&nbsp;<a href=\"https:\/\/snalc.fr\/francais-cycle-4-ce-que-lon-concoit-bien\/\">Projets de programmes de fran\u00e7ais du cycle 41 : ce que l\u2019on con\u00e7oit bien s\u2019\u00e9nonce clairement<\/a><br>10 |&nbsp;<a href=\"https:\/\/snalc.fr\/le-cned-et-parcoursup\/\">Le Cned et Parcoursup<\/a><br>11 |&nbsp;<a href=\"https:\/\/snalc.fr\/parcours-en-y-en-lp-lepreuve-du-reel\/\">\u00ab Parcours en Y \u00bb en LP : l\u2019\u00e9preuve du r\u00e9el, entre improvisation et hypocrisie<\/a><br>11 |&nbsp;<a href=\"https:\/\/snalc.fr\/parcours-y-resultats-de-lenquete-du-snalc\/\">Parcours Y : r\u00e9sultats de l\u2019enqu\u00eate du SNALC<\/a><br>12 |&nbsp;<a href=\"https:\/\/snalc.fr\/groupes-au-college-le-bilan-du-snalc\/\">Groupes au coll\u00e8ge : le bilan du SNALC<\/a><br>14 |&nbsp;<a href=\"https:\/\/snalc.fr\/sante-mentale-des-jeunes-eps\/\">Sant\u00e9 mentale des jeunes : le r\u00f4le de l\u2019EPS<\/a><br>14 |&nbsp;<a href=\"https:\/\/snalc.fr\/une-reforme-majeure-de-lecole-inclusive\/\">Une r\u00e9forme majeure de l\u2019\u00e9cole inclusive ?<\/a><br>15 |&nbsp;<a href=\"https:\/\/snalc.fr\/conseil-devaluation-de-lecole-evaluer-pour-mieux-ignorer\/\">Conseil d\u2019\u00e9valuation de l\u2019\u00e9cole : \u00e9valuer pour mieux ignorer<\/a><br>15 |&nbsp;<a href=\"https:\/\/snalc.fr\/emi-le-snalc-appuie-les-fondements-du-socle\/\">EMI : le SNALC appuie les fondements du socle<\/a><\/p>\n\n\n\n<p><strong>LES PERSONNELS<\/strong><\/p>\n\n\n\n<p>16 |&nbsp;<a href=\"https:\/\/snalc.fr\/reclassement-hors-classe-et-classe-exceptionnelle-quel-sera-votre-salaire\/\">Reclassement hors classe et classe exceptionnelle : quel sera votre salaire ?<\/a><br>16 |&nbsp;<a href=\"https:\/\/snalc.fr\/hors-classe-et-classe-exceptionnelle-contingents-de-promotions-2025\/\">Hors classe et classe exceptionnelle : contingents de promotions 2025<\/a><br>16 |&nbsp;<a href=\"https:\/\/snalc.fr\/dynamisation-des-carrieres-pour-plus-tard\/\">Dynamisation des carri\u00e8res : c\u2019est pour plus tard !<\/a><br>16 |&nbsp;<a href=\"https:\/\/snalc.fr\/ne-loubliez-pas\/\">Ne l\u2019oubliez pas !<\/a><br>18 |&nbsp;<a href=\"https:\/\/snalc.fr\/ags-attention-a-la-gestion-de-vos-services\/\">AGS : attention \u00e0 la gestion de vos services !<\/a><br>18 |&nbsp;<a href=\"https:\/\/snalc.fr\/ou-lon-reparle-des-retraites\/\">O\u00f9 l\u2019on reparle des retraites<\/a><\/p>\n\n\n\n<p><strong>CONDITIONS DE TRAVAIL<\/strong><br><br>19 |&nbsp;<a href=\"https:\/\/snalc.fr\/strasbourg-poudre-damiante-et-poudre-aux-yeux\/\">Strasbourg : Poudre d\u2019amiante et poudre aux yeux<\/a><br>19 |&nbsp;<a href=\"https:\/\/snalc.fr\/la-fourniture-gratuite-depi-aux-personnels-est-obligatoire\/\">La fourniture gratuite d\u2019EPI aux personnels est obligatoire<\/a><br>20 |&nbsp;<a href=\"https:\/\/snalc.fr\/correction-dnb-francais\/\">Corrections du DNB en fran\u00e7ais : alerte rouge sur la maltraitance institutionnelle<\/a><br>20 |&nbsp;<a href=\"https:\/\/snalc.fr\/emotion-sideration-et-douleur-assassinat-de-melanie-g-assistante-deducation\/\">\u00c9motion, sid\u00e9ration et douleur Assassinat de M\u00e9lanie G., assistante d\u2019\u00e9ducation<\/a><br>20 |&nbsp;<a href=\"https:\/\/snalc.fr\/remuneration-en-conge-de-maladie-ordinaire-report-de-la-regularisation\/\">R\u00e9mun\u00e9ration en cong\u00e9 de maladie ordinaire : report de la r\u00e9gularisation<\/a><br>21 |&nbsp;<a href=\"https:\/\/snalc.fr\/calendrier-scolaire-2025-2026\/\">Vacances scolaires : le calendrier pour 2025-2026<\/a><br>21 |&nbsp;<a href=\"https:\/\/snalc.fr\/avantages-snalc-des-prix-doux-pour-vos-vacances\/\">Avantages-SNALC : des prix doux pour vos vacances<\/a><\/p>\n\n\n\n<p><a href=\"https:\/\/snalc.fr\/wp-content\/uploads\/QU1503.pdf\">T\u00e9l\u00e9charger la revue en PDF<\/a><\/p>\n\n\n\n<figure class=\"wp-block-image\"><img decoding=\"async\" src=\"https:\/\/snalc.fr\/wp-content\/uploads\/QU1503-1D-724x1024.jpg\" alt=\"\" class=\"wp-image-57248\"\/><\/figure>\n\n\n\n<p><em><strong>Afin d\u2019\u00eatre au plus pr\u00e8s de vos attentes et de vous informer au mieux, la revue du SNALC a \u00e9volu\u00e9 d\u00e8s cette rentr\u00e9e, avec d\u00e9sormais deux num\u00e9ros mensuels au lieu d\u2019un : l\u2019un centr\u00e9 sur le second degr\u00e9 et le sup\u00e9rieur, et le second sur les probl\u00e9matiques sp\u00e9cifiques de l\u2019\u00e9cole primaire.<\/strong><\/em><\/p>\n\n\n\n<p><a href=\"https:\/\/snalc.fr\/quinzaine-universitaire-n1503-1d\/\">D\u00e9couvrir la revue Premier degr\u00e9<\/a><\/p>\n\n\n\n<p><\/p>\n","protected":false},"excerpt":{"rendered":"<p>\u00c9DITO :&nbsp;ANTICIPER Jean-R\u00e9mi GirardPr\u00e9sident du SNALC Anticiper. Un verbe peu connu dans notre pays, visiblement, puisque l\u2019\u00c9tat semble d\u00e9couvrir l\u2019existence d\u2019\u00e9pisodes caniculaires alors que les personnels sont d\u00e9j\u00e0 en train [&hellip;]<\/p>\n","protected":false},"author":1,"featured_media":0,"comment_status":"closed","ping_status":"closed","sticky":false,"template":"","format":"standard","meta":{"_lmt_disableupdate":"","_lmt_disable":"","site-sidebar-layout":"default","site-content-layout":"","ast-site-content-layout":"default","site-content-style":"default","site-sidebar-style":"default","ast-global-header-display":"","ast-banner-title-visibility":"","ast-main-header-display":"","ast-hfb-above-header-display":"","ast-hfb-below-header-display":"","ast-hfb-mobile-header-display":"","site-post-title":"","ast-breadcrumbs-content":"","ast-featured-img":"","footer-sml-layout":"","ast-disable-related-posts":"","theme-transparent-header-meta":"","adv-header-id-meta":"","stick-header-meta":"","header-above-stick-meta":"","header-main-stick-meta":"","header-below-stick-meta":"","astra-migrate-meta-layouts":"set","ast-page-background-enabled":"default","ast-page-background-meta":{"desktop":{"background-color":"var(--ast-global-color-4)","background-image":"","background-repeat":"repeat","background-position":"center center","background-size":"auto","background-attachment":"scroll","background-type":"","background-media":"","overlay-type":"","overlay-color":"","overlay-opacity":"","overlay-gradient":""},"tablet":{"background-color":"","background-image":"","background-repeat":"repeat","background-position":"center center","background-size":"auto","background-attachment":"scroll","background-type":"","background-media":"","overlay-type":"","overlay-color":"","overlay-opacity":"","overlay-gradient":""},"mobile":{"background-color":"","background-image":"","background-repeat":"repeat","background-position":"center center","background-size":"auto","background-attachment":"scroll","background-type":"","background-media":"","overlay-type":"","overlay-color":"","overlay-opacity":"","overlay-gradient":""}},"ast-content-background-meta":{"desktop":{"background-color":"var(--ast-global-color-5)","background-image":"","background-repeat":"repeat","background-position":"center center","background-size":"auto","background-attachment":"scroll","background-type":"","background-media":"","overlay-type":"","overlay-color":"","overlay-opacity":"","overlay-gradient":""},"tablet":{"background-color":"var(--ast-global-color-5)","background-image":"","background-repeat":"repeat","background-position":"center center","background-size":"auto","background-attachment":"scroll","background-type":"","background-media":"","overlay-type":"","overlay-color":"","overlay-opacity":"","overlay-gradient":""},"mobile":{"background-color":"var(--ast-global-color-5)","background-image":"","background-repeat":"repeat","background-position":"center center","background-size":"auto","background-attachment":"scroll","background-type":"","background-media":"","overlay-type":"","overlay-color":"","overlay-opacity":"","overlay-gradient":""}},"footnotes":""},"categories":[41,37],"tags":[],"class_list":["post-4486","post","type-post","status-publish","format-standard","hentry","category-actualites-2024-2025","category-qu"],"modified_by":"slecourtier","_links":{"self":[{"href":"https:\/\/snalc.org\/snalc2023\/index.php?rest_route=\/wp\/v2\/posts\/4486","targetHints":{"allow":["GET"]}}],"collection":[{"href":"https:\/\/snalc.org\/snalc2023\/index.php?rest_route=\/wp\/v2\/posts"}],"about":[{"href":"https:\/\/snalc.org\/snalc2023\/index.php?rest_route=\/wp\/v2\/types\/post"}],"author":[{"embeddable":true,"href":"https:\/\/snalc.org\/snalc2023\/index.php?rest_route=\/wp\/v2\/users\/1"}],"replies":[{"embeddable":true,"href":"https:\/\/snalc.org\/snalc2023\/index.php?rest_route=%2Fwp%2Fv2%2Fcomments&post=4486"}],"version-history":[{"count":1,"href":"https:\/\/snalc.org\/snalc2023\/index.php?rest_route=\/wp\/v2\/posts\/4486\/revisions"}],"predecessor-version":[{"id":4487,"href":"https:\/\/snalc.org\/snalc2023\/index.php?rest_route=\/wp\/v2\/posts\/4486\/revisions\/4487"}],"wp:attachment":[{"href":"https:\/\/snalc.org\/snalc2023\/index.php?rest_route=%2Fwp%2Fv2%2Fmedia&parent=4486"}],"wp:term":[{"taxonomy":"category","embeddable":true,"href":"https:\/\/snalc.org\/snalc2023\/index.php?rest_route=%2Fwp%2Fv2%2Fcategories&post=4486"},{"taxonomy":"post_tag","embeddable":true,"href":"https:\/\/snalc.org\/snalc2023\/index.php?rest_route=%2Fwp%2Fv2%2Ftags&post=4486"}],"curies":[{"name":"wp","href":"https:\/\/api.w.org\/{rel}","templated":true}]}}