{"id":4530,"date":"2025-09-06T14:01:28","date_gmt":"2025-09-06T12:01:28","guid":{"rendered":"https:\/\/snalc.org\/snalc2023\/?p=4530"},"modified":"2025-09-06T14:01:33","modified_gmt":"2025-09-06T12:01:33","slug":"quinzaine-universitaire-n1504-ecole","status":"publish","type":"post","link":"https:\/\/snalc.org\/snalc2023\/?p=4530","title":{"rendered":"QUINZAINE UNIVERSITAIRE n\u00b01504 \u2013 \u00e9cole"},"content":{"rendered":"\n<figure class=\"wp-block-image\"><img decoding=\"async\" src=\"https:\/\/snalc.fr\/wp-content\/uploads\/QU1504-1D.jpg\" alt=\"\" class=\"wp-image-57758\"\/><\/figure>\n\n\n\n<p><strong>\u00c9DITO : <\/strong><a href=\"https:\/\/snalc.fr\/une-rentree-pour-defendre-lecole\/\"><strong>UNE RENTR\u00c9E POUR D\u00c9FENDRE L\u2019\u00c9COLE<\/strong><\/a><\/p>\n\n\n\n<figure class=\"wp-block-image\"><img decoding=\"async\" src=\"https:\/\/snalc.fr\/wp-content\/uploads\/elementor\/thumbs\/SNALC-congres-Strasbourg-mai-2023-Photo-Philippe-Sautier-3-e1686317689865-qfu77nw4qlxwj5dktm23kiay8chujy1r6wng15ek0o.jpg\" alt=\"SNALC congres Strasbourg mai 2023 - Photo Philippe Sautier (3)\" title=\"SNALC congres Strasbourg mai 2023 \u2013 Photo Philippe Sautier (3)\"\/><\/figure>\n\n\n\n<p>J-R\u00e9mi Girard<br>Pr\u00e9sident du SNALC<\/p>\n\n\n\n<p>En cette rentr\u00e9e, le SNALC est \u00e9videmment conscient de la situation politique de notre pays. Il tient \u00e0 rappeler l\u2019importance des corps interm\u00e9diaires, que nos gouvernants ont trop n\u00e9glig\u00e9s. En tant que pr\u00e9sident du SNALC, je sais que l\u2019absence de prise en compte des corps interm\u00e9diaires ne peut que mener \u00e0 une d\u00e9connexion entre nos dirigeants et celles et ceux qu\u2019ils dirigent, vers un avenir qui fait tout sauf envie.<\/p>\n\n\n\n<p>Le point de rupture est atteint dans l\u2019\u00c9ducation nationale, et le SNALC l\u2019a fait savoir. Mais contrairement \u00e0 ce qui figure dans les discours de notre classe politique, l\u2019\u00c9ducation n\u2019est pas une priorit\u00e9. [<a href=\"https:\/\/snalc.fr\/une-rentree-pour-defendre-lecole\/\" target=\"_blank\" rel=\"noreferrer noopener\"><strong>Lire la suite<\/strong><\/a>]<\/p>\n\n\n\n<p><strong>SOMMAIRE<\/strong><\/p>\n\n\n\n<p>04 | <a href=\"https:\/\/snalc.fr\/allez-encore-un-effort\/\">Allez, encore un effort !<\/a><br>05 | <a href=\"https:\/\/snalc.fr\/les-10-minutes-daccueil\/\">Les 10 minutes d\u2019accueil<\/a><br>05 | <a href=\"https:\/\/snalc.fr\/108-heures-pas-derreur\/\">108 heures : pas d\u2019erreur !<\/a><br>06 | <a href=\"https:\/\/snalc.fr\/les-reunions-avec-les-parents\/\">Les r\u00e9unions avec les parents<\/a><br>06 | <a href=\"https:\/\/snalc.fr\/journee-de-solidarite-quelles-obligations\/\">Journ\u00e9e de solidarit\u00e9 : quelles obligations ?<\/a><br>07 | <a href=\"https:\/\/snalc.fr\/recapitulatif-des-ors-dans-le-specialise\/\">R\u00e9capitulatif des ORS dans l\u2019enseignement sp\u00e9cialis\u00e9<\/a><br>07 | <a href=\"https:\/\/snalc.fr\/ors-sur-sollicitees-comment-rester-dans-le-cadre\/\">ORS sur-sollicit\u00e9es : comment rester dans le cadre ?<\/a><br>08 | <a href=\"https:\/\/snalc.fr\/reclassement-hors-classe-et-classe-exceptionnelle-quel-sera-votre-salaire\/\">Reclassement hors classe et classe exceptionnelle : quel sera votre salaire ?<\/a><br>09 | <a href=\"https:\/\/snalc.fr\/recours-rdv-de-carriere-nagissez-pas-seul\/\">Recours RDV de carri\u00e8re : n\u2019agissez pas seul !<\/a><br>09 | <a href=\"https:\/\/snalc.fr\/ne-loubliez-pas\/\">Ne l\u2019oubliez pas !<\/a><br>10 | <a href=\"https:\/\/snalc.fr\/remuneration-en-conge-de-maladie-ordinaire-report-de-la-regularisation\/\">R\u00e9mun\u00e9ration en cong\u00e9 de maladie ordinaire : report de la r\u00e9gularisation<\/a><br>10 | <a href=\"https:\/\/snalc.fr\/calendrier-de-versement-des-salaires-et-pensions\/\">Calendrier de versement des salaires et des pensions<\/a><\/p>\n\n\n\n<p><a href=\"https:\/\/snalc.fr\/wp-content\/uploads\/QU1504-1D.pdf\">T\u00e9l\u00e9charger la revue en PDF<\/a><\/p>\n\n\n\n<figure class=\"wp-block-image\"><img decoding=\"async\" src=\"https:\/\/snalc.fr\/wp-content\/uploads\/QU1504-720x1024.jpg\" alt=\"\" class=\"wp-image-57760\"\/><\/figure>\n\n\n\n<p><em><strong>Afin d\u2019\u00eatre au plus pr\u00e8s de vos attentes <\/strong><strong>et de vous informer au mieux, la revue du SNALC a <\/strong><strong>\u00e9volu\u00e9 d\u00e8s cette rentr\u00e9e, avec d\u00e9sormais <\/strong><strong>deux num\u00e9ros mensuels au lieu d\u2019un : <\/strong><strong>l\u2019un centr\u00e9 sur le second degr\u00e9 et le sup\u00e9rieur, <\/strong><strong>et le second sur les probl\u00e9matiques <\/strong><strong>sp\u00e9cifiques de l\u2019\u00e9cole primaire.<\/strong><\/em><\/p>\n\n\n\n<p><a href=\"https:\/\/snalc.fr\/quinzaine-universitaire-n1504\/\">D\u00e9couvrir la revue Second degr\u00e9 &amp; Sup\u00e9rieur<\/a><\/p>\n","protected":false},"excerpt":{"rendered":"<p>\u00c9DITO : UNE RENTR\u00c9E POUR D\u00c9FENDRE L\u2019\u00c9COLE J-R\u00e9mi GirardPr\u00e9sident du SNALC En cette rentr\u00e9e, le SNALC est \u00e9videmment conscient de la situation politique de notre pays. Il tient \u00e0 rappeler [&hellip;]<\/p>\n","protected":false},"author":1,"featured_media":0,"comment_status":"closed","ping_status":"closed","sticky":false,"template":"","format":"standard","meta":{"_lmt_disableupdate":"","_lmt_disable":"","site-sidebar-layout":"default","site-content-layout":"","ast-site-content-layout":"default","site-content-style":"default","site-sidebar-style":"default","ast-global-header-display":"","ast-banner-title-visibility":"","ast-main-header-display":"","ast-hfb-above-header-display":"","ast-hfb-below-header-display":"","ast-hfb-mobile-header-display":"","site-post-title":"","ast-breadcrumbs-content":"","ast-featured-img":"","footer-sml-layout":"","ast-disable-related-posts":"","theme-transparent-header-meta":"","adv-header-id-meta":"","stick-header-meta":"","header-above-stick-meta":"","header-main-stick-meta":"","header-below-stick-meta":"","astra-migrate-meta-layouts":"set","ast-page-background-enabled":"default","ast-page-background-meta":{"desktop":{"background-color":"var(--ast-global-color-4)","background-image":"","background-repeat":"repeat","background-position":"center center","background-size":"auto","background-attachment":"scroll","background-type":"","background-media":"","overlay-type":"","overlay-color":"","overlay-opacity":"","overlay-gradient":""},"tablet":{"background-color":"","background-image":"","background-repeat":"repeat","background-position":"center center","background-size":"auto","background-attachment":"scroll","background-type":"","background-media":"","overlay-type":"","overlay-color":"","overlay-opacity":"","overlay-gradient":""},"mobile":{"background-color":"","background-image":"","background-repeat":"repeat","background-position":"center center","background-size":"auto","background-attachment":"scroll","background-type":"","background-media":"","overlay-type":"","overlay-color":"","overlay-opacity":"","overlay-gradient":""}},"ast-content-background-meta":{"desktop":{"background-color":"var(--ast-global-color-5)","background-image":"","background-repeat":"repeat","background-position":"center center","background-size":"auto","background-attachment":"scroll","background-type":"","background-media":"","overlay-type":"","overlay-color":"","overlay-opacity":"","overlay-gradient":""},"tablet":{"background-color":"var(--ast-global-color-5)","background-image":"","background-repeat":"repeat","background-position":"center center","background-size":"auto","background-attachment":"scroll","background-type":"","background-media":"","overlay-type":"","overlay-color":"","overlay-opacity":"","overlay-gradient":""},"mobile":{"background-color":"var(--ast-global-color-5)","background-image":"","background-repeat":"repeat","background-position":"center center","background-size":"auto","background-attachment":"scroll","background-type":"","background-media":"","overlay-type":"","overlay-color":"","overlay-opacity":"","overlay-gradient":""}},"footnotes":""},"categories":[42,23,37],"tags":[],"class_list":["post-4530","post","type-post","status-publish","format-standard","hentry","category-actualites-2025-2026","category-professeurs-1er-degre","category-qu"],"modified_by":"slecourtier","_links":{"self":[{"href":"https:\/\/snalc.org\/snalc2023\/index.php?rest_route=\/wp\/v2\/posts\/4530","targetHints":{"allow":["GET"]}}],"collection":[{"href":"https:\/\/snalc.org\/snalc2023\/index.php?rest_route=\/wp\/v2\/posts"}],"about":[{"href":"https:\/\/snalc.org\/snalc2023\/index.php?rest_route=\/wp\/v2\/types\/post"}],"author":[{"embeddable":true,"href":"https:\/\/snalc.org\/snalc2023\/index.php?rest_route=\/wp\/v2\/users\/1"}],"replies":[{"embeddable":true,"href":"https:\/\/snalc.org\/snalc2023\/index.php?rest_route=%2Fwp%2Fv2%2Fcomments&post=4530"}],"version-history":[{"count":1,"href":"https:\/\/snalc.org\/snalc2023\/index.php?rest_route=\/wp\/v2\/posts\/4530\/revisions"}],"predecessor-version":[{"id":4531,"href":"https:\/\/snalc.org\/snalc2023\/index.php?rest_route=\/wp\/v2\/posts\/4530\/revisions\/4531"}],"wp:attachment":[{"href":"https:\/\/snalc.org\/snalc2023\/index.php?rest_route=%2Fwp%2Fv2%2Fmedia&parent=4530"}],"wp:term":[{"taxonomy":"category","embeddable":true,"href":"https:\/\/snalc.org\/snalc2023\/index.php?rest_route=%2Fwp%2Fv2%2Fcategories&post=4530"},{"taxonomy":"post_tag","embeddable":true,"href":"https:\/\/snalc.org\/snalc2023\/index.php?rest_route=%2Fwp%2Fv2%2Ftags&post=4530"}],"curies":[{"name":"wp","href":"https:\/\/api.w.org\/{rel}","templated":true}]}}