{"id":4553,"date":"2025-09-25T15:59:56","date_gmt":"2025-09-25T13:59:56","guid":{"rendered":"https:\/\/snalc.org\/snalc2023\/?p=4553"},"modified":"2025-09-25T16:00:00","modified_gmt":"2025-09-25T14:00:00","slug":"les-concours-de-recrutement-denseignants-de-cpe-et-de-psychologues-session-2026","status":"publish","type":"post","link":"https:\/\/snalc.org\/snalc2023\/?p=4553","title":{"rendered":"Les concours de recrutement\u00a0d\u2019enseignants, de CPE et de psychologues\u00a0: session 2026"},"content":{"rendered":"\n<figure class=\"wp-block-image\"><img decoding=\"async\" src=\"https:\/\/snalc.fr\/wp-content\/uploads\/image5-Moyenne.jpeg\" alt=\"\" class=\"wp-image-58710\"\/><figcaption class=\"wp-element-caption\">\u00a9 SNALC<\/figcaption><\/figure>\n\n\n\n<p>Que vous soyez contractuel(le) enseignant(e), CPE, Psy-EN, AED ou AESH, vous avez la&nbsp;possibilit\u00e9 de passer un concours de recrutement de professeur des \u00e9coles (CRPE), de professeur du second degr\u00e9 (Capes, Capeps, Capet,CAPLP\u2026), de CPE ou de psychologue de l\u2019Education nationale.<\/p>\n\n\n\n<p>Pour devenir titulaire, <strong>il existe plusieurs concours<\/strong> (externes Bac&nbsp;+&nbsp;5, externes Bac&nbsp;+&nbsp;3, externes sp\u00e9ciaux, internes ettroisi\u00e8mes concours) qui ob\u00e9issent chacun \u00e0 un certain nombre de conditions et de r\u00e8gles qu\u2019il convient de bien respecter.<\/p>\n\n\n\n<p>Le SNALC vous dit tout sur ces <strong>concours<\/strong><strong> de recrutement des personnels enseignants, personnels <\/strong><strong>d\u2019\u00e9ducation et <\/strong><strong>psychologues de l\u2019Education nationale<\/strong><strong>.<\/strong><\/p>\n\n\n\n<p>La <a href=\"https:\/\/www.education.gouv.fr\/bo\/2025\/Hebdo35\/MENH2525453N\"><u>note de service <\/u><u>du 11<\/u><u> septembre <\/u><u>2025<\/u><\/a> du Minist\u00e8re de l\u2019\u00c9ducation nationale, parue au <a href=\"https:\/\/www.education.gouv.fr\/bo\/2025\/Hebdo35\"><u>BO n\u00b035<\/u><\/a> du 18 septembre 2025,pr\u00e9cise les modalit\u00e9s d\u2019organisation des concours de recrutement pour la&nbsp;<strong>session 2026<\/strong>.<\/p>\n\n\n\n<h3 class=\"wp-block-heading\"><strong>I<\/strong><strong>nscription<\/strong><\/h3>\n\n\n\n<p>Les candidats acc\u00e8dent au service d\u2019inscription aux adresses&nbsp;internet suivantes&nbsp;:&nbsp;<\/p>\n\n\n\n<ul class=\"wp-block-list\">\n<li>pour les concours de recrutement de professeurs des \u00e9coles et des personnels de l\u2019enseignement du second\u00a0degr\u00e9\u00a0:<\/li>\n<\/ul>\n\n\n\n<figure class=\"wp-block-embed\"><div class=\"wp-block-embed__wrapper\">\nhttps:\/\/www.devenirenseignant.gouv.fr\/inscrivez-vous-aux-concours-de-recrutement-d-enseignants-1061\n<\/div><\/figure>\n\n\n\n<ul class=\"wp-block-list\">\n<li>pour les concours de CPE\u00a0:<\/li>\n<\/ul>\n\n\n\n<figure class=\"wp-block-embed\"><div class=\"wp-block-embed__wrapper\">\nhttps:\/\/www.education.gouv.fr\/les-concours-de-recrutement-de-conseillers-principaux-d-education-cpe-6719\n<\/div><\/figure>\n\n\n\n<ul class=\"wp-block-list\">\n<li>pour les concours de psychologues de l\u2019\u00c9ducation nationale\u00a0:\u00a0<\/li>\n<\/ul>\n\n\n\n<figure class=\"wp-block-embed\"><div class=\"wp-block-embed__wrapper\">\nhttps:\/\/www.education.gouv.fr\/les-concours-de-recrutement-des-psychologues-de-l-education-nationale-11264\n<\/div><\/figure>\n\n\n\n<p>En cas d\u2019impossibilit\u00e9 de s\u2019inscrire par internet, les candidats ont la possibilit\u00e9 de le faire \u00e0 l\u2019aide d\u2019un dossier papier.<\/p>\n\n\n\n<p><strong>ATTENTION&nbsp;: NOUVEAUT\u00c9 2026<\/strong><\/p>\n\n\n\n<p>\u00c0 compter de la session des concours&nbsp;2026, et conform\u00e9ment au <a href=\"https:\/\/www.legifrance.gouv.fr\/jorf\/id\/JORFTEXT000051490773\"><u>d\u00e9cret <\/u><u>2025-352 du 17&nbsp;avril&nbsp;2025<\/u><\/a>, <strong>les recrutements des personnels enseignants et des CPE s\u2019ef<\/strong><strong>fectuent au niveau licence (BAC<\/strong><strong>+<\/strong><strong>3).<\/strong><\/p>\n\n\n\n<p>Les modalit\u00e9s d\u2019organisation, dont les \u00e9preuves, des nouveaux concours externes (BAC&nbsp;+&nbsp;3) sont disponibles aux adresses suivantes&nbsp;:<\/p>\n\n\n\n<p>CRPE externe BAC&nbsp;+&nbsp;3&nbsp;: <a href=\"https:\/\/www.legifrance.gouv.fr\/jorf\/id\/JORFTEXT000051491123\"><u>https:\/\/www.legifrance.gouv.fr\/jorf\/id\/JORFTEXT000051491123<\/u><\/a><\/p>\n\n\n\n<p>Capes externe BAC&nbsp;+&nbsp;3&nbsp;:&nbsp;<a href=\"https:\/\/www.legifrance.gouv.fr\/jorf\/id\/JORFTEXT000051491230\"><u>https:\/\/www.legifrance.gouv.fr\/jorf\/id\/JORFTEXT000051491230<\/u><\/a><\/p>\n\n\n\n<p>Capeps externe BAC&nbsp;+&nbsp;3&nbsp;:&nbsp;<a href=\"https:\/\/www.legifrance.gouv.fr\/jorf\/id\/JORFTEXT000051491066\"><u>https:\/\/www.legifrance.gouv.fr\/jorf\/id\/JORFTEXT000051491066<\/u><\/a><\/p>\n\n\n\n<p>Capet externe BAC&nbsp;+&nbsp;3&nbsp;:&nbsp;<a href=\"https:\/\/www.legifrance.gouv.fr\/jorf\/id\/JORFTEXT000051491155\"><u>https:\/\/www.legifrance.gouv.fr\/jorf\/id\/JORFTEXT000051491155<\/u><\/a><\/p>\n\n\n\n<p>CAPLP externe BAC&nbsp;+&nbsp;3&nbsp;:&nbsp;<a href=\"https:\/\/www.legifrance.gouv.fr\/jorf\/id\/JORFTEXT000051491201\"><u>https:\/\/www.legifrance.gouv.fr\/jorf\/id\/JORFTEXT000051491201<\/u><\/a><\/p>\n\n\n\n<p>CPE externe BAC&nbsp;+&nbsp;3&nbsp;:&nbsp;<a href=\"https:\/\/www.legifrance.gouv.fr\/jorf\/id\/JORFTEXT000051491095\"><u>https:\/\/www.legifrance.gouv.fr\/jorf\/id\/JORFTEXT000051491095<\/u><\/a>&nbsp;<\/p>\n\n\n\n<p>Ces nouveaux concours externes concernent les recrutements dans l\u2019enseignement public et dans l\u2019enseignement priv\u00e9 sous contrat.&nbsp;<\/p>\n\n\n\n<p>En parall\u00e8le de l\u2019organisation de ces nouveaux concours externes \u00e0 BAC&nbsp;+&nbsp;3, des concours externes \u00e0 BAC&nbsp;+&nbsp;5 du CRPE, du Capes, du Capeps, du Capet, du CAPLP et du CPE sont organis\u00e9s \u00e0 titre transitoire. Il y aura donc coexistence de concours \u00e0 BAC + 3 et BAC + 5 en ce qui les concerne.<\/p>\n\n\n\n<h3 class=\"wp-block-heading\"><strong>Dates d\u2019inscription<\/strong><\/h3>\n\n\n\n<p><strong>A<\/strong><strong>ttention<\/strong><strong>&nbsp;:<\/strong><\/p>\n\n\n\n<p>Pour la session&nbsp;2026, deux&nbsp;p\u00e9riodes d\u2019inscription sont pr\u00e9vues.<\/p>\n\n\n\n<ul class=\"wp-block-list\">\n<li><strong>du 18\u00a0septembre\u00a02025, \u00e0 partir de 12\u00a0h\u00a000, au 6\u00a0novembre\u00a02025, 12\u00a0h\u00a000\u00a0<\/strong><strong>(heure de Paris),\u00a0<\/strong>pour les<strong>\u00a0:<\/strong><\/li>\n\n\n\n<li>concours externes et internes\u00a0de l\u2019<strong>agr\u00e9gation<\/strong>\u00a0;<\/li>\n\n\n\n<li>concours externe, interne et\u00a0troisi\u00e8me concours <strong>PsyEN<\/strong>\u00a0;<\/li>\n\n\n\n<li>concours internes et troisi\u00e8me concours du CRPE, du Capes, du Capeps, du Capet, du concours CPE et de certaines sections du CAPLP\u00a0;<\/li>\n\n\n\n<li>concours externes, internes et troisi\u00e8mes concours des sections professionnelles du CAPLP\u00a0;<\/li>\n\n\n\n<li>concours internes et troisi\u00e8mes concours du CRPE, du Capes, du Capeps, du Capet, du concours CPE et de certaines sections du CAPLP\u00a0;<\/li>\n\n\n\n<li>\u00e0 titre transitoire et au titre de l\u2019ann\u00e9e\u00a02026,\u00a0<strong>les concours externes au <\/strong><strong>niveau BAC<\/strong><strong>+<\/strong><strong>5<\/strong><strong> du CRPE, du Capes, du <\/strong><strong>Capeps<\/strong><strong>, du Capet, du concours de CPE et de certaines sections du CAPLP<\/strong>.<\/li>\n\n\n\n<li><strong>du 14\u00a0octobre\u00a02025, \u00e0 partir de 12\u00a0h\u00a000, au 2\u00a0d\u00e9cembre\u00a02025, 12\u00a0h\u00a000\u00a0<\/strong><strong>(heure de Paris),<\/strong>\u00a0<strong>pour les <\/strong><strong>nouveaux concours externes<\/strong><strong> (niveau BAC<\/strong><strong>+<\/strong><strong>3)<\/strong>\u00a0: personnels enseignants des 1er et 2nd degr\u00e9 (CRPE, Capeps, Capes, Capet, CAPLP) et CPE\u00a0;<\/li>\n<\/ul>\n\n\n\n<p>Ces dates int\u00e8grent d\u2019embl\u00e9e les p\u00e9riodes habituelles de prolongation.<\/p>\n\n\n\n<p><strong>Il est recommand\u00e9 de ne pas attendre les derniers jours pour s\u2019inscrire&nbsp;!<\/strong><\/p>\n\n\n\n<p>La note de service&nbsp;du 11 septembre 2025 concerne \u00e9galement les concours correspondants pour les ma\u00eetres des \u00e9tablissements d\u2019enseignement priv\u00e9s sous contrat.<\/p>\n\n\n\n<h3 class=\"wp-block-heading\"><strong>Modalit\u00e9s d\u2019inscription<\/strong><\/h3>\n\n\n\n<p><strong>Les insc<\/strong><strong>riptions \u00e0<\/strong><strong> l\u2019ensemble des concours d<\/strong><strong>e recrutement de la session 2026<\/strong><strong> se d\u00e9rouleront sur le site<\/strong>&nbsp;<a href=\"https:\/\/cyclades.education.gouv.fr\/cyccandidat\/portal\/accueil\"><u>Cyclades<\/u><\/a>.<\/p>\n\n\n\n<p>Si vous n\u2019avez pas encore un compte utilisateur dans Cyclades, vous pouvez d\u00e8s maintenant en cr\u00e9er un.&nbsp;<\/p>\n\n\n\n<ul class=\"wp-block-list\">\n<li>Acc\u00e9der au tuto Cyclades\u00a0:<\/li>\n<\/ul>\n\n\n\n<figure class=\"wp-block-embed\"><div class=\"wp-block-embed__wrapper\">\nhttps:\/\/candidat.examens-concours.gouv.fr\/cyccandidat\/aide\/Presentations\/inscription_CE2.html\n<\/div><\/figure>\n\n\n\n<ul class=\"wp-block-list\">\n<li>Acc\u00e9der aux informations sur les concours d\u2019enseignants (premier et second degr\u00e9s), de CPE et Psy-EN\u00a0:<\/li>\n<\/ul>\n\n\n\n<p><a href=\"https:\/\/candidat.examens-concours.gouv.fr\/cyccandidat\/portal\/consulter_service_inscription\/__pmall_edit\/__rpall_sousactivite\/SEE0x1SVE0x1INS?OngletID=1727349868512\"><u>Cyclades (examens-concours.gouv.fr)<\/u><\/a><\/p>\n\n\n\n<ul class=\"wp-block-list\">\n<li>Acc\u00e9der \u00e0 la FAQ Cyclades\u00a0:<\/li>\n<\/ul>\n\n\n\n<figure class=\"wp-block-embed\"><div class=\"wp-block-embed__wrapper\">\nhttps:\/\/candidat.examens-concours.gouv.fr\/cyccandidat\/aide\/SANS\/index.html#faq_espace_candidat\n<\/div><\/figure>\n\n\n\n<p><strong>\u00c0<\/strong><strong> savoir<\/strong><strong>&nbsp;:<\/strong><\/p>\n\n\n\n<p>Si vous souhaitez candidater, <strong>v\u00e9rifiez bien que vous remplissez&nbsp; <\/strong><strong>les conditions<\/strong> g\u00e9n\u00e9rales d\u2019acc\u00e8s \u00e0 la fonction publique (<a href=\"https:\/\/www.fonction-publique.gouv.fr\/devenir-agent-public\/les-conditions-generales-dacces-aux-concours\"><u>https:\/\/www.fonction-publique.gouv.fr\/devenir-agent-public\/les-conditions-generales-dacces-aux-concours<\/u><\/a>) <strong>et<\/strong>&nbsp;les <a href=\"https:\/\/www.devenirenseignant.gouv.fr\/le-recrutement-par-concours-1265\"><u>conditions sp\u00e9cifiques<\/u><\/a> \u00e0 chaque concours envisag\u00e9.<\/p>\n\n\n\n<p>Aucune d\u00e9rogation aux conditions g\u00e9n\u00e9rales d\u2019inscription, dispositions r\u00e9glementaires, ne peut \u00eatre accord\u00e9e.<\/p>\n\n\n\n<p>Sous r\u00e9serve de justifier des conditions d\u2019inscription exig\u00e9es, les candidats peuvent s\u2019inscrire \u00e0 plusieurs concours (externe Bac&nbsp;+&nbsp;5, externe Bac&nbsp;+&nbsp;3, externe sp\u00e9cial, interne et troisi\u00e8me concours).<\/p>\n\n\n\n<p>En ce qui concerne les concours du second degr\u00e9, les candidats peuvent s\u2019inscrire \u00e0 plusieurs sections d\u2019un m\u00eame concours.<\/p>\n\n\n\n<p><strong>Bon \u00e0 savoir<\/strong><strong>&nbsp;:<\/strong><\/p>\n\n\n\n<p>Les candidats aux nouveaux concours externes (niveau BAC&nbsp;+&nbsp;3) <strong>et <\/strong>aux concours organis\u00e9s \u00e0 titre transitoires (BAC&nbsp;+&nbsp;5) pr\u00e9cisent d\u00e8s leur inscription leur choix d\u2019admission en cas d\u2019admission simultan\u00e9e \u00e0 ces concours.<\/p>\n\n\n\n<p>Ce choix ne peut plus \u00eatre modifi\u00e9 apr\u00e8s la date de la cl\u00f4ture des inscriptions aux concours.<\/p>\n\n\n\n<p>Les laur\u00e9ats des concours enseignants et CPE externes BAC&nbsp;+&nbsp;5 seront affect\u00e9s avant les laur\u00e9ats des concours externes BAC&nbsp;+&nbsp;3 d\u00e9tenteurs d\u2019un master&nbsp;2.<\/p>\n\n\n\n<p>Apr\u00e8s avoir cr\u00e9\u00e9 un compte Cyclades ou s\u2019\u00eatre connect\u00e9s \u00e0 leur compte Cyclades d\u00e9j\u00e0 existant, les candidats sont guid\u00e9s par des \u00e9crans informatifs tout au long de la saisie des donn\u00e9es n\u00e9cessaires \u00e0 leur inscription.<\/p>\n\n\n\n<p><strong>Attention&nbsp;:<\/strong><\/p>\n\n\n\n<p><strong>Tant qu\u2019un num\u00e9ro d\u2019inscription n\u2019est pas affich\u00e9 \u00e0 l\u2019\u00e9cran, l\u2019inscription n\u2019est pas enregistr\u00e9e. En cas de d\u00e9connexion avant l\u2019obtenti<\/strong><strong>on de celui-ci, vous devez<\/strong><strong> reprendre la totalit\u00e9 de la proc\u00e9dure.<\/strong><\/p>\n\n\n\n<p><strong>Dans le cas d\u2019inscription \u00e0 plusieurs concours, un num\u00e9ro diff\u00e9rent est attribu\u00e9 \u00e0 chaque inscription.<\/strong><\/p>\n\n\n\n<p><strong>Pensez \u00e0 t\u00e9l\u00e9charger, puis sauvegarder et imprimer vos justificatifs d\u2019inscription.<\/strong><\/p>\n\n\n\n<p>Les candidats au concours externe, aux concours externes sp\u00e9ciaux, au second concours interne, au second concours interne sp\u00e9cial, au troisi\u00e8me concours, au concours interne exceptionnel de <strong>professeurs des \u00e9coles<\/strong>&nbsp;s\u2019inscrivent aupr\u00e8s du rectorat de l\u2019acad\u00e9mie au titre de laquelle ils d\u00e9sirent concourir.<\/p>\n\n\n\n<p>Les candidats re\u00e7oivent ensuite&nbsp;par courrier \u00e9lectronique <strong>une confirmation d\u2019inscription<\/strong> pr\u00e9cisant&nbsp;:<\/p>\n\n\n\n<ul class=\"wp-block-list\">\n<li>leur num\u00e9ro d\u2019inscription\u00a0;<\/li>\n\n\n\n<li>les modalit\u00e9s pour acc\u00e9der aux documents relatifs \u00e0 cette inscription (connexion \u00e0 leur espace candidat pour prendre connaissance de leur r\u00e9capitulatif d\u2019inscription et de la demande de pi\u00e8ces justificatives).<\/li>\n<\/ul>\n\n\n\n<p><strong>\u00c0<\/strong><strong> savoir<\/strong><strong>&nbsp;:<\/strong><\/p>\n\n\n\n<p>Le <a href=\"https:\/\/www.legifrance.gouv.fr\/jorf\/id\/JORFTEXT000047936139\"><u>d\u00e9cret 2023-720 du 4 ao\u00fbt 2023<\/u><\/a> a modifi\u00e9 l\u2019article 5 du <a href=\"https:\/\/www.legifrance.gouv.fr\/loda\/id\/JORFTEXT000000874749\"><u>d\u00e9cret 70-738<\/u><u> du 12 ao\u00fbt 19<\/u><u>70<\/u>&nbsp;<\/a>relatif au statut particulier des CPE : <strong>le concours interne de CPE est ouvert<\/strong><strong> aux accompagnants des \u00e9l\u00e8ves en situation de handicap<\/strong> qui justifient d\u2019au moins trois ann\u00e9es de services publics.<\/p>\n\n\n\n<h3 class=\"wp-block-heading\"><strong>Date \u00e0 laquelle les conditions requises pour concourir doivent \u00eatre remplies<\/strong><\/h3>\n\n\n\n<p>En application de l\u2019<a href=\"https:\/\/www.legifrance.gouv.fr\/codes\/article_lc\/LEGIARTI000044426886\"><u>article L.&nbsp;325-25 du c<\/u><u>ode g\u00e9n\u00e9ral de la fonction publique<\/u><\/a>, les candidats aux concours doivent, au plus tard <strong>\u00e0 la date de la premi\u00e8re \u00e9preuve du concours<\/strong><strong>,<\/strong>remplir les&nbsp;<strong>conditions g\u00e9n\u00e9rales<\/strong>&nbsp;d\u2019acc\u00e8s \u00e0 un emploi public (nationalit\u00e9, jouissance des droits civiques, absence de condamnation incompatible avec l\u2019exercice des fonctions postul\u00e9es, position r\u00e9guli\u00e8re au regard des obligations du service national) fix\u00e9es par les titres&nbsp;I et II du livre&nbsp;III du m\u00eame code.<\/p>\n\n\n\n<p>La date d\u2019appr\u00e9ciation des&nbsp;<strong>conditions particuli\u00e8res<\/strong>&nbsp;(dipl\u00f4me, position statutaire, \u00e9chelon, anciennet\u00e9 de service\u2026) est fix\u00e9e par les textes r\u00e9glementaires r\u00e9gissant le recrutement consid\u00e9r\u00e9.<\/p>\n\n\n\n<p>Ces conditions doivent \u00eatre remplies&nbsp;:<\/p>\n\n\n\n<ul class=\"wp-block-list\">\n<li><strong>\u00e0 la date de publication des r\u00e9sultats d\u2019admissibilit\u00e9<\/strong>\u00a0pour les concours avec une \u00e9preuve \u00e9crite des personnels enseignants du premier\u00a0degr\u00e9, du second\u00a0degr\u00e9, de CPE et de psy-EN.<\/li>\n<\/ul>\n\n\n\n<p>Celle-ci sera port\u00e9e \u00e0 la connaissance des candidats sur le site de chaque acad\u00e9mie organisatrice pour les concours du 1er degr\u00e9 et \u00e0 l\u2019adresse&nbsp;<a href=\"https:\/\/candidat.examens-concours.gouv.fr\/cyccandidat\/portal\/login%20\"><u>https:\/\/candidat.examens-concours.gouv.fr\/cyccandidat\/portal\/login<\/u><\/a>&nbsp;pour les concours du second degr\u00e9. Il en est de m\u00eame pour les concours correspondants de l\u2019enseignement priv\u00e9 sous contrat.<\/p>\n\n\n\n<p><strong>Attention&nbsp;:<\/strong><\/p>\n\n\n\n<p>Pour le concours externe du Capeps&nbsp;<strong>niveau BAC<\/strong><strong>+<\/strong><strong>3<\/strong>, un projet de texte modifie, pour une mise en \u0153uvre d\u00e8s la session&nbsp;2026, les dispositions r\u00e9glementaires relatives \u00e0 la date d\u2019appr\u00e9ciation de l\u2019aptitude au sauvetage aquatique, qui est \u00e0 ce jour \u00e0 justifier \u00e0 la publication des r\u00e9sultats d\u2019admissibilit\u00e9 du concours. Sous r\u00e9serve de la publication officielle dudit texte, la date d\u2019appr\u00e9ciation sera d\u00e9cal\u00e9e \u00e0 la date d\u2019admission.<\/p>\n\n\n\n<p>Pour le concours externe du CRPE <strong>niveau <\/strong><strong>BAC<\/strong><strong>+<\/strong><strong>3<\/strong>, il en ira de m\u00eame pour les attestations de natation et de secourisme exig\u00e9es pour ce concours.<\/p>\n\n\n\n<ul class=\"wp-block-list\">\n<li>au 1er\u00a0septembre de l\u2019ann\u00e9e pr\u00e9c\u00e9dant le concours soit, pour la session\u00a02026, le 1er\u00a0septembre\u00a02025, pour le premier concours interne de recrutement de professeurs des \u00e9coles et le concours correspondant de l\u2019enseignement priv\u00e9.<\/li>\n<\/ul>\n\n\n\n<p><strong>V\u00e9rification des pi\u00e8ces justificatives<\/strong><\/p>\n\n\n\n<p>La v\u00e9rification par l\u2019administration des conditions requises pour concourir doit intervenir&nbsp;<strong>au plus tard \u00e0 la date de nomination&nbsp;<\/strong>en application des dispositions de l\u2019<a href=\"https:\/\/www.legifrance.gouv.fr\/codes\/article_lc\/LEGIARTI000044426854\"><u>article L.&nbsp;325-37 du Code g\u00e9n\u00e9ral de la fonction publique<\/u><\/a>.<\/p>\n\n\n\n<p>Par cons\u00e9quent&nbsp;:<\/p>\n\n\n\n<ul class=\"wp-block-list\">\n<li><strong>la convocation et la participation des candidats aux \u00e9preuves ne pr\u00e9jugent pas de la recevabilit\u00e9 de leur demande d\u2019inscription<\/strong>\u00a0;<\/li>\n\n\n\n<li>lorsque le contr\u00f4le des pi\u00e8ces fournies montre que des <strong>candidats ne remplissent pas les conditions requises <\/strong>pour faire acte de candidature, <strong>ils ne peuvent ni figurer, ni \u00eatre maintenus sur la liste d\u2019admissibilit\u00e9 ou sur la liste d\u2019admission, ni \u00eatre nomm\u00e9s<\/strong>, qu\u2019ils aient \u00e9t\u00e9 ou non de bonne foi.<\/li>\n<\/ul>\n\n\n\n<p><strong>Le plus grand soin doit \u00eatre<\/strong><strong> apport\u00e9 aux pi\u00e8ces jointes dont les services v\u00e9rifieront le contenu le plus t\u00f4t possible.<\/strong><\/p>\n\n\n\n<p><strong>Les candidats aux concours sont invit\u00e9s \u00e0 transmettre le plus t\u00f4t pos<\/strong><strong>sible les pi\u00e8ces justificatives<\/strong><strong> afin de permettre aux services de v\u00e9rifier leur \u00e9ligibilit\u00e9 au plus vite et d\u2019\u00e9viter autant que faire se peut les situations d\u2019\u00e9limination tardive.&nbsp;<\/strong><\/p>\n\n\n\n<p>Toute infraction au r\u00e8glement, toute fraude ou tentative de fraude, soit dans les renseignements fournis lors de l\u2019inscription, soit au cours des \u00e9preuves d\u2019admissibilit\u00e9 ou d\u2019admission, entra\u00eenera l\u2019exclusion du candidat, sans pr\u00e9judice des sanctions p\u00e9nales et \u00e9ventuellement disciplinaires s\u2019il est agent public.<\/p>\n\n\n\n<p><strong>Autorisation d\u2019absence pour les agents titulaires ou non titulaires<\/strong><\/p>\n\n\n\n<p>Les deux jours d\u2019absence qui peuvent \u00eatre accord\u00e9s doivent pr\u00e9c\u00e9der imm\u00e9diatement le premier jour du concours et porter sur des jours ouvrables (dont le samedi), que les candidats soient ou non en fonction ces jours-l\u00e0 et quelle que soit leur quotit\u00e9 hebdomadaire de travail.<\/p>\n\n\n\n<p>Lorsque les deux jours qui pr\u00e9c\u00e8dent les \u00e9preuves d\u2019admissibilit\u00e9 sont situ\u00e9s pendant les vacances scolaires, il ne peut \u00eatre accord\u00e9 d\u2019autorisation d\u2019absence.<\/p>\n\n\n\n<h3 class=\"wp-block-heading\"><strong>Calendrier des \u00e9preuves \u00e9crites<\/strong><\/h3>\n\n\n\n<p>Les calendriers d\u00e9taill\u00e9s des \u00e9preuves \u00e9crites de chaque concours de la session&nbsp;2026 sont publi\u00e9s aux adresses suivantes&nbsp;:<\/p>\n\n\n\n<ul class=\"wp-block-list\">\n<li>pour les personnels enseignants\u00a0:\u00a0<br>\u00a0<a href=\"https:\/\/www.devenirenseignant.gouv.fr\/\"><u>https:\/\/www.devenirenseignant.gouv.fr\/<\/u><\/a><\/li>\n\n\n\n<li>pour les conseillers principaux d\u2019\u00e9ducation\u00a0(CPE)\u00a0:\u00a0<br>\u00a0<a href=\"https:\/\/www.education.gouv.fr\/les-concours-de-recrutement-de-conseillers-principaux-d-education-cpe-6719\"><u>https:\/\/www.education.gouv.fr\/les-concours-de-recrutement-de-conseillers-principaux-d-education-cpe-6719<\/u><\/a><\/li>\n\n\n\n<li>pour les psychologues de l\u2019\u00e9ducation nationale\u00a0(PsyEN)\u00a0:\u00a0<br>\u00a0<a href=\"https:\/\/www.education.gouv.fr\/les-concours-de-recrutement-des-psychologues-de-l-education-nationale-11264\"><u>https:\/\/www.education.gouv.fr\/les-concours-de-recrutement-des-psychologues-de-l-education-nationale-11264<\/u><\/a><\/li>\n<\/ul>\n\n\n\n<p><strong>Organisation des \u00e9preuves \u00e9crites d\u2019admissibilit\u00e9<\/strong><\/p>\n\n\n\n<p>Pour acc\u00e9der aux salles de composition, les candidats munis de leur convocation doivent justifier de leur identit\u00e9 par la pr\u00e9sentation d\u2019<strong>une pi\u00e8ce d\u2019identit\u00e9 en cours de validit\u00e9 <\/strong>avec photographie.<\/p>\n\n\n\n<p><strong>Bon \u00e0 savoir&nbsp;:<\/strong><\/p>\n\n\n\n<p>L\u2019acc\u00e8s aux salles de composition \u00e9crite est strictement interdit \u00e0 tout candidat qui se pr\u00e9sente apr\u00e8s l\u2019ouverture des enveloppes contenant les sujets, <strong>quel que soit le motif du retard<\/strong>.<\/p>\n\n\n\n<p><strong>\u00c9preuve d\u2019admissibilit\u00e9 des concours interne<\/strong><strong>s du Capes, Capet, CAPLP et<\/strong><strong> CPE<\/strong><\/p>\n\n\n\n<p>Conform\u00e9ment aux dispositions des arr\u00eat\u00e9s du 25&nbsp;janvier 2021, l\u2019\u00e9preuve d\u2019admissibilit\u00e9 des concours internes du Capes, Capet, CAPLP et CPE consiste en une \u00e9tude par le jury d\u2019<strong>un dossier de reconnaissance des acquis de l\u2019exp\u00e9rience professionnelle <\/strong>(Raep) \u00e9tabli par le candidat.<\/p>\n\n\n\n<p>Vous trouverez quelques conseils pour ce dossier Raep en suivant ce lien :<\/p>\n\n\n\n<figure class=\"wp-block-embed\"><div class=\"wp-block-embed__wrapper\">\nhttps:\/\/www.devenirenseignant.gouv.fr\/conseils-pour-l-epreuve-de-reconnaissance-des-acquis-de-l-experience-professionnelle-raep-de-1124\n<\/div><\/figure>\n\n\n\n<p>Selon les modalit\u00e9s indiqu\u00e9es dans les arr\u00eat\u00e9s d\u2019ouverture, les candidats d\u00e9posent le dossier Raep (fichier au format PDF et nomm\u00e9 aux nom et pr\u00e9nom du candidat) dans leur espace candidat Cyclades au plus tard le&nbsp;:<\/p>\n\n\n\n<p><strong>Jeudi <\/strong><strong>13<\/strong><strong> novembre 2025<\/strong><\/p>\n\n\n\n<p><strong>Attention&nbsp;:<\/strong><\/p>\n\n\n\n<p>Le fait de ne pas faire parvenir le dossier dans le d\u00e9lai et selon les modalit\u00e9s fix\u00e9es entra\u00eenera l\u2019\u00e9limination du candidat.<\/p>\n\n\n\n<p><strong>Plus d\u2019informations sur les concours de recrutement<\/strong><\/p>\n\n\n\n<p>Pour chaque concours de recrutement, nous vous proposons d\u2019acc\u00e9der \u00e0 toutes les informations mises \u00e0 votre disposition par le Minist\u00e8re de l\u2019\u00c9ducation nationale sur son site&nbsp;<a href=\"https:\/\/www.devenirenseignant.gouv.fr\/pid33963\/se-reperer-dans-les-concours.html\">DEVENIR ENSEIGNANT<\/a>.<\/p>\n\n\n\n<p>Nous vous conseillons d\u2019ailleurs de&nbsp;<strong>vous abonner gratuitement \u00e0 sa lettre d\u2019information<\/strong> en cliquant sur \u00ab&nbsp;<a href=\"https:\/\/www.devenirenseignant.gouv.fr\/pid33992\/abonnement-newsletter.html\">JE M\u2019ABONNE&nbsp;<\/a>\u00bb en bas de la page d\u2019accueil.<\/p>\n\n\n\n<p><strong>Les diff\u00e9rents concours de recrutement sont<\/strong>&nbsp;: le&nbsp;<a href=\"https:\/\/www.devenirenseignant.gouv.fr\/pid33985\/enseigner-college-lycee-general-capes.html\">Capes<\/a>, le&nbsp;Capeps, l\u2019<a href=\"https:\/\/www.devenirenseignant.gouv.fr\/pid33987\/enseigner-dans-les-classes-prepa-au-college-ou-au-lycee-l-agregation.html\">agr\u00e9gation<\/a>, le&nbsp;<a href=\"https:\/\/www.devenirenseignant.gouv.fr\/pid33988\/enseigner-dans-lycee-technologique-capet.html\">Capet<\/a>, le&nbsp;<a href=\"https:\/\/www.devenirenseignant.gouv.fr\/pid33990\/enseigner-dans-lycee-professionnel-caplp.html\">CAPLP<\/a>,&nbsp; le&nbsp;<a href=\"https:\/\/www.devenirenseignant.gouv.fr\/pid33983\/enseigner-maternelle-elementaire-crpe.html\">CRPE<\/a>&nbsp;et les&nbsp;<a href=\"https:\/\/www.devenirenseignant.gouv.fr\/pid34024\/les-concours-pour-devenir-enseignant-ens-contrat.html\">concours de l\u2019enseignement priv\u00e9 sous contrat<\/a>&nbsp;(CAFEP, 3\u00e8me&nbsp;CAFEP, CAER).<\/p>\n\n\n\n<p>En cliquant ci-dessus sur le concours de votre choix, vous trouverez&nbsp;:<\/p>\n\n\n\n<ul class=\"wp-block-list\">\n<li><strong>l<\/strong><strong>es sections ou <\/strong><strong>disciplines<\/strong><strong> dans lesquelles le concours est organis\u00e9<\/strong>\u00a0(chaque ann\u00e9e, une liste des sections ouvertes est publi\u00e9e au moment des inscriptions)\u00a0;\u00a0<\/li>\n\n\n\n<li><strong>l<\/strong><strong>es diff\u00e9rents types de concours<\/strong>\u00a0(externe, interne\u2026)\u00a0;\u00a0<\/li>\n\n\n\n<li><strong>l<\/strong><strong>e nombre de postes offerts<\/strong><strong>\u00a0 (<\/strong>pour chaque section, il est connu au plus tard la veille de la premi\u00e8re \u00e9preuve d\u2019admissibilit\u00e9)\u00a0;<\/li>\n\n\n\n<li><strong>l<\/strong><strong>es donn\u00e9es<\/strong><strong> statistiques de la session 2025<\/strong><strong> et des ann\u00e9e<\/strong><strong>s<\/strong><strong> ant\u00e9rieures<\/strong><strong>\u00a0;<\/strong><\/li>\n\n\n\n<li><strong>l<\/strong><strong>e descriptif des \u00e9preuves<\/strong>\u00a0du concours\u00a0;<\/li>\n\n\n\n<li><strong>l<\/strong><strong>e calendrier<\/strong>\u00a0(dates d\u2019inscription, dates des \u00e9preuves d\u2019admissibilit\u00e9, dates des \u00e9preuves d\u2019admission)\u00a0;<\/li>\n\n\n\n<li><strong>l<\/strong><strong>es possibilit\u00e9s de formation<\/strong>\u00a0(Master MEEF, CNED, PAF sur inscription\u2026)\u00a0;<\/li>\n\n\n\n<li><strong>l<\/strong><strong>es programmes<\/strong>\u00a0de la\u00a0<strong>session 2026<\/strong><strong>\u00a0;<\/strong><\/li>\n\n\n\n<li><strong>l<\/strong><strong>es annales des sujets des \u00e9preuves \u00e9crites et les rapports de jury<\/strong>\u00a0des sessions pr\u00e9c\u00e9dentes\u00a0;<\/li>\n\n\n\n<li><strong>l<\/strong><strong>es conditions<\/strong>\u00a0<strong>d\u2019inscription<\/strong>\u00a0au concours \u00e0 la fois g\u00e9n\u00e9rales, c\u2019est-\u00e0-dire pour l\u2019acc\u00e8s \u00e0 la fonction publique, et sp\u00e9cifiques, c\u2019est-\u00e0-dire propres \u00e0 chaque concours.<\/li>\n<\/ul>\n\n\n\n<p>Le SNALC vous souhaite sinc\u00e8rement de r\u00e9ussir l\u2019un de ces concours de recrutement.<\/p>\n\n\n\n<p>Si vous avez des questions, n\u2019h\u00e9sitez pas \u00e0 contacter&nbsp;<a href=\"https:\/\/snalc.fr\/contact\/\"><u>le SNALC de votre acad\u00e9mie<\/u><\/a>&nbsp;ou \u00e0 nous \u00e9crire en compl\u00e9tant notre <a href=\"https:\/\/snalc.forms.app\/contact-contractuels\"><u>formulaire<\/u><u> contractuels enseignants, CPE et Psy-EN<\/u><\/a>, notre&nbsp;<a href=\"https:\/\/snalc.forms.app\/contact-aed\"><u>formulaire AED<\/u><\/a> ou notre <a href=\"https:\/\/snalc.forms.app\/contact-aesh\"><u>formulaire AESH<\/u><\/a>.<\/p>\n","protected":false},"excerpt":{"rendered":"<p>Que vous soyez contractuel(le) enseignant(e), CPE, Psy-EN, AED ou AESH, vous avez la&nbsp;possibilit\u00e9 de passer un concours de recrutement de professeur des \u00e9coles (CRPE), de professeur du second degr\u00e9 (Capes, [&hellip;]<\/p>\n","protected":false},"author":1,"featured_media":0,"comment_status":"closed","ping_status":"closed","sticky":false,"template":"","format":"standard","meta":{"_lmt_disableupdate":"","_lmt_disable":"","site-sidebar-layout":"default","site-content-layout":"","ast-site-content-layout":"default","site-content-style":"default","site-sidebar-style":"default","ast-global-header-display":"","ast-banner-title-visibility":"","ast-main-header-display":"","ast-hfb-above-header-display":"","ast-hfb-below-header-display":"","ast-hfb-mobile-header-display":"","site-post-title":"","ast-breadcrumbs-content":"","ast-featured-img":"","footer-sml-layout":"","ast-disable-related-posts":"","theme-transparent-header-meta":"","adv-header-id-meta":"","stick-header-meta":"","header-above-stick-meta":"","header-main-stick-meta":"","header-below-stick-meta":"","astra-migrate-meta-layouts":"set","ast-page-background-enabled":"default","ast-page-background-meta":{"desktop":{"background-color":"var(--ast-global-color-4)","background-image":"","background-repeat":"repeat","background-position":"center center","background-size":"auto","background-attachment":"scroll","background-type":"","background-media":"","overlay-type":"","overlay-color":"","overlay-opacity":"","overlay-gradient":""},"tablet":{"background-color":"","background-image":"","background-repeat":"repeat","background-position":"center center","background-size":"auto","background-attachment":"scroll","background-type":"","background-media":"","overlay-type":"","overlay-color":"","overlay-opacity":"","overlay-gradient":""},"mobile":{"background-color":"","background-image":"","background-repeat":"repeat","background-position":"center center","background-size":"auto","background-attachment":"scroll","background-type":"","background-media":"","overlay-type":"","overlay-color":"","overlay-opacity":"","overlay-gradient":""}},"ast-content-background-meta":{"desktop":{"background-color":"var(--ast-global-color-5)","background-image":"","background-repeat":"repeat","background-position":"center center","background-size":"auto","background-attachment":"scroll","background-type":"","background-media":"","overlay-type":"","overlay-color":"","overlay-opacity":"","overlay-gradient":""},"tablet":{"background-color":"var(--ast-global-color-5)","background-image":"","background-repeat":"repeat","background-position":"center center","background-size":"auto","background-attachment":"scroll","background-type":"","background-media":"","overlay-type":"","overlay-color":"","overlay-opacity":"","overlay-gradient":""},"mobile":{"background-color":"var(--ast-global-color-5)","background-image":"","background-repeat":"repeat","background-position":"center center","background-size":"auto","background-attachment":"scroll","background-type":"","background-media":"","overlay-type":"","overlay-color":"","overlay-opacity":"","overlay-gradient":""}},"footnotes":""},"categories":[42],"tags":[],"class_list":["post-4553","post","type-post","status-publish","format-standard","hentry","category-actualites-2025-2026"],"modified_by":"slecourtier","_links":{"self":[{"href":"https:\/\/snalc.org\/snalc2023\/index.php?rest_route=\/wp\/v2\/posts\/4553","targetHints":{"allow":["GET"]}}],"collection":[{"href":"https:\/\/snalc.org\/snalc2023\/index.php?rest_route=\/wp\/v2\/posts"}],"about":[{"href":"https:\/\/snalc.org\/snalc2023\/index.php?rest_route=\/wp\/v2\/types\/post"}],"author":[{"embeddable":true,"href":"https:\/\/snalc.org\/snalc2023\/index.php?rest_route=\/wp\/v2\/users\/1"}],"replies":[{"embeddable":true,"href":"https:\/\/snalc.org\/snalc2023\/index.php?rest_route=%2Fwp%2Fv2%2Fcomments&post=4553"}],"version-history":[{"count":1,"href":"https:\/\/snalc.org\/snalc2023\/index.php?rest_route=\/wp\/v2\/posts\/4553\/revisions"}],"predecessor-version":[{"id":4554,"href":"https:\/\/snalc.org\/snalc2023\/index.php?rest_route=\/wp\/v2\/posts\/4553\/revisions\/4554"}],"wp:attachment":[{"href":"https:\/\/snalc.org\/snalc2023\/index.php?rest_route=%2Fwp%2Fv2%2Fmedia&parent=4553"}],"wp:term":[{"taxonomy":"category","embeddable":true,"href":"https:\/\/snalc.org\/snalc2023\/index.php?rest_route=%2Fwp%2Fv2%2Fcategories&post=4553"},{"taxonomy":"post_tag","embeddable":true,"href":"https:\/\/snalc.org\/snalc2023\/index.php?rest_route=%2Fwp%2Fv2%2Ftags&post=4553"}],"curies":[{"name":"wp","href":"https:\/\/api.w.org\/{rel}","templated":true}]}}