{"id":4556,"date":"2025-09-30T17:24:06","date_gmt":"2025-09-30T15:24:06","guid":{"rendered":"https:\/\/snalc.org\/snalc2023\/?p=4556"},"modified":"2025-09-30T17:24:09","modified_gmt":"2025-09-30T15:24:09","slug":"lycees-professionnels-greve-et-manifestations-le-14-octobre-2025","status":"publish","type":"post","link":"https:\/\/snalc.org\/snalc2023\/?p=4556","title":{"rendered":"Lyc\u00e9es professionnels : gr\u00e8ve et manifestations le 14 octobre 2025"},"content":{"rendered":"\n<figure class=\"wp-block-image\"><img decoding=\"async\" src=\"https:\/\/snalc.fr\/wp-content\/uploads\/pro-manif-Freepik.com_.jpg\" alt=\"\" class=\"wp-image-58811\"\/><figcaption class=\"wp-element-caption\">\u00a9 Freepik.com<\/figcaption><\/figure>\n\n\n\n<h2 class=\"wp-block-heading\">Lyc\u00e9es professionnels, il y a urgence !<\/h2>\n\n\n\n<h2 class=\"wp-block-heading\">Toutes et tous mobilis\u00e9s, par la gr\u00e8ve et les manifestations, le 14 octobre<\/h2>\n\n\n\n<figure class=\"wp-block-image\"><img decoding=\"async\" src=\"https:\/\/snalc.fr\/wp-content\/uploads\/bandeau-is-pro-20251014-1024x164.jpg\" alt=\"\" class=\"wp-image-58813\"\/><\/figure>\n\n\n\n<p>Les conditions d\u2019\u00e9tudes et de travail continuent de se d\u00e9grader d\u2019ann\u00e9e en ann\u00e9e dans les lyc\u00e9es professionnels. Le manque de moyens et les r\u00e9formes qui s\u2019accumulent emp\u00eachent les \u00e9tablissements de remplir correctement leur mission de formation et d\u2019\u00e9mancipation de la jeunesse. La nouvelle terminale bac pro en est une parfaite illustration.<\/p>\n\n\n\n<p><strong>Le fiasco du parcours diff\u00e9renci\u00e9 dit Y est incontestable<\/strong>&nbsp;: \u00e9l\u00e8ves moins bien pr\u00e9par\u00e9s aux examens, \u00e9tablissements compl\u00e8tement d\u00e9sorganis\u00e9s, absent\u00e9isme catastrophique\u2026 Malgr\u00e9 le r\u00e9tablissement de deux semaines de cours, maintenir le principe du parcours diff\u00e9renci\u00e9 sur quatre semaines, ne fera qu\u2019accentuer les m\u00eames dysfonctionnements au m\u00e9pris des \u00e9l\u00e8ves comme des personnels des lyc\u00e9es professionnels.<\/p>\n\n\n\n<p>Suppressions d\u2019heures de cours, remplacements d\u2019enseignements par des dispositifs peu op\u00e9rants, affaiblissement des contenus professionnels, les r\u00e9formes s\u2019empilent, sans qu\u2019aucun \u00e9tat des lieux exhaustif et partag\u00e9 ne soit jamais r\u00e9alis\u00e9. La transformation des Brevets des m\u00e9tiers d\u2019art au pas de charge pour cr\u00e9er une voie d\u2019orientation sp\u00e9cifique et supprimer une ann\u00e9e de formation est une \u00e9tape suppl\u00e9mentaire dans l\u2019affaiblissement de la formation professionnelle initiale. Si aujourd\u2019hui les lyc\u00e9es professionnels tiennent, c\u2019est uniquement gr\u00e2ce \u00e0 l\u2019engagement des personnels, malgr\u00e9 les entraves \u00e0 l\u2019exercice de leur m\u00e9tier et la perte de sens dans leur travail.<\/p>\n\n\n\n<p>Le refus d\u2019ouvrir de nouvelles formations r\u00e9pondant \u00e0 la demande d\u2019orientation des \u00e9l\u00e8ves et de leur famille a pour cons\u00e9quence des classes surcharg\u00e9es dans plus de la moiti\u00e9 des lyc\u00e9es professionnels. Faute de places, des \u00e9l\u00e8ves se voient refuser l\u2019entr\u00e9e en CAP ou 2de pro.<\/p>\n\n\n\n<p><strong>Nos organisations FSU, CGT Educ\u2019action, SE-UNSA, CFDT Education Formation Recherche Publiques, SNALC, SUD \u00e9ducation, CNT-FTE demandent un changement de cap pour les lyc\u00e9es professionnels avec un v\u00e9ritable dialogue social.<\/strong><\/p>\n\n\n\n<p><strong>D\u00e8s \u00e0 pr\u00e9sent, nos organisations exigent&nbsp;:<\/strong><\/p>\n\n\n\n<ul class=\"wp-block-list\">\n<li><strong>l\u2019abandon de tout parcours qui se fait au d\u00e9triment des enseignements<\/strong> (abrogation du parcours personnalis\u00e9) ;<\/li>\n\n\n\n<li><strong>le r\u00e9tablissement des examens de bac pro sur la seconde quinzaine de juin d\u00e8s cette ann\u00e9e<\/strong> ;<\/li>\n\n\n\n<li><strong>un plan d\u2019urgence pour les lyc\u00e9es professionnels publics r\u00e9pondant aux besoins des \u00e9l\u00e8ves<\/strong> : ouvertures de formations de CAP et bac pro, cr\u00e9ation des postes n\u00e9cessaires (PLP, CPE, AESH, AED\u2026), r\u00e9novation du b\u00e2ti scolaire, notamment des ateliers.<\/li>\n<\/ul>\n\n\n\n<p>D\u00e8s maintenant, elles appellent \u00e0 organiser des r\u00e9unions d\u2019information syndicale pour faire un \u00e9tat des lieux de la voie professionnelle en cette rentr\u00e9e, informer les coll\u00e8gues sur la poursuite des contre-r\u00e9formes&nbsp;et d\u00e9battre des exigences \u00e0 revendiquer pour les lyc\u00e9es professionnels.<\/p>\n\n\n\n<p><strong>Pour que ces exigences aboutissent, nos organisations FSU, CGT Educ\u2019action, SE-UNSA, CFDT Education Formation Recherche Publiques, SNALC, SUD \u00e9ducation, CNT-FTE&nbsp;appellent \u00e0 se mobiliser par la gr\u00e8ve et les manifestations le mardi 14 octobre.<\/strong><\/p>\n\n\n\n<p><a href=\"https:\/\/snalc.fr\/wp-content\/uploads\/20251014-communique-IS-pro.pdf\">T\u00e9l\u00e9charger<\/a><\/p>\n","protected":false},"excerpt":{"rendered":"<p>Lyc\u00e9es professionnels, il y a urgence ! Toutes et tous mobilis\u00e9s, par la gr\u00e8ve et les manifestations, le 14 octobre Les conditions d\u2019\u00e9tudes et de travail continuent de se d\u00e9grader [&hellip;]<\/p>\n","protected":false},"author":1,"featured_media":0,"comment_status":"closed","ping_status":"closed","sticky":false,"template":"","format":"standard","meta":{"_lmt_disableupdate":"","_lmt_disable":"","site-sidebar-layout":"default","site-content-layout":"","ast-site-content-layout":"default","site-content-style":"default","site-sidebar-style":"default","ast-global-header-display":"","ast-banner-title-visibility":"","ast-main-header-display":"","ast-hfb-above-header-display":"","ast-hfb-below-header-display":"","ast-hfb-mobile-header-display":"","site-post-title":"","ast-breadcrumbs-content":"","ast-featured-img":"","footer-sml-layout":"","ast-disable-related-posts":"","theme-transparent-header-meta":"","adv-header-id-meta":"","stick-header-meta":"","header-above-stick-meta":"","header-main-stick-meta":"","header-below-stick-meta":"","astra-migrate-meta-layouts":"set","ast-page-background-enabled":"default","ast-page-background-meta":{"desktop":{"background-color":"var(--ast-global-color-4)","background-image":"","background-repeat":"repeat","background-position":"center center","background-size":"auto","background-attachment":"scroll","background-type":"","background-media":"","overlay-type":"","overlay-color":"","overlay-opacity":"","overlay-gradient":""},"tablet":{"background-color":"","background-image":"","background-repeat":"repeat","background-position":"center center","background-size":"auto","background-attachment":"scroll","background-type":"","background-media":"","overlay-type":"","overlay-color":"","overlay-opacity":"","overlay-gradient":""},"mobile":{"background-color":"","background-image":"","background-repeat":"repeat","background-position":"center center","background-size":"auto","background-attachment":"scroll","background-type":"","background-media":"","overlay-type":"","overlay-color":"","overlay-opacity":"","overlay-gradient":""}},"ast-content-background-meta":{"desktop":{"background-color":"var(--ast-global-color-5)","background-image":"","background-repeat":"repeat","background-position":"center center","background-size":"auto","background-attachment":"scroll","background-type":"","background-media":"","overlay-type":"","overlay-color":"","overlay-opacity":"","overlay-gradient":""},"tablet":{"background-color":"var(--ast-global-color-5)","background-image":"","background-repeat":"repeat","background-position":"center center","background-size":"auto","background-attachment":"scroll","background-type":"","background-media":"","overlay-type":"","overlay-color":"","overlay-opacity":"","overlay-gradient":""},"mobile":{"background-color":"var(--ast-global-color-5)","background-image":"","background-repeat":"repeat","background-position":"center center","background-size":"auto","background-attachment":"scroll","background-type":"","background-media":"","overlay-type":"","overlay-color":"","overlay-opacity":"","overlay-gradient":""}},"footnotes":""},"categories":[42],"tags":[],"class_list":["post-4556","post","type-post","status-publish","format-standard","hentry","category-actualites-2025-2026"],"modified_by":"slecourtier","_links":{"self":[{"href":"https:\/\/snalc.org\/snalc2023\/index.php?rest_route=\/wp\/v2\/posts\/4556","targetHints":{"allow":["GET"]}}],"collection":[{"href":"https:\/\/snalc.org\/snalc2023\/index.php?rest_route=\/wp\/v2\/posts"}],"about":[{"href":"https:\/\/snalc.org\/snalc2023\/index.php?rest_route=\/wp\/v2\/types\/post"}],"author":[{"embeddable":true,"href":"https:\/\/snalc.org\/snalc2023\/index.php?rest_route=\/wp\/v2\/users\/1"}],"replies":[{"embeddable":true,"href":"https:\/\/snalc.org\/snalc2023\/index.php?rest_route=%2Fwp%2Fv2%2Fcomments&post=4556"}],"version-history":[{"count":1,"href":"https:\/\/snalc.org\/snalc2023\/index.php?rest_route=\/wp\/v2\/posts\/4556\/revisions"}],"predecessor-version":[{"id":4557,"href":"https:\/\/snalc.org\/snalc2023\/index.php?rest_route=\/wp\/v2\/posts\/4556\/revisions\/4557"}],"wp:attachment":[{"href":"https:\/\/snalc.org\/snalc2023\/index.php?rest_route=%2Fwp%2Fv2%2Fmedia&parent=4556"}],"wp:term":[{"taxonomy":"category","embeddable":true,"href":"https:\/\/snalc.org\/snalc2023\/index.php?rest_route=%2Fwp%2Fv2%2Fcategories&post=4556"},{"taxonomy":"post_tag","embeddable":true,"href":"https:\/\/snalc.org\/snalc2023\/index.php?rest_route=%2Fwp%2Fv2%2Ftags&post=4556"}],"curies":[{"name":"wp","href":"https:\/\/api.w.org\/{rel}","templated":true}]}}