{"id":4558,"date":"2025-10-03T20:22:42","date_gmt":"2025-10-03T18:22:42","guid":{"rendered":"https:\/\/snalc.org\/snalc2023\/?p=4558"},"modified":"2025-10-03T20:22:46","modified_gmt":"2025-10-03T18:22:46","slug":"psc-votre-affiliation-va-debuter","status":"publish","type":"post","link":"https:\/\/snalc.org\/snalc2023\/?p=4558","title":{"rendered":"PSC\u00a0: votre affiliation va d\u00e9buter\u00a0!"},"content":{"rendered":"\n<figure class=\"wp-block-image\"><img decoding=\"async\" src=\"https:\/\/snalc.fr\/wp-content\/uploads\/argent_sante_freepik.com_andy_dean_photography_9274.jpg\" alt=\"\" class=\"wp-image-58922\"\/><figcaption class=\"wp-element-caption\">\u00a9 freepik.com_andy_dean_photography_9274<\/figcaption><\/figure>\n\n\n\n<p><strong>Lors de la commission paritaire de pilotage et de suivi (CPPS) de la protection sociale compl\u00e9mentaire (PSC) du 9 septembre 2025, le minist\u00e8re a annonc\u00e9 que la mise en \u0153uvre de la PSC \u00e9tait finalement repouss\u00e9e, pour des raisons techniques, au 1<sup>er<\/sup> mai 2026. Cette mise en \u0153uvre sera pr\u00e9c\u00e9d\u00e9e d\u2019une p\u00e9riode d\u2019affiliation massive. Le SNALC vous informe sur le d\u00e9roulement de cette proc\u00e9dure.<\/strong><\/p>\n\n\n\n<p>Votre affiliation au nouveau r\u00e9gime de protection sociale sera pr\u00e9c\u00e9d\u00e9e par des informations de l\u2019administration (notamment sur <a href=\"https:\/\/www.education.gouv.fr\/la-protection-sociale-complementaire-pour-les-personnels-de-l-education-nationale-de-l-enseignement-325214\">cette page<\/a>). Ensuite, vous recevrez un courriel de la MGEN sur votre messagerie professionnelle nominative avec un lien d\u2019affiliation individuel. Les envois de mails se feront par vagues selon ce calendrier indicatif :<\/p>\n\n\n\n<ul class=\"wp-block-list\">\n<li>Pour la <strong>zone A<\/strong>, \u00e0 partir du 8 octobre prochain.<\/li>\n\n\n\n<li>Pour la <strong>zone B<\/strong>, \u00e0 partir de la fin novembre 2025.<\/li>\n\n\n\n<li>Pour la <strong>zone C<\/strong>, l\u2019acad\u00e9mie de <strong>Corse<\/strong> et l\u2019administration <strong>centrale<\/strong>, \u00e0 partir de mi-janvier.<\/li>\n\n\n\n<li>Pour les <strong>personnels de direction<\/strong> ou <strong>inspecteurs<\/strong> toutes zones confondues, \u00e0 partir de la mi-d\u00e9cembre, date \u00e0 laquelle commenceront \u00e9galement d\u2019\u00eatre trait\u00e9es les situations particuli\u00e8res.<\/li>\n\n\n\n<li>Pour les <strong>EPLE<\/strong> et <strong>GRETA<\/strong> <strong>employeurs<\/strong> et les <strong>\u00e9tablissements publics<\/strong>, entre les vacances de la Toussaint et f\u00e9vrier 2026.<\/li>\n<\/ul>\n\n\n\n<figure class=\"wp-block-image\"><img decoding=\"async\" src=\"https:\/\/snalc.fr\/wp-content\/uploads\/SNALC_PSC_calendrier_affiliation_Page_1-1024x576.jpg\" alt=\"\" class=\"wp-image-59167\"\/><\/figure>\n\n\n\n<p><a href=\"https:\/\/snalc.fr\/wp-content\/uploads\/SNALC_PSC_calendrier_affiliation.pdf\"><\/a><\/p>\n\n\n\n<p>Pour activer votre espace personnel \u00e0 partir du lien, il vous faudra votre attestation de s\u00e9curit\u00e9 sociale et votre RIB. Vous pourrez ensuite compl\u00e9ter votre parcours d\u2019affiliation : options, ayants droit ou demande de dispense.<\/p>\n\n\n\n<p>Si votre parcours d\u2019affiliation n\u2019est pas finalis\u00e9 <strong>21 jours<\/strong> apr\u00e8s l\u2019envoi du mail, vous serez affili\u00e9 d\u2019office \u00e0 l\u2019offre de base, c\u2019est-\u00e0-dire sans option et sans ayant droit. Vous pourrez cependant \u00e0 tout moment modifier ces \u00e9l\u00e9ments. Ne tardez pas, car si vous n\u2019avez pas fourni votre RIB, vous ne pourrez recevoir de remboursements de soins\u2026 mais votre cotisation, elle, sera bien pr\u00e9lev\u00e9e sur votre fiche de paye de mai 2026&nbsp;!<\/p>\n\n\n\n<p>Le SNALC regrette le retard pris par la MGEN \u00e0 mettre en ligne son outil d\u2019aide \u00e0 la d\u00e9cision, pour choisir sereinement entre les options et le rattachement ou non des ayants droits. N\u2019h\u00e9sitez pas en attendant \u00e0 vous informer avec le SNALC gr\u00e2ce \u00e0 notre <a href=\"https:\/\/snalc.fr\/category\/dossiers\/psc\/\">dossier PSC<\/a>.<\/p>\n\n\n\n<hr class=\"wp-block-separator has-alpha-channel-opacity\"\/>\n\n\n\n<p><em>Article \u00e0 para\u00eetre dans la revue du SNALC <a href=\"https:\/\/snalc.fr\/quinzaine-universitaire-n1505\/\">Quinzaine universitaire n\u00b01505<\/a> du 3 octobre 2025.<\/em><\/p>\n\n\n\n<figure class=\"wp-block-embed\"><div class=\"wp-block-embed__wrapper\">\nhttps:\/\/snalc.fr\/info-snalc-protection-sociale-complementaire\/embed\/#?secret=MpVeur9hYZ#?secret=y3tpY137nG\n<\/div><\/figure>\n","protected":false},"excerpt":{"rendered":"<p>Lors de la commission paritaire de pilotage et de suivi (CPPS) de la protection sociale compl\u00e9mentaire (PSC) du 9 septembre 2025, le minist\u00e8re a annonc\u00e9 que la mise en \u0153uvre [&hellip;]<\/p>\n","protected":false},"author":1,"featured_media":0,"comment_status":"closed","ping_status":"closed","sticky":false,"template":"","format":"standard","meta":{"_lmt_disableupdate":"","_lmt_disable":"","site-sidebar-layout":"default","site-content-layout":"","ast-site-content-layout":"default","site-content-style":"default","site-sidebar-style":"default","ast-global-header-display":"","ast-banner-title-visibility":"","ast-main-header-display":"","ast-hfb-above-header-display":"","ast-hfb-below-header-display":"","ast-hfb-mobile-header-display":"","site-post-title":"","ast-breadcrumbs-content":"","ast-featured-img":"","footer-sml-layout":"","ast-disable-related-posts":"","theme-transparent-header-meta":"","adv-header-id-meta":"","stick-header-meta":"","header-above-stick-meta":"","header-main-stick-meta":"","header-below-stick-meta":"","astra-migrate-meta-layouts":"set","ast-page-background-enabled":"default","ast-page-background-meta":{"desktop":{"background-color":"var(--ast-global-color-4)","background-image":"","background-repeat":"repeat","background-position":"center center","background-size":"auto","background-attachment":"scroll","background-type":"","background-media":"","overlay-type":"","overlay-color":"","overlay-opacity":"","overlay-gradient":""},"tablet":{"background-color":"","background-image":"","background-repeat":"repeat","background-position":"center center","background-size":"auto","background-attachment":"scroll","background-type":"","background-media":"","overlay-type":"","overlay-color":"","overlay-opacity":"","overlay-gradient":""},"mobile":{"background-color":"","background-image":"","background-repeat":"repeat","background-position":"center center","background-size":"auto","background-attachment":"scroll","background-type":"","background-media":"","overlay-type":"","overlay-color":"","overlay-opacity":"","overlay-gradient":""}},"ast-content-background-meta":{"desktop":{"background-color":"var(--ast-global-color-5)","background-image":"","background-repeat":"repeat","background-position":"center center","background-size":"auto","background-attachment":"scroll","background-type":"","background-media":"","overlay-type":"","overlay-color":"","overlay-opacity":"","overlay-gradient":""},"tablet":{"background-color":"var(--ast-global-color-5)","background-image":"","background-repeat":"repeat","background-position":"center center","background-size":"auto","background-attachment":"scroll","background-type":"","background-media":"","overlay-type":"","overlay-color":"","overlay-opacity":"","overlay-gradient":""},"mobile":{"background-color":"var(--ast-global-color-5)","background-image":"","background-repeat":"repeat","background-position":"center center","background-size":"auto","background-attachment":"scroll","background-type":"","background-media":"","overlay-type":"","overlay-color":"","overlay-opacity":"","overlay-gradient":""}},"footnotes":""},"categories":[42],"tags":[],"class_list":["post-4558","post","type-post","status-publish","format-standard","hentry","category-actualites-2025-2026"],"modified_by":"slecourtier","_links":{"self":[{"href":"https:\/\/snalc.org\/snalc2023\/index.php?rest_route=\/wp\/v2\/posts\/4558","targetHints":{"allow":["GET"]}}],"collection":[{"href":"https:\/\/snalc.org\/snalc2023\/index.php?rest_route=\/wp\/v2\/posts"}],"about":[{"href":"https:\/\/snalc.org\/snalc2023\/index.php?rest_route=\/wp\/v2\/types\/post"}],"author":[{"embeddable":true,"href":"https:\/\/snalc.org\/snalc2023\/index.php?rest_route=\/wp\/v2\/users\/1"}],"replies":[{"embeddable":true,"href":"https:\/\/snalc.org\/snalc2023\/index.php?rest_route=%2Fwp%2Fv2%2Fcomments&post=4558"}],"version-history":[{"count":1,"href":"https:\/\/snalc.org\/snalc2023\/index.php?rest_route=\/wp\/v2\/posts\/4558\/revisions"}],"predecessor-version":[{"id":4559,"href":"https:\/\/snalc.org\/snalc2023\/index.php?rest_route=\/wp\/v2\/posts\/4558\/revisions\/4559"}],"wp:attachment":[{"href":"https:\/\/snalc.org\/snalc2023\/index.php?rest_route=%2Fwp%2Fv2%2Fmedia&parent=4558"}],"wp:term":[{"taxonomy":"category","embeddable":true,"href":"https:\/\/snalc.org\/snalc2023\/index.php?rest_route=%2Fwp%2Fv2%2Fcategories&post=4558"},{"taxonomy":"post_tag","embeddable":true,"href":"https:\/\/snalc.org\/snalc2023\/index.php?rest_route=%2Fwp%2Fv2%2Ftags&post=4558"}],"curies":[{"name":"wp","href":"https:\/\/api.w.org\/{rel}","templated":true}]}}