{"id":4562,"date":"2025-10-03T20:25:57","date_gmt":"2025-10-03T18:25:57","guid":{"rendered":"https:\/\/snalc.org\/snalc2023\/?p=4562"},"modified":"2025-10-03T20:26:01","modified_gmt":"2025-10-03T18:26:01","slug":"quinzaine-universitaire-n1505","status":"publish","type":"post","link":"https:\/\/snalc.org\/snalc2023\/?p=4562","title":{"rendered":"QUINZAINE UNIVERSITAIRE n\u00b01505"},"content":{"rendered":"\n<figure class=\"wp-block-image\"><img decoding=\"async\" src=\"https:\/\/snalc.fr\/wp-content\/uploads\/QU1505.jpg\" alt=\"\" class=\"wp-image-59470\"\/><\/figure>\n\n\n\n<p><strong>\u00c9DITO : <\/strong><a href=\"https:\/\/snalc.fr\/une-confiance-sans-bornes\/\"><strong>UNE CONFIANCE SANS BORNES<\/strong><\/a><\/p>\n\n\n\n<figure class=\"wp-block-image\"><img decoding=\"async\" src=\"https:\/\/snalc.fr\/wp-content\/uploads\/elementor\/thumbs\/SNALC-congres-Strasbourg-mai-2023-Photo-Philippe-Sautier-3-e1686317689865-qfu77nw4qlxwj5dktm23kiay8chujy1r6wng15ek0o.jpg\" alt=\"SNALC congres Strasbourg mai 2023 - Photo Philippe Sautier (3)\" title=\"SNALC congres Strasbourg mai 2023 \u2013 Photo Philippe Sautier (3)\"\/><\/figure>\n\n\n\n<p>Jean-R\u00e9mi Girard<br>Pr\u00e9sident du SNALC<\/p>\n\n\n\n<p>L\u2019\u00e9cole de la confiance \u00e9tait, on s\u2019en souvient, la formule de com\u2019 trouv\u00e9e par Jean-Michel Blanquer pour exprimer sa d\u00e9fiance r\u00e9elle envers les personnels de l\u2019\u00c9ducation nationale et leurs repr\u00e9sentants. Rarement, dans notre histoire, on aura vu une aussi belle antiphrase.<\/p>\n\n\n\n<p>Le SNALC le rappelait le mois dernier aux d\u00e9put\u00e9s de la commission \u00e9ducation : ce n\u2019est pas parce que Blanquer est parti que la confiance, elle, est revenue. Bien au contraire : ministre apr\u00e8s ministre, on a pu constater que les personnels de l\u2019\u00c9ducation nationale \u00e9taient toujours soup\u00e7onn\u00e9s d\u2019incomp\u00e9tence. Les professeurs, agents de cat\u00e9gorie A, sont trait\u00e9s comme s\u2019ils \u00e9taient \u00e0 la fois de parfaits incapables et des emp\u00eacheurs de tourner en rond. [<a href=\"https:\/\/snalc.fr\/une-confiance-sans-bornes\/\"><strong>Lire la suite<\/strong><\/a>]<\/p>\n\n\n\n<p><strong>DOSSIER DU MOIS :&nbsp;<a href=\"https:\/\/snalc.fr\/mieux-agir-pour-la-laicite\/\">MIEUX AGIR POUR LA LA\u00cfCIT\u00c9<\/a><\/strong><\/p>\n\n\n\n<p>04 | <a href=\"https:\/\/snalc.fr\/mieux-agir-pour-la-laicite\/\">Mieux agir pour la la\u00efcit\u00e9<\/a><br>05 | <a href=\"https:\/\/snalc.fr\/mieux-agir-pour-la-laicite#liberte\">La la\u00efcit\u00e9, condition de la libert\u00e9 p\u00e9dagogique<\/a><br>06 | <a href=\"https:\/\/snalc.fr\/mieux-agir-pour-la-laicite#fraternite\">Promouvoir une \u00ab \u00c9cole de la fraternit\u00e9 \u00bb \u2026 via les comp\u00e9tences psychosociales ?<\/a><br>07 | <a href=\"https:\/\/snalc.fr\/mieux-agir-pour-la-laicite#menaces\">Menaces de mort : des faits graves \u00e0 ne jamais minorer<\/a><br>08 | <a href=\"https:\/\/snalc.fr\/mieux-agir-pour-la-laicite#actions\">Des actions pour engager les \u00e9l\u00e8ves<\/a><br>08 | <a href=\"https:\/\/snalc.fr\/mieux-agir-pour-la-laicite#congres\">Les prochains congr\u00e8s la\u00efcit\u00e9 du SNALC<\/a><\/p>\n\n\n\n<p><strong>SYST\u00c8ME \u00c9DUCATIF<\/strong><\/p>\n\n\n\n<p>09 | <a href=\"https:\/\/snalc.fr\/projet-devaluation-le-snalc-contre-le-gosplan-pedagogique\/\">Projet d\u2019\u00e9valuation : le SNALC contre le Gosplan p\u00e9dagogique<\/a><br>09 | <a href=\"https:\/\/snalc.fr\/cachez-ces-notes-que-nul-ne-saurait-voir\/\">Cachez ces notes que nul ne saurait voir !<\/a><br>10 | <a href=\"https:\/\/snalc.fr\/note-de-service-dnb-le-plan-local-devaluation-en-embuscade\/\">Note de service DNB : le plan local d\u2019\u00e9valuation en embuscade ?<\/a><br>10 | <a href=\"https:\/\/snalc.fr\/calendrier-des-examens-le-snalc-evoque-les-conditions-de-travail\/\">Calendrier des examens : le SNALC \u00e9voque les conditions de travail<\/a><br>11 | <a href=\"https:\/\/snalc.fr\/les-plp-face-au-defi-des-eana\/\">Les PLP face au d\u00e9fi des EANA<\/a><br>11 | <a href=\"https:\/\/snalc.fr\/le-ministere-renouvelle-le-permis-de-secher-aux-eleves-de-terminales-bac-pro\/\">Le Minist\u00e8re renouvelle le \u00ab Permis de s\u00e9cher \u00bb aux \u00e9l\u00e8ves de terminales Bac Pro<\/a><br>12 | <a href=\"https:\/\/snalc.fr\/ni-pompiers-ni-psychologues-ni-infirmiers\/\">Enseignants d\u2019EPS : ni pompiers, ni psychologues, ni infirmiers !<\/a><br>12 |<a href=\"https:\/\/snalc.fr\/rapport-2024-2025-du-clemi-au-service-dune-education-citoyenne\/\"> Rapport 2024-2025 du CLEMI : au service d\u2019une \u00e9ducation citoyenne<\/a><br>13 | <a href=\"https:\/\/snalc.fr\/a-quand-une-ministre-en-costume-folklorique\/\">\u00c0 quand un(e) ministre en costume folklorique ?<\/a><br>13 | <a href=\"https:\/\/snalc.fr\/lia-pour-preparer-les-cours-encore-une-proposition-hors-sol\/\">L\u2019IA pour pr\u00e9parer les cours ? Encore une proposition hors sol !<\/a><\/p>\n\n\n\n<p><strong>LES PERSONNELS<\/strong><\/p>\n\n\n\n<p>14 | <a href=\"https:\/\/snalc.fr\/arrets-maladie-pendant-les-conges-un-report-possible\/\">Arr\u00eats maladie pendant les cong\u00e9s : un report possible ?<\/a><br>14 | <a href=\"https:\/\/snalc.fr\/universites-le-moment-est-venu-dagir-collectivement\/\">Universit\u00e9s : le moment est venu d\u2019agir collectivement !<\/a><br>15 | <a href=\"https:\/\/snalc.fr\/les-aed-cdises-seront-ils-bien-revalorises\/\">Les AED CDIs\u00e9s seront-ils bien revaloris\u00e9s ?<\/a><br>15 | <a href=\"https:\/\/snalc.fr\/ne-loubliez-pas\/\">Ne l\u2019oubliez pas !<\/a><\/p>\n\n\n\n<p><strong>CONDITIONS DE TRAVAIL<\/strong><\/p>\n\n\n\n<p>16 | <a href=\"https:\/\/snalc.fr\/le-service-social-une-aide-plus-que-bienvenue\/\">Le service social : une aide plus que bienvenue<\/a><br>16 | <a href=\"https:\/\/snalc.fr\/le-service-social-une-aide-plus-que-bienvenue#urgence\">Pensez \u00e0 l\u2019aide d\u2019urgence de l\u2019action sociale<\/a><br>17 | <a href=\"https:\/\/snalc.fr\/psc-votre-affiliation-va-debuter\/\">PSC : votre affiliation va d\u00e9buter !<\/a><br>17 | <a href=\"https:\/\/snalc.fr\/en-visite-a-paris-avantages-snalc-pense-a-vous\/\">En visite \u00e0 Paris ? Avantages-SNALC pense \u00e0 vous<\/a><\/p>\n\n\n\n<p><a href=\"https:\/\/snalc.fr\/wp-content\/uploads\/QU1505.pdf\">T\u00e9l\u00e9charger la revue en PDF<\/a><\/p>\n\n\n\n<figure class=\"wp-block-image\"><img decoding=\"async\" src=\"https:\/\/snalc.fr\/wp-content\/uploads\/QU1505-1D-721x1024.jpg\" alt=\"\" class=\"wp-image-59468\"\/><\/figure>\n\n\n\n<p><em><strong>Afin d\u2019\u00eatre au plus pr\u00e8s de vos attentes et de vous informer au mieux, la revue du SNALC a \u00e9volu\u00e9 d\u00e8s cette rentr\u00e9e, avec d\u00e9sormais deux num\u00e9ros mensuels au lieu d\u2019un : l\u2019un centr\u00e9 sur le second degr\u00e9 et le sup\u00e9rieur, et le second sur les probl\u00e9matiques sp\u00e9cifiques de l\u2019\u00e9cole primaire.<\/strong><\/em><\/p>\n\n\n\n<p><a href=\"https:\/\/snalc.fr\/quinzaine-universitaire-n1505-1d\/\">D\u00e9couvrir la revue Premier degr\u00e9<\/a><\/p>\n","protected":false},"excerpt":{"rendered":"<p>\u00c9DITO : UNE CONFIANCE SANS BORNES Jean-R\u00e9mi GirardPr\u00e9sident du SNALC L\u2019\u00e9cole de la confiance \u00e9tait, on s\u2019en souvient, la formule de com\u2019 trouv\u00e9e par Jean-Michel Blanquer pour exprimer sa d\u00e9fiance [&hellip;]<\/p>\n","protected":false},"author":1,"featured_media":0,"comment_status":"closed","ping_status":"closed","sticky":false,"template":"","format":"standard","meta":{"_lmt_disableupdate":"","_lmt_disable":"","site-sidebar-layout":"default","site-content-layout":"","ast-site-content-layout":"default","site-content-style":"default","site-sidebar-style":"default","ast-global-header-display":"","ast-banner-title-visibility":"","ast-main-header-display":"","ast-hfb-above-header-display":"","ast-hfb-below-header-display":"","ast-hfb-mobile-header-display":"","site-post-title":"","ast-breadcrumbs-content":"","ast-featured-img":"","footer-sml-layout":"","ast-disable-related-posts":"","theme-transparent-header-meta":"","adv-header-id-meta":"","stick-header-meta":"","header-above-stick-meta":"","header-main-stick-meta":"","header-below-stick-meta":"","astra-migrate-meta-layouts":"set","ast-page-background-enabled":"default","ast-page-background-meta":{"desktop":{"background-color":"var(--ast-global-color-4)","background-image":"","background-repeat":"repeat","background-position":"center center","background-size":"auto","background-attachment":"scroll","background-type":"","background-media":"","overlay-type":"","overlay-color":"","overlay-opacity":"","overlay-gradient":""},"tablet":{"background-color":"","background-image":"","background-repeat":"repeat","background-position":"center center","background-size":"auto","background-attachment":"scroll","background-type":"","background-media":"","overlay-type":"","overlay-color":"","overlay-opacity":"","overlay-gradient":""},"mobile":{"background-color":"","background-image":"","background-repeat":"repeat","background-position":"center center","background-size":"auto","background-attachment":"scroll","background-type":"","background-media":"","overlay-type":"","overlay-color":"","overlay-opacity":"","overlay-gradient":""}},"ast-content-background-meta":{"desktop":{"background-color":"var(--ast-global-color-5)","background-image":"","background-repeat":"repeat","background-position":"center center","background-size":"auto","background-attachment":"scroll","background-type":"","background-media":"","overlay-type":"","overlay-color":"","overlay-opacity":"","overlay-gradient":""},"tablet":{"background-color":"var(--ast-global-color-5)","background-image":"","background-repeat":"repeat","background-position":"center center","background-size":"auto","background-attachment":"scroll","background-type":"","background-media":"","overlay-type":"","overlay-color":"","overlay-opacity":"","overlay-gradient":""},"mobile":{"background-color":"var(--ast-global-color-5)","background-image":"","background-repeat":"repeat","background-position":"center center","background-size":"auto","background-attachment":"scroll","background-type":"","background-media":"","overlay-type":"","overlay-color":"","overlay-opacity":"","overlay-gradient":""}},"footnotes":""},"categories":[42,37],"tags":[],"class_list":["post-4562","post","type-post","status-publish","format-standard","hentry","category-actualites-2025-2026","category-qu"],"modified_by":"slecourtier","_links":{"self":[{"href":"https:\/\/snalc.org\/snalc2023\/index.php?rest_route=\/wp\/v2\/posts\/4562","targetHints":{"allow":["GET"]}}],"collection":[{"href":"https:\/\/snalc.org\/snalc2023\/index.php?rest_route=\/wp\/v2\/posts"}],"about":[{"href":"https:\/\/snalc.org\/snalc2023\/index.php?rest_route=\/wp\/v2\/types\/post"}],"author":[{"embeddable":true,"href":"https:\/\/snalc.org\/snalc2023\/index.php?rest_route=\/wp\/v2\/users\/1"}],"replies":[{"embeddable":true,"href":"https:\/\/snalc.org\/snalc2023\/index.php?rest_route=%2Fwp%2Fv2%2Fcomments&post=4562"}],"version-history":[{"count":1,"href":"https:\/\/snalc.org\/snalc2023\/index.php?rest_route=\/wp\/v2\/posts\/4562\/revisions"}],"predecessor-version":[{"id":4563,"href":"https:\/\/snalc.org\/snalc2023\/index.php?rest_route=\/wp\/v2\/posts\/4562\/revisions\/4563"}],"wp:attachment":[{"href":"https:\/\/snalc.org\/snalc2023\/index.php?rest_route=%2Fwp%2Fv2%2Fmedia&parent=4562"}],"wp:term":[{"taxonomy":"category","embeddable":true,"href":"https:\/\/snalc.org\/snalc2023\/index.php?rest_route=%2Fwp%2Fv2%2Fcategories&post=4562"},{"taxonomy":"post_tag","embeddable":true,"href":"https:\/\/snalc.org\/snalc2023\/index.php?rest_route=%2Fwp%2Fv2%2Ftags&post=4562"}],"curies":[{"name":"wp","href":"https:\/\/api.w.org\/{rel}","templated":true}]}}