{"id":4567,"date":"2025-10-17T14:38:31","date_gmt":"2025-10-17T12:38:31","guid":{"rendered":"https:\/\/snalc.org\/snalc2023\/?p=4567"},"modified":"2025-10-30T20:18:08","modified_gmt":"2025-10-30T19:18:08","slug":"visio-inter-2026-organisees-par-le-snalc-aix-marseille","status":"publish","type":"post","link":"https:\/\/snalc.org\/snalc2023\/?p=4567","title":{"rendered":"Visio Inter 2026 organis\u00e9es par le Snalc Aix-Marseille"},"content":{"rendered":"\n<figure class=\"wp-block-image size-full\"><img fetchpriority=\"high\" decoding=\"async\" width=\"750\" height=\"250\" src=\"https:\/\/snalc.org\/snalc2023\/wp-content\/uploads\/2023\/08\/cropped-logo-aix-marseille-nv-2023.jpg\" alt=\"\" class=\"wp-image-1867\" srcset=\"https:\/\/snalc.org\/snalc2023\/wp-content\/uploads\/2023\/08\/cropped-logo-aix-marseille-nv-2023.jpg 750w, https:\/\/snalc.org\/snalc2023\/wp-content\/uploads\/2023\/08\/cropped-logo-aix-marseille-nv-2023-300x100.jpg 300w, https:\/\/snalc.org\/snalc2023\/wp-content\/uploads\/2023\/08\/cropped-logo-aix-marseille-nv-2023-345x115.jpg 345w\" sizes=\"(max-width: 750px) 100vw, 750px\" \/><\/figure>\n\n\n\n<p>Le Snalc Aix-Marseille et toutes ses \u00e9quipes sont mobilis\u00e9es afin de r\u00e9pondre \u00e0 vos questions pour la phase du mouvement inter-acad\u00e9mique 2026<\/p>\n\n\n\n<p class=\"has-vivid-red-color has-text-color\"><strong>Compl\u00e9ter le formulaire \u00e0 la fin de l&rsquo;article (PE, PLP, Certifi\u00e9s, Agr\u00e9g\u00e9s, Chaire Sup, CPE, PsyEn).<\/strong><\/p>\n\n\n\n<p class=\"has-luminous-vivid-orange-color has-text-color\"><strong>1er degr\u00e9:<\/strong> Pas de visio, mais un accompagnement personnalis\u00e9 par nos sp\u00e9cialistes PE du Snalc Aix Marseille. Inscrivez-vous via le formulaire ci-dessous pour \u00eatre rappel\u00e9 ou appellez directement: <strong>06 61 83 27 81<\/strong> ou <a href=\"mailto:pe.am@snalc.org\"><strong>pe.am@snalc.org<\/strong><\/a><\/p>\n\n\n\n<p>Bulletin Officiel paru le 16\/10\/2025: <a href=\"https:\/\/www.education.gouv.fr\/bo\/2025\/Hebdo39\/MENH2526013N\">https:\/\/www.education.gouv.fr\/bo\/2025\/Hebdo39\/MENH2526013N<\/a><\/p>\n\n\n\n<p>Article du SNALC: <a href=\"https:\/\/snalc.fr\/mouvement-inter-1d\">https:\/\/snalc.fr\/mouvement-inter-1d<\/a><\/p>\n\n\n\n<figure class=\"wp-block-table\"><table class=\"has-fixed-layout\"><thead><tr><th>Dates<\/th><th>Op\u00e9rations<\/th><\/tr><\/thead><tbody><tr><td colspan=\"2\">Formulation des demandes et accompagnement des agents<\/td><\/tr><tr><td><\/td><td><\/td><\/tr><tr><td>Mercredi 5&nbsp;novembre&nbsp;2025<\/td><td><strong>Ouverture de l\u2019application Siam&nbsp;<\/strong>permettant la saisie des v\u0153ux&nbsp;<\/td><\/tr><tr><td>Mercredi 26&nbsp;novembre&nbsp;2025<br>\u00e0 midi (heure de Paris)<\/td><td><strong>Fin de la saisie des v\u0153ux<\/strong> de mutations sur l\u2019application Siam<\/td><\/tr><tr><td colspan=\"2\">Confirmation des demandes et transmission des pi\u00e8ces justificatives<\/td><\/tr><tr><td>\u00c0 compter du jeudi<br>27&nbsp;novembre&nbsp;2025<\/td><td><strong>Transmission \u00e0 chaque enseignant des confirmations de demande de changement de d\u00e9partement<\/strong> sur leur messagerie \u00e9lectronique I-Prof par les services d\u00e9partementaux<\/td><\/tr><tr><td>Jeudi 11&nbsp;d\u00e9cembre&nbsp;2025<br><strong>au plus tard<\/strong><\/td><td>Date limite d\u2019<strong>envoi<\/strong> par les enseignants de leur <strong>confirmation de demande de changement de d\u00e9partement et des pi\u00e8ces justificatives<\/strong> aux directions des services d\u00e9partementaux de l\u2019\u00e9ducation nationale selon la modalit\u00e9 figurant sur l\u2019ent\u00eate de la confirmation de demande de changement de d\u00e9partement<\/td><\/tr><tr><td colspan=\"2\">\u26a0<strong> L\u2019absence de transmission de la confirmation de demande au plus tard le 11&nbsp;d\u00e9cembre&nbsp;2025&nbsp;<\/strong>entrainera automatiquement<strong> l\u2019annulation de la participation&nbsp;<\/strong>au mouvement du candidat<\/td><\/tr><\/tbody><\/table><\/figure>\n\n\n\n<hr class=\"wp-block-separator has-alpha-channel-opacity\"\/>\n\n\n\n<p class=\"has-luminous-vivid-orange-color has-text-color\"><strong>2nd degr\u00e9 + PsyEn + CPE:<\/strong> Inscrivez vous \u00e0 nos visioconf\u00e9rence:<\/p>\n\n\n\n<p>Bulletin officiel paru le 16\/10\/2025: <a href=\"https:\/\/www.education.gouv.fr\/bo\/2025\/Hebdo39\/MENH2526218N\">https:\/\/www.education.gouv.fr\/bo\/2025\/Hebdo39\/MENH2526218N<\/a><\/p>\n\n\n\n<p>Article du Snalc: <a href=\"https:\/\/snalc.fr\/mouvement-inter-2d\">https:\/\/snalc.fr\/mouvement-inter-2d<\/a> <\/p>\n\n\n\n<figure class=\"wp-block-table\"><table class=\"has-fixed-layout\"><thead><tr><th>Dates<\/th><th>Op\u00e9rations<\/th><th>Destinataires<\/th><\/tr><\/thead><tbody><tr><td><\/td><td><\/td><td><\/td><\/tr><tr><td><\/td><td><\/td><td><\/td><\/tr><tr><td>Le 5&nbsp;novembre&nbsp;2025&nbsp;<br>\u00e0 midi (heure de Paris)<\/td><td><strong>Ouverture&nbsp;SIAM2<\/strong>&nbsp;: d\u00e9but de la saisie des demandes de mutation pour les mouvements interacad\u00e9mique, sp\u00e9cifique national (Spen) et postes \u00e0 profil (POP)<\/td><td>Participant<\/td><\/tr><tr><td>Le 26&nbsp;novembre&nbsp;2025<br>\u00e0 midi (heure de Paris)<\/td><td><strong>Fermeture SIAM2<\/strong>&nbsp;: fin de la saisie des demandes de mutation pour les mouvements interacad\u00e9mique, Spen et postes \u00e0 profil (POP)<\/td><td>Participant<\/td><\/tr><tr><td>\u00c0 partir du 27&nbsp;novembre&nbsp;2025<\/td><td>T\u00e9l\u00e9chargement des confirmations individuelles de demande de mutation&nbsp;NB&nbsp;: l\u2019absence de transmission de cette confirmation aux rectorats entraine l\u2019annulation de la participation<\/td><td>Participant<\/td><\/tr><\/tbody><\/table><\/figure>\n\n\n\n<hr class=\"wp-block-separator has-alpha-channel-opacity\"\/>\n\n\n\n<p class=\"has-vivid-red-color has-text-color has-link-color wp-elements-90182cb7d824826048196bab1f5f8a56\"><strong>FORMULAIRE \u00c0 COMPL\u00c9TER POUR LES VISIOCONFERENCES:<\/strong><\/p>\n\n\n\n<div class=\"wp-block-contact-form-7-contact-form-selector\">\n<div class=\"wpcf7 no-js\" id=\"wpcf7-f4566-o1\" lang=\"fr-FR\" dir=\"ltr\" data-wpcf7-id=\"4566\">\n<div class=\"screen-reader-response\"><p role=\"status\" aria-live=\"polite\" aria-atomic=\"true\"><\/p> <ul><\/ul><\/div>\n<form action=\"\/snalc2023\/index.php?rest_route=%2Fwp%2Fv2%2Fposts%2F4567#wpcf7-f4566-o1\" method=\"post\" class=\"wpcf7-form init\" aria-label=\"Formulaire de contact\" novalidate=\"novalidate\" data-status=\"init\">\n<fieldset class=\"hidden-fields-container\"><input type=\"hidden\" name=\"_wpcf7\" value=\"4566\" \/><input type=\"hidden\" name=\"_wpcf7_version\" value=\"6.1.5\" \/><input type=\"hidden\" name=\"_wpcf7_locale\" value=\"fr_FR\" \/><input type=\"hidden\" name=\"_wpcf7_unit_tag\" value=\"wpcf7-f4566-o1\" \/><input type=\"hidden\" name=\"_wpcf7_container_post\" value=\"0\" \/><input type=\"hidden\" name=\"_wpcf7_posted_data_hash\" value=\"\" \/>\n<\/fieldset>\n<p><label> Votre nom<br \/>\n<span class=\"wpcf7-form-control-wrap\" data-name=\"your-name\"><input size=\"40\" maxlength=\"400\" class=\"wpcf7-form-control wpcf7-text wpcf7-validates-as-required\" autocomplete=\"name\" aria-required=\"true\" aria-invalid=\"false\" value=\"\" type=\"text\" name=\"your-name\" \/><\/span> <\/label>\n<\/p>\n<p><label> Votre pr\u00e9nom<br \/>\n<span class=\"wpcf7-form-control-wrap\" data-name=\"your-prenom\"><input size=\"40\" maxlength=\"400\" class=\"wpcf7-form-control wpcf7-text wpcf7-validates-as-required\" autocomplete=\"name\" aria-required=\"true\" aria-invalid=\"false\" value=\"\" type=\"text\" name=\"your-prenom\" \/><\/span> <\/label>\n<\/p>\n<p><label> Votre e-mail<br \/>\n<span class=\"wpcf7-form-control-wrap\" data-name=\"your-email\"><input size=\"40\" maxlength=\"400\" class=\"wpcf7-form-control wpcf7-email wpcf7-validates-as-required wpcf7-text wpcf7-validates-as-email\" autocomplete=\"email\" aria-required=\"true\" aria-invalid=\"false\" value=\"\" type=\"email\" name=\"your-email\" \/><\/span> <\/label>\n<\/p>\n<p><label> T\u00e9l\u00e9phone<br \/>\n<span class=\"wpcf7-form-control-wrap\" data-name=\"tel\"><input size=\"40\" maxlength=\"400\" class=\"wpcf7-form-control wpcf7-tel wpcf7-validates-as-required wpcf7-text wpcf7-validates-as-tel\" aria-required=\"true\" aria-invalid=\"false\" value=\"\" type=\"tel\" name=\"tel\" \/><\/span> <\/label>\n<\/p>\n<p><span class=\"wpcf7-form-control-wrap\" data-name=\"Statut\"><select class=\"wpcf7-form-control wpcf7-select wpcf7-validates-as-required\" aria-required=\"true\" aria-invalid=\"false\" name=\"Statut\"><option value=\"PE\">PE<\/option><option value=\"PLP\">PLP<\/option><option value=\"Certifi\u00e9s\">Certifi\u00e9s<\/option><option value=\"Agr\u00e9g\u00e9s\">Agr\u00e9g\u00e9s<\/option><option value=\"PsyEn\">PsyEn<\/option><option value=\"CPE\">CPE<\/option><option value=\"Chaire sup\">Chaire sup<\/option><\/select><\/span>\n<\/p>\n<p><span class=\"wpcf7-form-control-wrap\" data-name=\"datesvisio\"><span class=\"wpcf7-form-control wpcf7-checkbox wpcf7-validates-as-required\"><span class=\"wpcf7-list-item first\"><label><span class=\"wpcf7-list-item-label\">Le mercredi 5\/11 de 18h \u00e0 20h<\/span><input type=\"checkbox\" name=\"datesvisio[]\" value=\"Le mercredi 5\/11 de 18h \u00e0 20h\" \/><\/label><\/span><span class=\"wpcf7-list-item\"><label><span class=\"wpcf7-list-item-label\">Le mardi 11\/11 de 18h \u00e0 20h<\/span><input type=\"checkbox\" name=\"datesvisio[]\" value=\"Le mardi 11\/11 de 18h \u00e0 20h\" \/><\/label><\/span><span class=\"wpcf7-list-item\"><label><span class=\"wpcf7-list-item-label\">Le lundi 17\/11 de 18h \u00e0 20h<\/span><input type=\"checkbox\" name=\"datesvisio[]\" value=\"Le lundi 17\/11 de 18h \u00e0 20h\" \/><\/label><\/span><span class=\"wpcf7-list-item\"><label><span class=\"wpcf7-list-item-label\">Le mardi 25\/11 de 18h \u00e0 20h<\/span><input type=\"checkbox\" name=\"datesvisio[]\" value=\"Le mardi 25\/11 de 18h \u00e0 20h\" \/><\/label><\/span><span class=\"wpcf7-list-item last\"><label><span class=\"wpcf7-list-item-label\">Demande contact PE<\/span><input type=\"checkbox\" name=\"datesvisio[]\" value=\"Demande contact PE\" \/><\/label><\/span><\/span><\/span>\n<\/p>\n<p><label> Vos questions \u00e9ventuelles (facultatif)<br \/>\n<span class=\"wpcf7-form-control-wrap\" data-name=\"your-message\"><textarea cols=\"40\" rows=\"10\" maxlength=\"2000\" class=\"wpcf7-form-control wpcf7-textarea\" aria-invalid=\"false\" name=\"your-message\"><\/textarea><\/span> <\/label>\n<\/p>\n<p><input class=\"wpcf7-form-control wpcf7-submit has-spinner\" type=\"submit\" value=\"Envoyer\" \/>\n<\/p><p style=\"display: none !important;\" class=\"akismet-fields-container\" data-prefix=\"_wpcf7_ak_\"><label>&#916;<textarea name=\"_wpcf7_ak_hp_textarea\" cols=\"45\" rows=\"8\" maxlength=\"100\"><\/textarea><\/label><input type=\"hidden\" id=\"ak_js_1\" name=\"_wpcf7_ak_js\" value=\"248\"\/><script>\ndocument.getElementById( \"ak_js_1\" ).setAttribute( \"value\", ( new Date() ).getTime() );\n<\/script>\n<\/p><input type='hidden' class='wpcf7-pum' value='{\"closepopup\":false,\"closedelay\":0,\"openpopup\":false,\"openpopup_id\":0}' \/><div class=\"wpcf7-response-output\" aria-hidden=\"true\"><\/div>\n<\/form>\n<\/div>\n<\/div>\n\n\n\n<hr class=\"wp-block-separator has-alpha-channel-opacity\"\/>\n\n\n\n<p class=\"has-vivid-red-color has-text-color has-link-color wp-elements-672d11d609e2fc2a582d2787794027b4\"><strong>FORMULAIRE POUR LE SUIVI \u00c0 COMPL\u00c9TER:<\/strong> <a href=\"https:\/\/snalc.org\/snalc2023\/?p=4571\">https:\/\/snalc.org\/snalc2023\/?p=4571<\/a><\/p>\n\n\n\n<hr class=\"wp-block-separator has-alpha-channel-opacity\"\/>\n\n\n\n<p class=\"has-text-align-center\"><strong>SNALC acad\u00e9mie d\u2019Aix-Marseille<\/strong><br>06 83 51 36 08 ou 07 85 82 30 69 &#8211; <a href=\"mailto:mutation.am@snalc.org\">mutation.am@snalc.org<\/a><\/p>\n\n\n\n<p><strong>T\u00e9l\u00e9chargez le suppl\u00e9ment INTER 2026 de la revue du SNALC QU1506&nbsp; :<\/strong><\/p>\n\n\n\n<p>(Mouvement premier degr\u00e9 : pages 22 \u00e0 30)<\/p>\n\n\n\n<figure class=\"wp-block-image\"><img decoding=\"async\" src=\"https:\/\/snalc.fr\/wp-content\/uploads\/QU1506-INTER-719x1024.jpg\" alt=\"\" class=\"wp-image-60425\"\/><\/figure>\n\n\n\n<p><a href=\"https:\/\/snalc.fr\/wp-content\/uploads\/QU1506-INTER.pdf\" target=\"_blank\" rel=\"noreferrer noopener\"><\/a><\/p>\n\n\n\n<p><a href=\"https:\/\/snalc.fr\/wp-content\/uploads\/QU1506-INTER.pdf\" target=\"_blank\" rel=\"noreferrer noopener\">T\u00e9l\u00e9charger<\/a><\/p>\n","protected":false},"excerpt":{"rendered":"<p>Le Snalc Aix-Marseille et toutes ses \u00e9quipes sont mobilis\u00e9es afin de r\u00e9pondre \u00e0 vos questions pour la phase du mouvement inter-acad\u00e9mique 2026 Compl\u00e9ter le formulaire \u00e0 la fin de l&rsquo;article [&hellip;]<\/p>\n","protected":false},"author":1,"featured_media":0,"comment_status":"closed","ping_status":"closed","sticky":false,"template":"","format":"standard","meta":{"_lmt_disableupdate":"","_lmt_disable":"","site-sidebar-layout":"default","site-content-layout":"","ast-site-content-layout":"default","site-content-style":"default","site-sidebar-style":"default","ast-global-header-display":"","ast-banner-title-visibility":"","ast-main-header-display":"","ast-hfb-above-header-display":"","ast-hfb-below-header-display":"","ast-hfb-mobile-header-display":"","site-post-title":"","ast-breadcrumbs-content":"","ast-featured-img":"","footer-sml-layout":"","ast-disable-related-posts":"","theme-transparent-header-meta":"","adv-header-id-meta":"","stick-header-meta":"","header-above-stick-meta":"","header-main-stick-meta":"","header-below-stick-meta":"","astra-migrate-meta-layouts":"set","ast-page-background-enabled":"default","ast-page-background-meta":{"desktop":{"background-color":"var(--ast-global-color-4)","background-image":"","background-repeat":"repeat","background-position":"center center","background-size":"auto","background-attachment":"scroll","background-type":"","background-media":"","overlay-type":"","overlay-color":"","overlay-opacity":"","overlay-gradient":""},"tablet":{"background-color":"","background-image":"","background-repeat":"repeat","background-position":"center center","background-size":"auto","background-attachment":"scroll","background-type":"","background-media":"","overlay-type":"","overlay-color":"","overlay-opacity":"","overlay-gradient":""},"mobile":{"background-color":"","background-image":"","background-repeat":"repeat","background-position":"center center","background-size":"auto","background-attachment":"scroll","background-type":"","background-media":"","overlay-type":"","overlay-color":"","overlay-opacity":"","overlay-gradient":""}},"ast-content-background-meta":{"desktop":{"background-color":"var(--ast-global-color-5)","background-image":"","background-repeat":"repeat","background-position":"center center","background-size":"auto","background-attachment":"scroll","background-type":"","background-media":"","overlay-type":"","overlay-color":"","overlay-opacity":"","overlay-gradient":""},"tablet":{"background-color":"var(--ast-global-color-5)","background-image":"","background-repeat":"repeat","background-position":"center center","background-size":"auto","background-attachment":"scroll","background-type":"","background-media":"","overlay-type":"","overlay-color":"","overlay-opacity":"","overlay-gradient":""},"mobile":{"background-color":"var(--ast-global-color-5)","background-image":"","background-repeat":"repeat","background-position":"center center","background-size":"auto","background-attachment":"scroll","background-type":"","background-media":"","overlay-type":"","overlay-color":"","overlay-opacity":"","overlay-gradient":""}},"footnotes":""},"categories":[42,8,7,23,11],"tags":[],"class_list":["post-4567","post","type-post","status-publish","format-standard","hentry","category-actualites-2025-2026","category-inter-academique","category-mutation","category-professeurs-1er-degre","category-professeurs-2nd-degre"],"modified_by":"slecourtier","_links":{"self":[{"href":"https:\/\/snalc.org\/snalc2023\/index.php?rest_route=\/wp\/v2\/posts\/4567","targetHints":{"allow":["GET"]}}],"collection":[{"href":"https:\/\/snalc.org\/snalc2023\/index.php?rest_route=\/wp\/v2\/posts"}],"about":[{"href":"https:\/\/snalc.org\/snalc2023\/index.php?rest_route=\/wp\/v2\/types\/post"}],"author":[{"embeddable":true,"href":"https:\/\/snalc.org\/snalc2023\/index.php?rest_route=\/wp\/v2\/users\/1"}],"replies":[{"embeddable":true,"href":"https:\/\/snalc.org\/snalc2023\/index.php?rest_route=%2Fwp%2Fv2%2Fcomments&post=4567"}],"version-history":[{"count":6,"href":"https:\/\/snalc.org\/snalc2023\/index.php?rest_route=\/wp\/v2\/posts\/4567\/revisions"}],"predecessor-version":[{"id":4649,"href":"https:\/\/snalc.org\/snalc2023\/index.php?rest_route=\/wp\/v2\/posts\/4567\/revisions\/4649"}],"wp:attachment":[{"href":"https:\/\/snalc.org\/snalc2023\/index.php?rest_route=%2Fwp%2Fv2%2Fmedia&parent=4567"}],"wp:term":[{"taxonomy":"category","embeddable":true,"href":"https:\/\/snalc.org\/snalc2023\/index.php?rest_route=%2Fwp%2Fv2%2Fcategories&post=4567"},{"taxonomy":"post_tag","embeddable":true,"href":"https:\/\/snalc.org\/snalc2023\/index.php?rest_route=%2Fwp%2Fv2%2Ftags&post=4567"}],"curies":[{"name":"wp","href":"https:\/\/api.w.org\/{rel}","templated":true}]}}