{"id":4573,"date":"2025-10-09T20:29:50","date_gmt":"2025-10-09T18:29:50","guid":{"rendered":"https:\/\/snalc.org\/snalc2023\/?p=4573"},"modified":"2025-10-09T20:29:54","modified_gmt":"2025-10-09T18:29:54","slug":"budget-de-lenseignement-scolaire-compte-rendu-du-7-octobre-2025","status":"publish","type":"post","link":"https:\/\/snalc.org\/snalc2023\/?p=4573","title":{"rendered":"Budget de l\u2019enseignement scolaire\u00a0: compte rendu du 7 octobre 2025"},"content":{"rendered":"\n<h2 class=\"wp-block-heading\">BUDGET DE L\u2019ENSEIGNEMENT SCOLAIRE<\/h2>\n\n\n\n<h2 class=\"wp-block-heading\">AUDIENCE \u00c0 L\u2019ASSEMBL\u00c9E NATIONALE<\/h2>\n\n\n\n<h2 class=\"wp-block-heading\">Audience du 7 octobre 2025<\/h2>\n\n\n\n<p><strong>Compte rendu du SNALC<\/strong><\/p>\n\n\n\n<p><strong>LE TH\u00c8ME<\/strong><\/p>\n\n\n\n<p>Bertrand Sorre, d\u00e9put\u00e9 de la Manche, a \u00e9t\u00e9 charg\u00e9 par la Commission des affaires culturelles de l\u2019Assembl\u00e9e nationale d\u2019une mission concernant le budget de l\u2019enseignement scolaire dans le cadre de la pr\u00e9paration du projet de loi de finances.<\/p>\n\n\n\n<p><strong>L\u2019ESSENTIEL<\/strong><\/p>\n\n\n\n<p>L\u2019objectif est de faire un point global sur<\/p>\n\n\n\n<ul class=\"wp-block-list\">\n<li>la rentr\u00e9e,<\/li>\n\n\n\n<li>les r\u00e9centes r\u00e9formes,<\/li>\n\n\n\n<li>les principaux chantiers budg\u00e9taires,<\/li>\n\n\n\n<li>avec un accent particulier sur les d\u00e9doublements et la r\u00e9duction des effectifs dans le premier degr\u00e9.<\/li>\n<\/ul>\n\n\n\n<p><strong>LE SNALC A INSIST\u00c9 SUR<\/strong><\/p>\n\n\n\n<ul class=\"wp-block-list\">\n<li><strong>Le manque de personnel<\/strong> dans tous les secteurs, aussi bien dans le premier que dans le second degr\u00e9.<\/li>\n\n\n\n<li><strong>La n\u00e9cessit\u00e9 de revaloriser<\/strong> r\u00e9ellement les professeurs et les autres m\u00e9tiers de l\u2019\u00e9ducation.<\/li>\n\n\n\n<li><strong>La situation critique de l\u2019inclusion<\/strong> \u00e0 bas co\u00fbt, qui est pr\u00e9judiciable \u00e0 tous.<\/li>\n\n\n\n<li><strong>Le besoin de cr\u00e9er un statut de cat\u00e9gorie B pour les AESH<\/strong> et de ne pas diluer leur action dans des PAS qui exacerbent une inclusion d\u00e9j\u00e0 mal g\u00e9r\u00e9e.<\/li>\n\n\n\n<li><strong>L\u2019urgence d\u2019\u00e9tablir enfin une v\u00e9ritable m\u00e9decine du travail<\/strong>.<\/li>\n\n\n\n<li><strong>Les effets n\u00e9fastes des derni\u00e8res r\u00e9formes<\/strong> (coll\u00e8ge, lyc\u00e9e g\u00e9n\u00e9ral et technologique, lyc\u00e9e professionnel avec le Y) qui ont eu des r\u00e9percussions visibles jusqu\u2019\u00e0 cette rentr\u00e9e, accompagn\u00e9es de notes de services et de propositions de programmes qui refl\u00e8tent un <strong>manque de confiance<\/strong> du minist\u00e8re envers ses agents. Ces probl\u00e9matiques ont \u00e9t\u00e9 mises en lumi\u00e8re par les r\u00e9sultats de l\u2019enqu\u00eate TALIS.<\/li>\n<\/ul>\n\n\n\n<p>Pour le SNALC,<strong> une v\u00e9ritable augmentation du budget <\/strong>de l\u2019\u00c9ducation nationale est indispensable, car, en euros constants, celle-ci n\u2019a pas vraiment eu lieu ces derni\u00e8res ann\u00e9es.<\/p>\n\n\n\n<p>Concernant les d\u00e9doublements et la r\u00e9duction des effectifs dans le premier degr\u00e9, le SNALC a plaid\u00e9 pour <strong>l\u2019extension de ce dispositif<\/strong> afin d\u2019\u00e9viter des classes surcharg\u00e9es dans les petites et moyennes sections ainsi que dans les niveaux CE2, CM1, et CM2. Bien que l\u2019id\u00e9e soit b\u00e9n\u00e9fique, elle aurait d\u00fb \u00eatre mise en \u0153uvre sans surcharger les autres classes et sans compromettre la libert\u00e9 p\u00e9dagogique des enseignants.<\/p>\n\n\n\n<p><strong>La diminution des effectifs<\/strong> constitue un levier important pour la r\u00e9ussite des \u00e9l\u00e8ves, notamment en ce qui concerne l\u2019inclusion, qui n\u00e9cessite du temps, en raison du manque d\u2019AESH et de l\u2019augmentation du nombre d\u2019\u00e9l\u00e8ves \u00e0 besoins particuliers sans reconnaissance officielle de handicap.<\/p>\n\n\n\n<p><strong>L\u2019AVIS DU SNALC<\/strong><\/p>\n\n\n\n<p>Les d\u00e9put\u00e9s ont \u00e9cout\u00e9 les organisations syndicales pr\u00e9sentes, qui \u00e9taient assez unanimes sur les constats et les besoins importants. Ils ont pris bonne note et ont remerci\u00e9 les intervenants. Le SNALC attend d\u00e9sormais que cette \u00e9coute se traduise en actions concr\u00e8tes.<\/p>\n","protected":false},"excerpt":{"rendered":"<p>BUDGET DE L\u2019ENSEIGNEMENT SCOLAIRE AUDIENCE \u00c0 L\u2019ASSEMBL\u00c9E NATIONALE Audience du 7 octobre 2025 Compte rendu du SNALC LE TH\u00c8ME Bertrand Sorre, d\u00e9put\u00e9 de la Manche, a \u00e9t\u00e9 charg\u00e9 par la [&hellip;]<\/p>\n","protected":false},"author":1,"featured_media":0,"comment_status":"closed","ping_status":"closed","sticky":false,"template":"","format":"standard","meta":{"_lmt_disableupdate":"","_lmt_disable":"","site-sidebar-layout":"default","site-content-layout":"","ast-site-content-layout":"default","site-content-style":"default","site-sidebar-style":"default","ast-global-header-display":"","ast-banner-title-visibility":"","ast-main-header-display":"","ast-hfb-above-header-display":"","ast-hfb-below-header-display":"","ast-hfb-mobile-header-display":"","site-post-title":"","ast-breadcrumbs-content":"","ast-featured-img":"","footer-sml-layout":"","ast-disable-related-posts":"","theme-transparent-header-meta":"","adv-header-id-meta":"","stick-header-meta":"","header-above-stick-meta":"","header-main-stick-meta":"","header-below-stick-meta":"","astra-migrate-meta-layouts":"set","ast-page-background-enabled":"default","ast-page-background-meta":{"desktop":{"background-color":"var(--ast-global-color-4)","background-image":"","background-repeat":"repeat","background-position":"center center","background-size":"auto","background-attachment":"scroll","background-type":"","background-media":"","overlay-type":"","overlay-color":"","overlay-opacity":"","overlay-gradient":""},"tablet":{"background-color":"","background-image":"","background-repeat":"repeat","background-position":"center center","background-size":"auto","background-attachment":"scroll","background-type":"","background-media":"","overlay-type":"","overlay-color":"","overlay-opacity":"","overlay-gradient":""},"mobile":{"background-color":"","background-image":"","background-repeat":"repeat","background-position":"center center","background-size":"auto","background-attachment":"scroll","background-type":"","background-media":"","overlay-type":"","overlay-color":"","overlay-opacity":"","overlay-gradient":""}},"ast-content-background-meta":{"desktop":{"background-color":"var(--ast-global-color-5)","background-image":"","background-repeat":"repeat","background-position":"center center","background-size":"auto","background-attachment":"scroll","background-type":"","background-media":"","overlay-type":"","overlay-color":"","overlay-opacity":"","overlay-gradient":""},"tablet":{"background-color":"var(--ast-global-color-5)","background-image":"","background-repeat":"repeat","background-position":"center center","background-size":"auto","background-attachment":"scroll","background-type":"","background-media":"","overlay-type":"","overlay-color":"","overlay-opacity":"","overlay-gradient":""},"mobile":{"background-color":"var(--ast-global-color-5)","background-image":"","background-repeat":"repeat","background-position":"center center","background-size":"auto","background-attachment":"scroll","background-type":"","background-media":"","overlay-type":"","overlay-color":"","overlay-opacity":"","overlay-gradient":""}},"footnotes":""},"categories":[42],"tags":[],"class_list":["post-4573","post","type-post","status-publish","format-standard","hentry","category-actualites-2025-2026"],"modified_by":"slecourtier","_links":{"self":[{"href":"https:\/\/snalc.org\/snalc2023\/index.php?rest_route=\/wp\/v2\/posts\/4573","targetHints":{"allow":["GET"]}}],"collection":[{"href":"https:\/\/snalc.org\/snalc2023\/index.php?rest_route=\/wp\/v2\/posts"}],"about":[{"href":"https:\/\/snalc.org\/snalc2023\/index.php?rest_route=\/wp\/v2\/types\/post"}],"author":[{"embeddable":true,"href":"https:\/\/snalc.org\/snalc2023\/index.php?rest_route=\/wp\/v2\/users\/1"}],"replies":[{"embeddable":true,"href":"https:\/\/snalc.org\/snalc2023\/index.php?rest_route=%2Fwp%2Fv2%2Fcomments&post=4573"}],"version-history":[{"count":1,"href":"https:\/\/snalc.org\/snalc2023\/index.php?rest_route=\/wp\/v2\/posts\/4573\/revisions"}],"predecessor-version":[{"id":4574,"href":"https:\/\/snalc.org\/snalc2023\/index.php?rest_route=\/wp\/v2\/posts\/4573\/revisions\/4574"}],"wp:attachment":[{"href":"https:\/\/snalc.org\/snalc2023\/index.php?rest_route=%2Fwp%2Fv2%2Fmedia&parent=4573"}],"wp:term":[{"taxonomy":"category","embeddable":true,"href":"https:\/\/snalc.org\/snalc2023\/index.php?rest_route=%2Fwp%2Fv2%2Fcategories&post=4573"},{"taxonomy":"post_tag","embeddable":true,"href":"https:\/\/snalc.org\/snalc2023\/index.php?rest_route=%2Fwp%2Fv2%2Ftags&post=4573"}],"curies":[{"name":"wp","href":"https:\/\/api.w.org\/{rel}","templated":true}]}}