{"id":4653,"date":"2025-10-31T19:58:02","date_gmt":"2025-10-31T18:58:02","guid":{"rendered":"https:\/\/snalc.org\/snalc2023\/?p=4653"},"modified":"2025-10-31T19:58:12","modified_gmt":"2025-10-31T18:58:12","slug":"quinzaine-universitaire-n1506-ecole","status":"publish","type":"post","link":"https:\/\/snalc.org\/snalc2023\/?p=4653","title":{"rendered":"QUINZAINE UNIVERSITAIRE n\u00b01506 \u2013 \u00e9cole"},"content":{"rendered":"\n<figure class=\"wp-block-image\"><img decoding=\"async\" src=\"https:\/\/snalc.fr\/wp-content\/uploads\/QU1506-1D.jpg\" alt=\"\" class=\"wp-image-60518\"\/><\/figure>\n\n\n\n<p><strong>\u00c9DITO :&nbsp;<\/strong><strong>TITRE<\/strong><\/p>\n\n\n\n<figure class=\"wp-block-image\"><img decoding=\"async\" src=\"https:\/\/snalc.fr\/wp-content\/uploads\/elementor\/thumbs\/SNALC-congres-Strasbourg-mai-2023-Photo-Philippe-Sautier-3-e1686317689865-qfu77nw4qlxwj5dktm23kiay8chujy1r6wng15ek0o.jpg\" alt=\"SNALC congres Strasbourg mai 2023 - Photo Philippe Sautier (3)\" title=\"SNALC congres Strasbourg mai 2023 \u2013 Photo Philippe Sautier (3)\"\/><\/figure>\n\n\n\n<p>J-R\u00e9mi Girard<br>Pr\u00e9sident du SNALC<\/p>\n\n\n\n<p>en rond. [<strong>Lire la suite<\/strong>]<\/p>\n\n\n\n<p><strong>SOMMAIRE<\/strong><\/p>\n\n\n\n<p>04 | <a href=\"https:\/\/snalc.fr\/nous-enseignants\/\">Nous, Enseignants<\/a><br>05 | <a href=\"https:\/\/snalc.fr\/distance-professionnelle-une-necessite-pour-se-proteger\/\">Distance professionnelle, une n\u00e9cessit\u00e9 pour se prot\u00e9ger<\/a><br>05 | <a href=\"https:\/\/snalc.fr\/convocation-chez-lien-que-faire\/\">Convocation chez l\u2019IEN : que faire ?<\/a><br>06 | <a href=\"https:\/\/snalc.fr\/un-courriel-de-la-hierarchie\/\">Un courriel de la hi\u00e9rarchie<\/a><br>06 | <a href=\"https:\/\/snalc.fr\/apprehender-au-mieux-une-convocation\/\">Appr\u00e9hender au mieux une convocation<\/a><br>07 | <a href=\"https:\/\/snalc.fr\/apres-une-convocation\/\">Apr\u00e8s une convocation<\/a><br>08 | <a href=\"https:\/\/snalc.fr\/le-remplacement-pas-si-prioritaire\/\">Le remplacement, pas si prioritaire<\/a><br>08 | <a href=\"https:\/\/snalc.fr\/les-enquetes-de-la-depp-obligatoires\/\">Les enqu\u00eates de la DEPP ? Obligatoires !<\/a><br>09 | <a href=\"https:\/\/snalc.fr\/psc-les-conseils-du-snalc\/\">Protection sociale compl\u00e9mentaire : la position et les conseils du SNALC<\/a><br>10 | <a href=\"https:\/\/snalc.fr\/ne-loubliez-pas\/\">Ne l\u2019oubliez pas !<\/a><br>10 | <a href=\"https:\/\/snalc.fr\/demander-la-retraite-progressive-a-partir-de-60-ans\/\">Demander la retraite progressive \u00e0 partir de 60 ans<\/a><br>10 | <a href=\"https:\/\/snalc.fr\/evaluation-decole-deduction-dheures-actee\/\">\u00c9valuation d\u2019\u00e9cole : d\u00e9duction d\u2019heures act\u00e9e !<\/a><\/p>\n\n\n\n<p><a href=\"https:\/\/snalc.fr\/wp-content\/uploads\/QU1506-1D.pdf\">T\u00e9l\u00e9charger la revue en PDF<\/a><\/p>\n\n\n\n<figure class=\"wp-block-image\"><img decoding=\"async\" src=\"https:\/\/snalc.fr\/wp-content\/uploads\/QU1506-721x1024.jpg\" alt=\"\" class=\"wp-image-60495\"\/><\/figure>\n\n\n\n<p><em><strong>Afin d\u2019\u00eatre au plus pr\u00e8s de vos attentes <\/strong><strong>et de vous informer au mieux, la revue du SNALC a <\/strong><strong>\u00e9volu\u00e9 d\u00e8s cette rentr\u00e9e, avec d\u00e9sormais <\/strong><strong>deux num\u00e9ros mensuels au lieu d\u2019un : <\/strong><strong>l\u2019un centr\u00e9 sur le second degr\u00e9 et le sup\u00e9rieur, <\/strong><strong>et le second sur les probl\u00e9matiques <\/strong><strong>sp\u00e9cifiques de l\u2019\u00e9cole primaire.<\/strong><\/em><\/p>\n\n\n\n<p><a href=\"https:\/\/snalc.fr\/quinzaine-universitaire-n1506\/\">D\u00e9couvrir la revue Second degr\u00e9 &amp; Sup\u00e9rieur<\/a><\/p>\n\n\n\n<h5 class=\"wp-block-heading\"><strong>T\u00e9l\u00e9chargez le suppl\u00e9ment INTER 2026 de la revue du SNALC QU1506&nbsp; :<\/strong><\/h5>\n\n\n\n<p>(Mouvement premier degr\u00e9 : pages 22 \u00e0 30)<\/p>\n\n\n\n<figure class=\"wp-block-image\"><img decoding=\"async\" src=\"https:\/\/snalc.fr\/wp-content\/uploads\/QU1506-INTER-719x1024.jpg\" alt=\"\" class=\"wp-image-60425\"\/><\/figure>\n\n\n\n<p><a href=\"https:\/\/snalc.fr\/wp-content\/uploads\/QU1506-INTER.pdf\" target=\"_blank\" rel=\"noreferrer noopener\"><\/a><\/p>\n\n\n\n<p><a href=\"https:\/\/snalc.fr\/wp-content\/uploads\/QU1506-INTER.pdf\" target=\"_blank\" rel=\"noreferrer noopener\">T\u00e9l\u00e9charger<\/a><\/p>\n","protected":false},"excerpt":{"rendered":"<p>\u00c9DITO :&nbsp;TITRE J-R\u00e9mi GirardPr\u00e9sident du SNALC en rond. [Lire la suite] SOMMAIRE 04 | Nous, Enseignants05 | Distance professionnelle, une n\u00e9cessit\u00e9 pour se prot\u00e9ger05 | Convocation chez l\u2019IEN : que [&hellip;]<\/p>\n","protected":false},"author":1,"featured_media":0,"comment_status":"closed","ping_status":"closed","sticky":false,"template":"","format":"standard","meta":{"_lmt_disableupdate":"","_lmt_disable":"","site-sidebar-layout":"default","site-content-layout":"","ast-site-content-layout":"default","site-content-style":"default","site-sidebar-style":"default","ast-global-header-display":"","ast-banner-title-visibility":"","ast-main-header-display":"","ast-hfb-above-header-display":"","ast-hfb-below-header-display":"","ast-hfb-mobile-header-display":"","site-post-title":"","ast-breadcrumbs-content":"","ast-featured-img":"","footer-sml-layout":"","ast-disable-related-posts":"","theme-transparent-header-meta":"","adv-header-id-meta":"","stick-header-meta":"","header-above-stick-meta":"","header-main-stick-meta":"","header-below-stick-meta":"","astra-migrate-meta-layouts":"set","ast-page-background-enabled":"default","ast-page-background-meta":{"desktop":{"background-color":"var(--ast-global-color-4)","background-image":"","background-repeat":"repeat","background-position":"center center","background-size":"auto","background-attachment":"scroll","background-type":"","background-media":"","overlay-type":"","overlay-color":"","overlay-opacity":"","overlay-gradient":""},"tablet":{"background-color":"","background-image":"","background-repeat":"repeat","background-position":"center center","background-size":"auto","background-attachment":"scroll","background-type":"","background-media":"","overlay-type":"","overlay-color":"","overlay-opacity":"","overlay-gradient":""},"mobile":{"background-color":"","background-image":"","background-repeat":"repeat","background-position":"center center","background-size":"auto","background-attachment":"scroll","background-type":"","background-media":"","overlay-type":"","overlay-color":"","overlay-opacity":"","overlay-gradient":""}},"ast-content-background-meta":{"desktop":{"background-color":"var(--ast-global-color-5)","background-image":"","background-repeat":"repeat","background-position":"center center","background-size":"auto","background-attachment":"scroll","background-type":"","background-media":"","overlay-type":"","overlay-color":"","overlay-opacity":"","overlay-gradient":""},"tablet":{"background-color":"var(--ast-global-color-5)","background-image":"","background-repeat":"repeat","background-position":"center center","background-size":"auto","background-attachment":"scroll","background-type":"","background-media":"","overlay-type":"","overlay-color":"","overlay-opacity":"","overlay-gradient":""},"mobile":{"background-color":"var(--ast-global-color-5)","background-image":"","background-repeat":"repeat","background-position":"center center","background-size":"auto","background-attachment":"scroll","background-type":"","background-media":"","overlay-type":"","overlay-color":"","overlay-opacity":"","overlay-gradient":""}},"footnotes":""},"categories":[42,23,37],"tags":[],"class_list":["post-4653","post","type-post","status-publish","format-standard","hentry","category-actualites-2025-2026","category-professeurs-1er-degre","category-qu"],"modified_by":"slecourtier","_links":{"self":[{"href":"https:\/\/snalc.org\/snalc2023\/index.php?rest_route=\/wp\/v2\/posts\/4653","targetHints":{"allow":["GET"]}}],"collection":[{"href":"https:\/\/snalc.org\/snalc2023\/index.php?rest_route=\/wp\/v2\/posts"}],"about":[{"href":"https:\/\/snalc.org\/snalc2023\/index.php?rest_route=\/wp\/v2\/types\/post"}],"author":[{"embeddable":true,"href":"https:\/\/snalc.org\/snalc2023\/index.php?rest_route=\/wp\/v2\/users\/1"}],"replies":[{"embeddable":true,"href":"https:\/\/snalc.org\/snalc2023\/index.php?rest_route=%2Fwp%2Fv2%2Fcomments&post=4653"}],"version-history":[{"count":1,"href":"https:\/\/snalc.org\/snalc2023\/index.php?rest_route=\/wp\/v2\/posts\/4653\/revisions"}],"predecessor-version":[{"id":4654,"href":"https:\/\/snalc.org\/snalc2023\/index.php?rest_route=\/wp\/v2\/posts\/4653\/revisions\/4654"}],"wp:attachment":[{"href":"https:\/\/snalc.org\/snalc2023\/index.php?rest_route=%2Fwp%2Fv2%2Fmedia&parent=4653"}],"wp:term":[{"taxonomy":"category","embeddable":true,"href":"https:\/\/snalc.org\/snalc2023\/index.php?rest_route=%2Fwp%2Fv2%2Fcategories&post=4653"},{"taxonomy":"post_tag","embeddable":true,"href":"https:\/\/snalc.org\/snalc2023\/index.php?rest_route=%2Fwp%2Fv2%2Ftags&post=4653"}],"curies":[{"name":"wp","href":"https:\/\/api.w.org\/{rel}","templated":true}]}}