{"id":4655,"date":"2025-10-31T20:00:54","date_gmt":"2025-10-31T19:00:54","guid":{"rendered":"https:\/\/snalc.org\/snalc2023\/?p=4655"},"modified":"2025-10-31T20:01:06","modified_gmt":"2025-10-31T19:01:06","slug":"quinzaine-universitaire-n1506","status":"publish","type":"post","link":"https:\/\/snalc.org\/snalc2023\/?p=4655","title":{"rendered":"QUINZAINE UNIVERSITAIRE n\u00b01506"},"content":{"rendered":"\n<figure class=\"wp-block-image\"><img decoding=\"async\" src=\"https:\/\/snalc.fr\/wp-content\/uploads\/QU1506.jpg\" alt=\"\" class=\"wp-image-60495\"\/><\/figure>\n\n\n\n<p><strong>\u00c9DITO :&nbsp;<\/strong><a href=\"https:\/\/snalc.fr\/psc-vers-un-accident-industriel\/\"><strong>PROTECTION SOCIALE COMPL\u00c9MENTAIRE&nbsp;: VERS UN ACCIDENT INDUSTRIEL&nbsp;?<\/strong><\/a><\/p>\n\n\n\n<figure class=\"wp-block-image\"><img decoding=\"async\" src=\"https:\/\/snalc.fr\/wp-content\/uploads\/elementor\/thumbs\/SNALC-congres-Strasbourg-mai-2023-Photo-Philippe-Sautier-3-e1686317689865-qfu77nw4qlxwj5dktm23kiay8chujy1r6wng15ek0o.jpg\" alt=\"SNALC congres Strasbourg mai 2023 - Photo Philippe Sautier (3)\" title=\"SNALC congres Strasbourg mai 2023 \u2013 Photo Philippe Sautier (3)\"\/><\/figure>\n\n\n\n<p>Jean-R\u00e9mi Girard<br>Pr\u00e9sident du SNALC<\/p>\n\n\n\n<p>L\u2019\u00c9ducation nationale et l\u2019enseignement sup\u00e9rieur se sont-ils fait avoir&nbsp;? La PSC est-elle un march\u00e9 de dupes&nbsp;? Alors que le processus d\u2019affiliation a commenc\u00e9 \u2014 et qu\u2019il a d\u00e9j\u00e0 \u00e9t\u00e9 suspendu unilat\u00e9ralement dans le sup\u00e9rieur \u2014 le r\u00f4le d\u2019un syndicat repr\u00e9sentatif comme le SNALC est de vous informer, de vous conseiller et d\u2019agir.<\/p>\n\n\n\n<p>Que s\u2019est-il pass\u00e9&nbsp;? [<a href=\"https:\/\/snalc.fr\/psc-vers-un-accident-industriel\/\"><strong>Lire la suite<\/strong><\/a>]<\/p>\n\n\n\n<p><strong>DOSSIER DU MOIS :<\/strong><\/p>\n\n\n\n<p><a href=\"https:\/\/snalc.fr\/mobilite-un-enjeu-dattractivite\/\"><strong>MOBILIT\u00c9 : UN ENJEU D\u2019ATTRACTIVIT\u00c9<\/strong><\/a><\/p>\n\n\n\n<p>05 |<a href=\"https:\/\/snalc.fr\/mobilite-un-enjeu-dattractivite#principes\">Les grands principes du mouvement<\/a><br>05 | <a href=\"https:\/\/snalc.fr\/mobilite-un-enjeu-dattractivite#decoder\">D\u00e9coder les informations<\/a><br>06 | <a href=\"https:\/\/snalc.fr\/mobilite-un-enjeu-dattractivite#points\">La course aux points<\/a><br>06 | <a href=\"https:\/\/snalc.fr\/mobilite-un-enjeu-dattractivite#contractuels\">Contractuels : \u00e9valuer les cons\u00e9quences de la titularisation<\/a><br>07<em> |&nbsp;<\/em><a href=\"https:\/\/snalc.fr\/mobilite-un-enjeu-dattractivite#men\" target=\"_blank\" rel=\"noreferrer noopener\">Am\u00e9lioration du mouvement&nbsp;: les exp\u00e9dients du minist\u00e8re<\/a><br>07 | <a href=\"https:\/\/snalc.fr\/mobilite-un-enjeu-dattractivite#phase\">Le SNALC propose un mouvement en une seule phase<\/a><\/p>\n\n\n\n<p><strong>CONDITIONS DE TRAVAIL<\/strong><\/p>\n\n\n\n<p>08 | <a href=\"https:\/\/snalc.fr\/non-bis-in-idem-stop-a-lintox\/\">\u00ab Non bis in idem \u00bb : stop \u00e0 l\u2019intox !<\/a><br>08 | <a href=\"https:\/\/snalc.fr\/droit-ecole\/\">Faut-il appliquer les principes du droit \u00e0 l\u2019\u00c9cole ?<\/a><br>09 | <a href=\"https:\/\/snalc.fr\/2024-le-bond-judiciaire\/\">2024 : Le bond judiciaire !<\/a><br>09 | <a href=\"https:\/\/snalc.fr\/hommage-a-samuel-paty-et-dominique-bernard\/\">Hommage \u00e0 Samuel Paty et Dominique Bernard : une minute de silence d\u00e9cr\u00e9t\u00e9e \u00e0 la derni\u00e8re minute<\/a><br>10 | <a href=\"https:\/\/snalc.fr\/psc-les-conseils-du-snalc\/\">Protection sociale compl\u00e9mentaire : la position et les conseils du SNALC<\/a><\/p>\n\n\n\n<p><strong>SYST\u00c8ME \u00c9DUCATIF<\/strong><\/p>\n\n\n\n<p>11 | <a href=\"https:\/\/snalc.fr\/programmes-du-cycle-4-programmes-xxl-marge-de-manoeuvre-reduite\/\">Programmes du cycle 4 : programmes XXL, marge de man\u0153uvre r\u00e9duite<\/a><br>11 | <a href=\"https:\/\/snalc.fr\/audience-avec-le-ministre-le-snalc-jugera-aux-actes\/\">Audience avec le ministre : le SNALC jugera aux actes<\/a><br>12 | <a href=\"https:\/\/snalc.fr\/formation-initiale-le-feuilleton-continue\/\">Formation initiale : le feuilleton continue<\/a><br>12 | <a href=\"https:\/\/snalc.fr\/avenirpro-le-ministere-donne-les-clefs-des-lp-a-france-travail\/\">Avenir Pro : le minist\u00e8re donne les clefs des LP \u00e0 France Travail<\/a><br>13 | <a href=\"https:\/\/snalc.fr\/ose-osons-dire-non\/\">Logiciel OSE : osons dire non !<\/a><br>13 | <a href=\"https:\/\/snalc.fr\/inaptitudes-et-dispenses-en-eps-anticiper-les-risques\/\">Inaptitudes et dispenses en EPS : anticiper les risques<\/a><br>14 | <a href=\"https:\/\/snalc.fr\/avec-avantages-snalc-choisissez-la-gourmandise\/\">Avec Avantages-SNALC, choisissez la gourmandise !<\/a><br>14 | <a href=\"https:\/\/snalc.fr\/vs-en-lettres-classiques-autant-en-apporte-le-vent\/\">VS en lettres classiques : autant en apporte le vent\u2026<\/a><br>15 | <a href=\"https:\/\/snalc.fr\/talis-2024-la-france-nentend-plus-ses-professeurs\/\">TALIS 2024 : la France n\u2019entend plus ses professeurs<\/a><\/p>\n\n\n\n<p><strong>LES PERSONNELS<\/strong><\/p>\n\n\n\n<p>15 | <a href=\"https:\/\/snalc.fr\/ne-loubliez-pas\/\">Ne l\u2019oubliez pas !<\/a><br>16 | <a href=\"https:\/\/snalc.fr\/classe-exceptionnelle-des-agreges-point-detape\/\">Classe exceptionnelle des agr\u00e9g\u00e9s : point d\u2019\u00e9tape<\/a><br>17 | <a href=\"https:\/\/snalc.fr\/aed-votre-nouveau-cadre-de-gestion-est-arrive\/\">AED : Votre nouveau cadre de gestion est arriv\u00e9 !<\/a><br>17 | <a href=\"https:\/\/snalc.fr\/la-retraite-cest-pour-quand\/\">La retraite c\u2019est pour quand ?<\/a><\/p>\n\n\n\n<p><a href=\"https:\/\/snalc.fr\/wp-content\/uploads\/QU1506.pdf\">T\u00e9l\u00e9charger la revue en PDF<\/a><\/p>\n\n\n\n<figure class=\"wp-block-image\"><img decoding=\"async\" src=\"https:\/\/snalc.fr\/wp-content\/uploads\/QU1506-1D-722x1024.jpg\" alt=\"\" class=\"wp-image-60518\"\/><\/figure>\n\n\n\n<p><em><strong>Afin d\u2019\u00eatre au plus pr\u00e8s de vos attentes et de vous informer au mieux, la revue du SNALC a \u00e9volu\u00e9 d\u00e8s cette rentr\u00e9e, avec d\u00e9sormais deux num\u00e9ros mensuels au lieu d\u2019un : l\u2019un centr\u00e9 sur le second degr\u00e9 et le sup\u00e9rieur, et le second sur les probl\u00e9matiques sp\u00e9cifiques de l\u2019\u00e9cole primaire.<\/strong><\/em><\/p>\n\n\n\n<p><a href=\"https:\/\/snalc.fr\/quinzaine-universitaire-n1506-1d\/\">D\u00e9couvrir la revue premier degr\u00e9<\/a><\/p>\n\n\n\n<h5 class=\"wp-block-heading\"><strong>T\u00e9l\u00e9chargez le suppl\u00e9ment INTER 2026 de la revue du SNALC QU1506&nbsp; :<\/strong><\/h5>\n\n\n\n<p>(Mouvement premier degr\u00e9 : pages 22 \u00e0 30)<\/p>\n\n\n\n<figure class=\"wp-block-image\"><img decoding=\"async\" src=\"https:\/\/snalc.fr\/wp-content\/uploads\/QU1506-INTER-719x1024.jpg\" alt=\"\" class=\"wp-image-60425\"\/><\/figure>\n\n\n\n<p><a href=\"https:\/\/snalc.fr\/wp-content\/uploads\/QU1506-INTER.pdf\" target=\"_blank\" rel=\"noreferrer noopener\"><\/a><\/p>\n\n\n\n<p><a href=\"https:\/\/snalc.fr\/wp-content\/uploads\/QU1506-INTER.pdf\" target=\"_blank\" rel=\"noreferrer noopener\">T\u00e9l\u00e9charger<\/a><\/p>\n","protected":false},"excerpt":{"rendered":"<p>\u00c9DITO :&nbsp;PROTECTION SOCIALE COMPL\u00c9MENTAIRE&nbsp;: VERS UN ACCIDENT INDUSTRIEL&nbsp;? Jean-R\u00e9mi GirardPr\u00e9sident du SNALC L\u2019\u00c9ducation nationale et l\u2019enseignement sup\u00e9rieur se sont-ils fait avoir&nbsp;? La PSC est-elle un march\u00e9 de dupes&nbsp;? Alors que [&hellip;]<\/p>\n","protected":false},"author":1,"featured_media":0,"comment_status":"closed","ping_status":"closed","sticky":false,"template":"","format":"standard","meta":{"_lmt_disableupdate":"","_lmt_disable":"","site-sidebar-layout":"default","site-content-layout":"","ast-site-content-layout":"default","site-content-style":"default","site-sidebar-style":"default","ast-global-header-display":"","ast-banner-title-visibility":"","ast-main-header-display":"","ast-hfb-above-header-display":"","ast-hfb-below-header-display":"","ast-hfb-mobile-header-display":"","site-post-title":"","ast-breadcrumbs-content":"","ast-featured-img":"","footer-sml-layout":"","ast-disable-related-posts":"","theme-transparent-header-meta":"","adv-header-id-meta":"","stick-header-meta":"","header-above-stick-meta":"","header-main-stick-meta":"","header-below-stick-meta":"","astra-migrate-meta-layouts":"set","ast-page-background-enabled":"default","ast-page-background-meta":{"desktop":{"background-color":"var(--ast-global-color-4)","background-image":"","background-repeat":"repeat","background-position":"center center","background-size":"auto","background-attachment":"scroll","background-type":"","background-media":"","overlay-type":"","overlay-color":"","overlay-opacity":"","overlay-gradient":""},"tablet":{"background-color":"","background-image":"","background-repeat":"repeat","background-position":"center center","background-size":"auto","background-attachment":"scroll","background-type":"","background-media":"","overlay-type":"","overlay-color":"","overlay-opacity":"","overlay-gradient":""},"mobile":{"background-color":"","background-image":"","background-repeat":"repeat","background-position":"center center","background-size":"auto","background-attachment":"scroll","background-type":"","background-media":"","overlay-type":"","overlay-color":"","overlay-opacity":"","overlay-gradient":""}},"ast-content-background-meta":{"desktop":{"background-color":"var(--ast-global-color-5)","background-image":"","background-repeat":"repeat","background-position":"center center","background-size":"auto","background-attachment":"scroll","background-type":"","background-media":"","overlay-type":"","overlay-color":"","overlay-opacity":"","overlay-gradient":""},"tablet":{"background-color":"var(--ast-global-color-5)","background-image":"","background-repeat":"repeat","background-position":"center center","background-size":"auto","background-attachment":"scroll","background-type":"","background-media":"","overlay-type":"","overlay-color":"","overlay-opacity":"","overlay-gradient":""},"mobile":{"background-color":"var(--ast-global-color-5)","background-image":"","background-repeat":"repeat","background-position":"center center","background-size":"auto","background-attachment":"scroll","background-type":"","background-media":"","overlay-type":"","overlay-color":"","overlay-opacity":"","overlay-gradient":""}},"footnotes":""},"categories":[42,37],"tags":[],"class_list":["post-4655","post","type-post","status-publish","format-standard","hentry","category-actualites-2025-2026","category-qu"],"modified_by":"slecourtier","_links":{"self":[{"href":"https:\/\/snalc.org\/snalc2023\/index.php?rest_route=\/wp\/v2\/posts\/4655","targetHints":{"allow":["GET"]}}],"collection":[{"href":"https:\/\/snalc.org\/snalc2023\/index.php?rest_route=\/wp\/v2\/posts"}],"about":[{"href":"https:\/\/snalc.org\/snalc2023\/index.php?rest_route=\/wp\/v2\/types\/post"}],"author":[{"embeddable":true,"href":"https:\/\/snalc.org\/snalc2023\/index.php?rest_route=\/wp\/v2\/users\/1"}],"replies":[{"embeddable":true,"href":"https:\/\/snalc.org\/snalc2023\/index.php?rest_route=%2Fwp%2Fv2%2Fcomments&post=4655"}],"version-history":[{"count":1,"href":"https:\/\/snalc.org\/snalc2023\/index.php?rest_route=\/wp\/v2\/posts\/4655\/revisions"}],"predecessor-version":[{"id":4656,"href":"https:\/\/snalc.org\/snalc2023\/index.php?rest_route=\/wp\/v2\/posts\/4655\/revisions\/4656"}],"wp:attachment":[{"href":"https:\/\/snalc.org\/snalc2023\/index.php?rest_route=%2Fwp%2Fv2%2Fmedia&parent=4655"}],"wp:term":[{"taxonomy":"category","embeddable":true,"href":"https:\/\/snalc.org\/snalc2023\/index.php?rest_route=%2Fwp%2Fv2%2Fcategories&post=4655"},{"taxonomy":"post_tag","embeddable":true,"href":"https:\/\/snalc.org\/snalc2023\/index.php?rest_route=%2Fwp%2Fv2%2Ftags&post=4655"}],"curies":[{"name":"wp","href":"https:\/\/api.w.org\/{rel}","templated":true}]}}