{"id":4684,"date":"2025-11-19T18:05:30","date_gmt":"2025-11-19T17:05:30","guid":{"rendered":"https:\/\/snalc.org\/snalc2023\/?p=4684"},"modified":"2025-11-19T18:05:33","modified_gmt":"2025-11-19T17:05:33","slug":"decouvrir-lensap-votre-espace-personnel-et-securise","status":"publish","type":"post","link":"https:\/\/snalc.org\/snalc2023\/?p=4684","title":{"rendered":"D\u00e9couvrir l\u2019ENSAP, votre espace personnel et s\u00e9curis\u00e9"},"content":{"rendered":"\n<figure class=\"wp-block-image\"><img decoding=\"async\" src=\"https:\/\/snalc.fr\/wp-content\/uploads\/ensap_freepik.com_7437700.jpg\" alt=\"\" class=\"wp-image-61047\"\/><figcaption class=\"wp-element-caption\">\u00a9 freepik.com_7437700<\/figcaption><\/figure>\n\n\n\n<p><strong>L\u2019espace num\u00e9rique s\u00e9curis\u00e9 de l\u2019agent public (ENSAP) est un portail en ligne mis \u00e0 disposition de l\u2019ensemble des agents titulaires et contractuels de l\u2019\u00c9ducation nationale&nbsp;:<\/strong><\/p>\n\n\n\n<figure class=\"wp-block-embed\"><div class=\"wp-block-embed__wrapper\">\nhttps:\/\/ensap.gouv.fr\n<\/div><\/figure>\n\n\n\n<p>Ce service s\u2019adresse \u00e0 l\u2019ensemble des agents publics de l\u2019\u00c9ducation nationale en poste, qu\u2019ils soient titulaires ou contractuels, enseignants ou non. Toutefois, certains personnels ne disposent pas d\u2019ENSAP, notamment les AED sous contrat \u00e0 dur\u00e9e d\u00e9termin\u00e9e (CDD) ou les contractuels relevant des GRETA.<\/p>\n\n\n\n<h5 class=\"wp-block-heading\">\u25ba \u00c0 quoi sert l\u2019ENSAP ?<\/h5>\n\n\n\n<p>L\u2019ENSAP offre un acc\u00e8s s\u00e9curis\u00e9 \u00e0 l\u2019ensemble des documents administratifs et personnels concernant votre parcours dans la fonction publique. Ce portail regroupe toutes les informations importantes n\u00e9cessaires au suivi et \u00e0 la gestion de votre carri\u00e8re. Les documents archiv\u00e9s dans votre espace num\u00e9rique restent disponibles toute votre vie professionnelle et sont conserv\u00e9s jusqu\u2019\u00e0 l\u2019\u00e2ge de 75 ans.<\/p>\n\n\n\n<p>Vous y retrouvez notamment :<\/p>\n\n\n\n<ul class=\"wp-block-list\">\n<li><strong>Vos bulletins de paye <\/strong>(ou de pension) et <strong>attestations fiscales\u00a0;<\/strong><\/li>\n\n\n\n<li><strong>Votre compte individuel de retraite<\/strong>, avec un r\u00e9capitulatif de votre situation personnelle et de votre carri\u00e8re dans la fonction publique, ainsi que d\u2019\u00e9ventuelles activit\u00e9s relevant d\u2019autres r\u00e9gimes prises en compte pour le calcul de la dur\u00e9e totale d\u2019assurance (d\u00e9cote ou surcote).<\/li>\n<\/ul>\n\n\n\n<p>Le SNALC vous encourage donc fortement \u00e0 actualiser r\u00e9guli\u00e8rement ces donn\u00e9es, car elles sont d\u00e9terminantes pour le calcul de vos droits \u00e0 la retraite.<\/p>\n\n\n\n<h5 class=\"wp-block-heading\">\u25ba Simuler sa retraite<\/h5>\n\n\n\n<p>Le simulateur de retraite disponible sur l\u2019ENSAP vous permet d\u2019estimer le montant de votre pension, mais uniquement sur la base de votre carri\u00e8re effectu\u00e9e dans la fonction publique de l\u2019\u00c9tat.<\/p>\n\n\n\n<p>L\u2019outil affiche par d\u00e9faut l\u2019indice que vous d\u00e9tenez actuellement\u202f; il est recommand\u00e9 de le remplacer par celui que vous pr\u00e9voyez d\u2019avoir au moment de votre d\u00e9part \u00e0 la retraite. Pensez \u00e9galement \u00e0 ajuster, si n\u00e9cessaire, les quotit\u00e9s de travail pour certaines p\u00e9riodes de votre carri\u00e8re. Apr\u00e8s avoir personnalis\u00e9 ces \u00e9l\u00e9ments, cliquez sur \u00ab\u202fVALIDER\u202f\u00bb pour obtenir une estimation de votre future pension, incluant d\u2019\u00e9ventuelles d\u00e9cotes ou surcotes en fonction de la date choisie pour votre d\u00e9part.<\/p>\n\n\n\n<figure class=\"wp-block-image\"><img decoding=\"async\" src=\"https:\/\/snalc.fr\/wp-content\/uploads\/ENSAP_capture_ecran-960x1024.jpg\" alt=\"\" class=\"wp-image-61049\"\/><\/figure>\n\n\n\n<p><em>NB&nbsp;: En l\u2019absence de publication de textes l\u00e9gislatifs et r\u00e9glementaires, la suspension de la r\u00e9forme des retraites propos\u00e9e par le Premier ministre n\u2019est pas prise en compte dans le calcul.<\/em><\/p>\n\n\n\n<p><strong><u>\u00c0 savoir<\/u>&nbsp;<\/strong>: un autre simulateur est disponible sur le site <a href=\"https:\/\/www.info-retraite.fr\/portail-info\/home.html\">info-retraite.fr<\/a>&nbsp;: plus complet, il d\u00e9livre en PDF une estimation personnalis\u00e9e prenant aussi en compte d\u2019autres r\u00e9gimes de retraite (public, priv\u00e9)&nbsp;:&nbsp; AGIRC-ARRCO, IRCANTEC, RAFP, L\u2019assurance retraite\u2026<\/p>\n\n\n\n<p>Ce simulateur permet \u00e9galement d\u2019effectuer une simulation au titre de la retraite progressive.<\/p>\n\n\n\n<h5 class=\"wp-block-heading\">\u25ba Premier acc\u00e8s \u00e0 l\u2019ENSAP<\/h5>\n\n\n\n<p>L\u2019acc\u00e8s \u00e0 l\u2019ENSAP se fait \u00e0 l\u2019adresse <a href=\"https:\/\/ensap.gouv.fr\">https:\/\/ensap.gouv.fr<\/a>.<\/p>\n\n\n\n<p>Lors de votre premi\u00e8re visite, vous devrez cr\u00e9er votre compte personnel&nbsp;:<\/p>\n\n\n\n<ul class=\"wp-block-list\">\n<li>Indiquez votre num\u00e9ro de s\u00e9curit\u00e9 sociale complet (NIR)\u00a0;<\/li>\n\n\n\n<li>Munissez-vous de l\u2019IBAN du compte sur lequel est vers\u00e9 votre salaire (celui-ci est indiqu\u00e9 sur votre dernier bulletin papier re\u00e7u)\u00a0: en effet, afin d\u2019attester votre identit\u00e9 de fa\u00e7on s\u00e9curis\u00e9e, vous serez amen\u00e9 \u00e0 compl\u00e9ter en ligne 4 caract\u00e8res cach\u00e9s de votre IBAN\u00a0;<\/li>\n\n\n\n<li>Renseignez une adresse mail personnelle et priv\u00e9e accessible de n\u2019importe o\u00f9. Vous y recevrez alors le lien (valable 24 h) pour valider la cr\u00e9ation du compte. Cette adresse vous permettra aussi de r\u00e9cup\u00e9rer le mot de passe puis, r\u00e9guli\u00e8rement, de recevoir la notification de mise en ligne de nouveaux bulletins ou documents.<\/li>\n<\/ul>\n\n\n\n<p>Une fois votre espace activ\u00e9, une connexion simple avec vos identifiants (mail et mot de passe) suffit pour consulter ou t\u00e9l\u00e9charger vos documents.<\/p>\n\n\n\n<h5 class=\"wp-block-heading\">\u25ba L\u2019ENSAP lors des \u00e9lections professionnelles<\/h5>\n\n\n\n<p>Les \u00e9lections professionnelles auront lieu du 3 au 10 d\u00e9cembre 2026.<\/p>\n\n\n\n<p>Pour participer au vote \u00e9lectronique, chaque agent disposant d\u2019un ENSAP activ\u00e9 recevra son <strong>code de vote<\/strong> directement sur cet espace \u00e0 partir de la mi-octobre.<\/p>\n\n\n\n<p>Il est donc important de l\u2019activer d\u00e8s aujourd\u2019hui si ce n\u2019est d\u00e9j\u00e0 fait, ou d\u2019en v\u00e9rifier l\u2019acc\u00e8s afin de ne pas passer \u00e0 c\u00f4t\u00e9 de cette information essentielle pour voter (pour le SNALC, bien entendu&nbsp;!).<\/p>\n","protected":false},"excerpt":{"rendered":"<p>L\u2019espace num\u00e9rique s\u00e9curis\u00e9 de l\u2019agent public (ENSAP) est un portail en ligne mis \u00e0 disposition de l\u2019ensemble des agents titulaires et contractuels de l\u2019\u00c9ducation nationale&nbsp;: Ce service s\u2019adresse \u00e0 l\u2019ensemble [&hellip;]<\/p>\n","protected":false},"author":1,"featured_media":0,"comment_status":"closed","ping_status":"closed","sticky":false,"template":"","format":"standard","meta":{"_lmt_disableupdate":"","_lmt_disable":"","site-sidebar-layout":"default","site-content-layout":"","ast-site-content-layout":"default","site-content-style":"default","site-sidebar-style":"default","ast-global-header-display":"","ast-banner-title-visibility":"","ast-main-header-display":"","ast-hfb-above-header-display":"","ast-hfb-below-header-display":"","ast-hfb-mobile-header-display":"","site-post-title":"","ast-breadcrumbs-content":"","ast-featured-img":"","footer-sml-layout":"","ast-disable-related-posts":"","theme-transparent-header-meta":"","adv-header-id-meta":"","stick-header-meta":"","header-above-stick-meta":"","header-main-stick-meta":"","header-below-stick-meta":"","astra-migrate-meta-layouts":"set","ast-page-background-enabled":"default","ast-page-background-meta":{"desktop":{"background-color":"var(--ast-global-color-4)","background-image":"","background-repeat":"repeat","background-position":"center center","background-size":"auto","background-attachment":"scroll","background-type":"","background-media":"","overlay-type":"","overlay-color":"","overlay-opacity":"","overlay-gradient":""},"tablet":{"background-color":"","background-image":"","background-repeat":"repeat","background-position":"center center","background-size":"auto","background-attachment":"scroll","background-type":"","background-media":"","overlay-type":"","overlay-color":"","overlay-opacity":"","overlay-gradient":""},"mobile":{"background-color":"","background-image":"","background-repeat":"repeat","background-position":"center center","background-size":"auto","background-attachment":"scroll","background-type":"","background-media":"","overlay-type":"","overlay-color":"","overlay-opacity":"","overlay-gradient":""}},"ast-content-background-meta":{"desktop":{"background-color":"var(--ast-global-color-5)","background-image":"","background-repeat":"repeat","background-position":"center center","background-size":"auto","background-attachment":"scroll","background-type":"","background-media":"","overlay-type":"","overlay-color":"","overlay-opacity":"","overlay-gradient":""},"tablet":{"background-color":"var(--ast-global-color-5)","background-image":"","background-repeat":"repeat","background-position":"center center","background-size":"auto","background-attachment":"scroll","background-type":"","background-media":"","overlay-type":"","overlay-color":"","overlay-opacity":"","overlay-gradient":""},"mobile":{"background-color":"var(--ast-global-color-5)","background-image":"","background-repeat":"repeat","background-position":"center center","background-size":"auto","background-attachment":"scroll","background-type":"","background-media":"","overlay-type":"","overlay-color":"","overlay-opacity":"","overlay-gradient":""}},"footnotes":""},"categories":[42],"tags":[],"class_list":["post-4684","post","type-post","status-publish","format-standard","hentry","category-actualites-2025-2026"],"modified_by":"slecourtier","_links":{"self":[{"href":"https:\/\/snalc.org\/snalc2023\/index.php?rest_route=\/wp\/v2\/posts\/4684","targetHints":{"allow":["GET"]}}],"collection":[{"href":"https:\/\/snalc.org\/snalc2023\/index.php?rest_route=\/wp\/v2\/posts"}],"about":[{"href":"https:\/\/snalc.org\/snalc2023\/index.php?rest_route=\/wp\/v2\/types\/post"}],"author":[{"embeddable":true,"href":"https:\/\/snalc.org\/snalc2023\/index.php?rest_route=\/wp\/v2\/users\/1"}],"replies":[{"embeddable":true,"href":"https:\/\/snalc.org\/snalc2023\/index.php?rest_route=%2Fwp%2Fv2%2Fcomments&post=4684"}],"version-history":[{"count":1,"href":"https:\/\/snalc.org\/snalc2023\/index.php?rest_route=\/wp\/v2\/posts\/4684\/revisions"}],"predecessor-version":[{"id":4685,"href":"https:\/\/snalc.org\/snalc2023\/index.php?rest_route=\/wp\/v2\/posts\/4684\/revisions\/4685"}],"wp:attachment":[{"href":"https:\/\/snalc.org\/snalc2023\/index.php?rest_route=%2Fwp%2Fv2%2Fmedia&parent=4684"}],"wp:term":[{"taxonomy":"category","embeddable":true,"href":"https:\/\/snalc.org\/snalc2023\/index.php?rest_route=%2Fwp%2Fv2%2Fcategories&post=4684"},{"taxonomy":"post_tag","embeddable":true,"href":"https:\/\/snalc.org\/snalc2023\/index.php?rest_route=%2Fwp%2Fv2%2Ftags&post=4684"}],"curies":[{"name":"wp","href":"https:\/\/api.w.org\/{rel}","templated":true}]}}