{"id":469,"date":"2022-11-01T18:29:39","date_gmt":"2022-11-01T17:29:39","guid":{"rendered":"https:\/\/snalc.org\/snalc2023\/?p=469"},"modified":"2022-11-01T18:29:41","modified_gmt":"2022-11-01T17:29:41","slug":"ecole-inclusive-audience-du-25-octobre-2022","status":"publish","type":"post","link":"https:\/\/snalc.org\/snalc2023\/?p=469","title":{"rendered":"\u00c9cole inclusive : audience du 25 octobre 2022"},"content":{"rendered":"\n<img loading=\"lazy\" decoding=\"async\" src=\"https:\/\/snalc.fr\/wp-content\/uploads\/reunion_istock_vm-1199718522.jpg\" class=\"attachment-full size-full\" alt=\"\" loading=\"lazy\" srcset=\"https:\/\/snalc.fr\/wp-content\/uploads\/reunion_istock_vm-1199718522.jpg 733w, https:\/\/snalc.fr\/wp-content\/uploads\/reunion_istock_vm-1199718522-300x203.jpg 300w\" sizes=\"auto, (max-width: 733px) 100vw, 733px\" width=\"733\" height=\"497\">\t\t\t\t\t\t\t\t\t\t\t<figcaption class=\"widget-image-caption wp-caption-text\">\u00a9 istock_vm-1199718522<\/figcaption>\n\t\t\t\t\t\t\t\t\t\t<\/figure>\n\t\t\t\t\t\t\t\t\t<\/div>\n\t\t\t\t<\/div>\n\t\t\t\t<div class=\"elementor-element elementor-element-2987e2d0 elementor-widget elementor-widget-theme-post-content\" data-id=\"2987e2d0\" data-element_type=\"widget\" data-widget_type=\"theme-post-content.default\">\n\t\t\t\t<div class=\"elementor-widget-container\">\n\t\t\t\t\t<div data-elementor-type=\"wp-post\" data-elementor-id=\"21804\" class=\"elementor elementor-21804\">\n\t\t\t\t\t\t\t\t\t<section class=\"elementor-section elementor-top-section elementor-element elementor-element-497ef10 elementor-section-boxed elementor-section-height-default elementor-section-height-default\" data-id=\"497ef10\" data-element_type=\"section\">\n\t\t\t\t\t\t<div class=\"elementor-container elementor-column-gap-default\">\n\t\t\t\t\t<div class=\"elementor-column elementor-col-100 elementor-top-column elementor-element elementor-element-0892720\" data-id=\"0892720\" data-element_type=\"column\">\n\t\t\t<div class=\"elementor-widget-wrap elementor-element-populated\">\n\t\t\t\t\t\t\t\t<div class=\"elementor-element elementor-element-2c3fd51 elementor-widget elementor-widget-text-editor\" data-id=\"2c3fd51\" data-element_type=\"widget\" data-widget_type=\"text-editor.default\">\n\t\t\t\t<div class=\"elementor-widget-container\">\n\t\t\t\t\t\t\t<h5 style=\"text-align: center;\"><strong>Audience multilat\u00e9rale<\/strong><\/h5><p style=\"text-align: center;\"><strong>Compte rendu du SNALC<\/strong><\/p>\t\t\t\t\t\t<\/div>\n\t\t\t\t<\/div>\n\t\t\t\t<div class=\"elementor-element elementor-element-40c64c8 elementor-widget elementor-widget-text-editor\" data-id=\"40c64c8\" data-element_type=\"widget\" data-widget_type=\"text-editor.default\">\n\t\t\t\t<div class=\"elementor-widget-container\">\n\t\t\t\t\t\t\t<p style=\"text-align: left;\"><strong>Pour le <\/strong><strong>Minist\u00e8re&nbsp;:<\/strong><br>Jean-Marc HUART, directeur du cabinet du Ministre de l\u2019\u00c9ducation nationale et de la Jeunesse ;<br>Thierry LE GOFF,&nbsp; directeur adjoint de cabinet ;<br>Laurent CRUSSON, conseiller social du ministre ;<br>Marc ESTOURNET, chef de service, adjoint au directeur g\u00e9n\u00e9ral des ressources humaines&nbsp;;<br>Nicolas KANHONOU, conseiller \u00e9cole inclusive ;<br>\u00c9douard GEFFRAY, directeur g\u00e9n\u00e9ral de l\u2019enseignement scolaire<br><br><strong>Pour le SNALC&nbsp;:<\/strong><br>Jean-R\u00e9mi GIRARD, pr\u00e9sident du SNALC<br>Danielle ARNAUD, secr\u00e9taire nationale du SNALC charg\u00e9 des personnels contractuels<\/p>\t\t\t\t\t\t<\/div>\n\t\t\t\t<\/div>\n\t\t\t\t\t<\/div>\n\t\t<\/div>\n\t\t\t\t\t\t\t<\/div>\n\t\t<\/section>\n\t\t\t\t<section class=\"elementor-section elementor-top-section elementor-element elementor-element-90b2b49 elementor-section-boxed elementor-section-height-default elementor-section-height-default\" data-id=\"90b2b49\" data-element_type=\"section\">\n\t\t\t\t\t\t<div class=\"elementor-container elementor-column-gap-default\">\n\t\t\t\t\t<div class=\"elementor-column elementor-col-100 elementor-top-column elementor-element elementor-element-bb1cb9b\" data-id=\"bb1cb9b\" data-element_type=\"column\">\n\t\t\t<div class=\"elementor-widget-wrap elementor-element-populated\">\n\t\t\t\t\t\t\t\t<div class=\"elementor-element elementor-element-d5236b5 elementor-widget elementor-widget-spacer\" data-id=\"d5236b5\" data-element_type=\"widget\" data-widget_type=\"spacer.default\">\n\t\t\t\t<div class=\"elementor-widget-container\">\n\t\t\t\t\t<div class=\"elementor-spacer\">\n\t\t\t<div class=\"elementor-spacer-inner\"><\/div>\n\t\t<\/div>\n\t\t\t\t<\/div>\n\t\t\t\t<\/div>\n\t\t\t\t<div class=\"elementor-element elementor-element-a43691b elementor-widget elementor-widget-heading\" data-id=\"a43691b\" data-element_type=\"widget\" data-widget_type=\"heading.default\">\n\t\t\t\t<div class=\"elementor-widget-container\">\n\t\t\t<h5 class=\"elementor-heading-title elementor-size-default\">Th\u00e8me<\/h5>\t\t<\/div>\n\t\t\t\t<\/div>\n\t\t\t\t<div class=\"elementor-element elementor-element-127ba7f elementor-widget elementor-widget-text-editor\" data-id=\"127ba7f\" data-element_type=\"widget\" data-widget_type=\"text-editor.default\">\n\t\t\t\t<div class=\"elementor-widget-container\">\n\t\t\t\t\t\t\t<p>Bilan et perspectives sur l\u2019Ecole inclusive<\/p>\t\t\t\t\t\t<\/div>\n\t\t\t\t<\/div>\n\t\t\t\t\t<\/div>\n\t\t<\/div>\n\t\t\t\t\t\t\t<\/div>\n\t\t<\/section>\n\t\t\t\t<section class=\"elementor-section elementor-top-section elementor-element elementor-element-c74e99f elementor-section-boxed elementor-section-height-default elementor-section-height-default\" data-id=\"c74e99f\" data-element_type=\"section\">\n\t\t\t\t\t\t<div class=\"elementor-container elementor-column-gap-default\">\n\t\t\t\t\t<div class=\"elementor-column elementor-col-100 elementor-top-column elementor-element elementor-element-588802e\" data-id=\"588802e\" data-element_type=\"column\">\n\t\t\t<div class=\"elementor-widget-wrap elementor-element-populated\">\n\t\t\t\t\t\t\t\t<div class=\"elementor-element elementor-element-46cd0fb elementor-widget elementor-widget-spacer\" data-id=\"46cd0fb\" data-element_type=\"widget\" data-widget_type=\"spacer.default\">\n\t\t\t\t<div class=\"elementor-widget-container\">\n\t\t\t\t\t<div class=\"elementor-spacer\">\n\t\t\t<div class=\"elementor-spacer-inner\"><\/div>\n\t\t<\/div>\n\t\t\t\t<\/div>\n\t\t\t\t<\/div>\n\t\t\t\t<div class=\"elementor-element elementor-element-ff2a35c elementor-widget elementor-widget-heading\" data-id=\"ff2a35c\" data-element_type=\"widget\" data-widget_type=\"heading.default\">\n\t\t\t\t<div class=\"elementor-widget-container\">\n\t\t\t<h5 class=\"elementor-heading-title elementor-size-default\">L\u2019essentiel<\/h5>\t\t<\/div>\n\t\t\t\t<\/div>\n\t\t\t\t<div class=\"elementor-element elementor-element-52cd63d elementor-widget elementor-widget-text-editor\" data-id=\"52cd63d\" data-element_type=\"widget\" data-widget_type=\"text-editor.default\">\n\t\t\t\t<div class=\"elementor-widget-container\">\n\t\t\t\t\t\t\t<p>Il s\u2019agit pour le minist\u00e8re d\u2019un tour de piste pour entendre les organisations syndicales repr\u00e9sentatives sur l\u2019\u00e9cole inclusive et voir les propositions que ces derni\u00e8res pourraient faire. L\u2019objectif est aussi de partager des \u00e9l\u00e9ments de bilan.<\/p><p>Le minist\u00e8re a affirm\u00e9 que le bilan de l\u2019\u00e9cole inclusive \u00e9tait un succ\u00e8s pour l\u2019Education nationale, succ\u00e8s de l\u2019institution et des personnels. Il a rappel\u00e9 l\u2019investissement humain tr\u00e8s important de la part de l\u2019ensemble des personnels (depuis 2005, avec acc\u00e9l\u00e9ration depuis 2017), comme l\u2019investissement budg\u00e9taire, avec un effort de 3,5 milliards d\u2019euros l\u2019an dernier pour l\u2019\u00e9cole inclusive, tout dispositif confondu, dont des recrutements importants d\u2019AESH.<\/p><p>Toutefois, le minist\u00e8re reconna\u00eet un sentiment d\u2019incompl\u00e9tude ou d\u2019insatisfaction, car des probl\u00e9matiques persistent.<\/p><p>&nbsp;<\/p><p>Depuis 2017, on constate une hausse de 10% par an des notifications.<\/p><p>AESH&nbsp;: 132000 personnes physiques \u00e0 la rentr\u00e9e 2022 (1 AESH pour 8 professeurs).<\/p><p>Recrutements d\u2019AESH&nbsp;: + 8000 ETP\/an au d\u00e9but du quinquennat, + 4000 ETP \u00e0 la rentr\u00e9e 2021, idem \u00e0 la rentr\u00e9e 2022, et idem \u00e0 la rentr\u00e9e 2023.<\/p><p>Le minist\u00e8re dit qu\u2019il y a eu des avanc\u00e9es pour les AESH, dont la fin des contrats aid\u00e9s, la mise en place des CDD de 3 ans, de la formation initiale des 60 heures et de la grille de progression salariale. Mais il reconna\u00eet que des probl\u00e8mes subsistent, notamment les temps incomplets, l\u2019explosion des notifications MDPH et les difficult\u00e9s \u00e0 recruter des AESH.<\/p><p>Il a \u00e9galement conscience de la probl\u00e9matique de l\u2019articulation entre le scolaire et le m\u00e9dico-social, dont les difficult\u00e9s \u00e0 avoir plusieurs adultes dans une classe avec des \u00e9l\u00e8ves en situation de handicap (ou l\u2019inverse, manque d\u2019adultes).<\/p><p>&nbsp;Suite \u00e0 cette premi\u00e8re rencontre, des groupes de travail ou d\u00e9bats devraient suivre, sur&nbsp;:<\/p><p>&nbsp;<\/p><ul><li>Le processus d\u2019\u00e9valuation des besoins des \u00e9l\u00e8ves en situation de handicap et d\u2019orientation de ces \u00e9l\u00e8ves (travail avec les MDPH)<\/li><li>Le rapprochement entre les \u00e9tablissements sp\u00e9cialis\u00e9s et l\u2019Education nationale (soit l\u2019articulation m\u00e9dico-social&nbsp;\/ EN)<\/li><li>La cartographie des dispositifs (maillage territorial de ces dispositifs, par exemple les ULIS, la prise en charge des \u00e9l\u00e8ves \u00e0 besoins particuliers, au-del\u00e0 des \u00e9l\u00e8ves en situation de handicap\u2026)<\/li><li>Le statut des AESH, dont les missions et l\u2019articulation avec le p\u00e9riscolaire<\/li><\/ul>\t\t\t\t\t\t<\/div>\n\t\t\t\t<\/div>\n\t\t\t\t\t<\/div>\n\t\t<\/div>\n\t\t\t\t\t\t\t<\/div>\n\t\t<\/section>\n\t\t\t\t<section class=\"elementor-section elementor-top-section elementor-element elementor-element-5d047de elementor-section-boxed elementor-section-height-default elementor-section-height-default\" data-id=\"5d047de\" data-element_type=\"section\">\n\t\t\t\t\t\t<div class=\"elementor-container elementor-column-gap-default\">\n\t\t\t\t\t<div class=\"elementor-column elementor-col-100 elementor-top-column elementor-element elementor-element-9d74f67\" data-id=\"9d74f67\" data-element_type=\"column\">\n\t\t\t<div class=\"elementor-widget-wrap elementor-element-populated\">\n\t\t\t\t\t\t\t\t<div class=\"elementor-element elementor-element-5bca473 elementor-widget elementor-widget-spacer\" data-id=\"5bca473\" data-element_type=\"widget\" data-widget_type=\"spacer.default\">\n\t\t\t\t<div class=\"elementor-widget-container\">\n\t\t\t\t\t<div class=\"elementor-spacer\">\n\t\t\t<div class=\"elementor-spacer-inner\"><\/div>\n\t\t<\/div>\n\t\t\t\t<\/div>\n\t\t\t\t<\/div>\n\t\t\t\t<div class=\"elementor-element elementor-element-f8434e7 elementor-widget elementor-widget-heading\" data-id=\"f8434e7\" data-element_type=\"widget\" data-widget_type=\"heading.default\">\n\t\t\t\t<div class=\"elementor-widget-container\">\n\t\t\t<h5 class=\"elementor-heading-title elementor-size-default\">Le SNALC a insist\u00e9 sur <\/h5>\t\t<\/div>\n\t\t\t\t<\/div>\n\t\t\t\t<div class=\"elementor-element elementor-element-7a21edb elementor-widget elementor-widget-text-editor\" data-id=\"7a21edb\" data-element_type=\"widget\" data-widget_type=\"text-editor.default\">\n\t\t\t\t<div class=\"elementor-widget-container\">\n\t\t\t\t\t\t\t<p>\u2026 le fait que l\u2019\u00e9cole inclusive conna\u00eet de graves dysfonctionnements. D\u2019ailleurs le minist\u00e8re a lui-m\u00eame list\u00e9 de tr\u00e8s nombreux probl\u00e8mes, apr\u00e8s son constat de succ\u00e8s de l\u2019inclusion. Pour le SNALC, le probl\u00e8me initial est la mauvaise gestion de la massification de l\u2019\u00e9cole inclusive. Il n\u2019y a pas eu de r\u00e9flexion men\u00e9e en amont pour savoir comment y arriver, et l\u2019inclusion se fait souvent au rabais, en faisant de surcro\u00eet des \u00e9conomies via la fermeture de structures sp\u00e9cialis\u00e9es comme les IME, qui ne peuvent pas accueillir l\u2019ensemble des enfants disposant d\u2019une notification IME.<\/p><p>Le sujet n\u00b01 de l\u2019\u00e9cole inclusive pour le SNALC est la souffrance au travail des personnels, qui est g\u00e9n\u00e9rale, mais plus importante encore dans le premier degr\u00e9. Tous les PE ou presque ont aujourd\u2019hui au moins un v\u00e9cu de l\u2019\u00e9cole inclusive qui s\u2019est mal pass\u00e9. Par cons\u00e9quent, il y a un besoin urgent d\u2019essayer de trouver des solutions, d\u2019autant plus que le ph\u00e9nom\u00e8ne ne fera que s\u2019amplifier, avec de plus en plus de p\u00e9nibilit\u00e9 au travail, de burn out, de d\u00e9missions\u2026 Il est d\u2019autant plus difficile d\u2019exprimer les difficult\u00e9s de l\u2019\u00e9cole inclusive dans la mesure o\u00f9 c\u2019est un sujet hautement sensible.<\/p><p>Aujourd\u2019hui, il y a besoin d\u2019une structure de dialogue entre tous les acteurs de l\u2019\u00e9cole inclusive. Concernant le Comit\u00e9 national de suivi de l\u2019\u00e9cole inclusive, non seulement il ne se r\u00e9unit que rarement, mais surtout il se r\u00e9unit sans les repr\u00e9sentants des personnels. Il faut que tous les acteurs de l\u2019\u00e9cole inclusive \u2014 minist\u00e8res, syndicats repr\u00e9sentatifs, associations, MDPH\u2026 \u2014 se mettent autour de la table. Les m\u00e9canismes mis en place doivent \u00eatre analys\u00e9s. Par exemple, y-a-t-il eu des notifications \u00e9tablies en fonction de ce que l\u2019\u00e9l\u00e8ve peut obtenir comme accompagnement et non en fonction de ce qu\u2019il a besoin&nbsp;? Le SNALC rappelle qu\u2019une notification pour un \u00e9l\u00e8ve en situation de handicap est une compensation, qui doit \u00eatre idoine, et ne peut \u00eatre trait\u00e9e qu\u2019au cas par cas.<\/p><p>Par ailleurs, ce travail de compensation du handicap n\u2019est pas reconnu (financi\u00e8rement ou en termes de temps lib\u00e9r\u00e9) chez les enseignants, et plus largement pour l\u2019ensemble des personnels. Or, la prise en charge d\u2019\u00e9l\u00e8ves en situation de handicap, au-del\u00e0 du nombre de ces \u00e9l\u00e8ves dans une m\u00eame classe, nombre qui peut parfois \u00eatre \u00e9lev\u00e9, entra\u00eene une augmentation de la charge de travail. De plus, les pr\u00e9conisations m\u00e9dicales sont parfois compliqu\u00e9es \u00e0 mettre en \u0153uvre par les coll\u00e8gues. L\u2019\u00e9cole inclusive se limite tr\u00e8s souvent \u00e0 mettre des croix dans des cases, \u00e0 recruter des AESH et \u00e0 fournir du mat\u00e9riel informatique.<\/p><p>Il y a donc un dysfonctionnement r\u00e9el et les choses doivent \u00eatre pos\u00e9es avec pragmatisme.<\/p><p>Le SNALC avertit solennellement le minist\u00e8re qu\u2019on est en train d\u2019assister \u00e0 une radicalisation des positions des 2 c\u00f4t\u00e9s (c\u00f4t\u00e9 associations de parents comme c\u00f4t\u00e9 personnels de l\u2019\u00c9ducation nationale). Il y a urgence \u00e0 discuter, \u00e0 travailler tous ensemble, \u00e0 dialoguer, et ce r\u00e9guli\u00e8rement, car l\u2019\u00e9cole inclusive ne fonctionne pas. Le SNALC propose donc d\u2019adapter le mod\u00e8le de l\u2019instance partenariale mise en place au moment de la crise sanitaire li\u00e9e au COVID.<\/p><p>Enfin, le SNALC est revenu sur l\u2019urgence \u00e0 revoir la grille indiciaire des AESH (dont la mise en \u0153uvre ne remonte pourtant qu\u2019au 1<sup>er<\/sup> septembre 2021\u2026). Si les AESH en CDD sont d\u00e9j\u00e0 tous r\u00e9mun\u00e9r\u00e9s \u00e0 l\u2019indice plancher, demain (fin 2022, d\u00e9but 2023), des AESH en CDI seront \u00e9galement r\u00e9mun\u00e9r\u00e9s \u00e0 l\u2019indice plancher. O\u00f9 est la progression salariale annonc\u00e9e en d\u00e9but de r\u00e9union par le minist\u00e8re&nbsp;? O\u00f9 est l\u2019engagement de convoquer rapidement des GT sur la refonte de la grille indiciaire pris par le minist\u00e8re lors de l\u2019audience intersyndicale consacr\u00e9e aux AESH, le 19 juillet&nbsp;dernier ?<\/p><p>Le SNALC rappelle que le multi employeur ne peut pas \u00eatre la solution \u00e0 une hausse de la r\u00e9mun\u00e9ration, et que le minist\u00e8re ne fait qu\u2019institutionnaliser une pratique d\u00e9j\u00e0 en cours, en raison des temps incomplets et des salaires incomplets des AESH.<\/p><p>Nous avons \u00e0 nouveau interrog\u00e9 le minist\u00e8re sur les conventions EN \u2013 Collectivit\u00e9s territoriales pour les missions r\u00e9alis\u00e9es sur le temps p\u00e9riscolaire (depuis la d\u00e9cision du CE du 20 novembre 2020, sur l\u2019obligation de financement des activit\u00e9s p\u00e9riscolaires par les collectivit\u00e9s territoriales). Enfin, nous avons \u00e9mis des r\u00e9serves sur le bulletin de salaire unique, regroupant activit\u00e9s scolaires et p\u00e9riscolaires, en l\u2019absence d\u2019un contrat unique.<\/p>\t\t\t\t\t\t<\/div>\n\t\t\t\t<\/div>\n\t\t\t\t\t<\/div>\n\t\t<\/div>\n\t\t\t\t\t\t\t<\/div>\n\t\t<\/section>\n\t\t\t\t<section class=\"elementor-section elementor-top-section elementor-element elementor-element-242741c elementor-section-boxed elementor-section-height-default elementor-section-height-default\" data-id=\"242741c\" data-element_type=\"section\">\n\t\t\t\t\t\t<div class=\"elementor-container elementor-column-gap-default\">\n\t\t\t\t\t<div class=\"elementor-column elementor-col-100 elementor-top-column elementor-element elementor-element-0eadb69\" data-id=\"0eadb69\" data-element_type=\"column\">\n\t\t\t<div class=\"elementor-widget-wrap elementor-element-populated\">\n\t\t\t\t\t\t\t\t<div class=\"elementor-element elementor-element-3de4842 elementor-widget elementor-widget-spacer\" data-id=\"3de4842\" data-element_type=\"widget\" data-widget_type=\"spacer.default\">\n\t\t\t\t<div class=\"elementor-widget-container\">\n\t\t\t\t\t<div class=\"elementor-spacer\">\n\t\t\t<div class=\"elementor-spacer-inner\"><\/div>\n\t\t<\/div>\n\t\t\t\t<\/div>\n\t\t\t\t<\/div>\n\t\t\t\t<div class=\"elementor-element elementor-element-eb948fb elementor-widget elementor-widget-heading\" data-id=\"eb948fb\" data-element_type=\"widget\" data-widget_type=\"heading.default\">\n\t\t\t\t<div class=\"elementor-widget-container\">\n\t\t\t<h5 class=\"elementor-heading-title elementor-size-default\">L\u2019avis du SNALC<\/h5>\t\t<\/div>\n\t\t\t\t<\/div>\n\t\t\t\t<div class=\"elementor-element elementor-element-9f31d49 elementor-widget elementor-widget-text-editor\" data-id=\"9f31d49\" data-element_type=\"widget\" data-widget_type=\"text-editor.default\">\n\t\t\t\t<div class=\"elementor-widget-container\">\n\t\t\t\t\t\t\t<p>Si l\u2019\u00e9cole inclusive est pr\u00e9sent\u00e9e par le minist\u00e8re comme un succ\u00e8s de l\u2019\u00c9ducation nationale \u2014 m\u00eame si l\u2019on entend que le discours tenu comporte en r\u00e9alit\u00e9 des r\u00e9serves parfois assez s\u00e9rieuses \u2014, l\u2019appr\u00e9ciation n\u2019est pas du tout partag\u00e9e par le SNALC<\/p><p>D\u00e8s 2016, le SNALC avait mis en garde sur une massification de l\u2019inclusion dans de mauvaises conditions&nbsp;: force est de constater qu\u2019une fois de plus il a eu une position d\u2019avant-garde sur la question.<\/p><p>M\u00eame si le minist\u00e8re a \u00e9t\u00e9 attentif \u00e0 nos remarques, propositions, questions\u2026, et s\u2019il a l\u2019intention d\u2019avancer, c\u2019est-\u00e0-dire de nous apporter des r\u00e9ponses sur la situation des AESH, le lien EN-m\u00e9dico-social, sur la formation et l\u2019accompagnement des personnels, nous restons assez dubitatifs sur l\u2019issue v\u00e9ritablement favorable de ces GT pour les personnels, mais \u00e9galement pour les \u00e9l\u00e8ves et leurs familles, en grande souffrance, r\u00e9sultat d\u2019une inclusion au rabais.<\/p><p>Que cette souffrance des personnels soit connue est indispensable, mais il faudrait surtout qu\u2019elle soit reconnue pour les personnels, y compris financi\u00e8rement comme dans les conditions de travail (taille des classes, temps lib\u00e9r\u00e9\u2026). C\u2019est tout l\u2019enjeu des suites donn\u00e9es \u00e0 cette premi\u00e8re r\u00e9union bilan et perspectives sur l\u2019\u00e9cole inclusive.<\/p><p>Quant \u00e0 la question des trop faibles salaires des AESH, elle ne pourra pas \u00eatre trait\u00e9e ind\u00e9pendamment de celles du statut des AESH et de la red\u00e9finition d\u2019un temps complet pour une ou un AESH. Malgr\u00e9 l\u2019urgence de cette probl\u00e9matique salariale, le SNALC craint que rien ne se passe avant septembre 2023. Quant au mot \u00ab&nbsp;PIAL&nbsp;\u00bb, il n\u2019a jamais \u00e9t\u00e9 cit\u00e9 par les repr\u00e9sentants du minist\u00e8re, durant ces 2 heures de r\u00e9union. Le minist\u00e8re a probablement gard\u00e9 en m\u00e9moire nos r\u00e9actions lorsqu\u2019il nous avait interrog\u00e9s sur les PIAL le 19 juillet dernier en audience intersyndicale. Le SNALC continue de demander l\u2019abandon des PIAL.<\/p>\t\t\t\t\t\t<\/div>\n\t\t\t\t<\/div>\n\t\t\t\t\t<\/div>\n\t\t<\/div>\n\t\t\t\t\t\t\t<\/div>\n\t\t<\/section>\n\t\t\t\t<section class=\"elementor-section elementor-top-section elementor-element elementor-element-bed6930 elementor-section-boxed elementor-section-height-default elementor-section-height-default\" data-id=\"bed6930\" data-element_type=\"section\">\n\t\t\t\t\t\t<div class=\"elementor-container elementor-column-gap-default\">\n\t\t\t\t\t<div class=\"elementor-column elementor-col-100 elementor-top-column elementor-element elementor-element-2a133b9\" data-id=\"2a133b9\" data-element_type=\"column\">\n\t\t\t<div class=\"elementor-widget-wrap elementor-element-populated\">\n\t\t\t\t\t\t\t\t<div class=\"elementor-element elementor-element-6494007 elementor-align-center elementor-widget elementor-widget-button\" data-id=\"6494007\" data-element_type=\"widget\" data-widget_type=\"button.default\">\n\t\t\t\t<div class=\"elementor-widget-container\">\n\t\t\t\t\t<div class=\"elementor-button-wrapper\">\n\t\t\t<a href=\"https:\/\/snalc.fr\/wp-content\/uploads\/Ecole_inclusive_CR_audience_20221025.pdf\" class=\"elementor-button-link elementor-button elementor-size-sm\" role=\"button\">\n\t\t\t\t\t\t<span class=\"elementor-button-content-wrapper\">\n\t\t\t\t\t\t\t<span class=\"elementor-button-icon elementor-align-icon-left\">\n\t\t\t\t<i aria-hidden=\"true\" class=\"fas fa-file-download\"><\/i>\t\t\t<\/span>\n\t\t\t\t\t\t<span class=\"elementor-button-text\">T\u00e9l\u00e9charger<\/span>\n\t\t<\/span>\n\t\t\t\t\t<\/a>\n\t\t<\/div>\n\t\t\t\t<\/div>\n\t\t\t\t<\/div>\n\t\t\t\t\t<\/div>\n\t\t<\/div>\n\t\t\t\t\t\t\t<\/div>\n\t\t<\/section>\n\t\t\t\t<section class=\"elementor-section elementor-top-section elementor-element elementor-element-f70a5a4 elementor-section-boxed elementor-section-height-default elementor-section-height-default\" data-id=\"f70a5a4\" data-element_type=\"section\">\n\t\t\t\t\t\t<div class=\"elementor-container elementor-column-gap-default\">\n\t\t\t\t\t<div class=\"elementor-column elementor-col-100 elementor-top-column elementor-element elementor-element-05acfa4\" data-id=\"05acfa4\" data-element_type=\"column\">\n\t\t\t<div class=\"elementor-widget-wrap elementor-element-populated\">\n\t\t\t\t\t\t\t\t<div class=\"elementor-element elementor-element-c370e35 elementor-widget elementor-widget-text-editor\" data-id=\"c370e35\" data-element_type=\"widget\" data-widget_type=\"text-editor.default\">\n\t\t\t\t<div class=\"elementor-widget-container\">\n\t\t\t\t\t\t\t<p>&nbsp;<\/p><hr><p>&nbsp;<\/p>\t\t\t\t\t\t<\/div>\n\t\t\t\t<\/div>\n\t\t\t\t<section class=\"elementor-section elementor-inner-section elementor-element elementor-element-3d6271a elementor-section-boxed elementor-section-height-default elementor-section-height-default\" data-id=\"3d6271a\" data-element_type=\"section\">\n\t\t\t\t\t\t<div class=\"elementor-container elementor-column-gap-default\">\n\t\t\t\t\t<div class=\"elementor-column elementor-col-50 elementor-inner-column elementor-element elementor-element-da21321\" data-id=\"da21321\" data-element_type=\"column\">\n\t\t\t<div class=\"elementor-widget-wrap elementor-element-populated\">\n\t\t\t\t\t\t\t\t<div class=\"elementor-element elementor-element-38e4e95 elementor-widget elementor-widget-image\" data-id=\"38e4e95\" data-element_type=\"widget\" data-widget_type=\"image.default\">\n\t\t\t\t<div class=\"elementor-widget-container\">\n\t\t\t\t\t\t\t\t\t\t\t\t\t\t\t\t<a href=\"https:\/\/snalc.fr\/fonctionnement-des-pial-ca-dysfonctionne-surtout\/\">\n\t\t\t\t\t\t\t<img loading=\"lazy\" decoding=\"async\" src=\"https:\/\/snalc.fr\/wp-content\/uploads\/AESH_PIAL_istock_hamzaturkkol-1418566143.jpg\" class=\"attachment-large size-large\" alt=\"\" loading=\"lazy\" srcset=\"https:\/\/snalc.fr\/wp-content\/uploads\/AESH_PIAL_istock_hamzaturkkol-1418566143.jpg 934w, https:\/\/snalc.fr\/wp-content\/uploads\/AESH_PIAL_istock_hamzaturkkol-1418566143-300x204.jpg 300w, https:\/\/snalc.fr\/wp-content\/uploads\/AESH_PIAL_istock_hamzaturkkol-1418566143-768x521.jpg 768w\" sizes=\"auto, (max-width: 800px) 100vw, 800px\" width=\"800\" height=\"543\">\t\t\t\t\t\t\t\t<\/a>\n\t\t\t\t\t\t\t\t\t\t\t\t\t\t\t<\/div>\n\t\t\t\t<\/div>\n\t\t\t\t\t<\/div>\n\t\t<\/div>\n\t\t\t\t<div class=\"elementor-column elementor-col-50 elementor-inner-column elementor-element elementor-element-3606d27\" data-id=\"3606d27\" data-element_type=\"column\">\n\t\t\t<div class=\"elementor-widget-wrap elementor-element-populated\">\n\t\t\t\t\t\t\t\t<div class=\"elementor-element elementor-element-ae3feaa elementor-widget elementor-widget-text-editor\" data-id=\"ae3feaa\" data-element_type=\"widget\" data-widget_type=\"text-editor.default\">\n\t\t\t\t<div class=\"elementor-widget-container\">\n\t\t\t\t\t\t\t<h5 style=\"text-align: left;\"><span style=\"color: #ff6600;\"><strong>Fonctionnement des PIAL : \u00e7a dysfonctionne surtout\u2026<\/strong><\/span><\/h5><p><strong>Analyse du SNALC : AESH \u2013 PIAL<\/strong><\/p><p>Pour cette analyse, le SNALC a mobilis\u00e9 les innombrables remont\u00e9es de terrain d\u2019AESH exer\u00e7ant en PIAL et les conclusions de son enqu\u00eate, intitul\u00e9e \u00ab PIAL : Faisons le bilan \u00bb<\/p><p style=\"text-align: right;\"><a href=\"https:\/\/snalc.fr\/fonctionnement-des-pial-ca-dysfonctionne-surtout\/\"><span style=\"color: #ff6600;\"><strong>Lire l\u2019analyse<\/strong><\/span><\/a><\/p>\t\t\t\t\t\t<\/div>\n\t\t\t\t<\/div>\n\t\t\t\t\t<\/div>\n\t\t<\/div>\n\t\t\t\t\t\t\t<\/div>\n\t\t<\/section>\n\t\t\t\t\t<\/div>\n\t\t<\/div>\n\t\t\t\t\t\t\t<\/div>\n\t\t<\/section>\n\t\t\t\t\t\t\t<\/div>\n\t\t\t\t<\/div>\n\t\t\t\t<\/div>\n\t\t\t\t<div class=\"elementor-element elementor-element-2e2c48d7 elementor-grid-mobile-1 elementor-share-buttons--view-icon elementor-share-buttons--shape-circle elementor-share-buttons--align-right elementor-share-buttons--skin-gradient elementor-grid-0 elementor-share-buttons--color-official elementor-widget elementor-widget-share-buttons\" data-id=\"2e2c48d7\" data-element_type=\"widget\" data-settings=\"{&quot;motion_fx_motion_fx_mouse&quot;:&quot;yes&quot;}\" data-widget_type=\"share-buttons.default\">\n\t\t\t\t<div class=\"elementor-widget-container\">\n\t\t\t\t\t<div class=\"elementor-grid\">\n\t\t\t\t\t\t\t\t<div class=\"elementor-grid-item\">\n\t\t\t\t\t\t<div class=\"elementor-share-btn elementor-share-btn_facebook\" tabindex=\"0\" aria-label=\"Partager sur facebook\">\n\t\t\t\t\t\t\t\t\t\t\t\t\t\t\t<span class=\"elementor-share-btn__icon\">\n\t\t\t\t\t\t\t\t<i class=\"fab fa-facebook\" aria-hidden=\"true\">\n","protected":false},"excerpt":{"rendered":"<p>\u00a9 istock_vm-1199718522 Audience multilat\u00e9rale Compte rendu du SNALC Pour le Minist\u00e8re&nbsp;:Jean-Marc HUART, directeur du cabinet du Ministre de l\u2019\u00c9ducation nationale et de la Jeunesse ;Thierry LE GOFF,&nbsp; directeur adjoint de [&hellip;]<\/p>\n","protected":false},"author":1,"featured_media":0,"comment_status":"closed","ping_status":"closed","sticky":false,"template":"","format":"standard","meta":{"_lmt_disableupdate":"","_lmt_disable":"","site-sidebar-layout":"default","site-content-layout":"","ast-site-content-layout":"default","site-content-style":"default","site-sidebar-style":"default","ast-global-header-display":"","ast-banner-title-visibility":"","ast-main-header-display":"","ast-hfb-above-header-display":"","ast-hfb-below-header-display":"","ast-hfb-mobile-header-display":"","site-post-title":"","ast-breadcrumbs-content":"","ast-featured-img":"","footer-sml-layout":"","ast-disable-related-posts":"","theme-transparent-header-meta":"","adv-header-id-meta":"","stick-header-meta":"","header-above-stick-meta":"","header-main-stick-meta":"","header-below-stick-meta":"","astra-migrate-meta-layouts":"default","ast-page-background-enabled":"default","ast-page-background-meta":{"desktop":{"background-color":"var(--ast-global-color-4)","background-image":"","background-repeat":"repeat","background-position":"center center","background-size":"auto","background-attachment":"scroll","background-type":"","background-media":"","overlay-type":"","overlay-color":"","overlay-opacity":"","overlay-gradient":""},"tablet":{"background-color":"","background-image":"","background-repeat":"repeat","background-position":"center center","background-size":"auto","background-attachment":"scroll","background-type":"","background-media":"","overlay-type":"","overlay-color":"","overlay-opacity":"","overlay-gradient":""},"mobile":{"background-color":"","background-image":"","background-repeat":"repeat","background-position":"center center","background-size":"auto","background-attachment":"scroll","background-type":"","background-media":"","overlay-type":"","overlay-color":"","overlay-opacity":"","overlay-gradient":""}},"ast-content-background-meta":{"desktop":{"background-color":"var(--ast-global-color-5)","background-image":"","background-repeat":"repeat","background-position":"center center","background-size":"auto","background-attachment":"scroll","background-type":"","background-media":"","overlay-type":"","overlay-color":"","overlay-opacity":"","overlay-gradient":""},"tablet":{"background-color":"var(--ast-global-color-5)","background-image":"","background-repeat":"repeat","background-position":"center center","background-size":"auto","background-attachment":"scroll","background-type":"","background-media":"","overlay-type":"","overlay-color":"","overlay-opacity":"","overlay-gradient":""},"mobile":{"background-color":"var(--ast-global-color-5)","background-image":"","background-repeat":"repeat","background-position":"center center","background-size":"auto","background-attachment":"scroll","background-type":"","background-media":"","overlay-type":"","overlay-color":"","overlay-opacity":"","overlay-gradient":""}},"footnotes":""},"categories":[13],"tags":[],"class_list":["post-469","post","type-post","status-publish","format-standard","hentry","category-aesh"],"modified_by":"slecourtier","_links":{"self":[{"href":"https:\/\/snalc.org\/snalc2023\/index.php?rest_route=\/wp\/v2\/posts\/469","targetHints":{"allow":["GET"]}}],"collection":[{"href":"https:\/\/snalc.org\/snalc2023\/index.php?rest_route=\/wp\/v2\/posts"}],"about":[{"href":"https:\/\/snalc.org\/snalc2023\/index.php?rest_route=\/wp\/v2\/types\/post"}],"author":[{"embeddable":true,"href":"https:\/\/snalc.org\/snalc2023\/index.php?rest_route=\/wp\/v2\/users\/1"}],"replies":[{"embeddable":true,"href":"https:\/\/snalc.org\/snalc2023\/index.php?rest_route=%2Fwp%2Fv2%2Fcomments&post=469"}],"version-history":[{"count":1,"href":"https:\/\/snalc.org\/snalc2023\/index.php?rest_route=\/wp\/v2\/posts\/469\/revisions"}],"predecessor-version":[{"id":470,"href":"https:\/\/snalc.org\/snalc2023\/index.php?rest_route=\/wp\/v2\/posts\/469\/revisions\/470"}],"wp:attachment":[{"href":"https:\/\/snalc.org\/snalc2023\/index.php?rest_route=%2Fwp%2Fv2%2Fmedia&parent=469"}],"wp:term":[{"taxonomy":"category","embeddable":true,"href":"https:\/\/snalc.org\/snalc2023\/index.php?rest_route=%2Fwp%2Fv2%2Fcategories&post=469"},{"taxonomy":"post_tag","embeddable":true,"href":"https:\/\/snalc.org\/snalc2023\/index.php?rest_route=%2Fwp%2Fv2%2Ftags&post=469"}],"curies":[{"name":"wp","href":"https:\/\/api.w.org\/{rel}","templated":true}]}}