{"id":4691,"date":"2025-11-22T09:29:35","date_gmt":"2025-11-22T08:29:35","guid":{"rendered":"https:\/\/snalc.org\/snalc2023\/?p=4691"},"modified":"2025-11-22T09:29:37","modified_gmt":"2025-11-22T08:29:37","slug":"bd-13-1er-degre-novembre-2025","status":"publish","type":"post","link":"https:\/\/snalc.org\/snalc2023\/?p=4691","title":{"rendered":"BD 13 &#8211; 1er degr\u00e9 novembre 2025"},"content":{"rendered":"\n<p>Division des Personnels Enseignants (DPE)<\/p>\n\n\n\n<ul class=\"wp-block-list\">\n<li>Mise en disponibilit\u00e9 et reprise d\u2019activit\u00e9 apr\u00e8s disponibilit\u00e9 des enseignants du 1er degr\u00e9 pour 2026-2027<br><a href=\"https:\/\/buldep13.ac-aix-marseille.fr\/uploads\/BD13\/BD324\/Circulaire demande disponibilit\u00e9 2026-2027.pdf?ts=1763800031\" target=\"_blank\" rel=\"noreferrer noopener\">Circulaire demande disponibilit\u00e9 2026-2027.pdf<\/a><\/li>\n<\/ul>\n\n\n\n<p>Division des Personnels Enseignants (DPE)<\/p>\n\n\n\n<ul class=\"wp-block-list\">\n<li>D\u00e9tachement de fonctionnaires de cat\u00e9gorie A dans les corps des personnels enseignants des premier et second degr\u00e9s, des personnels d&rsquo;\u00e9ducation et des psychologues de l\u2019\u00e9ducation nationale relevant du minist\u00e8re charg\u00e9 de l&rsquo;\u00e9ducation nationale<br><a href=\"https:\/\/buldep13.ac-aix-marseille.fr\/uploads\/BD13\/BD325\/NDS BOEN n\u00b043 - 13 novembre 2025.pdf?ts=1763800064\" target=\"_blank\" rel=\"noreferrer noopener\">NDS BOEN n\u00b043 &#8211; 13 novembre 2025.pdf<\/a><\/li>\n<\/ul>\n\n\n\n<p>Division des Personnels Enseignants (DPE)<\/p>\n\n\n\n<ul class=\"wp-block-list\">\n<li>Cong\u00e9s de formation professionnelle au titre de l\u2019ann\u00e9e scolaire 2026-2027<br><a href=\"https:\/\/buldep13.ac-aix-marseille.fr\/uploads\/BD13\/BD326\/Note de service cong\u00e9s de formation professionnelle 2026-2027.pdf?ts=1763800081\" target=\"_blank\" rel=\"noreferrer noopener\">Note de service cong\u00e9s de formation professionnelle 2026-2027.pdf<\/a><\/li>\n<\/ul>\n\n\n\n<p>Division des Personnels Enseignants (DPE)<\/p>\n\n\n\n<ul class=\"wp-block-list\">\n<li>Arr\u00eat\u00e9 portant sur l\u2019avancement d\u2019\u00e9chelon \u00e0 l\u2019anciennet\u00e9 au titre de l\u2019ann\u00e9e scolaire 2025-2026<br><a href=\"https:\/\/buldep13.ac-aix-marseille.fr\/uploads\/BD13\/BD327\/ARRETE COLLECTIF 6151_6152_6153_AS2425.pdf?ts=1763800094\" target=\"_blank\" rel=\"noreferrer noopener\">ARRETE COLLECTIF 6151_6152_6153_AS2425.pdf<\/a><\/li>\n<\/ul>\n\n\n\n<p>Division des Personnels Enseignants (DPE)<\/p>\n\n\n\n<ul class=\"wp-block-list\">\n<li>dispositif d\u2019accompagnement des enseignants du 1er degr\u00e9 confront\u00e9s \u00e0 des difficult\u00e9s de sant\u00e9<br><a href=\"https:\/\/buldep13.ac-aix-marseille.fr\/uploads\/BD13\/BD323\/NdS DSDEN  postes adapt\u00e9s  RS 2026.pdf?ts=1763800109\" target=\"_blank\" rel=\"noreferrer noopener\">NdS DSDEN postes adapt\u00e9s RS 2026.pdf<\/a> Annexes : <a href=\"https:\/\/buldep13.ac-aix-marseille.fr\/uploads\/BD13\/BD323\/ANNEXE 1.pdf?ts=1763800109\" target=\"_blank\" rel=\"noreferrer noopener\">ANNEXE 1.pdf<\/a><br><a href=\"https:\/\/buldep13.ac-aix-marseille.fr\/uploads\/BD13\/BD323\/ANNEXE 2.pdf?ts=1763800109\" target=\"_blank\" rel=\"noreferrer noopener\">ANNEXE 2.pdf<\/a><\/li>\n<\/ul>\n\n\n\n<p>Division des Personnels Enseignants (DPE)<\/p>\n\n\n\n<ul class=\"wp-block-list\">\n<li>Mouvement interd\u00e9partemental des enseignants du premier degr\u00e9- Rentr\u00e9e scolaire 2026<br><a href=\"https:\/\/buldep13.ac-aix-marseille.fr\/uploads\/BD13\/BD322\/Note de service mouvement inter RS 2026.pdf?ts=1763800127\" target=\"_blank\" rel=\"noreferrer noopener\">Note de service mouvement inter RS 2026.pdf<\/a><\/li>\n\n\n\n<li>Mouvement sur postes \u00e0 profil des enseignants du premier degr\u00e9 &#8211; Rentr\u00e9e scolaire 2026<br><a href=\"https:\/\/buldep13.ac-aix-marseille.fr\/uploads\/BD13\/BD322\/Note de service mouvement POP RS 2026.pdf?ts=1763800127\" target=\"_blank\" rel=\"noreferrer noopener\">Note de service mouvement POP RS 2026.pdf<\/a><\/li>\n<\/ul>\n","protected":false},"excerpt":{"rendered":"<p>Division des Personnels Enseignants (DPE) Division des Personnels Enseignants (DPE) Division des Personnels Enseignants (DPE) Division des Personnels Enseignants (DPE) Division des Personnels Enseignants (DPE) Division des Personnels Enseignants (DPE)<\/p>\n","protected":false},"author":1,"featured_media":0,"comment_status":"closed","ping_status":"closed","sticky":false,"template":"","format":"standard","meta":{"_lmt_disableupdate":"","_lmt_disable":"","site-sidebar-layout":"default","site-content-layout":"","ast-site-content-layout":"default","site-content-style":"default","site-sidebar-style":"default","ast-global-header-display":"","ast-banner-title-visibility":"","ast-main-header-display":"","ast-hfb-above-header-display":"","ast-hfb-below-header-display":"","ast-hfb-mobile-header-display":"","site-post-title":"","ast-breadcrumbs-content":"","ast-featured-img":"","footer-sml-layout":"","ast-disable-related-posts":"","theme-transparent-header-meta":"","adv-header-id-meta":"","stick-header-meta":"","header-above-stick-meta":"","header-main-stick-meta":"","header-below-stick-meta":"","astra-migrate-meta-layouts":"set","ast-page-background-enabled":"default","ast-page-background-meta":{"desktop":{"background-color":"var(--ast-global-color-4)","background-image":"","background-repeat":"repeat","background-position":"center center","background-size":"auto","background-attachment":"scroll","background-type":"","background-media":"","overlay-type":"","overlay-color":"","overlay-opacity":"","overlay-gradient":""},"tablet":{"background-color":"","background-image":"","background-repeat":"repeat","background-position":"center center","background-size":"auto","background-attachment":"scroll","background-type":"","background-media":"","overlay-type":"","overlay-color":"","overlay-opacity":"","overlay-gradient":""},"mobile":{"background-color":"","background-image":"","background-repeat":"repeat","background-position":"center center","background-size":"auto","background-attachment":"scroll","background-type":"","background-media":"","overlay-type":"","overlay-color":"","overlay-opacity":"","overlay-gradient":""}},"ast-content-background-meta":{"desktop":{"background-color":"var(--ast-global-color-5)","background-image":"","background-repeat":"repeat","background-position":"center center","background-size":"auto","background-attachment":"scroll","background-type":"","background-media":"","overlay-type":"","overlay-color":"","overlay-opacity":"","overlay-gradient":""},"tablet":{"background-color":"var(--ast-global-color-5)","background-image":"","background-repeat":"repeat","background-position":"center center","background-size":"auto","background-attachment":"scroll","background-type":"","background-media":"","overlay-type":"","overlay-color":"","overlay-opacity":"","overlay-gradient":""},"mobile":{"background-color":"var(--ast-global-color-5)","background-image":"","background-repeat":"repeat","background-position":"center center","background-size":"auto","background-attachment":"scroll","background-type":"","background-media":"","overlay-type":"","overlay-color":"","overlay-opacity":"","overlay-gradient":""}},"footnotes":""},"categories":[42,23],"tags":[],"class_list":["post-4691","post","type-post","status-publish","format-standard","hentry","category-actualites-2025-2026","category-professeurs-1er-degre"],"modified_by":"slecourtier","_links":{"self":[{"href":"https:\/\/snalc.org\/snalc2023\/index.php?rest_route=\/wp\/v2\/posts\/4691","targetHints":{"allow":["GET"]}}],"collection":[{"href":"https:\/\/snalc.org\/snalc2023\/index.php?rest_route=\/wp\/v2\/posts"}],"about":[{"href":"https:\/\/snalc.org\/snalc2023\/index.php?rest_route=\/wp\/v2\/types\/post"}],"author":[{"embeddable":true,"href":"https:\/\/snalc.org\/snalc2023\/index.php?rest_route=\/wp\/v2\/users\/1"}],"replies":[{"embeddable":true,"href":"https:\/\/snalc.org\/snalc2023\/index.php?rest_route=%2Fwp%2Fv2%2Fcomments&post=4691"}],"version-history":[{"count":1,"href":"https:\/\/snalc.org\/snalc2023\/index.php?rest_route=\/wp\/v2\/posts\/4691\/revisions"}],"predecessor-version":[{"id":4692,"href":"https:\/\/snalc.org\/snalc2023\/index.php?rest_route=\/wp\/v2\/posts\/4691\/revisions\/4692"}],"wp:attachment":[{"href":"https:\/\/snalc.org\/snalc2023\/index.php?rest_route=%2Fwp%2Fv2%2Fmedia&parent=4691"}],"wp:term":[{"taxonomy":"category","embeddable":true,"href":"https:\/\/snalc.org\/snalc2023\/index.php?rest_route=%2Fwp%2Fv2%2Fcategories&post=4691"},{"taxonomy":"post_tag","embeddable":true,"href":"https:\/\/snalc.org\/snalc2023\/index.php?rest_route=%2Fwp%2Fv2%2Ftags&post=4691"}],"curies":[{"name":"wp","href":"https:\/\/api.w.org\/{rel}","templated":true}]}}