{"id":4697,"date":"2025-11-24T18:22:18","date_gmt":"2025-11-24T17:22:18","guid":{"rendered":"https:\/\/snalc.org\/snalc2023\/?p=4697"},"modified":"2025-11-24T18:22:20","modified_gmt":"2025-11-24T17:22:20","slug":"convention-sur-les-temps-de-lenfant-4-millions-deuros-jetes-par-la-fenetre","status":"publish","type":"post","link":"https:\/\/snalc.org\/snalc2023\/?p=4697","title":{"rendered":"Convention sur les temps de l\u2019enfant\u00a0: 4 millions d\u2019euros jet\u00e9s par la fen\u00eatre"},"content":{"rendered":"\n<p><em>Communiqu\u00e9 de presse du SNALC du 23 novembre 2025<\/em><\/p>\n\n\n\n<hr class=\"wp-block-separator has-alpha-channel-opacity\"\/>\n\n\n\n<p>Le <strong>SNALC<\/strong> a pris connaissance des \u00e9l\u00e9ments contenus dans le rapport de la convention citoyenne sur les temps de l\u2019enfant, convention qui a co\u00fbt\u00e9 4 millions d\u2019euros. Tout \u00e7a pour \u00e7a\u2026<\/p>\n\n\n\n<p>Le <strong>SNALC<\/strong> rappelle que cette convention \u00e9tait avant tout un \u00e9l\u00e9ment de communication politique lanc\u00e9 par le pr\u00e9sident de la R\u00e9publique, avec pour pr\u00e9texte la dur\u00e9e des grandes vacances. Les citoyens ainsi que les jeunes consult\u00e9s se sont ainsi retrouv\u00e9s charg\u00e9s d\u2019une mission impossible : repenser l\u2019ensemble des temps de l\u2019enfant, c\u2019est-\u00e0-dire toute la soci\u00e9t\u00e9 fran\u00e7aise.<\/p>\n\n\n\n<p>Le <strong>SNALC<\/strong> a pris note que les citoyens ne souhaitaient pas qu\u2019on isole les unes des autres les mesures qu\u2019ils proposent. Le souci est que le syst\u00e8me qu\u2019ils ont invent\u00e9 est fond\u00e9 sur des bases fragiles \u2014 comme les \u00e9ternels chronobiologistes qui ont l\u2019air de penser que les enfants sont des horloges et non des \u00eatres humains aux v\u00e9cus divers. Quand on se couche \u00e0 2h du matin apr\u00e8s avoir pass\u00e9 3 heures sur les \u00e9crans, on n\u2019a pas de \u00ab pic d\u2019attention \u00bb \u00e0 9h30 le lendemain. Et quand la quasi-totalit\u00e9 des communes sont revenues \u00e0 la semaine de 4 jours au primaire, il faut arr\u00eater de croire qu\u2019on a les capacit\u00e9s d\u2019organiser une semaine de 4 jours et demi ou 5 jours avec une prise en charge de qualit\u00e9 dans l\u2019ensemble des villes.<\/p>\n\n\n\n<p>L\u2019autre souci est que l\u2019ensemble du rapport est compl\u00e8tement d\u00e9connect\u00e9 de ses conditions de r\u00e9alisation et du fonctionnement r\u00e9el de notre pays. Il m\u00e9lange ainsi remarques de bon sens \u2014 sur l\u2019attractivit\u00e9 du m\u00e9tier d\u2019enseignant, le b\u00e2ti scolaire ou le nombre d\u2019\u00e9l\u00e8ves par classe \u2014 et r\u00e9flexions utopiques. Commencer l\u2019\u00e9cole plus tard, la finir plus t\u00f4t, avec davantage de pauses, le m\u00eame nombre de semaines de vacances et des programmes all\u00e9g\u00e9s ne va rien am\u00e9liorer du tout. Tout au plus va-t-on renforcer le march\u00e9 du soutien scolaire, d\u00e9j\u00e0 estim\u00e9 \u00e0 plus de 2 milliards d\u2019euros dans notre pays.<\/p>\n\n\n\n<p>Le <strong>SNALC<\/strong>, qui a \u00e9chang\u00e9 sur tous ces points avec le pr\u00e9sident du CESE et le responsable de la convention, n\u2019est donc pas surpris par le r\u00e9sultat de ce coup de com\u2019. Il regrette profond\u00e9ment que des citoyens et des jeunes aient \u00e9t\u00e9 instrumentalis\u00e9s pour le r\u00e9aliser, et veillera \u00e0 ce que l\u2019\u00e9chec pr\u00e9visible ne soit pas attribu\u00e9, une fois encore, aux \u00ab m\u00e9chants profs qui ne veulent pas se remettre en question \u00bb. Les professeurs se remettent quotidiennement en question, \u00e0 tel point qu\u2019une grande partie souhaite aujourd\u2019hui changer de m\u00e9tier.<\/p>\n\n\n\n<p><a href=\"https:\/\/snalc.fr\/wp-content\/uploads\/20251123_compresse_convention_temps_enfant.pdf\">T\u00e9l\u00e9charger<\/a><\/p>\n","protected":false},"excerpt":{"rendered":"<p>Communiqu\u00e9 de presse du SNALC du 23 novembre 2025 Le SNALC a pris connaissance des \u00e9l\u00e9ments contenus dans le rapport de la convention citoyenne sur les temps de l\u2019enfant, convention [&hellip;]<\/p>\n","protected":false},"author":1,"featured_media":0,"comment_status":"closed","ping_status":"closed","sticky":false,"template":"","format":"standard","meta":{"_lmt_disableupdate":"","_lmt_disable":"","site-sidebar-layout":"default","site-content-layout":"","ast-site-content-layout":"default","site-content-style":"default","site-sidebar-style":"default","ast-global-header-display":"","ast-banner-title-visibility":"","ast-main-header-display":"","ast-hfb-above-header-display":"","ast-hfb-below-header-display":"","ast-hfb-mobile-header-display":"","site-post-title":"","ast-breadcrumbs-content":"","ast-featured-img":"","footer-sml-layout":"","ast-disable-related-posts":"","theme-transparent-header-meta":"","adv-header-id-meta":"","stick-header-meta":"","header-above-stick-meta":"","header-main-stick-meta":"","header-below-stick-meta":"","astra-migrate-meta-layouts":"set","ast-page-background-enabled":"default","ast-page-background-meta":{"desktop":{"background-color":"var(--ast-global-color-4)","background-image":"","background-repeat":"repeat","background-position":"center center","background-size":"auto","background-attachment":"scroll","background-type":"","background-media":"","overlay-type":"","overlay-color":"","overlay-opacity":"","overlay-gradient":""},"tablet":{"background-color":"","background-image":"","background-repeat":"repeat","background-position":"center center","background-size":"auto","background-attachment":"scroll","background-type":"","background-media":"","overlay-type":"","overlay-color":"","overlay-opacity":"","overlay-gradient":""},"mobile":{"background-color":"","background-image":"","background-repeat":"repeat","background-position":"center center","background-size":"auto","background-attachment":"scroll","background-type":"","background-media":"","overlay-type":"","overlay-color":"","overlay-opacity":"","overlay-gradient":""}},"ast-content-background-meta":{"desktop":{"background-color":"var(--ast-global-color-5)","background-image":"","background-repeat":"repeat","background-position":"center center","background-size":"auto","background-attachment":"scroll","background-type":"","background-media":"","overlay-type":"","overlay-color":"","overlay-opacity":"","overlay-gradient":""},"tablet":{"background-color":"var(--ast-global-color-5)","background-image":"","background-repeat":"repeat","background-position":"center center","background-size":"auto","background-attachment":"scroll","background-type":"","background-media":"","overlay-type":"","overlay-color":"","overlay-opacity":"","overlay-gradient":""},"mobile":{"background-color":"var(--ast-global-color-5)","background-image":"","background-repeat":"repeat","background-position":"center center","background-size":"auto","background-attachment":"scroll","background-type":"","background-media":"","overlay-type":"","overlay-color":"","overlay-opacity":"","overlay-gradient":""}},"footnotes":""},"categories":[42],"tags":[],"class_list":["post-4697","post","type-post","status-publish","format-standard","hentry","category-actualites-2025-2026"],"modified_by":"slecourtier","_links":{"self":[{"href":"https:\/\/snalc.org\/snalc2023\/index.php?rest_route=\/wp\/v2\/posts\/4697","targetHints":{"allow":["GET"]}}],"collection":[{"href":"https:\/\/snalc.org\/snalc2023\/index.php?rest_route=\/wp\/v2\/posts"}],"about":[{"href":"https:\/\/snalc.org\/snalc2023\/index.php?rest_route=\/wp\/v2\/types\/post"}],"author":[{"embeddable":true,"href":"https:\/\/snalc.org\/snalc2023\/index.php?rest_route=\/wp\/v2\/users\/1"}],"replies":[{"embeddable":true,"href":"https:\/\/snalc.org\/snalc2023\/index.php?rest_route=%2Fwp%2Fv2%2Fcomments&post=4697"}],"version-history":[{"count":1,"href":"https:\/\/snalc.org\/snalc2023\/index.php?rest_route=\/wp\/v2\/posts\/4697\/revisions"}],"predecessor-version":[{"id":4698,"href":"https:\/\/snalc.org\/snalc2023\/index.php?rest_route=\/wp\/v2\/posts\/4697\/revisions\/4698"}],"wp:attachment":[{"href":"https:\/\/snalc.org\/snalc2023\/index.php?rest_route=%2Fwp%2Fv2%2Fmedia&parent=4697"}],"wp:term":[{"taxonomy":"category","embeddable":true,"href":"https:\/\/snalc.org\/snalc2023\/index.php?rest_route=%2Fwp%2Fv2%2Fcategories&post=4697"},{"taxonomy":"post_tag","embeddable":true,"href":"https:\/\/snalc.org\/snalc2023\/index.php?rest_route=%2Fwp%2Fv2%2Ftags&post=4697"}],"curies":[{"name":"wp","href":"https:\/\/api.w.org\/{rel}","templated":true}]}}