{"id":4745,"date":"2025-12-12T16:16:45","date_gmt":"2025-12-12T15:16:45","guid":{"rendered":"https:\/\/snalc.org\/snalc2023\/?p=4745"},"modified":"2025-12-12T16:16:48","modified_gmt":"2025-12-12T15:16:48","slug":"parcours-personnalise-terminale-bac-pro-2025-2026-compte-rendu-du-snalc","status":"publish","type":"post","link":"https:\/\/snalc.org\/snalc2023\/?p=4745","title":{"rendered":"Parcours personnalis\u00e9 Terminale bac pro 2025-2026\u00a0: compte rendu du SNALC"},"content":{"rendered":"\n<figure class=\"wp-block-image\"><img decoding=\"async\" src=\"https:\/\/snalc.fr\/wp-content\/uploads\/agenda_freepik.com_eakrin_646.jpg\" alt=\"\" class=\"wp-image-60355\"\/><figcaption class=\"wp-element-caption\">\u00a9 freepik.com_eakrin_646<\/figcaption><\/figure>\n\n\n\n<h2 class=\"wp-block-heading\">Consultation minist\u00e9rielle &#8211; \u00e9laboration de note de service<\/h2>\n\n\n\n<p>Compte rendu du SNALC du 9 d\u00e9cembre 2025<\/p>\n\n\n\n<h5 class=\"wp-block-heading\">LE TH\u00c8ME<\/h5>\n\n\n\n<p>Organisation des 4 semaines du parcours personnalis\u00e9 \u00e0 partir du 8 juin 2026, apr\u00e8s les \u00e9preuves ponctuelles du Bac Pro.<\/p>\n\n\n\n<h5 class=\"wp-block-heading\">L\u2019ESSENTIEL<\/h5>\n\n\n\n<p>Cette note de service sera applicable uniquement pour l\u2019ann\u00e9e scolaire en cours 2025-2026.<\/p>\n\n\n\n<p><strong>Parcours poursuite d\u2019\u00e9tudes<\/strong>&nbsp;: l\u2019emploi du temps habituel des enseignants sera maintenu. Des am\u00e9nagements pourront \u00eatre envisag\u00e9s localement sur la base du volontariat. Des ressources seront mises \u00e0 disposition des \u00e9quipes, sans caract\u00e8re obligatoire, dans le respect de la libert\u00e9 p\u00e9dagogique<\/p>\n\n\n\n<p><strong>Parcours insertion professionnelle<\/strong> : les PFMP devront obligatoirement se d\u00e9rouler dans des entreprises dont l\u2019activit\u00e9 est en lien direct avec la sp\u00e9cialit\u00e9 du baccalaur\u00e9at professionnel des \u00e9l\u00e8ves.<\/p>\n\n\n\n<p>Le processus de choix du parcours par les \u00e9l\u00e8ves restera identique \u00e0 celui mis en place l\u2019an dernier, via une fiche dialogue. Le dernier mot reviendra toujours aux familles<\/p>\n\n\n\n<p>David Helard, Inspecteur G\u00e9n\u00e9ral, a \u00e9voqu\u00e9 les r\u00e9sultats de la mission flash sur le parcours diff\u00e9renci\u00e9 non publi\u00e9s \u00e0 ce jour.<\/p>\n\n\n\n<h5 class=\"wp-block-heading\">LE SNALC A INSIST\u00c9 SUR<\/h5>\n\n\n\n<ul class=\"wp-block-list\">\n<li>Son opposition au parcours personnalis\u00e9, l\u2019absent\u00e9isme des \u00e9l\u00e8ves \u00e9tant totalement pr\u00e9visible.<\/li>\n\n\n\n<li>La n\u00e9cessit\u00e9 de ne pas reconduire la \u00ab r\u00e9unionite \u00bb et la surcharge de travail impos\u00e9es l\u2019ann\u00e9e derni\u00e8re aux PLP.<\/li>\n\n\n\n<li>Le respect de la libert\u00e9 p\u00e9dagogique des enseignants, qui doivent pouvoir choisir librement entre des cours disciplinaires ou la mise en \u0153uvre de projets.<\/li>\n\n\n\n<li>L\u2019urgence de publier la note de service car le processus de choix du parcours pr\u00e9voit une premi\u00e8re recommandation du conseil de classe du 1esemestre qui se tient g\u00e9n\u00e9ralement \u00e0 la mi-janvier.<\/li>\n\n\n\n<li>L\u2019importance d\u2019une r\u00e9daction claire de cette note, qui ne devra pas n\u00e9cessiter une FAQ ou, \u00e0 tout le moins, pas six versions comme l\u2019an pass\u00e9.<\/li>\n<\/ul>\n\n\n\n<h5 class=\"wp-block-heading\">L\u2019AVIS DU SNALC<\/h5>\n\n\n\n<p>Alors que le Minist\u00e8re semble retrouver la raison en mettant fin aux groupes de besoin en 6<sup>e<\/sup>, il s\u2019ent\u00eate pour la Voie Pro \u00e0 reconduire un dispositif vou\u00e9 au fiasco. N\u00e9anmoins, l\u2019annonce que la circulaire ne concerne que cette ann\u00e9e scolaire, laisse esp\u00e9rer que le Minist\u00e8re retrouve aussi la raison pour la Voie Pro. Le SNALC restera vigilant et combatif pour que les PLP ne perdent pas le sens de leur m\u00e9tier d\u2019enseignant et obtiennent une r\u00e9mun\u00e9ration et des conditions de travail \u00e0 la hauteur de leurs missions d\u2019enseignant.<\/p>\n","protected":false},"excerpt":{"rendered":"<p>Consultation minist\u00e9rielle &#8211; \u00e9laboration de note de service Compte rendu du SNALC du 9 d\u00e9cembre 2025 LE TH\u00c8ME Organisation des 4 semaines du parcours personnalis\u00e9 \u00e0 partir du 8 juin [&hellip;]<\/p>\n","protected":false},"author":1,"featured_media":0,"comment_status":"closed","ping_status":"closed","sticky":false,"template":"","format":"standard","meta":{"_lmt_disableupdate":"","_lmt_disable":"","site-sidebar-layout":"default","site-content-layout":"","ast-site-content-layout":"default","site-content-style":"default","site-sidebar-style":"default","ast-global-header-display":"","ast-banner-title-visibility":"","ast-main-header-display":"","ast-hfb-above-header-display":"","ast-hfb-below-header-display":"","ast-hfb-mobile-header-display":"","site-post-title":"","ast-breadcrumbs-content":"","ast-featured-img":"","footer-sml-layout":"","ast-disable-related-posts":"","theme-transparent-header-meta":"","adv-header-id-meta":"","stick-header-meta":"","header-above-stick-meta":"","header-main-stick-meta":"","header-below-stick-meta":"","astra-migrate-meta-layouts":"set","ast-page-background-enabled":"default","ast-page-background-meta":{"desktop":{"background-color":"var(--ast-global-color-4)","background-image":"","background-repeat":"repeat","background-position":"center center","background-size":"auto","background-attachment":"scroll","background-type":"","background-media":"","overlay-type":"","overlay-color":"","overlay-opacity":"","overlay-gradient":""},"tablet":{"background-color":"","background-image":"","background-repeat":"repeat","background-position":"center center","background-size":"auto","background-attachment":"scroll","background-type":"","background-media":"","overlay-type":"","overlay-color":"","overlay-opacity":"","overlay-gradient":""},"mobile":{"background-color":"","background-image":"","background-repeat":"repeat","background-position":"center center","background-size":"auto","background-attachment":"scroll","background-type":"","background-media":"","overlay-type":"","overlay-color":"","overlay-opacity":"","overlay-gradient":""}},"ast-content-background-meta":{"desktop":{"background-color":"var(--ast-global-color-5)","background-image":"","background-repeat":"repeat","background-position":"center center","background-size":"auto","background-attachment":"scroll","background-type":"","background-media":"","overlay-type":"","overlay-color":"","overlay-opacity":"","overlay-gradient":""},"tablet":{"background-color":"var(--ast-global-color-5)","background-image":"","background-repeat":"repeat","background-position":"center center","background-size":"auto","background-attachment":"scroll","background-type":"","background-media":"","overlay-type":"","overlay-color":"","overlay-opacity":"","overlay-gradient":""},"mobile":{"background-color":"var(--ast-global-color-5)","background-image":"","background-repeat":"repeat","background-position":"center center","background-size":"auto","background-attachment":"scroll","background-type":"","background-media":"","overlay-type":"","overlay-color":"","overlay-opacity":"","overlay-gradient":""}},"footnotes":""},"categories":[42],"tags":[],"class_list":["post-4745","post","type-post","status-publish","format-standard","hentry","category-actualites-2025-2026"],"modified_by":"slecourtier","_links":{"self":[{"href":"https:\/\/snalc.org\/snalc2023\/index.php?rest_route=\/wp\/v2\/posts\/4745","targetHints":{"allow":["GET"]}}],"collection":[{"href":"https:\/\/snalc.org\/snalc2023\/index.php?rest_route=\/wp\/v2\/posts"}],"about":[{"href":"https:\/\/snalc.org\/snalc2023\/index.php?rest_route=\/wp\/v2\/types\/post"}],"author":[{"embeddable":true,"href":"https:\/\/snalc.org\/snalc2023\/index.php?rest_route=\/wp\/v2\/users\/1"}],"replies":[{"embeddable":true,"href":"https:\/\/snalc.org\/snalc2023\/index.php?rest_route=%2Fwp%2Fv2%2Fcomments&post=4745"}],"version-history":[{"count":1,"href":"https:\/\/snalc.org\/snalc2023\/index.php?rest_route=\/wp\/v2\/posts\/4745\/revisions"}],"predecessor-version":[{"id":4746,"href":"https:\/\/snalc.org\/snalc2023\/index.php?rest_route=\/wp\/v2\/posts\/4745\/revisions\/4746"}],"wp:attachment":[{"href":"https:\/\/snalc.org\/snalc2023\/index.php?rest_route=%2Fwp%2Fv2%2Fmedia&parent=4745"}],"wp:term":[{"taxonomy":"category","embeddable":true,"href":"https:\/\/snalc.org\/snalc2023\/index.php?rest_route=%2Fwp%2Fv2%2Fcategories&post=4745"},{"taxonomy":"post_tag","embeddable":true,"href":"https:\/\/snalc.org\/snalc2023\/index.php?rest_route=%2Fwp%2Fv2%2Ftags&post=4745"}],"curies":[{"name":"wp","href":"https:\/\/api.w.org\/{rel}","templated":true}]}}