{"id":4747,"date":"2025-12-14T09:04:12","date_gmt":"2025-12-14T08:04:12","guid":{"rendered":"https:\/\/snalc.org\/snalc2023\/?p=4747"},"modified":"2025-12-14T09:04:15","modified_gmt":"2025-12-14T08:04:15","slug":"integration-des-aesh-dans-la-fonction-publique-compte-rendu-du-snalc","status":"publish","type":"post","link":"https:\/\/snalc.org\/snalc2023\/?p=4747","title":{"rendered":"Int\u00e9gration des AESH dans la fonction publique : compte rendu du SNALC"},"content":{"rendered":"\n<figure class=\"wp-block-image\"><img decoding=\"async\" src=\"https:\/\/snalc.fr\/wp-content\/uploads\/micro_freepik.com_2149579706.jpg\" alt=\"\" class=\"wp-image-61731\"\/><figcaption class=\"wp-element-caption\">\u00a9 freepik.com_2149579706<\/figcaption><\/figure>\n\n\n\n<h2 class=\"wp-block-heading\">Table ronde autour de la proposition de loi<\/h2>\n\n\n\n<h2 class=\"wp-block-heading\">visant \u00e0 int\u00e9grer les AESH dans la fonction publique d\u2019\u00c9tat et \u00e0 garantir une meilleure inclusion des \u00e9l\u00e8ves en situation de handicap et \u00e0 besoins \u00e9ducatifs particuliers<\/h2>\n\n\n\n<p>Compte rendu du SNALC du 11 d\u00e9cembre 2025<\/p>\n\n\n\n<p><em><strong>Pour le S\u00e9nat :&nbsp;<\/strong><\/em><em>Mme Marie-Pierre MONIER, s\u00e9natrice de la Dr\u00f4me, Vice-Pr\u00e9sidente de la commission de la culture, de l\u2019\u00e9ducation, de la communication et du sport &nbsp;<\/em><\/p>\n\n\n\n<h5 class=\"wp-block-heading\">LE TH\u00c8ME<\/h5>\n\n\n\n<p>Proposition de loi visant \u00e0 int\u00e9grer les AESH dans la fonction publique d\u2019\u00c9tat et \u00e0 garantir une meilleure inclusion des \u00e9l\u00e8ves en situation de handicap et \u00e0 besoins \u00e9ducatifs particuliers&nbsp;: <a href=\"https:\/\/www.senat.fr\/leg\/ppl24-872.html\">https:\/\/www.senat.fr\/leg\/ppl24-872.html<\/a><\/p>\n\n\n\n<p>Madame Marie-Pierre MONIER,&nbsp;la rapporteure de la proposition de loi souhaitait nous entendre sur ce texte.<\/p>\n\n\n\n<h5 class=\"wp-block-heading\">L\u2019ESSENTIEL<\/h5>\n\n\n\n<p>Ce texte pr\u00e9voit&nbsp;:<\/p>\n\n\n\n<ul class=\"wp-block-list\">\n<li>La cr\u00e9ation d\u2019un corps de fonctionnaires d\u2019\u00c9tat de cat\u00e9gorie B pour les AESH\u00a0;<\/li>\n\n\n\n<li>l\u2019inscription dans le code de l\u2019\u00e9ducation du droit pour les \u00e9l\u00e8ves ayant des d\u00e9ficiences auditives de choisir une communication avec le code langue fran\u00e7aise parl\u00e9e compl\u00e9t\u00e9e\u00a0;<\/li>\n\n\n\n<li>lors de la construction ou de la r\u00e9habilitation d\u2019une \u00e9cole, d\u2019un coll\u00e8ge ou d\u2019un lyc\u00e9e, obligation pour la collectivit\u00e9 territoriale de d\u00e9lib\u00e9rer sur la possibilit\u00e9 de r\u00e9server un local adapt\u00e9 aux diff\u00e9rents dispositifs n\u00e9cessaires \u00e0 l\u2019accueil des \u00e9l\u00e8ves en situation de handicap (ESH) ou des \u00e9l\u00e8ves \u00e0 besoins \u00e9ducatifs particuliers (EBEP).<\/li>\n<\/ul>\n\n\n\n<p>Le texte sera examin\u00e9 par la commission de la culture, de l\u2019\u00e9ducation, de la communication et du sport du S\u00e9nat le mercredi 17 d\u00e9cembre. Cette commission, suite \u00e0 nos \u00e9changes, proposera une nouvelle version du texte. C\u2019est celle-ci qui sera examin\u00e9e le mercredi 7 janvier 2026 dans l\u2019h\u00e9micycle.<\/p>\n\n\n\n<p>Nous vous invitons \u00e0 consulter le <a href=\"https:\/\/www.senat.fr\/dossier-legislatif\/ppl24-872.html\">site du S\u00e9nat<\/a> afin de prendre connaissance de cette version pr\u00e9sent\u00e9e \u00e0 l\u2019ensemble des s\u00e9nateurs et bien \u00e9videmment, le SNALC communiquera \u00e0 nouveau \u00e0 l\u2019issue du d\u00e9bat s\u00e9natorial.<\/p>\n\n\n\n<h5 class=\"wp-block-heading\">LE SNALC A INSIST\u00c9 SUR<\/h5>\n\n\n\n<ul class=\"wp-block-list\">\n<li>Son accord avec cette proposition de loi puisque nous revendiquons un statut de fonctionnaire d\u2019\u00c9tat, de cat\u00e9gorie B pour les AESH, d\u2019autant plus qu\u2019ils occupent des emplois permanents.<\/li>\n\n\n\n<li>La n\u00e9cessit\u00e9 de d\u00e9finir, si la loi est adopt\u00e9e, les crit\u00e8res d\u2019int\u00e9gration des AESH actuellement sous contrat dans le corps de fonctionnaires nouvellement cr\u00e9\u00e9 et les modalit\u00e9s du concours pour les nouveaux recrutements d\u2019AESH. L\u2019acc\u00e8s au statut de fonctionnaire doit s\u2019effectuer dans les conditions les plus justes pour tous.<\/li>\n\n\n\n<li>Un temps plein devra correspondre \u00e0 24 heures d\u2019accompagnement hebdomadaires en raison du temps de travail en sus du temps d\u2019accompagnement en classe et de l\u2019obligation d\u2019accompagner des ESH avec des handicaps ou troubles de plus en plus lourds.<\/li>\n\n\n\n<li>Un accompagnement des ESH par les AESH limit\u00e9 au temps scolaire (donc pas d\u2019accompagnement sur la pause m\u00e9ridienne, le temps p\u00e9riscolaire et lors de l\u2019accueil en internat en sus du temps scolaire).<\/li>\n\n\n\n<li>Une formation th\u00e9orique et pratique lourde pour les nouveaux AESH recrut\u00e9s par concours. Les AESH les plus exp\u00e9riment\u00e9es, par exemple en CDI avant la titularisation, n\u2019ont peut-\u00eatre pas besoin d\u2019une formation aussi approfondie et aussi longue que les AESH plus r\u00e9cemment recrut\u00e9s.<\/li>\n\n\n\n<li>La fin du cumul d\u2019activit\u00e9s pour les AESH qui acc\u00e9deront au statut de fonctionnaire, d\u2019autant plus que celui-ci ne rel\u00e8ve pas d\u2019un choix mais d\u2019une obligation pour les AESH, compte tenu de l\u2019indigence de leur r\u00e9mun\u00e9ration.<\/li>\n\n\n\n<li>L\u2019utilit\u00e9 de faire mention des APSH dans la proposition de loi.<\/li>\n\n\n\n<li>Les difficult\u00e9s \u00e0 acc\u00e9der aux formations portant sur la langue fran\u00e7aise compl\u00e9t\u00e9e.<\/li>\n\n\n\n<li>Le besoin d\u2019adapter le b\u00e2ti (\u00e9coles, coll\u00e8ges et lyc\u00e9es) avec tous les am\u00e9nagements aff\u00e9rents aux besoins des ESH et EBEP, mais avec un risque d\u2019in\u00e9galit\u00e9s entre milieu urbain et milieu rural par exemple s\u2019il n\u2019y a pas obligation pour les collectivit\u00e9s territoriales de r\u00e9aliser un local d\u00e9di\u00e9 \u00e0 ces \u00e9l\u00e8ves lors de nouvelles constructions ou de travaux de r\u00e9habilitation.<\/li>\n<\/ul>\n\n\n\n<p><em>Vous pouvez consulter <a href=\"https:\/\/snalc.fr\/integration-aesh-fp-senat\/\">le document pr\u00e9paratoire<\/a> \u00e0 cette audience sur le site du SNALC :<\/em><\/p>\n\n\n\n<figure class=\"wp-block-embed\"><div class=\"wp-block-embed__wrapper\">\nhttps:\/\/snalc.fr\/integration-aesh-fp-senat\/embed\/#?secret=EFzSRHWV6p#?secret=p9XHKeH2aJ\n<\/div><\/figure>\n\n\n\n<h5 class=\"wp-block-heading\">L\u2019AVIS DU SNALC<\/h5>\n\n\n\n<p>La contractualisation, les temps incomplets, les r\u00e9mun\u00e9rations indigentes, les conditions de travail d\u00e9grad\u00e9es et toujours plus \u00e9puisantes, l\u2019absence de perspectives d\u2019\u00e9volution professionnelle, les difficult\u00e9s \u00e0 obtenir une mobilit\u00e9, les droits bafou\u00e9s\u2026 n\u2019ont que trop dur\u00e9&nbsp;!<\/p>\n\n\n\n<p>Les AESH sont un maillon essentiel de l\u2019inclusion scolaire, ils doivent obtenir un statut de la fonction publique.<\/p>\n\n\n\n<p>Nous ne pouvons donc que nous r\u00e9jouir de cette nouvelle proposition de loi. Ce n\u2019est pas la premi\u00e8re tentative, mais la r\u00e9p\u00e9tition est n\u00e9cessaire et finit souvent par aboutir.<\/p>\n\n\n\n<p>Certes, de nombreux points restent \u00e0 pr\u00e9ciser (obligations r\u00e9glementaires de service, grille indiciaire, concours, affectation et mobilit\u00e9\u2026). Mais ces points rel\u00e8vent du r\u00e9glementaire. Ils devront donc \u00eatre discut\u00e9s dans le cadre du dialogue social, si la loi est adopt\u00e9e bien \u00e9videmment.<\/p>\n\n\n\n<p>Enfin, les quelques mesures propos\u00e9es dans une volont\u00e9 d\u2019am\u00e9liorer l\u2019inclusion des ESH et plus largement des EBEP ne peuvent qu\u2019\u00eatre approuv\u00e9es par le SNALC. Toutefois, celles-ci devraient s\u2019int\u00e9grer dans un grand chantier de l\u2019inclusion scolaire qui n\u00e9cessite plus que jamais d\u2019\u00eatre remise \u00e0 plat de A \u00e0 Z tellement elle dysfonctionne\u2026<\/p>\n\n\n\n<p><a href=\"https:\/\/snalc.forms.app\/contact-aesh\">Contact AESH<\/a><\/p>\n","protected":false},"excerpt":{"rendered":"<p>Table ronde autour de la proposition de loi visant \u00e0 int\u00e9grer les AESH dans la fonction publique d\u2019\u00c9tat et \u00e0 garantir une meilleure inclusion des \u00e9l\u00e8ves en situation de handicap [&hellip;]<\/p>\n","protected":false},"author":1,"featured_media":0,"comment_status":"closed","ping_status":"closed","sticky":false,"template":"","format":"standard","meta":{"_lmt_disableupdate":"","_lmt_disable":"","site-sidebar-layout":"default","site-content-layout":"","ast-site-content-layout":"default","site-content-style":"default","site-sidebar-style":"default","ast-global-header-display":"","ast-banner-title-visibility":"","ast-main-header-display":"","ast-hfb-above-header-display":"","ast-hfb-below-header-display":"","ast-hfb-mobile-header-display":"","site-post-title":"","ast-breadcrumbs-content":"","ast-featured-img":"","footer-sml-layout":"","ast-disable-related-posts":"","theme-transparent-header-meta":"","adv-header-id-meta":"","stick-header-meta":"","header-above-stick-meta":"","header-main-stick-meta":"","header-below-stick-meta":"","astra-migrate-meta-layouts":"set","ast-page-background-enabled":"default","ast-page-background-meta":{"desktop":{"background-color":"var(--ast-global-color-4)","background-image":"","background-repeat":"repeat","background-position":"center center","background-size":"auto","background-attachment":"scroll","background-type":"","background-media":"","overlay-type":"","overlay-color":"","overlay-opacity":"","overlay-gradient":""},"tablet":{"background-color":"","background-image":"","background-repeat":"repeat","background-position":"center center","background-size":"auto","background-attachment":"scroll","background-type":"","background-media":"","overlay-type":"","overlay-color":"","overlay-opacity":"","overlay-gradient":""},"mobile":{"background-color":"","background-image":"","background-repeat":"repeat","background-position":"center center","background-size":"auto","background-attachment":"scroll","background-type":"","background-media":"","overlay-type":"","overlay-color":"","overlay-opacity":"","overlay-gradient":""}},"ast-content-background-meta":{"desktop":{"background-color":"var(--ast-global-color-5)","background-image":"","background-repeat":"repeat","background-position":"center center","background-size":"auto","background-attachment":"scroll","background-type":"","background-media":"","overlay-type":"","overlay-color":"","overlay-opacity":"","overlay-gradient":""},"tablet":{"background-color":"var(--ast-global-color-5)","background-image":"","background-repeat":"repeat","background-position":"center center","background-size":"auto","background-attachment":"scroll","background-type":"","background-media":"","overlay-type":"","overlay-color":"","overlay-opacity":"","overlay-gradient":""},"mobile":{"background-color":"var(--ast-global-color-5)","background-image":"","background-repeat":"repeat","background-position":"center center","background-size":"auto","background-attachment":"scroll","background-type":"","background-media":"","overlay-type":"","overlay-color":"","overlay-opacity":"","overlay-gradient":""}},"footnotes":""},"categories":[42],"tags":[],"class_list":["post-4747","post","type-post","status-publish","format-standard","hentry","category-actualites-2025-2026"],"modified_by":"slecourtier","_links":{"self":[{"href":"https:\/\/snalc.org\/snalc2023\/index.php?rest_route=\/wp\/v2\/posts\/4747","targetHints":{"allow":["GET"]}}],"collection":[{"href":"https:\/\/snalc.org\/snalc2023\/index.php?rest_route=\/wp\/v2\/posts"}],"about":[{"href":"https:\/\/snalc.org\/snalc2023\/index.php?rest_route=\/wp\/v2\/types\/post"}],"author":[{"embeddable":true,"href":"https:\/\/snalc.org\/snalc2023\/index.php?rest_route=\/wp\/v2\/users\/1"}],"replies":[{"embeddable":true,"href":"https:\/\/snalc.org\/snalc2023\/index.php?rest_route=%2Fwp%2Fv2%2Fcomments&post=4747"}],"version-history":[{"count":1,"href":"https:\/\/snalc.org\/snalc2023\/index.php?rest_route=\/wp\/v2\/posts\/4747\/revisions"}],"predecessor-version":[{"id":4748,"href":"https:\/\/snalc.org\/snalc2023\/index.php?rest_route=\/wp\/v2\/posts\/4747\/revisions\/4748"}],"wp:attachment":[{"href":"https:\/\/snalc.org\/snalc2023\/index.php?rest_route=%2Fwp%2Fv2%2Fmedia&parent=4747"}],"wp:term":[{"taxonomy":"category","embeddable":true,"href":"https:\/\/snalc.org\/snalc2023\/index.php?rest_route=%2Fwp%2Fv2%2Fcategories&post=4747"},{"taxonomy":"post_tag","embeddable":true,"href":"https:\/\/snalc.org\/snalc2023\/index.php?rest_route=%2Fwp%2Fv2%2Ftags&post=4747"}],"curies":[{"name":"wp","href":"https:\/\/api.w.org\/{rel}","templated":true}]}}