{"id":4766,"date":"2025-12-19T18:24:11","date_gmt":"2025-12-19T17:24:11","guid":{"rendered":"https:\/\/snalc.org\/snalc2023\/?p=4766"},"modified":"2025-12-19T18:24:13","modified_gmt":"2025-12-19T17:24:13","slug":"quinzaine-universitaire-n1508-ecole","status":"publish","type":"post","link":"https:\/\/snalc.org\/snalc2023\/?p=4766","title":{"rendered":"QUINZAINE UNIVERSITAIRE n\u00b01508 \u2013 \u00e9cole"},"content":{"rendered":"\n<figure class=\"wp-block-image\"><img decoding=\"async\" src=\"https:\/\/snalc.fr\/wp-content\/uploads\/QU1508-1D.jpg\" alt=\"\" class=\"wp-image-61973\"\/><\/figure>\n\n\n\n<p><strong>\u00c9DITO : <a href=\"https:\/\/snalc.fr\/cest-toujours-travailler\/\">\u2026C\u2019EST TOUJOURS TRAVAILLER !<\/a><\/strong><\/p>\n\n\n\n<figure class=\"wp-block-image\"><img decoding=\"async\" src=\"https:\/\/snalc.fr\/wp-content\/uploads\/elementor\/thumbs\/SNALC-congres-Strasbourg-mai-2023-Photo-Philippe-Sautier-3-e1686317689865-qfu77nw4qlxwj5dktm23kiay8chujy1r6wng15ek0o.jpg\" alt=\"SNALC congres Strasbourg mai 2023 - Photo Philippe Sautier (3)\" title=\"SNALC congres Strasbourg mai 2023 \u2013 Photo Philippe Sautier (3)\"\/><\/figure>\n\n\n\n<p>J-R\u00e9mi Girard<br>Pr\u00e9sident du SNALC<\/p>\n\n\n\n<p>Une semaine de cours \u00e9tait r\u00e9partie sur 4 jours et demi, dont le samedi matin, avec un horaire hebdomadaire de 27, puis 26 heures. Puis on est pass\u00e9 \u00e0 une semaine de 4 jours. Puis Vincent Peillon a d\u00e9cid\u00e9 de refaire une semaine de 4 jours et demi, avec plein de trous et une organisation d\u2019une complexit\u00e9 redoutable. Puis Jean-Michel Blanquer a permis d\u2019y d\u00e9roger, ce qui fait que la quasi-totalit\u00e9 des communes est repass\u00e9e \u00e0 4 jours. Et voici que la convention citoyenne sugg\u00e8re de revenir \u00e0 4 jours et demi, voire \u00e0 5 jours&nbsp;!<\/p>\n\n\n\n<p>Les professeurs des \u00e9coles passaient leur concours \u00e0 bac+3. Puis on a d\u00e9cid\u00e9 de le faire passer \u00e0 bac+4. Puis Jean-Michel Blanquer, contre tout bon sens, a impos\u00e9 de le faire passer \u00e0 bac+5. Et voil\u00e0 que le concours revient \u00e0 bac+3 cette ann\u00e9e.&nbsp; [<a href=\"https:\/\/snalc.fr\/cest-toujours-travailler\/\"><strong>Lire la suite<\/strong><\/a>]<\/p>\n\n\n\n<p><strong>SOMMAIRE<\/strong><\/p>\n\n\n\n<p>04 | <a href=\"https:\/\/snalc.fr\/lenseignement-specialise-en-profonde-mutation\/\">L\u2019enseignement sp\u00e9cialis\u00e9 en profonde mutation<\/a><br>05 | <a href=\"https:\/\/snalc.fr\/lenseignement-specialise-en-profonde-mutation#inclusion\">L\u2019enseignement sp\u00e9cialis\u00e9 face aux d\u00e9fis de l\u2019inclusion<\/a><br>06 | <a href=\"https:\/\/snalc.fr\/lenseignement-specialise-en-profonde-mutation#devenir\">Devenir enseignant sp\u00e9cialis\u00e9<\/a><br>07 | <a href=\"https:\/\/snalc.fr\/lenseignement-specialise-en-profonde-mutation#cappei\">O\u00f9 enseigner avec son CAPPEI en poche ?<\/a><br>08 | <a href=\"https:\/\/snalc.fr\/lenseignement-specialise-en-profonde-mutation#ors\">Les obligations r\u00e9glementaires dans le sp\u00e9cialis\u00e9<\/a><br>08 | <a href=\"https:\/\/snalc.fr\/lenseignement-specialise-en-profonde-mutation#primes\">Indemnit\u00e9s et primes, 1er et 2d degr\u00e9s<\/a><br>09 | <a href=\"https:\/\/snalc.fr\/temoignage-pierre-directeur-decole-integrant-un-dispositif-dautoregulation\/\">T\u00e9moignage : Pierre, directeur d\u2019\u00e9cole int\u00e9grant un Dispositif d\u2019AutoR\u00e9gulation (DAR)<\/a><br>09 | <a href=\"https:\/\/snalc.fr\/ne-loubliez-pas\/\">Ne l\u2019oubliez pas !<\/a><br>10 | <a href=\"https:\/\/snalc.fr\/une-ecole-a-reconstruire-les-exigences-institutionnelles\/\">Une \u00e9cole \u00e0 reconstruire Les exigences institutionnelles<\/a><\/p>\n\n\n\n<p><a href=\"https:\/\/snalc.fr\/wp-content\/uploads\/QU1508-1D.pdf\">T\u00e9l\u00e9charger la revue en PDF<\/a><\/p>\n\n\n\n<figure class=\"wp-block-image\"><img decoding=\"async\" src=\"https:\/\/snalc.fr\/wp-content\/uploads\/QU1508-725x1024.jpg\" alt=\"\" class=\"wp-image-61972\"\/><\/figure>\n\n\n\n<p><em><strong>Afin d\u2019\u00eatre au plus pr\u00e8s de vos attentes <\/strong><strong>et de vous informer au mieux, la revue du SNALC a <\/strong><strong>\u00e9volu\u00e9 d\u00e8s cette rentr\u00e9e, avec d\u00e9sormais <\/strong><strong>deux num\u00e9ros mensuels au lieu d\u2019un : <\/strong><strong>l\u2019un centr\u00e9 sur le second degr\u00e9 et le sup\u00e9rieur, <\/strong><strong>et le second sur les probl\u00e9matiques <\/strong><strong>sp\u00e9cifiques de l\u2019\u00e9cole primaire.<\/strong><\/em><\/p>\n\n\n\n<p><a href=\"https:\/\/snalc.fr\/quinzaine-universitaire-n1508\/\">D\u00e9couvrir la revue Second degr\u00e9 &amp; Sup\u00e9rieur<\/a><\/p>\n","protected":false},"excerpt":{"rendered":"<p>\u00c9DITO : \u2026C\u2019EST TOUJOURS TRAVAILLER ! J-R\u00e9mi GirardPr\u00e9sident du SNALC Une semaine de cours \u00e9tait r\u00e9partie sur 4 jours et demi, dont le samedi matin, avec un horaire hebdomadaire de [&hellip;]<\/p>\n","protected":false},"author":1,"featured_media":0,"comment_status":"closed","ping_status":"closed","sticky":false,"template":"","format":"standard","meta":{"_lmt_disableupdate":"","_lmt_disable":"","site-sidebar-layout":"default","site-content-layout":"","ast-site-content-layout":"default","site-content-style":"default","site-sidebar-style":"default","ast-global-header-display":"","ast-banner-title-visibility":"","ast-main-header-display":"","ast-hfb-above-header-display":"","ast-hfb-below-header-display":"","ast-hfb-mobile-header-display":"","site-post-title":"","ast-breadcrumbs-content":"","ast-featured-img":"","footer-sml-layout":"","ast-disable-related-posts":"","theme-transparent-header-meta":"","adv-header-id-meta":"","stick-header-meta":"","header-above-stick-meta":"","header-main-stick-meta":"","header-below-stick-meta":"","astra-migrate-meta-layouts":"set","ast-page-background-enabled":"default","ast-page-background-meta":{"desktop":{"background-color":"var(--ast-global-color-4)","background-image":"","background-repeat":"repeat","background-position":"center center","background-size":"auto","background-attachment":"scroll","background-type":"","background-media":"","overlay-type":"","overlay-color":"","overlay-opacity":"","overlay-gradient":""},"tablet":{"background-color":"","background-image":"","background-repeat":"repeat","background-position":"center center","background-size":"auto","background-attachment":"scroll","background-type":"","background-media":"","overlay-type":"","overlay-color":"","overlay-opacity":"","overlay-gradient":""},"mobile":{"background-color":"","background-image":"","background-repeat":"repeat","background-position":"center center","background-size":"auto","background-attachment":"scroll","background-type":"","background-media":"","overlay-type":"","overlay-color":"","overlay-opacity":"","overlay-gradient":""}},"ast-content-background-meta":{"desktop":{"background-color":"var(--ast-global-color-5)","background-image":"","background-repeat":"repeat","background-position":"center center","background-size":"auto","background-attachment":"scroll","background-type":"","background-media":"","overlay-type":"","overlay-color":"","overlay-opacity":"","overlay-gradient":""},"tablet":{"background-color":"var(--ast-global-color-5)","background-image":"","background-repeat":"repeat","background-position":"center center","background-size":"auto","background-attachment":"scroll","background-type":"","background-media":"","overlay-type":"","overlay-color":"","overlay-opacity":"","overlay-gradient":""},"mobile":{"background-color":"var(--ast-global-color-5)","background-image":"","background-repeat":"repeat","background-position":"center center","background-size":"auto","background-attachment":"scroll","background-type":"","background-media":"","overlay-type":"","overlay-color":"","overlay-opacity":"","overlay-gradient":""}},"footnotes":""},"categories":[42,23,37],"tags":[],"class_list":["post-4766","post","type-post","status-publish","format-standard","hentry","category-actualites-2025-2026","category-professeurs-1er-degre","category-qu"],"modified_by":"slecourtier","_links":{"self":[{"href":"https:\/\/snalc.org\/snalc2023\/index.php?rest_route=\/wp\/v2\/posts\/4766","targetHints":{"allow":["GET"]}}],"collection":[{"href":"https:\/\/snalc.org\/snalc2023\/index.php?rest_route=\/wp\/v2\/posts"}],"about":[{"href":"https:\/\/snalc.org\/snalc2023\/index.php?rest_route=\/wp\/v2\/types\/post"}],"author":[{"embeddable":true,"href":"https:\/\/snalc.org\/snalc2023\/index.php?rest_route=\/wp\/v2\/users\/1"}],"replies":[{"embeddable":true,"href":"https:\/\/snalc.org\/snalc2023\/index.php?rest_route=%2Fwp%2Fv2%2Fcomments&post=4766"}],"version-history":[{"count":1,"href":"https:\/\/snalc.org\/snalc2023\/index.php?rest_route=\/wp\/v2\/posts\/4766\/revisions"}],"predecessor-version":[{"id":4767,"href":"https:\/\/snalc.org\/snalc2023\/index.php?rest_route=\/wp\/v2\/posts\/4766\/revisions\/4767"}],"wp:attachment":[{"href":"https:\/\/snalc.org\/snalc2023\/index.php?rest_route=%2Fwp%2Fv2%2Fmedia&parent=4766"}],"wp:term":[{"taxonomy":"category","embeddable":true,"href":"https:\/\/snalc.org\/snalc2023\/index.php?rest_route=%2Fwp%2Fv2%2Fcategories&post=4766"},{"taxonomy":"post_tag","embeddable":true,"href":"https:\/\/snalc.org\/snalc2023\/index.php?rest_route=%2Fwp%2Fv2%2Ftags&post=4766"}],"curies":[{"name":"wp","href":"https:\/\/api.w.org\/{rel}","templated":true}]}}