{"id":4768,"date":"2025-12-19T18:26:48","date_gmt":"2025-12-19T17:26:48","guid":{"rendered":"https:\/\/snalc.org\/snalc2023\/?p=4768"},"modified":"2025-12-19T18:26:52","modified_gmt":"2025-12-19T17:26:52","slug":"quinzaine-universitaire-n1508","status":"publish","type":"post","link":"https:\/\/snalc.org\/snalc2023\/?p=4768","title":{"rendered":"QUINZAINE UNIVERSITAIRE n\u00b01508"},"content":{"rendered":"\n<figure class=\"wp-block-image\"><img decoding=\"async\" src=\"https:\/\/snalc.fr\/wp-content\/uploads\/QU1508.jpg\" alt=\"\" class=\"wp-image-61972\"\/><\/figure>\n\n\n\n<p><strong>\u00c9DITO : <a href=\"https:\/\/snalc.fr\/faire-et-defaire\/\">FAIRE ET D\u00c9FAIRE<\/a><\/strong><\/p>\n\n\n\n<figure class=\"wp-block-image\"><img decoding=\"async\" src=\"https:\/\/snalc.fr\/wp-content\/uploads\/elementor\/thumbs\/SNALC-congres-Strasbourg-mai-2023-Photo-Philippe-Sautier-3-e1686317689865-qfu77nw4qlxwj5dktm23kiay8chujy1r6wng15ek0o.jpg\" alt=\"SNALC congres Strasbourg mai 2023 - Photo Philippe Sautier (3)\" title=\"SNALC congres Strasbourg mai 2023 \u2013 Photo Philippe Sautier (3)\"\/><\/figure>\n\n\n\n<p>Jean-R\u00e9mi Girard<br>Pr\u00e9sident du SNALC<\/p>\n\n\n\n<p>Gabriel Attal a voulu cr\u00e9er des groupes de niveau en 6<sup>e<\/sup>&nbsp;et 5<sup>e<\/sup>&nbsp;dans le cadre de son m\u00e9diatique \u00ab&nbsp;choc des savoirs&nbsp;\u00bb. Nicole Belloubet a plut\u00f4t mis en place des groupes de besoin, sans qu\u2019on sache trop bien ce que cela voulait dire. \u00c9lisabeth Borne a dout\u00e9 de leur efficacit\u00e9, rapport de l\u2019inspection g\u00e9n\u00e9rale \u00e0 l\u2019appui. Et voil\u00e0 donc \u00c9douard Geffray qui les rend facultatifs \u00e0 la rentr\u00e9e prochaine, lui qui avait travaill\u00e9 \u00e0 leur mise en \u0153uvre concr\u00e8te en tant que directeur g\u00e9n\u00e9ral de l\u2019enseignement scolaire. Et c\u2019est ainsi l\u2019horaire vol\u00e9 \u00e0 la discipline Technologie en 6<sup>e<\/sup>&nbsp;dispara\u00eet.<\/p>\n\n\n\n<p>Les professeurs (hors agr\u00e9gation) passaient leur concours \u00e0 bac+3. Puis on a d\u00e9cid\u00e9 de le faire passer \u00e0 bac+4. Puis Jean-Michel Blanquer, contre tout bon sens, a impos\u00e9 de le faire passer \u00e0 bac+5. Et voil\u00e0 que le concours revient \u00e0 bac+3 cette ann\u00e9e.&nbsp; [<a href=\"https:\/\/snalc.fr\/faire-et-defaire\/\"><strong>Lire la suite<\/strong><\/a>]<\/p>\n\n\n\n<p><strong>DOSSIER DU MOIS : <a href=\"https:\/\/snalc.fr\/dossier-enseignement-specialise\/\">L\u2019ENSEIGNEMENT SP\u00c9CIALIS\u00c9 EN PROFONDE MUTATION<\/a><\/strong><\/p>\n\n\n\n<p>05 | <a href=\"https:\/\/snalc.fr\/dossier-enseignement-specialise#inclusion\">L\u2019enseignement sp\u00e9cialis\u00e9 face aux d\u00e9fis de l\u2019inclusion<\/a><br>06 |&nbsp;<a href=\"https:\/\/snalc.fr\/dossier-enseignement-specialise#devenir\">Devenir enseignant sp\u00e9cialis\u00e9<\/a><br>07 |&nbsp;<a href=\"https:\/\/snalc.fr\/dossier-enseignement-specialise#cappei\">O\u00f9 enseigner avec son CAPPEI en poche&nbsp;?<\/a><br>08 | <a href=\"https:\/\/snalc.fr\/dossier-enseignement-specialise#ors\">Les obligations r\u00e9glementaires dans le sp\u00e9cialis\u00e9<\/a><br>08 | <a href=\"https:\/\/snalc.fr\/dossier-enseignement-specialise#primes\">Indemnit\u00e9s et primes en enseignement sp\u00e9cialis\u00e9 1<sup>er<\/sup> et 2<sup>d<\/sup> degr\u00e9s<\/a><\/p>\n\n\n\n<p><strong>CONDITIONS DE TRAVAIL<\/strong><\/p>\n\n\n\n<p>09 | <a href=\"https:\/\/snalc.fr\/psc-on-avance-ou-on-recule\/\">PSC : on avance ou on recule ?<\/a><br>09 | <a href=\"https:\/\/snalc.fr\/temps-de-travail-des-enseignants-une-realite-occultee\/\">Temps de travail des enseignants : une r\u00e9alit\u00e9 occult\u00e9e<\/a><\/p>\n\n\n\n<p><strong>SYST\u00c8ME \u00c9DUCATIF<\/strong><\/p>\n\n\n\n<p>10 | <a href=\"https:\/\/snalc.fr\/formation-initiale-toujours-pas-sortis-des-ronces\/\">Formation initiale : toujours pas sortis des ronces<\/a><br>10 | <a href=\"https:\/\/snalc.fr\/inclusion-scolaire-nouveau-bilan-partiel-du-ministere\/\">Inclusion scolaire : nouveau bilan partiel du Minist\u00e8re<\/a><br>11 | <a href=\"https:\/\/snalc.fr\/interdiction-des-portables-au-lycee-ne-me-tente-pas\/\">Interdiction des portables au lyc\u00e9e : ne me tente pas !<\/a><br>11 | <a href=\"https:\/\/snalc.fr\/eps-lurgence-physique\/\">EPS : l\u2019urgence physique !<\/a><br>12 | <a href=\"https:\/\/snalc.fr\/un-plan-marshall-pour-le-cap-le-voeu-pieux-de-ligesr\/\">Un plan Marshall pour le CAP : le v\u0153u pieux de l\u2019IGESR<\/a><br>12 | <a href=\"https:\/\/snalc.fr\/tp-delocalises-le-travail-invisible-qui-alourdit-le-quotidien-des-plp\/\">TP d\u00e9localis\u00e9s : le travail invisible qui alourdit le quotidien des PLP<\/a><\/p>\n\n\n\n<p><strong>LES PERSONNELS<\/strong><\/p>\n\n\n\n<p>13 | <a href=\"https:\/\/snalc.fr\/le-dispositif-passerelle-en-chiffres\/\">Le dispositif \u00ab passerelle \u00bb en chiffres<\/a><br>13 | <a href=\"https:\/\/snalc.fr\/ne-loubliez-pas\/\">Ne l\u2019oubliez pas !<\/a><\/p>\n\n\n\n<p><a href=\"https:\/\/snalc.fr\/wp-content\/uploads\/QU1508.pdf\">T\u00e9l\u00e9charger la revue en PDF<\/a><\/p>\n\n\n\n<figure class=\"wp-block-image\"><img decoding=\"async\" src=\"https:\/\/snalc.fr\/wp-content\/uploads\/QU1508-1D-723x1024.jpg\" alt=\"\" class=\"wp-image-61973\"\/><\/figure>\n\n\n\n<p><em><strong>Afin d\u2019\u00eatre au plus pr\u00e8s de vos attentes et de vous informer au mieux, la revue du SNALC a \u00e9volu\u00e9 d\u00e8s cette rentr\u00e9e, avec d\u00e9sormais deux num\u00e9ros mensuels au lieu d\u2019un : l\u2019un centr\u00e9 sur le second degr\u00e9 et le sup\u00e9rieur, et le second sur les probl\u00e9matiques sp\u00e9cifiques de l\u2019\u00e9cole primaire.<\/strong><\/em><\/p>\n\n\n\n<p><a href=\"https:\/\/snalc.fr\/quinzaine-universitaire-n1508-1d\/\">D\u00e9couvrir la revue premier degr\u00e9<\/a><\/p>\n","protected":false},"excerpt":{"rendered":"<p>\u00c9DITO : FAIRE ET D\u00c9FAIRE Jean-R\u00e9mi GirardPr\u00e9sident du SNALC Gabriel Attal a voulu cr\u00e9er des groupes de niveau en 6e&nbsp;et 5e&nbsp;dans le cadre de son m\u00e9diatique \u00ab&nbsp;choc des savoirs&nbsp;\u00bb. Nicole [&hellip;]<\/p>\n","protected":false},"author":1,"featured_media":0,"comment_status":"closed","ping_status":"closed","sticky":false,"template":"","format":"standard","meta":{"_lmt_disableupdate":"","_lmt_disable":"","site-sidebar-layout":"default","site-content-layout":"","ast-site-content-layout":"default","site-content-style":"default","site-sidebar-style":"default","ast-global-header-display":"","ast-banner-title-visibility":"","ast-main-header-display":"","ast-hfb-above-header-display":"","ast-hfb-below-header-display":"","ast-hfb-mobile-header-display":"","site-post-title":"","ast-breadcrumbs-content":"","ast-featured-img":"","footer-sml-layout":"","ast-disable-related-posts":"","theme-transparent-header-meta":"","adv-header-id-meta":"","stick-header-meta":"","header-above-stick-meta":"","header-main-stick-meta":"","header-below-stick-meta":"","astra-migrate-meta-layouts":"set","ast-page-background-enabled":"default","ast-page-background-meta":{"desktop":{"background-color":"var(--ast-global-color-4)","background-image":"","background-repeat":"repeat","background-position":"center center","background-size":"auto","background-attachment":"scroll","background-type":"","background-media":"","overlay-type":"","overlay-color":"","overlay-opacity":"","overlay-gradient":""},"tablet":{"background-color":"","background-image":"","background-repeat":"repeat","background-position":"center center","background-size":"auto","background-attachment":"scroll","background-type":"","background-media":"","overlay-type":"","overlay-color":"","overlay-opacity":"","overlay-gradient":""},"mobile":{"background-color":"","background-image":"","background-repeat":"repeat","background-position":"center center","background-size":"auto","background-attachment":"scroll","background-type":"","background-media":"","overlay-type":"","overlay-color":"","overlay-opacity":"","overlay-gradient":""}},"ast-content-background-meta":{"desktop":{"background-color":"var(--ast-global-color-5)","background-image":"","background-repeat":"repeat","background-position":"center center","background-size":"auto","background-attachment":"scroll","background-type":"","background-media":"","overlay-type":"","overlay-color":"","overlay-opacity":"","overlay-gradient":""},"tablet":{"background-color":"var(--ast-global-color-5)","background-image":"","background-repeat":"repeat","background-position":"center center","background-size":"auto","background-attachment":"scroll","background-type":"","background-media":"","overlay-type":"","overlay-color":"","overlay-opacity":"","overlay-gradient":""},"mobile":{"background-color":"var(--ast-global-color-5)","background-image":"","background-repeat":"repeat","background-position":"center center","background-size":"auto","background-attachment":"scroll","background-type":"","background-media":"","overlay-type":"","overlay-color":"","overlay-opacity":"","overlay-gradient":""}},"footnotes":""},"categories":[42,37],"tags":[],"class_list":["post-4768","post","type-post","status-publish","format-standard","hentry","category-actualites-2025-2026","category-qu"],"modified_by":"slecourtier","_links":{"self":[{"href":"https:\/\/snalc.org\/snalc2023\/index.php?rest_route=\/wp\/v2\/posts\/4768","targetHints":{"allow":["GET"]}}],"collection":[{"href":"https:\/\/snalc.org\/snalc2023\/index.php?rest_route=\/wp\/v2\/posts"}],"about":[{"href":"https:\/\/snalc.org\/snalc2023\/index.php?rest_route=\/wp\/v2\/types\/post"}],"author":[{"embeddable":true,"href":"https:\/\/snalc.org\/snalc2023\/index.php?rest_route=\/wp\/v2\/users\/1"}],"replies":[{"embeddable":true,"href":"https:\/\/snalc.org\/snalc2023\/index.php?rest_route=%2Fwp%2Fv2%2Fcomments&post=4768"}],"version-history":[{"count":1,"href":"https:\/\/snalc.org\/snalc2023\/index.php?rest_route=\/wp\/v2\/posts\/4768\/revisions"}],"predecessor-version":[{"id":4769,"href":"https:\/\/snalc.org\/snalc2023\/index.php?rest_route=\/wp\/v2\/posts\/4768\/revisions\/4769"}],"wp:attachment":[{"href":"https:\/\/snalc.org\/snalc2023\/index.php?rest_route=%2Fwp%2Fv2%2Fmedia&parent=4768"}],"wp:term":[{"taxonomy":"category","embeddable":true,"href":"https:\/\/snalc.org\/snalc2023\/index.php?rest_route=%2Fwp%2Fv2%2Fcategories&post=4768"},{"taxonomy":"post_tag","embeddable":true,"href":"https:\/\/snalc.org\/snalc2023\/index.php?rest_route=%2Fwp%2Fv2%2Ftags&post=4768"}],"curies":[{"name":"wp","href":"https:\/\/api.w.org\/{rel}","templated":true}]}}