{"id":4785,"date":"2026-01-02T12:06:32","date_gmt":"2026-01-02T11:06:32","guid":{"rendered":"https:\/\/snalc.org\/snalc2023\/?p=4785"},"modified":"2026-01-02T12:06:37","modified_gmt":"2026-01-02T11:06:37","slug":"campagne-davancement-et-de-promotion-de-corps-des-personnels-enseignants-du-second-degre-au-titre-de-lannee-2026","status":"publish","type":"post","link":"https:\/\/snalc.org\/snalc2023\/?p=4785","title":{"rendered":"Campagne d\u2019avancement et de promotion de corps des personnels enseignants du second degr\u00e9 au titre de l\u2019ann\u00e9e 2026"},"content":{"rendered":"\n<p><a href=\"https:\/\/www.education.gouv.fr\/bo\/2026\/Hebdo1\/MENH2535543N\">https:\/\/www.education.gouv.fr\/bo\/2026\/Hebdo1\/MENH2535543N<\/a><\/p>\n\n\n\n<h1 class=\"wp-block-heading\">Campagne d\u2019avancement et de promotion de corps des personnels enseignants du second degr\u00e9 au titre de l\u2019ann\u00e9e 2026<\/h1>\n\n\n\n<p>NOR : MENH2535543N<\/p>\n\n\n\n<p>Note de service du 15-12-2025<\/p>\n\n\n\n<p>MEN \u2013 DGRH B2-2<\/p>\n\n\n\n<p>Texte adress\u00e9 aux recteurs et rectrices d&rsquo;acad\u00e9mie&nbsp;; aux vice-recteurs de la Nouvelle-Cal\u00e9donie et de la Polyn\u00e9sie fran\u00e7aise et \u00e0 la vice-rectrice de Wallis-et-Futuna&nbsp;; aux pr\u00e9sidentes et pr\u00e9sidents d&rsquo;universit\u00e9&nbsp;; aux directeurs et directrices de grands \u00e9tablissements<\/p>\n\n\n\n<p>R\u00e9f.&nbsp;: Code g\u00e9n\u00e9ral de la fonction publique&nbsp;;d\u00e9cret n\u00b0&nbsp;60-403 du 22-04-1960&nbsp;; d\u00e9cret n\u00b0&nbsp;68-503 du 30-5-1968&nbsp;; d\u00e9cret n\u00b0&nbsp;70-738 du 12-8-1970&nbsp;; d\u00e9cret n\u00b0&nbsp;72-580 du 4-7-1972&nbsp;; d\u00e9cret n\u00b0&nbsp;72-581 du 4-7-1972&nbsp;; d\u00e9cret n\u00b0&nbsp;72-583 du 4-7-1972&nbsp;; d\u00e9cret n\u00b0&nbsp;80-627 du 4-8-1980&nbsp;; d\u00e9cret n\u00b0&nbsp;86-492 du 14-3-1986&nbsp;; d\u00e9cret n\u00b0&nbsp;89-729 du 11-10-1989&nbsp;; d\u00e9cret n\u00b0&nbsp;92-1189 du 6-11-1992&nbsp;; d\u00e9cret n\u00b0&nbsp;2017-120 du 1-2-2017&nbsp;; d\u00e9cret n\u00b0&nbsp;2023-720 du 4-8-2023&nbsp;; arr\u00eat\u00e9 du 15-10-1999<\/p>\n\n\n\n<p>Les op\u00e9rations d\u2019avancement de grade et de promotion de corps des personnels enseignants du second&nbsp;degr\u00e9&nbsp;de l\u2019\u00e9ducation nationale s\u2019effectuent conform\u00e9ment aux dispositions des d\u00e9crets cit\u00e9s en r\u00e9f\u00e9rence ainsi qu\u2019aux lignes directrices de gestion (LDG) minist\u00e9rielles relatives aux promotions et \u00e0 la valorisation des parcours professionnels des personnels des minist\u00e8res de l\u2019\u00e9ducation nationale, des sports, de la jeunesse et de la vie associative.<\/p>\n\n\n\n<p>La pr\u00e9sente note de service a pour objet de rappeler le cadre des campagnes d\u2019avancement de grade et d\u2019\u00e9laboration des listes d\u2019aptitude annuelles de comp\u00e9tence minist\u00e9rielle.<\/p>\n\n\n\n<p>Les \u00e9l\u00e9ments de calendrier sont pr\u00e9cis\u00e9s en annexe.<\/p>\n\n\n\n<h2 class=\"wp-block-heading\" id=\"edugouv-summary-item-0\">I. Les campagnes d\u2019avancement de grade<\/h2>\n\n\n\n<p>Les rectrices et recteurs sont comp\u00e9tents pour examiner l\u2019ensemble des tableaux d\u2019avancement de grade des personnels enseignants du second&nbsp;degr\u00e9 relevant de leur acad\u00e9mie. Les tableaux d\u2019avancement de grade sont \u00e9tablis annuellement dans le respect des taux de promotion, des contingents attribu\u00e9s et des dispositions pr\u00e9vues par les LDG minist\u00e9rielles.<\/p>\n\n\n\n<p>Les rectrices et recteurs d\u2019acad\u00e9mie sont comp\u00e9tents pour l\u2019\u00e9tablissement des tableaux d\u2019avancement \u00e0 la hors-classe et \u00e0 la classe exceptionnelle concernant les personnels enseignants, d\u2019\u00e9ducation et psychologues de l\u2019\u00e9ducation nationale affect\u00e9s dans leur acad\u00e9mie, conform\u00e9ment aux LDG minist\u00e9rielles et acad\u00e9miques et aux notes de service annuelles. Pour la hors-classe, les dossiers sont class\u00e9s selon un bar\u00e8me indicatif tenant compte principalement de l\u2019anciennet\u00e9 dans la plage d\u2019appel et des avis hi\u00e9rarchiques, tous les agents d\u00e9roulant une carri\u00e8re compl\u00e8te dans leurs fonctions ayant vocation \u00e0 y \u00eatre promus. Pour la classe exceptionnelle, l\u2019examen repose sur un avis port\u00e9 sur la valeur professionnelle (tr\u00e8s favorable, favorable ou d\u00e9favorable). Les avis Tr\u00e8s favorable et D\u00e9favorable sont obligatoirement motiv\u00e9s. Les avis tr\u00e8s favorable sont reconduits annuellement sauf exception motiv\u00e9e.<\/p>\n\n\n\n<p>Il est rappel\u00e9 aux acad\u00e9mies la n\u00e9cessit\u00e9 de publier chaque ann\u00e9e l\u2019anciennet\u00e9 moyenne dans le grade des promus au titre du pr\u00e9c\u00e9dent tableau d\u2019avancement.<\/p>\n\n\n\n<ul class=\"wp-block-list\">\n<li><strong>Sp\u00e9cificit\u00e9s en fonction de la situation de l\u2019agent\u00a0:<\/strong><\/li>\n<\/ul>\n\n\n\n<figure class=\"wp-block-table\"><table class=\"has-fixed-layout\"><thead><tr><th>Situation de l\u2019agent<\/th><th>Autorit\u00e9 comp\u00e9tente<\/th><\/tr><\/thead><tbody><tr><td>Affect\u00e9 \u00e0 Saint-Pierre-et-Miquelon<\/td><td>Rectrice de l\u2019acad\u00e9mie de Normandie<\/td><\/tr><tr><td>Affect\u00e9 \u00e0 Wallis-et-Futunaou mis \u00e0 disposition de la Nouvelle-Cal\u00e9donie \u00e0 compter du 1<sup>er&nbsp;<\/sup>f\u00e9vrier de l\u2019ann\u00e9e de l\u2019examen de la promotion<\/td><td>Rectrice \/ recteur de l\u2019acad\u00e9mie d\u2019origine<\/td><\/tr><tr><td>Mis \u00e0 disposition de la Nouvelle-Cal\u00e9donie suivi d\u2019une affectation en m\u00e9tropole ou dans un d\u00e9partement d\u2019outre-mer en f\u00e9vrier de l\u2019ann\u00e9e de l\u2019examen de la promotion<\/td><td>Vice-recteur de la Nouvelle-Cal\u00e9donie<\/td><\/tr><tr><td>Affect\u00e9 \u00e0 Wallis-et-Futuna suivie d\u2019une affectation en m\u00e9tropole ou dans un d\u00e9partement d\u2019outre-mer en f\u00e9vrier de l\u2019ann\u00e9e d\u2019examen de la promotion<\/td><td rowspan=\"5\">Ministre (DGRH B2-3 d\u00e9partement des personnels du second degr\u00e9 hors acad\u00e9mie)<\/td><\/tr><tr><td>Affect\u00e9 \u00e0 Wallis-et-Futuna dans les \u00e9tablissements d\u2019enseignement sup\u00e9rieur de Polyn\u00e9sie fran\u00e7aise et Nouvelle-Cal\u00e9donie<\/td><\/tr><tr><td>D\u00e9tach\u00e9 dans l\u2019enseignement sup\u00e9rieur (\u00e0 l\u2019exception des agents d\u00e9tach\u00e9s en qualit\u00e9 d\u2019attach\u00e9 temporaire d&rsquo;enseignement et de recherche [Ater])&nbsp;<\/td><\/tr><tr><td>D\u00e9tach\u00e9 \u00e0 l\u2019\u00e9tranger,ou aupr\u00e8s d\u2019une administration \/ d\u2019un organisme en France&nbsp;<\/td><\/tr><tr><td>Mis \u00e0 disposition \u00e0 temps complet<\/td><\/tr><\/tbody><\/table><\/figure>\n\n\n\n<ul class=\"wp-block-list\">\n<li><strong>Sp\u00e9cificit\u00e9s pour le corps des professeurs d\u2019enseignement g\u00e9n\u00e9ral de coll\u00e8ge<\/strong><\/li>\n<\/ul>\n\n\n\n<p>Les autorit\u00e9s comp\u00e9tentes pour les tableaux d\u2019avancement relatif au corps des professeurs d\u2019enseignement g\u00e9n\u00e9ral de coll\u00e8ge sont les suivantes&nbsp;:&nbsp;<\/p>\n\n\n\n<figure class=\"wp-block-table\"><table class=\"has-fixed-layout\"><thead><tr><th>Situation de l\u2019agent<\/th><th>Autorit\u00e9 comp\u00e9tente<\/th><\/tr><\/thead><tbody><tr><td>Professeurs d&rsquo;enseignement g\u00e9n\u00e9ral de coll\u00e8ge (PEGC) d\u00e9tach\u00e9s, ou affect\u00e9s dans les \u00e9coles europ\u00e9ennes, \u00e0 Mayotte, \u00e0 Wallis-et-Futuna, \u00e0 Saint-Pierre-et-Miquelon, en principaut\u00e9 d&rsquo;Andorre, ou mis \u00e0 disposition de la Polyn\u00e9sie fran\u00e7aise, de la Nouvelle-Cal\u00e9donie<\/td><td>Rectrice \/ recteur d\u2019acad\u00e9mie qui a en charge la gestion de l\u2019agent(pour les PEGC d\u00e9tach\u00e9s&nbsp;leur promotion \u00e0 la hors-classe s&rsquo;effectue sur les contingents attribu\u00e9s \u00e0 leur acad\u00e9mie d&rsquo;origine.)<\/td><\/tr><tr><td>Ceux dont la mise \u00e0 disposition de la Nouvelle-Cal\u00e9donie ou l&rsquo;affectation \u00e0 Wallis-et-Futuna prend effet en f\u00e9vrier&nbsp;2026&nbsp;<\/td><td>Rectrice \/ recteur de l\u2019acad\u00e9mie d\u2019origine<\/td><\/tr><\/tbody><\/table><\/figure>\n\n\n\n<p>Les tableaux d\u2019avancement annuels pr\u00e9cisent la part respective des femmes et des hommes dans le vivier des agents promouvables.<\/p>\n\n\n\n<p>Afin de permettre \u00e0 la DGRH d\u2019op\u00e9rer le bilan annuel de la mise en \u0153uvre des LDG minist\u00e9rielle qui est pr\u00e9sent\u00e9 au comit\u00e9 social d\u2019administration minist\u00e9riel, les rectrices et recteurs d\u2019acad\u00e9mie veilleront \u00e0 terminer leurs op\u00e9rations dans un d\u00e9lai permettant le respect des liaisons informatiques \u00e9voqu\u00e9es en annexe.<\/p>\n\n\n\n<h2 class=\"wp-block-heading\" id=\"edugouv-summary-item-1\">II. Les listes d\u2019aptitude<\/h2>\n\n\n\n<p>Le ministre de l\u2019\u00c9ducation nationale est comp\u00e9tent pour \u00e9tablir les listes d\u2019aptitude annuelles suivantes&nbsp;:<\/p>\n\n\n\n<ul class=\"wp-block-list\">\n<li>la liste d\u2019aptitude\u00a0d\u2019acc\u00e8sdes charg\u00e9s d\u2019enseignement d\u2019\u00e9ducation physique et sportive (EPS) au corps des professeurs d\u2019\u00e9ducation physique et sportive ( Peps)\u00a0;<\/li>\n\n\n\n<li>la liste d\u2019aptitude\u00a0d\u2019acc\u00e8sau corps des professeurs agr\u00e9g\u00e9s\u00a0;<\/li>\n\n\n\n<li>la liste d\u2019aptitude d\u2019acc\u00e8s au corps des professeurs de chaires sup\u00e9rieures.<\/li>\n<\/ul>\n\n\n\n<p>Les rectrices et recteurs sont comp\u00e9tents pour examiner l\u2019ensemble des dossiers des agents affect\u00e9s dans leur acad\u00e9mie et ayant d\u00e9pos\u00e9 une candidature pour \u00eatre inscrits sur les listes d\u2019aptitude.<\/p>\n\n\n\n<h3 class=\"wp-block-heading\" id=\"edugouv-summary-item-2\">II.1. La liste d\u2019aptitude pour l\u2019acc\u00e8s des charg\u00e9s d\u2019enseignement d\u2019EPS au corps des Peps<\/h3>\n\n\n\n<h4 class=\"wp-block-heading\">II.1.1. Les conditions de promouvabilit\u00e9 et de candidature&nbsp;:&nbsp;<\/h4>\n\n\n\n<p>Les candidats doivent&nbsp;:<\/p>\n\n\n\n<ul class=\"wp-block-list\">\n<li>justifier, au 1er\u00a0octobre de l&rsquo;ann\u00e9e scolaire au titre de laquelle sont \u00e9tablies les listes d&rsquo;aptitude (soit au 1er\u00a0octobre\u00a02026), de cinq\u00a0ans de services publics\u00a0;<\/li>\n\n\n\n<li>\u00eatre titulaire de la licence en sciences et techniques des activit\u00e9s physiques et sportives ou de l&rsquo;examen probatoire du certificat d&rsquo;aptitude au professorat d&rsquo;EPS.<\/li>\n<\/ul>\n\n\n\n<p>Peuvent candidater&nbsp;:&nbsp;<\/p>\n\n\n\n<ul class=\"wp-block-list\">\n<li>les personnels affect\u00e9s dans l&rsquo;enseignement secondaire ou dans l&rsquo;enseignement sup\u00e9rieur\u00a0;<\/li>\n\n\n\n<li>les personnels d\u00e9tach\u00e9s dans l\u2019enseignement sup\u00e9rieur, aupr\u00e8s d\u2019une administration ou aupr\u00e8s d&rsquo;un organisme implant\u00e9 en France ou \u00e0 l\u2019\u00e9tranger\u00a0;<\/li>\n\n\n\n<li>les personnels mis \u00e0 disposition.<\/li>\n<\/ul>\n\n\n\n<h4 class=\"wp-block-heading\">II.1.2. La constitution du dossier de candidature&nbsp;:&nbsp;<\/h4>\n\n\n\n<p>Les candidats doivent&nbsp;transmettre leur dossier (acte de candidature et pi\u00e8ces justificatives) par la voie hi\u00e9rarchique aux rectrices et recteurs comp\u00e9tents (cf.&nbsp;partie&nbsp;I).<\/p>\n\n\n\n<p>Les personnels en position de d\u00e9tachement en France et \u00e0 l&rsquo;\u00e9tranger doivent transmettre leur candidature au d\u00e9partement DGRH&nbsp;B2-3.<\/p>\n\n\n\n<h4 class=\"wp-block-heading\">II.1.3. Les propositions d\u2019inscription sur la liste d\u2019aptitude<\/h4>\n\n\n\n<p>Les rectrices et recteurs transmettent au d\u00e9partement DGRH&nbsp;B2-2 leurs propositions d\u2019inscription sur la liste d\u2019aptitude par ordre de bar\u00e8me d\u00e9croissant (10&nbsp;points par \u00e9chelon sur la base de l\u2019\u00e9chelon atteint au 31&nbsp;ao\u00fbt de l\u2019ann\u00e9e d\u2019\u00e9tablissement de la liste d\u2019aptitude).<\/p>\n\n\n\n<p>En cas d&rsquo;absence de candidature, les rectrices et recteurs veilleront \u00e0 adresser par courriel au d\u00e9partement DGRH&nbsp;B2-2 un document pr\u00e9cisant \u00ab&nbsp;\u00c9tat n\u00e9ant&nbsp;\u00bb.&nbsp;<\/p>\n\n\n\n<p>En cas d\u2019avis d\u00e9favorable \u00e0 une candidature, un document \u00e0 part pr\u00e9cisera le motif du refus.<\/p>\n\n\n\n<h4 class=\"wp-block-heading\">II.1.4. La publication des r\u00e9sultats<\/h4>\n\n\n\n<p>Les r\u00e9sultats seront communiqu\u00e9s sur le syst\u00e8me d&rsquo;information et d&rsquo;aide aux promotions (Siap) conform\u00e9ment au calendrier figurant en annexe&nbsp;:&nbsp;<\/p>\n\n\n\n<figure class=\"wp-block-embed\"><div class=\"wp-block-embed__wrapper\">\nhttps:\/\/www.education.gouv.fr\/resultats-des-operations-de-promotion-des-personnels-enseignants-d-education-et-d-orientation-siap-7592\n<\/div><\/figure>\n\n\n\n<h3 class=\"wp-block-heading\" id=\"edugouv-summary-item-3\">II.2. La liste d\u2019aptitude pour l\u2019acc\u00e8s au corps des professeurs agr\u00e9g\u00e9s<\/h3>\n\n\n\n<h4 class=\"wp-block-heading\">II.2.1. Les conditions de promouvabilit\u00e9 et la constitution du dossier de candidature&nbsp;:<\/h4>\n\n\n\n<p>La liste d\u2019aptitude est ouverte aux professeurs certifi\u00e9s, professeurs de lyc\u00e9e professionnel (PLP) et Peps \u00e2g\u00e9s de 40&nbsp;ans au moins et justifiant de dix&nbsp;ann\u00e9es de services effectifs d&rsquo;enseignement, dont cinq ans dans leur corps.<\/p>\n\n\n\n<p>Les personnels remplissant ces conditions, qu\u2019ils soient affect\u00e9s dans l&rsquo;enseignement secondaire ou dans l&rsquo;enseignement sup\u00e9rieur, doivent faire acte de candidature et d\u00e9poser un dossier uniquement via le portail I-Prof&nbsp;<a href=\"https:\/\/www.education.gouv.fr\/i-prof-l-assistant-carriere-12194\" target=\"_blank\" rel=\"noreferrer noopener\">https:\/\/www.education.gouv.fr\/i-prof-l-assistant-carriere-12194<\/a>.<\/p>\n\n\n\n<p>Les donn\u00e9es qualitatives que le candidat saisit dans le menu \u00ab&nbsp;Votre CV&nbsp;\u00bb alimentent automatiquement le CV sp\u00e9cifique de candidature \u00e0 la liste d&rsquo;aptitude, pr\u00e9vu par l&rsquo;arr\u00eat\u00e9 du 15&nbsp;octobre&nbsp;1999 modifi\u00e9 pr\u00e9cisant le contenu des candidatures pour l\u2019acc\u00e8s au corps des professeurs agr\u00e9g\u00e9s.<\/p>\n\n\n\n<p>Les agents qui ont compl\u00e9t\u00e9 et valid\u00e9 leur CV ainsi que leur lettre de motivation re\u00e7oivent un accus\u00e9 de r\u00e9ception dans leur messagerie I-Prof d\u00e8s la validation de leur candidature.<\/p>\n\n\n\n<h4 class=\"wp-block-heading\">II.2.2. Les personnels hors acad\u00e9mie<\/h4>\n\n\n\n<p>\/!\\ Les personnels g\u00e9r\u00e9s par le d\u00e9partement DGRH&nbsp;B2-3 doivent compl\u00e9ter leur dossier et faire acte de candidature via le portail I-Prof \u00e0 partir du menu \u00ab&nbsp;Vous \u00eates enseignant du second degr\u00e9 hors acad\u00e9mie&nbsp;\u00bb en cliquant ensuite sur \u00ab&nbsp;Vous acc\u00e9dez \u00e0 I-Prof via un serveur d\u00e9di\u00e9&nbsp;\u00bb.<\/p>\n\n\n\n<p>Ils doivent ensuite faire parvenir \u00e0 ce d\u00e9partement, au plus tard \u00e0 la date fix\u00e9e dans le calendrier en annexe<strong>,<\/strong> la fiche d&rsquo;avis d\u00fbment renseign\u00e9e et vis\u00e9e par leur sup\u00e9rieur hi\u00e9rarchique.<\/p>\n\n\n\n<p>Cette fiche est t\u00e9l\u00e9chargeable via Siap \u00e0 l&rsquo;adresse suivante&nbsp;: <a href=\"https:\/\/www.education.gouv.fr\/personnels-enseignants-d-education-et-d-orientation-s-inscrire-pour-une-promotion-siap-11696\" target=\"_blank\" rel=\"noreferrer noopener\">https:\/\/www.education.gouv.fr\/personnels-enseignants-d-education-et-d-orientation-s-inscrire-pour-une-promotion-siap-11696<\/a>.<\/p>\n\n\n\n<p>La fiche d\u2019avis des personnels affect\u00e9s \u00e0 Wallis-et-Futuna relevant du d\u00e9partement DGRH&nbsp;B2-3 (cf.&nbsp;I supra) doit quant \u00e0 elle \u00eatre pr\u00e9alablement vis\u00e9e par le chef d\u2019\u00e9tablissement et la vice-rectrice de Wallis-et-Futuna avant transmission au d\u00e9partement B2-3.<\/p>\n\n\n\n<h4 class=\"wp-block-heading\">II.2.3. Le recueil des avis et les propositions d\u2019inscription sur la liste d\u2019aptitude<\/h4>\n\n\n\n<p>Les inspecteurs comp\u00e9tents et les chefs d\u2019\u00e9tablissement formulent leur avis, pour chacun des agents promouvables, via l&rsquo;application I-Prof.<\/p>\n\n\n\n<p>Les rectrices et recteurs transmettent,&nbsp;rev\u00eatues de leur signature,&nbsp;leurs propositions d\u2019inscription sur la liste d\u2019aptitude d\u2019acc\u00e8s au corps des professeurs agr\u00e9g\u00e9s par courriel et par liaison informatique au d\u00e9partement DGRH&nbsp;B2-2 au plus tard \u00e0 la date fix\u00e9e dans le calendrier en annexe.<\/p>\n\n\n\n<p>Les propositions d\u2019inscription sur la liste d\u2019aptitude doivent \u00eatre class\u00e9es par discipline d&rsquo;accueil et, dans chaque discipline, par ordre pr\u00e9f\u00e9rentiel. Les&nbsp;rectrices et recteurs veillent&nbsp;\u00e0 renseigner, sur la fiche de candidature de l\u2019agent, le rang de classement retenu et la motivation associ\u00e9e.<\/p>\n\n\n\n<p>Tous les dossiers propos\u00e9s par les rectrices et recteurs sont transmis pour avis \u00e0 l\u2019inspection g\u00e9n\u00e9rale de l\u2019\u00e9ducation, du sport et de la recherche (IG\u00c9SR).<\/p>\n\n\n\n<h4 class=\"wp-block-heading\">II.2.4. La publication des r\u00e9sultats<\/h4>\n\n\n\n<p>La liste d\u2019aptitude pour l\u2019acc\u00e8s au corps des professeurs agr\u00e9g\u00e9s est \u00e9tablie par le ministre de l\u2019\u00c9ducation nationale, apr\u00e8s avis de la cheffe de l\u2019IG\u00c9SR, par discipline et par ordre de m\u00e9rite.<\/p>\n\n\n\n<p>Les r\u00e9sultats sont communiqu\u00e9s via Siap conform\u00e9ment au calendrier figurant en annexe&nbsp;:&nbsp;<\/p>\n\n\n\n<figure class=\"wp-block-embed\"><div class=\"wp-block-embed__wrapper\">\nhttps:\/\/www.education.gouv.fr\/resultats-des-operations-de-promotion-des-personnels-enseignants-d-education-et-d-orientation-siap-7592\n<\/div><\/figure>\n\n\n\n<h3 class=\"wp-block-heading\" id=\"edugouv-summary-item-4\">II.3. La liste d\u2019aptitude d\u2019acc\u00e8s au corps des professeurs de chaires sup\u00e9rieures<\/h3>\n\n\n\n<h4 class=\"wp-block-heading\">II.3.1. Les conditions de promouvabilit\u00e9 et la constitution du dossier de candidature<\/h4>\n\n\n\n<p>L\u2019acc\u00e8s au corps des professeurs de chaires sup\u00e9rieures se fait uniquement par voie d\u2019inscription sur une liste d\u2019aptitude, apr\u00e8s examen d\u2019un dossier de candidature.<\/p>\n\n\n\n<p>Peuvent se porter candidats les membres du corps des professeurs agr\u00e9g\u00e9s de l&rsquo;enseignement du second&nbsp;degr\u00e9. Les professeurs agr\u00e9g\u00e9s de classe normale de l&rsquo;enseignement du second&nbsp;degr\u00e9 doivent \u00eatre parvenus au 6<sup>e<\/sup>&nbsp;\u00e9chelon de leur grade au 1<sup>er<\/sup>&nbsp;septembre de l&rsquo;ann\u00e9e scolaire au titre de laquelle est \u00e9tablie la liste d&rsquo;aptitude.<\/p>\n\n\n\n<p>En outre, pour \u00eatre promouvable, tout professeur agr\u00e9g\u00e9 doit avoir assur\u00e9 pendant au moins deux&nbsp;ann\u00e9es scolaires, dans une classe pr\u00e9paratoire aux grandes \u00e9coles, un service hebdomadaire de cinq&nbsp;heures dans une m\u00eame division ou un service de six&nbsp;heures r\u00e9parties sur plusieurs divisions, deux de ces divisions au moins correspondant \u00e0 des programmes d&rsquo;enseignement diff\u00e9rents.<\/p>\n\n\n\n<p>Les professeurs agr\u00e9g\u00e9s remplissant les conditions statutaires de promouvabilit\u00e9 re\u00e7oivent un message via I-prof.<\/p>\n\n\n\n<p>Pour la campagne&nbsp;2026, les candidatures sont \u00e0 d\u00e9poser dans le respect du calendrier figurant en annexe et exclusivement sur la plateforme D\u00e9marches num\u00e9riques&nbsp;:<\/p>\n\n\n\n<figure class=\"wp-block-embed\"><div class=\"wp-block-embed__wrapper\">\nhttps:\/\/demarche.numerique.gouv.fr\/commencer\/liste-d-aptitude-d-acces-au-corps-des-professeurs-2026\n<\/div><\/figure>\n\n\n\n<h4 class=\"wp-block-heading\">II.3.2. L\u2019examen des candidatures et la publication des r\u00e9sultats<\/h4>\n\n\n\n<p>Tous les dossiers de candidatures complets et d\u00e9clar\u00e9s recevables sont transmis pour avis \u00e0 l\u2019IG\u00c9SR.<\/p>\n\n\n\n<p>La liste d\u2019aptitude pour l\u2019acc\u00e8s au corps des professeurs de chaires sup\u00e9rieures est \u00e9tablie par le ministre de l\u2019\u00e9ducation nationale, apr\u00e8s avis de la cheffe de l\u2019IG\u00c9SR, par ordre de m\u00e9rite et par discipline.<\/p>\n\n\n\n<p>Les r\u00e9sultats sont communiqu\u00e9s via Siap conform\u00e9ment au calendrier figurant en annexe&nbsp;:&nbsp;<a href=\"https:\/\/www.education.gouv.fr\/resultats-des-operations-de-promotion-des-personnels-enseignants-d-education-et-d-orientation-siap-7592\" target=\"_blank\" rel=\"noreferrer noopener\">https:\/\/www.education.gouv.fr\/resultats-des-operations-de-promotion-des-personnels-enseignants-d-education-et-d-orientation-siap-7592<\/a>&nbsp;<\/p>\n\n\n\n<p>Pour le ministre de l\u2019\u00c9ducation nationale, et par d\u00e9l\u00e9gation,<br>Le directeur g\u00e9n\u00e9ral des ressources humaines,<br>Christophe Gehin<\/p>\n\n\n\n<h2 class=\"wp-block-heading\">Annexe(s)<\/h2>\n\n\n\n<p><a href=\"https:\/\/www.education.gouv.fr\/sites\/default\/files\/perso543_annexe_v3.pdf\" target=\"_blank\" rel=\"noreferrer noopener\">Annexe \u2013 Calendrier de la campagne 2026 d&rsquo;avancement et de promotion de corps des personnels enseignants du second degr\u00e9<\/a><\/p>\n","protected":false},"excerpt":{"rendered":"<p>https:\/\/www.education.gouv.fr\/bo\/2026\/Hebdo1\/MENH2535543N Campagne d\u2019avancement et de promotion de corps des personnels enseignants du second degr\u00e9 au titre de l\u2019ann\u00e9e 2026 NOR : MENH2535543N Note de service du 15-12-2025 MEN \u2013 DGRH [&hellip;]<\/p>\n","protected":false},"author":1,"featured_media":0,"comment_status":"closed","ping_status":"closed","sticky":false,"template":"","format":"standard","meta":{"_lmt_disableupdate":"","_lmt_disable":"","site-sidebar-layout":"default","site-content-layout":"","ast-site-content-layout":"default","site-content-style":"default","site-sidebar-style":"default","ast-global-header-display":"","ast-banner-title-visibility":"","ast-main-header-display":"","ast-hfb-above-header-display":"","ast-hfb-below-header-display":"","ast-hfb-mobile-header-display":"","site-post-title":"","ast-breadcrumbs-content":"","ast-featured-img":"","footer-sml-layout":"","ast-disable-related-posts":"","theme-transparent-header-meta":"","adv-header-id-meta":"","stick-header-meta":"","header-above-stick-meta":"","header-main-stick-meta":"","header-below-stick-meta":"","astra-migrate-meta-layouts":"set","ast-page-background-enabled":"default","ast-page-background-meta":{"desktop":{"background-color":"var(--ast-global-color-4)","background-image":"","background-repeat":"repeat","background-position":"center center","background-size":"auto","background-attachment":"scroll","background-type":"","background-media":"","overlay-type":"","overlay-color":"","overlay-opacity":"","overlay-gradient":""},"tablet":{"background-color":"","background-image":"","background-repeat":"repeat","background-position":"center center","background-size":"auto","background-attachment":"scroll","background-type":"","background-media":"","overlay-type":"","overlay-color":"","overlay-opacity":"","overlay-gradient":""},"mobile":{"background-color":"","background-image":"","background-repeat":"repeat","background-position":"center center","background-size":"auto","background-attachment":"scroll","background-type":"","background-media":"","overlay-type":"","overlay-color":"","overlay-opacity":"","overlay-gradient":""}},"ast-content-background-meta":{"desktop":{"background-color":"var(--ast-global-color-5)","background-image":"","background-repeat":"repeat","background-position":"center center","background-size":"auto","background-attachment":"scroll","background-type":"","background-media":"","overlay-type":"","overlay-color":"","overlay-opacity":"","overlay-gradient":""},"tablet":{"background-color":"var(--ast-global-color-5)","background-image":"","background-repeat":"repeat","background-position":"center center","background-size":"auto","background-attachment":"scroll","background-type":"","background-media":"","overlay-type":"","overlay-color":"","overlay-opacity":"","overlay-gradient":""},"mobile":{"background-color":"var(--ast-global-color-5)","background-image":"","background-repeat":"repeat","background-position":"center center","background-size":"auto","background-attachment":"scroll","background-type":"","background-media":"","overlay-type":"","overlay-color":"","overlay-opacity":"","overlay-gradient":""}},"footnotes":""},"categories":[42,24],"tags":[],"class_list":["post-4785","post","type-post","status-publish","format-standard","hentry","category-actualites-2025-2026","category-parcours-carriere"],"modified_by":"slecourtier","_links":{"self":[{"href":"https:\/\/snalc.org\/snalc2023\/index.php?rest_route=\/wp\/v2\/posts\/4785","targetHints":{"allow":["GET"]}}],"collection":[{"href":"https:\/\/snalc.org\/snalc2023\/index.php?rest_route=\/wp\/v2\/posts"}],"about":[{"href":"https:\/\/snalc.org\/snalc2023\/index.php?rest_route=\/wp\/v2\/types\/post"}],"author":[{"embeddable":true,"href":"https:\/\/snalc.org\/snalc2023\/index.php?rest_route=\/wp\/v2\/users\/1"}],"replies":[{"embeddable":true,"href":"https:\/\/snalc.org\/snalc2023\/index.php?rest_route=%2Fwp%2Fv2%2Fcomments&post=4785"}],"version-history":[{"count":1,"href":"https:\/\/snalc.org\/snalc2023\/index.php?rest_route=\/wp\/v2\/posts\/4785\/revisions"}],"predecessor-version":[{"id":4786,"href":"https:\/\/snalc.org\/snalc2023\/index.php?rest_route=\/wp\/v2\/posts\/4785\/revisions\/4786"}],"wp:attachment":[{"href":"https:\/\/snalc.org\/snalc2023\/index.php?rest_route=%2Fwp%2Fv2%2Fmedia&parent=4785"}],"wp:term":[{"taxonomy":"category","embeddable":true,"href":"https:\/\/snalc.org\/snalc2023\/index.php?rest_route=%2Fwp%2Fv2%2Fcategories&post=4785"},{"taxonomy":"post_tag","embeddable":true,"href":"https:\/\/snalc.org\/snalc2023\/index.php?rest_route=%2Fwp%2Fv2%2Ftags&post=4785"}],"curies":[{"name":"wp","href":"https:\/\/api.w.org\/{rel}","templated":true}]}}