{"id":4787,"date":"2026-01-08T19:28:27","date_gmt":"2026-01-08T18:28:27","guid":{"rendered":"https:\/\/snalc.org\/snalc2023\/?p=4787"},"modified":"2026-01-08T19:28:31","modified_gmt":"2026-01-08T18:28:31","slug":"au-bo-8-1-mobilite-st-pierre-et-miquelon-et-monaco-la-agreges-prive","status":"publish","type":"post","link":"https:\/\/snalc.org\/snalc2023\/?p=4787","title":{"rendered":"Au BO 8\/1 Mobilit\u00e9 St Pierre et Miquelon et Monaco + LA agr\u00e9g\u00e9s (priv\u00e9)"},"content":{"rendered":"\n<figure class=\"wp-block-table\"><table class=\"has-fixed-layout\"><tbody><tr><td>Personnels<\/td><\/tr><tr><td><a href=\"https:\/\/www.education.gouv.fr\/bo\/2026\/Hebdo2\/MENH2531064N\">Mobilit\u00e9 des personnels du second degr\u00e9<\/a> Affectation des personnels enseignants, d\u2019\u00e9ducation et des psychologues de l\u2019\u00e9ducation nationale \u00e0 Saint-Pierre-et-Miquelon \u2013 Rentr\u00e9e scolaire 2026 Note de service du 9-12-2025 (<a href=\"https:\/\/www.education.gouv.fr\/bo\/2026\/Hebdo2\/MENH2531064N\">NOR : MENH2531064N <\/a>) <br><br><a href=\"https:\/\/www.education.gouv.fr\/bo\/2026\/Hebdo2\/MENF2533013N\">Liste d&rsquo;aptitude<\/a> Acc\u00e8s des ma\u00eetres contractuels ou agr\u00e9\u00e9s des \u00e9tablissements d&rsquo;enseignement priv\u00e9s sous contrat \u00e0 l&rsquo;\u00e9chelle de r\u00e9mun\u00e9ration des professeurs agr\u00e9g\u00e9s Note de service du 10-12-2025 (<a href=\"https:\/\/www.education.gouv.fr\/bo\/2026\/Hebdo2\/MENF2533013N\">NOR : MENF2533013N<\/a>) <br><br><a href=\"https:\/\/www.education.gouv.fr\/bo\/2026\/Hebdo2\/MENH2534706N\">Mouvement<\/a> D\u00e9p\u00f4t et instruction des candidatures \u00e0 un poste dans les \u00e9tablissements d&rsquo;enseignement secondaire de la principaut\u00e9 de Monaco \u2013 Ann\u00e9e scolaire 2026-2027 Note de service du 18-12-2025 (<a href=\"https:\/\/www.education.gouv.fr\/bo\/2026\/Hebdo2\/MENH2534706N\">NOR : MENH2534706N<\/a>)<\/td><\/tr><\/tbody><\/table><\/figure>\n","protected":false},"excerpt":{"rendered":"<p>Personnels Mobilit\u00e9 des personnels du second degr\u00e9 Affectation des personnels enseignants, d\u2019\u00e9ducation et des psychologues de l\u2019\u00e9ducation nationale \u00e0 Saint-Pierre-et-Miquelon \u2013 Rentr\u00e9e scolaire 2026 Note de service du 9-12-2025 (NOR [&hellip;]<\/p>\n","protected":false},"author":1,"featured_media":0,"comment_status":"closed","ping_status":"closed","sticky":false,"template":"","format":"standard","meta":{"_lmt_disableupdate":"","_lmt_disable":"","site-sidebar-layout":"default","site-content-layout":"","ast-site-content-layout":"default","site-content-style":"default","site-sidebar-style":"default","ast-global-header-display":"","ast-banner-title-visibility":"","ast-main-header-display":"","ast-hfb-above-header-display":"","ast-hfb-below-header-display":"","ast-hfb-mobile-header-display":"","site-post-title":"","ast-breadcrumbs-content":"","ast-featured-img":"","footer-sml-layout":"","ast-disable-related-posts":"","theme-transparent-header-meta":"","adv-header-id-meta":"","stick-header-meta":"","header-above-stick-meta":"","header-main-stick-meta":"","header-below-stick-meta":"","astra-migrate-meta-layouts":"set","ast-page-background-enabled":"default","ast-page-background-meta":{"desktop":{"background-color":"var(--ast-global-color-4)","background-image":"","background-repeat":"repeat","background-position":"center center","background-size":"auto","background-attachment":"scroll","background-type":"","background-media":"","overlay-type":"","overlay-color":"","overlay-opacity":"","overlay-gradient":""},"tablet":{"background-color":"","background-image":"","background-repeat":"repeat","background-position":"center center","background-size":"auto","background-attachment":"scroll","background-type":"","background-media":"","overlay-type":"","overlay-color":"","overlay-opacity":"","overlay-gradient":""},"mobile":{"background-color":"","background-image":"","background-repeat":"repeat","background-position":"center center","background-size":"auto","background-attachment":"scroll","background-type":"","background-media":"","overlay-type":"","overlay-color":"","overlay-opacity":"","overlay-gradient":""}},"ast-content-background-meta":{"desktop":{"background-color":"var(--ast-global-color-5)","background-image":"","background-repeat":"repeat","background-position":"center center","background-size":"auto","background-attachment":"scroll","background-type":"","background-media":"","overlay-type":"","overlay-color":"","overlay-opacity":"","overlay-gradient":""},"tablet":{"background-color":"var(--ast-global-color-5)","background-image":"","background-repeat":"repeat","background-position":"center center","background-size":"auto","background-attachment":"scroll","background-type":"","background-media":"","overlay-type":"","overlay-color":"","overlay-opacity":"","overlay-gradient":""},"mobile":{"background-color":"var(--ast-global-color-5)","background-image":"","background-repeat":"repeat","background-position":"center center","background-size":"auto","background-attachment":"scroll","background-type":"","background-media":"","overlay-type":"","overlay-color":"","overlay-opacity":"","overlay-gradient":""}},"footnotes":""},"categories":[42],"tags":[],"class_list":["post-4787","post","type-post","status-publish","format-standard","hentry","category-actualites-2025-2026"],"modified_by":"slecourtier","_links":{"self":[{"href":"https:\/\/snalc.org\/snalc2023\/index.php?rest_route=\/wp\/v2\/posts\/4787","targetHints":{"allow":["GET"]}}],"collection":[{"href":"https:\/\/snalc.org\/snalc2023\/index.php?rest_route=\/wp\/v2\/posts"}],"about":[{"href":"https:\/\/snalc.org\/snalc2023\/index.php?rest_route=\/wp\/v2\/types\/post"}],"author":[{"embeddable":true,"href":"https:\/\/snalc.org\/snalc2023\/index.php?rest_route=\/wp\/v2\/users\/1"}],"replies":[{"embeddable":true,"href":"https:\/\/snalc.org\/snalc2023\/index.php?rest_route=%2Fwp%2Fv2%2Fcomments&post=4787"}],"version-history":[{"count":1,"href":"https:\/\/snalc.org\/snalc2023\/index.php?rest_route=\/wp\/v2\/posts\/4787\/revisions"}],"predecessor-version":[{"id":4788,"href":"https:\/\/snalc.org\/snalc2023\/index.php?rest_route=\/wp\/v2\/posts\/4787\/revisions\/4788"}],"wp:attachment":[{"href":"https:\/\/snalc.org\/snalc2023\/index.php?rest_route=%2Fwp%2Fv2%2Fmedia&parent=4787"}],"wp:term":[{"taxonomy":"category","embeddable":true,"href":"https:\/\/snalc.org\/snalc2023\/index.php?rest_route=%2Fwp%2Fv2%2Fcategories&post=4787"},{"taxonomy":"post_tag","embeddable":true,"href":"https:\/\/snalc.org\/snalc2023\/index.php?rest_route=%2Fwp%2Fv2%2Ftags&post=4787"}],"curies":[{"name":"wp","href":"https:\/\/api.w.org\/{rel}","templated":true}]}}