{"id":4789,"date":"2026-01-08T19:32:19","date_gmt":"2026-01-08T18:32:19","guid":{"rendered":"https:\/\/snalc.org\/snalc2023\/?p=4789"},"modified":"2026-01-08T19:32:23","modified_gmt":"2026-01-08T18:32:23","slug":"les-actualites-du-snalc-national-8-janvier-2026","status":"publish","type":"post","link":"https:\/\/snalc.org\/snalc2023\/?p=4789","title":{"rendered":"Les Actualit\u00e9s du Snalc national 8 janvier 2026"},"content":{"rendered":"\n<h1 class=\"wp-block-heading\">Les Actualit\u00e9s<\/h1>\n\n\n\n<p><a href=\"https:\/\/snalc.fr\/tableaux-traitements\/\"><\/a><\/p>\n\n\n\n<h3 class=\"wp-block-heading\"><a href=\"https:\/\/snalc.fr\/tableaux-traitements\/\">Tableaux des traitements dans l\u2019\u00c9ducation nationale<\/a><\/h3>\n\n\n\n<p>8 janvier 2026<\/p>\n\n\n\n<p>Traitement brut Traitement net Heures sup &amp; prime Grenelle TRAITEMENT BRUT AU 1er JANVIER 2026 Avec la revalorisation annuelle du SMIC au 1\/01\/2026, le salaire<\/p>\n\n\n\n<p><a href=\"https:\/\/snalc.fr\/tableaux-traitements\/\" target=\"_blank\" rel=\"noreferrer noopener\">Lire la suite \u00bb <\/a><a href=\"https:\/\/snalc.fr\/un-statut-de-fonctionnaire-pour-les-aesh-cest-non-pour-le-senat-mais\/\"><\/a><\/p>\n\n\n\n<h3 class=\"wp-block-heading\"><a href=\"https:\/\/snalc.fr\/un-statut-de-fonctionnaire-pour-les-aesh-cest-non-pour-le-senat-mais\/\">Un statut de fonctionnaire pour les AESH&nbsp;: c\u2019est non pour le S\u00e9nat, mais\u2026<\/a><\/h3>\n\n\n\n<p>8 janvier 2026<\/p>\n\n\n\n<p>La proposition de loi visant \u00e0 cr\u00e9er un statut de fonctionnaire de cat\u00e9gorie B pour les AESH a \u00e9t\u00e9 rejet\u00e9e par le S\u00e9nat, mercredi 7<\/p>\n\n\n\n<p><a href=\"https:\/\/snalc.fr\/un-statut-de-fonctionnaire-pour-les-aesh-cest-non-pour-le-senat-mais\/\" target=\"_blank\" rel=\"noreferrer noopener\">Lire la suite \u00bb <\/a><a href=\"https:\/\/snalc.fr\/groupes-college-cr-7-janvier-2026\/\"><\/a><\/p>\n\n\n\n<h3 class=\"wp-block-heading\"><a href=\"https:\/\/snalc.fr\/groupes-college-cr-7-janvier-2026\/\">Groupes au coll\u00e8ge&nbsp;: compte rendu du SNALC du 7 janvier 2026<\/a><\/h3>\n\n\n\n<p>7 janvier 2026<\/p>\n\n\n\n<p>Groupe de travail multilat\u00e9ral \u2013 Organisations repr\u00e9sentatives Compte rendu du SNALC du 7 janvier 2026 LE TH\u00c8ME Le groupe de travail portait sur le d\u00e9cret<\/p>\n\n\n\n<p><a href=\"https:\/\/snalc.fr\/groupes-college-cr-7-janvier-2026\/\" target=\"_blank\" rel=\"noreferrer noopener\">Lire la suite \u00bb <\/a><a href=\"https:\/\/snalc.fr\/bonne-annee-2026\/\"><\/a><\/p>\n\n\n\n<h3 class=\"wp-block-heading\"><a href=\"https:\/\/snalc.fr\/bonne-annee-2026\/\">Bonne ann\u00e9e 2026 !<\/a><\/h3>\n\n\n\n<p>5 janvier 2026<\/p>\n\n\n\n<p><a href=\"https:\/\/snalc.fr\/bonne-annee-2026\/\" target=\"_blank\" rel=\"noreferrer noopener\">Lire la suite \u00bb <\/a><a href=\"https:\/\/snalc.fr\/agreges-liste-aptitude\/\"><\/a><\/p>\n\n\n\n<h3 class=\"wp-block-heading\"><a href=\"https:\/\/snalc.fr\/agreges-liste-aptitude\/\">Acc\u00e8s au corps des professeurs agr\u00e9g\u00e9s par liste d\u2019aptitude<\/a><\/h3>\n\n\n\n<p>5 janvier 2026<\/p>\n\n\n\n<p>ACC\u00c8S AU CORPS DES PROFESSEURS AGR\u00c9G\u00c9S PAR VOIE DE LISTE D\u2019APTITUDE \u2013 2026 pour les professeurs certifi\u00e9s (dont documentalistes), PLP, professeurs d\u2019EPS Sommaire Comment concevoir<\/p>\n\n\n\n<p><a href=\"https:\/\/snalc.fr\/agreges-liste-aptitude\/\" target=\"_blank\" rel=\"noreferrer noopener\">Lire la suite \u00bb <\/a><a href=\"https:\/\/snalc.fr\/diminution-repetee-credits-cned\/\"><\/a><\/p>\n\n\n\n<h3 class=\"wp-block-heading\"><a href=\"https:\/\/snalc.fr\/diminution-repetee-credits-cned\/\">La diminution r\u00e9p\u00e9t\u00e9e des cr\u00e9dits du Cned inqui\u00e8te fortement les repr\u00e9sentants du personnel<\/a><\/h3>\n\n\n\n<p>19 d\u00e9cembre 2025<\/p>\n\n\n\n<p>Communiqu\u00e9 intersyndical du 18 d\u00e9cembre 2025 Budget de l\u2019\u00c9ducation : la diminution r\u00e9p\u00e9t\u00e9e des cr\u00e9dits du Cned inqui\u00e8te fortement les repr\u00e9sentants du personnel Lors de<\/p>\n\n\n\n<p><a href=\"https:\/\/snalc.fr\/diminution-repetee-credits-cned\/\" target=\"_blank\" rel=\"noreferrer noopener\">Lire la suite \u00bb<\/a><\/p>\n","protected":false},"excerpt":{"rendered":"<p>Les Actualit\u00e9s Tableaux des traitements dans l\u2019\u00c9ducation nationale 8 janvier 2026 Traitement brut Traitement net Heures sup &amp; prime Grenelle TRAITEMENT BRUT AU 1er JANVIER 2026 Avec la revalorisation annuelle [&hellip;]<\/p>\n","protected":false},"author":1,"featured_media":0,"comment_status":"closed","ping_status":"closed","sticky":false,"template":"","format":"standard","meta":{"_lmt_disableupdate":"","_lmt_disable":"","site-sidebar-layout":"default","site-content-layout":"","ast-site-content-layout":"default","site-content-style":"default","site-sidebar-style":"default","ast-global-header-display":"","ast-banner-title-visibility":"","ast-main-header-display":"","ast-hfb-above-header-display":"","ast-hfb-below-header-display":"","ast-hfb-mobile-header-display":"","site-post-title":"","ast-breadcrumbs-content":"","ast-featured-img":"","footer-sml-layout":"","ast-disable-related-posts":"","theme-transparent-header-meta":"","adv-header-id-meta":"","stick-header-meta":"","header-above-stick-meta":"","header-main-stick-meta":"","header-below-stick-meta":"","astra-migrate-meta-layouts":"set","ast-page-background-enabled":"default","ast-page-background-meta":{"desktop":{"background-color":"var(--ast-global-color-4)","background-image":"","background-repeat":"repeat","background-position":"center center","background-size":"auto","background-attachment":"scroll","background-type":"","background-media":"","overlay-type":"","overlay-color":"","overlay-opacity":"","overlay-gradient":""},"tablet":{"background-color":"","background-image":"","background-repeat":"repeat","background-position":"center center","background-size":"auto","background-attachment":"scroll","background-type":"","background-media":"","overlay-type":"","overlay-color":"","overlay-opacity":"","overlay-gradient":""},"mobile":{"background-color":"","background-image":"","background-repeat":"repeat","background-position":"center center","background-size":"auto","background-attachment":"scroll","background-type":"","background-media":"","overlay-type":"","overlay-color":"","overlay-opacity":"","overlay-gradient":""}},"ast-content-background-meta":{"desktop":{"background-color":"var(--ast-global-color-5)","background-image":"","background-repeat":"repeat","background-position":"center center","background-size":"auto","background-attachment":"scroll","background-type":"","background-media":"","overlay-type":"","overlay-color":"","overlay-opacity":"","overlay-gradient":""},"tablet":{"background-color":"var(--ast-global-color-5)","background-image":"","background-repeat":"repeat","background-position":"center center","background-size":"auto","background-attachment":"scroll","background-type":"","background-media":"","overlay-type":"","overlay-color":"","overlay-opacity":"","overlay-gradient":""},"mobile":{"background-color":"var(--ast-global-color-5)","background-image":"","background-repeat":"repeat","background-position":"center center","background-size":"auto","background-attachment":"scroll","background-type":"","background-media":"","overlay-type":"","overlay-color":"","overlay-opacity":"","overlay-gradient":""}},"footnotes":""},"categories":[42],"tags":[],"class_list":["post-4789","post","type-post","status-publish","format-standard","hentry","category-actualites-2025-2026"],"modified_by":"slecourtier","_links":{"self":[{"href":"https:\/\/snalc.org\/snalc2023\/index.php?rest_route=\/wp\/v2\/posts\/4789","targetHints":{"allow":["GET"]}}],"collection":[{"href":"https:\/\/snalc.org\/snalc2023\/index.php?rest_route=\/wp\/v2\/posts"}],"about":[{"href":"https:\/\/snalc.org\/snalc2023\/index.php?rest_route=\/wp\/v2\/types\/post"}],"author":[{"embeddable":true,"href":"https:\/\/snalc.org\/snalc2023\/index.php?rest_route=\/wp\/v2\/users\/1"}],"replies":[{"embeddable":true,"href":"https:\/\/snalc.org\/snalc2023\/index.php?rest_route=%2Fwp%2Fv2%2Fcomments&post=4789"}],"version-history":[{"count":1,"href":"https:\/\/snalc.org\/snalc2023\/index.php?rest_route=\/wp\/v2\/posts\/4789\/revisions"}],"predecessor-version":[{"id":4790,"href":"https:\/\/snalc.org\/snalc2023\/index.php?rest_route=\/wp\/v2\/posts\/4789\/revisions\/4790"}],"wp:attachment":[{"href":"https:\/\/snalc.org\/snalc2023\/index.php?rest_route=%2Fwp%2Fv2%2Fmedia&parent=4789"}],"wp:term":[{"taxonomy":"category","embeddable":true,"href":"https:\/\/snalc.org\/snalc2023\/index.php?rest_route=%2Fwp%2Fv2%2Fcategories&post=4789"},{"taxonomy":"post_tag","embeddable":true,"href":"https:\/\/snalc.org\/snalc2023\/index.php?rest_route=%2Fwp%2Fv2%2Ftags&post=4789"}],"curies":[{"name":"wp","href":"https:\/\/api.w.org\/{rel}","templated":true}]}}