{"id":4823,"date":"2026-01-15T16:35:53","date_gmt":"2026-01-15T15:35:53","guid":{"rendered":"https:\/\/snalc.org\/snalc2023\/?p=4823"},"modified":"2026-01-15T16:35:57","modified_gmt":"2026-01-15T15:35:57","slug":"retroactivite-des-indemnites-rep-rep-pour-les-aesh-et-aed-le-snalc-a-attaque-les-directives-ministerielles","status":"publish","type":"post","link":"https:\/\/snalc.org\/snalc2023\/?p=4823","title":{"rendered":"R\u00e9troactivit\u00e9 des indemnit\u00e9s REP\/REP+\u00a0pour les AESH et AED : le SNALC a attaqu\u00e9 les directives minist\u00e9rielles"},"content":{"rendered":"\n<figure class=\"wp-block-image\"><img decoding=\"async\" src=\"https:\/\/snalc.fr\/wp-content\/uploads\/argent_freepik.com_daniel-007_3888.jpg\" alt=\"\" class=\"wp-image-62387\"\/><figcaption class=\"wp-element-caption\">\u00a9 freepik.com_daniel-007_3888<\/figcaption><\/figure>\n\n\n\n<p><strong>Dans notre <a href=\"https:\/\/snalc.fr\/aesh-aed-rep-avant-2023\/\">article du 7 novembre 2025<\/a> relatif \u00e0 l\u2019instruction du minist\u00e8re de l\u2019\u00c9ducation nationale aux recteurs d\u2019appliquer la prescription quadriennale au versement r\u00e9troactif des indemnit\u00e9s REP\/REP+, nous vous annoncions que le SNALC contesterait cette restriction.<\/strong><\/p>\n\n\n\n<p>C\u2019est d\u00e9sormais chose faite.<\/p>\n\n\n\n<p>En effet, dans deux d\u00e9cisions en date du 16 juillet 2025, le Conseil d\u2019\u00c9tat a consid\u00e9r\u00e9 qu\u2019 \u00ab&nbsp;<em>eu \u00e9gard \u00e0 la nature de leurs missions et aux conditions d\u2019exercice de leurs fonctions, les accompagnants des \u00e9l\u00e8ves en situation de handicap exer\u00e7ant dans les \u00e9coles ou \u00e9tablissements relevant des programmes REP+ et REP sont expos\u00e9s \u00e0 des suj\u00e9tions comparables \u00e0 celles des personnels titulaires et contractuels b\u00e9n\u00e9ficiant de l\u2019indemnit\u00e9 de suj\u00e9tions en application des d\u00e9crets du 28 ao\u00fbt 2015 et du 29 ao\u00fbt 2016<\/em>&nbsp;\u00bb et que \u00ab&nbsp;<em>les circonstances tenant \u00e0 la particularit\u00e9<\/em> [du statut d\u2019AESH] <em>et \u00e0 leurs conditions de recrutement ne sont pas de nature, \u00e9tant donn\u00e9 l\u2019objet de l\u2019indemnit\u00e9 institu\u00e9e par le d\u00e9cret du 28 ao\u00fbt 2015, \u00e0 justifier de les exclure du b\u00e9n\u00e9fice de cette indemnit\u00e9<\/em>&nbsp;\u00bb.<\/p>\n\n\n\n<p>La Haute juridiction a \u00e9galement retenu que le versement de l\u2019indemnit\u00e9 compensant l\u2019exclusion des AESH du b\u00e9n\u00e9fice des indemnit\u00e9s REP\/REP+ jusqu\u2019au 31 d\u00e9cembre 2022 impliquera que \u00ab&nbsp;<em>les montants allou\u00e9s incluront une majoration au titre des int\u00e9r\u00eats de nature \u00e0 r\u00e9parer le retard dans le versement des sommes dues<\/em>&nbsp;\u00bb.<\/p>\n\n\n\n<p>Toutefois, <strong>l\u2019instruction minist\u00e9rielle<\/strong> du 5 novembre 2025, qui pr\u00e9cise les modalit\u00e9s de versement r\u00e9troactif des indemnit\u00e9s REP\/REP+ aux AESH et l\u2019extension du versement r\u00e9troactif de celles-ci aux AED, <strong>introduit<\/strong> les r\u00e8gles relatives \u00e0 <strong>la prescription quadriennale<\/strong> pour ces personnels employ\u00e9s dans un \u00e9tablissement relevant de l\u2019\u00e9ducation prioritaire entre le 01\/09\/2015 et le 31\/12\/2022, et ayant pr\u00e9alablement form\u00e9 une demande en ce sens \u00e0 l\u2019administration.<\/p>\n\n\n\n<p>Cette instruction ajoute que pour garantir une coh\u00e9rence du dispositif issu du <a href=\"https:\/\/www.legifrance.gouv.fr\/jorf\/id\/JORFTEXT000046711260\">d\u00e9cret 2022-1534 du 8 d\u00e9cembre 2022<\/a> ouvrant le b\u00e9n\u00e9fice des indemnit\u00e9s REP\/REP+ aux AESH et AED, les montants bruts (socles) \u00e0 verser pour la p\u00e9riode ant\u00e9rieure au 1er janvier 2023 devront faire l\u2019objet d\u2019une adaptation.<\/p>\n\n\n\n<p>Ainsi, pour le <strong>SNALC<\/strong>, les r\u00e8gles d\u00e9finies dans l\u2019instruction minist\u00e9rielle relative au versement r\u00e9troactif des indemnit\u00e9s REP\/REP+ aux AESH et aux AED sur la p\u00e9riode comprise entre le 01\/09\/2015 et 31\/12\/2022 portent atteinte aux int\u00e9r\u00eats moraux et mat\u00e9riels de ces personnels. En effet, par cette instruction, le minist\u00e8re de l\u2019\u00c9ducation nationale r\u00e9duit consid\u00e9rablement la p\u00e9riode d\u2019indemnisation et les montants de l\u2019indemnit\u00e9 compensatoire allou\u00e9s aux AESH et AED requ\u00e9rants.<\/p>\n\n\n\n<p>Le <strong>SNALC<\/strong>, tr\u00e8s attach\u00e9 \u00e0 la d\u00e9fense des int\u00e9r\u00eats professionnels des AED et AESH, a donc demand\u00e9 le retrait de cette instruction tr\u00e8s restrictive par rapport aux conclusions du Conseil d\u2019\u00c9tat.<\/p>\n\n\n\n<p>Dans l\u2019hypoth\u00e8se o\u00f9 le <strong>SNALC <\/strong>n\u2019obtiendrait pas une r\u00e9ponse favorable du ministre de l\u2019\u00c9ducation nationale \u00e0 son recours, dont l\u2019abrogation de la prescription quadriennale, il envisagera toute voie de droit pour faire valoir ses revendications.<\/p>\n","protected":false},"excerpt":{"rendered":"<p>Dans notre article du 7 novembre 2025 relatif \u00e0 l\u2019instruction du minist\u00e8re de l\u2019\u00c9ducation nationale aux recteurs d\u2019appliquer la prescription quadriennale au versement r\u00e9troactif des indemnit\u00e9s REP\/REP+, nous vous annoncions [&hellip;]<\/p>\n","protected":false},"author":1,"featured_media":0,"comment_status":"closed","ping_status":"closed","sticky":false,"template":"","format":"standard","meta":{"_lmt_disableupdate":"","_lmt_disable":"","site-sidebar-layout":"default","site-content-layout":"","ast-site-content-layout":"default","site-content-style":"default","site-sidebar-style":"default","ast-global-header-display":"","ast-banner-title-visibility":"","ast-main-header-display":"","ast-hfb-above-header-display":"","ast-hfb-below-header-display":"","ast-hfb-mobile-header-display":"","site-post-title":"","ast-breadcrumbs-content":"","ast-featured-img":"","footer-sml-layout":"","ast-disable-related-posts":"","theme-transparent-header-meta":"","adv-header-id-meta":"","stick-header-meta":"","header-above-stick-meta":"","header-main-stick-meta":"","header-below-stick-meta":"","astra-migrate-meta-layouts":"set","ast-page-background-enabled":"default","ast-page-background-meta":{"desktop":{"background-color":"var(--ast-global-color-4)","background-image":"","background-repeat":"repeat","background-position":"center center","background-size":"auto","background-attachment":"scroll","background-type":"","background-media":"","overlay-type":"","overlay-color":"","overlay-opacity":"","overlay-gradient":""},"tablet":{"background-color":"","background-image":"","background-repeat":"repeat","background-position":"center center","background-size":"auto","background-attachment":"scroll","background-type":"","background-media":"","overlay-type":"","overlay-color":"","overlay-opacity":"","overlay-gradient":""},"mobile":{"background-color":"","background-image":"","background-repeat":"repeat","background-position":"center center","background-size":"auto","background-attachment":"scroll","background-type":"","background-media":"","overlay-type":"","overlay-color":"","overlay-opacity":"","overlay-gradient":""}},"ast-content-background-meta":{"desktop":{"background-color":"var(--ast-global-color-5)","background-image":"","background-repeat":"repeat","background-position":"center center","background-size":"auto","background-attachment":"scroll","background-type":"","background-media":"","overlay-type":"","overlay-color":"","overlay-opacity":"","overlay-gradient":""},"tablet":{"background-color":"var(--ast-global-color-5)","background-image":"","background-repeat":"repeat","background-position":"center center","background-size":"auto","background-attachment":"scroll","background-type":"","background-media":"","overlay-type":"","overlay-color":"","overlay-opacity":"","overlay-gradient":""},"mobile":{"background-color":"var(--ast-global-color-5)","background-image":"","background-repeat":"repeat","background-position":"center center","background-size":"auto","background-attachment":"scroll","background-type":"","background-media":"","overlay-type":"","overlay-color":"","overlay-opacity":"","overlay-gradient":""}},"footnotes":""},"categories":[42],"tags":[],"class_list":["post-4823","post","type-post","status-publish","format-standard","hentry","category-actualites-2025-2026"],"modified_by":"slecourtier","_links":{"self":[{"href":"https:\/\/snalc.org\/snalc2023\/index.php?rest_route=\/wp\/v2\/posts\/4823","targetHints":{"allow":["GET"]}}],"collection":[{"href":"https:\/\/snalc.org\/snalc2023\/index.php?rest_route=\/wp\/v2\/posts"}],"about":[{"href":"https:\/\/snalc.org\/snalc2023\/index.php?rest_route=\/wp\/v2\/types\/post"}],"author":[{"embeddable":true,"href":"https:\/\/snalc.org\/snalc2023\/index.php?rest_route=\/wp\/v2\/users\/1"}],"replies":[{"embeddable":true,"href":"https:\/\/snalc.org\/snalc2023\/index.php?rest_route=%2Fwp%2Fv2%2Fcomments&post=4823"}],"version-history":[{"count":1,"href":"https:\/\/snalc.org\/snalc2023\/index.php?rest_route=\/wp\/v2\/posts\/4823\/revisions"}],"predecessor-version":[{"id":4824,"href":"https:\/\/snalc.org\/snalc2023\/index.php?rest_route=\/wp\/v2\/posts\/4823\/revisions\/4824"}],"wp:attachment":[{"href":"https:\/\/snalc.org\/snalc2023\/index.php?rest_route=%2Fwp%2Fv2%2Fmedia&parent=4823"}],"wp:term":[{"taxonomy":"category","embeddable":true,"href":"https:\/\/snalc.org\/snalc2023\/index.php?rest_route=%2Fwp%2Fv2%2Fcategories&post=4823"},{"taxonomy":"post_tag","embeddable":true,"href":"https:\/\/snalc.org\/snalc2023\/index.php?rest_route=%2Fwp%2Fv2%2Ftags&post=4823"}],"curies":[{"name":"wp","href":"https:\/\/api.w.org\/{rel}","templated":true}]}}