{"id":4837,"date":"2026-01-19T07:04:21","date_gmt":"2026-01-19T06:04:21","guid":{"rendered":"https:\/\/snalc.org\/snalc2023\/?p=4837"},"modified":"2026-01-19T07:04:24","modified_gmt":"2026-01-19T06:04:24","slug":"liste-daptitude-pour-lacces-au-corps-des-professeurs-agreges-annee-scolaire-2025-2026","status":"publish","type":"post","link":"https:\/\/snalc.org\/snalc2023\/?p=4837","title":{"rendered":"Liste d\u2019aptitude pour l\u2019acc\u00e8s au corps des professeurs agr\u00e9g\u00e9s \u2013 Ann\u00e9e scolaire 2025\/2026"},"content":{"rendered":"\n<p>Parution au bulletin acad\u00e9mique n\u00b01072 du 16\/01\/2026<\/p>\n\n\n\n<h4 class=\"wp-block-heading\">I \u2013 CONDITIONS REQUISES<\/h4>\n\n\n\n<p>Les candidats doivent \u00eatre en activit\u00e9 dans le second degr\u00e9 ou dans l\u2019enseignement sup\u00e9rieur, mis \u00e0 disposition d\u2019un autre organisme ou d\u2019une autre administration ou en position de d\u00e9tachement et remplir les conditions suivantes :<\/p>\n\n\n\n<ul class=\"wp-block-list\">\n<li>\u00eatre, au 31 d\u00e9cembre 2025, professeur certifi\u00e9, professeur de lyc\u00e9e professionnel ou professeur d\u2019\u00e9ducation physique et sportive ; les professeurs de lyc\u00e9e professionnel seront propos\u00e9s dans la discipline dans laquelle ils justifient du dipl\u00f4me le plus \u00e9lev\u00e9 sauf avis circonstanci\u00e9 des corps d\u2019inspection ; il en sera de m\u00eame pour tous les professeurs certifi\u00e9s relevant d\u2019une discipline pour laquelle il n\u2019y a pas d\u2019agr\u00e9gation ;<\/li>\n\n\n\n<li>\u00eatre \u00e2g\u00e9 de quarante ans au moins au 1er octobre 2026 ;<\/li>\n\n\n\n<li>justifier \u00e0 cette m\u00eame date de dix ann\u00e9es de services effectifs d\u2019enseignement dont cinq ans dans leur corps.<\/li>\n<\/ul>\n\n\n\n<h4 class=\"wp-block-heading\">II\u2013 PROC\u00c9DURE D\u2019INSCRIPTION<\/h4>\n\n\n\n<p>L\u2019acte de candidature et la constitution du dossier se font uniquement via le portail I-Prof \u00e0 l\u2019adresse suivante que l\u2019enseignant soit affect\u00e9 dans l\u2019enseignement secondaire ou dans l\u2019enseignement sup\u00e9rieur :<\/p>\n\n\n\n<blockquote class=\"wp-block-quote is-layout-flow wp-block-quote-is-layout-flow\">\n<p>https:\/\/www.education.gouv.fr\/i-prof-l-assistant-carriere-12194<br><strong>du 19 janvier au 20 f\u00e9vrier 2026 inclus<\/strong><\/p>\n<\/blockquote>\n\n\n\n<p>Le dossier de candidature devra comporter (menu \u00ab les services \u00bb) :<\/p>\n\n\n\n<ul class=\"wp-block-list\">\n<li>un curriculum vitae devant faire appara\u00eetre la situation individuelle du candidat, sa formation, son mode d\u2019acc\u00e8s au grade, son itin\u00e9raire professionnel et ses activit\u00e9s assur\u00e9es au sein du syst\u00e8me \u00e9ducatif. (Les donn\u00e9es saisies tout au long de l\u2019ann\u00e9e dans I-prof alimentent<br>automatiquement le curriculum vitae sp\u00e9cifique de candidature \u00e0 la liste d\u2019aptitude, pr\u00e9vu par l\u2019arr\u00eat\u00e9 du 15\/10\/1999 modifi\u00e9 (cf. annexes 1 et 2) ;<\/li>\n\n\n\n<li>une lettre de motivation actualis\u00e9e faisant appara\u00eetre l\u2019appr\u00e9ciation port\u00e9e par le candidat sur les \u00e9tapes de sa carri\u00e8re, l\u2019analyse de son itin\u00e9raire professionnel, les motivations (projets p\u00e9dagogiques, \u00e9ducatifs ou autres) qui le conduisent \u00e0 pr\u00e9senter sa candidature.<\/li>\n<\/ul>\n\n\n\n<p>L\u2019attention des candidats est appel\u00e9e sur la n\u00e9cessit\u00e9 d\u2019actualiser et d\u2019enrichir, via I-prof, les donn\u00e9es figurant dans leur dossier. En cas d\u2019informations erron\u00e9es, il appartient \u00e0 l\u2019enseignant de les signaler au plus t\u00f4t, au rectorat (Bureau des actes collectifs \u2013 par mail \u00e0 l\u2019attention de Nathalie Salomez \u2013nathalie.salomez@ac-aix-marseille.fr ou par t\u00e9l\u00e9phone au 04.42.91.73.44) afin qu\u2019elles soient<br>corrig\u00e9es.<br>Au-del\u00e0 de la date de fermeture du serveur, toute modification des donn\u00e9es du dossier ne sera pas prise en compte pour la pr\u00e9sente campagne.<\/p>\n\n\n\n<p>Pendant toute la dur\u00e9e d\u2019ouverture du serveur, du 19 janvier au 20 f\u00e9vrier 2026, chaque candidat pourra acc\u00e9der \u00e0 son dossier de candidature, et devra syst\u00e9matiquement valider sa saisie en cas de modification.<br>Les candidats qui auront compl\u00e9t\u00e9 et valid\u00e9 leur CV, saisi et valid\u00e9 leur lettre de motivation recevront un accus\u00e9 de r\u00e9ception dans leur messagerie I-Prof d\u00e8s la validation de leur candidature.<br>L\u2019attention des agents envisageant de faire acte de candidature est appel\u00e9e sur les cons\u00e9quences sur leur carri\u00e8re, d\u2019une \u00e9ventuelle promotion dans le corps des agr\u00e9g\u00e9s.<br>(cf : <a href=\"https:\/\/education.gouv.fr\/cid268\/s-informer-sur-les-promotions-notes-de-service-textes-de-referencecontacts.\" target=\"_blank\" rel=\"noreferrer noopener\">https:\/\/education.gouv.fr\/cid268\/s-informer-sur-les-promotions-notes-de-service-textes-de-referencecontacts.<\/a><br>html#Promotion_de_corps). Aucune candidature ne sera accept\u00e9e apr\u00e8s le 20 f\u00e9vrier 2026.<\/p>\n\n\n\n<div data-wp-interactive=\"core\/file\" class=\"wp-block-file\"><object data-wp-bind--hidden=\"!state.hasPdfPreview\" hidden class=\"wp-block-file__embed\" data=\"https:\/\/snalc.org\/snalc2023\/wp-content\/uploads\/2026\/01\/DIPE1072-971.pdf\" type=\"application\/pdf\" style=\"width:100%;height:600px\" aria-label=\"Contenu embarqu\u00e9 DIPE1072-971.\"><\/object><a id=\"wp-block-file--media-5c0ce671-ac77-41d0-9749-6c62967e8dce\" href=\"https:\/\/snalc.org\/snalc2023\/wp-content\/uploads\/2026\/01\/DIPE1072-971.pdf\">DIPE1072-971<\/a><a href=\"https:\/\/snalc.org\/snalc2023\/wp-content\/uploads\/2026\/01\/DIPE1072-971.pdf\" class=\"wp-block-file__button wp-element-button\" download aria-describedby=\"wp-block-file--media-5c0ce671-ac77-41d0-9749-6c62967e8dce\">T\u00e9l\u00e9charger<\/a><\/div>\n","protected":false},"excerpt":{"rendered":"<p>Parution au bulletin acad\u00e9mique n\u00b01072 du 16\/01\/2026 I \u2013 CONDITIONS REQUISES Les candidats doivent \u00eatre en activit\u00e9 dans le second degr\u00e9 ou dans l\u2019enseignement sup\u00e9rieur, mis \u00e0 disposition d\u2019un autre [&hellip;]<\/p>\n","protected":false},"author":1,"featured_media":0,"comment_status":"closed","ping_status":"closed","sticky":false,"template":"","format":"standard","meta":{"_lmt_disableupdate":"","_lmt_disable":"","site-sidebar-layout":"default","site-content-layout":"","ast-site-content-layout":"default","site-content-style":"default","site-sidebar-style":"default","ast-global-header-display":"","ast-banner-title-visibility":"","ast-main-header-display":"","ast-hfb-above-header-display":"","ast-hfb-below-header-display":"","ast-hfb-mobile-header-display":"","site-post-title":"","ast-breadcrumbs-content":"","ast-featured-img":"","footer-sml-layout":"","ast-disable-related-posts":"","theme-transparent-header-meta":"","adv-header-id-meta":"","stick-header-meta":"","header-above-stick-meta":"","header-main-stick-meta":"","header-below-stick-meta":"","astra-migrate-meta-layouts":"set","ast-page-background-enabled":"default","ast-page-background-meta":{"desktop":{"background-color":"var(--ast-global-color-4)","background-image":"","background-repeat":"repeat","background-position":"center center","background-size":"auto","background-attachment":"scroll","background-type":"","background-media":"","overlay-type":"","overlay-color":"","overlay-opacity":"","overlay-gradient":""},"tablet":{"background-color":"","background-image":"","background-repeat":"repeat","background-position":"center center","background-size":"auto","background-attachment":"scroll","background-type":"","background-media":"","overlay-type":"","overlay-color":"","overlay-opacity":"","overlay-gradient":""},"mobile":{"background-color":"","background-image":"","background-repeat":"repeat","background-position":"center center","background-size":"auto","background-attachment":"scroll","background-type":"","background-media":"","overlay-type":"","overlay-color":"","overlay-opacity":"","overlay-gradient":""}},"ast-content-background-meta":{"desktop":{"background-color":"var(--ast-global-color-5)","background-image":"","background-repeat":"repeat","background-position":"center center","background-size":"auto","background-attachment":"scroll","background-type":"","background-media":"","overlay-type":"","overlay-color":"","overlay-opacity":"","overlay-gradient":""},"tablet":{"background-color":"var(--ast-global-color-5)","background-image":"","background-repeat":"repeat","background-position":"center center","background-size":"auto","background-attachment":"scroll","background-type":"","background-media":"","overlay-type":"","overlay-color":"","overlay-opacity":"","overlay-gradient":""},"mobile":{"background-color":"var(--ast-global-color-5)","background-image":"","background-repeat":"repeat","background-position":"center center","background-size":"auto","background-attachment":"scroll","background-type":"","background-media":"","overlay-type":"","overlay-color":"","overlay-opacity":"","overlay-gradient":""}},"footnotes":""},"categories":[42,24],"tags":[],"class_list":["post-4837","post","type-post","status-publish","format-standard","hentry","category-actualites-2025-2026","category-parcours-carriere"],"modified_by":"slecourtier","_links":{"self":[{"href":"https:\/\/snalc.org\/snalc2023\/index.php?rest_route=\/wp\/v2\/posts\/4837","targetHints":{"allow":["GET"]}}],"collection":[{"href":"https:\/\/snalc.org\/snalc2023\/index.php?rest_route=\/wp\/v2\/posts"}],"about":[{"href":"https:\/\/snalc.org\/snalc2023\/index.php?rest_route=\/wp\/v2\/types\/post"}],"author":[{"embeddable":true,"href":"https:\/\/snalc.org\/snalc2023\/index.php?rest_route=\/wp\/v2\/users\/1"}],"replies":[{"embeddable":true,"href":"https:\/\/snalc.org\/snalc2023\/index.php?rest_route=%2Fwp%2Fv2%2Fcomments&post=4837"}],"version-history":[{"count":1,"href":"https:\/\/snalc.org\/snalc2023\/index.php?rest_route=\/wp\/v2\/posts\/4837\/revisions"}],"predecessor-version":[{"id":4839,"href":"https:\/\/snalc.org\/snalc2023\/index.php?rest_route=\/wp\/v2\/posts\/4837\/revisions\/4839"}],"wp:attachment":[{"href":"https:\/\/snalc.org\/snalc2023\/index.php?rest_route=%2Fwp%2Fv2%2Fmedia&parent=4837"}],"wp:term":[{"taxonomy":"category","embeddable":true,"href":"https:\/\/snalc.org\/snalc2023\/index.php?rest_route=%2Fwp%2Fv2%2Fcategories&post=4837"},{"taxonomy":"post_tag","embeddable":true,"href":"https:\/\/snalc.org\/snalc2023\/index.php?rest_route=%2Fwp%2Fv2%2Ftags&post=4837"}],"curies":[{"name":"wp","href":"https:\/\/api.w.org\/{rel}","templated":true}]}}