{"id":4842,"date":"2026-01-19T13:05:19","date_gmt":"2026-01-19T12:05:19","guid":{"rendered":"https:\/\/snalc.org\/snalc2023\/?p=4842"},"modified":"2026-01-19T13:05:21","modified_gmt":"2026-01-19T12:05:21","slug":"quinzaine-universitaire-n1509","status":"publish","type":"post","link":"https:\/\/snalc.org\/snalc2023\/?p=4842","title":{"rendered":"QUINZAINE UNIVERSITAIRE n\u00b01509"},"content":{"rendered":"\n<figure class=\"wp-block-image\"><img decoding=\"async\" src=\"https:\/\/snalc.fr\/wp-content\/uploads\/QU1509.jpg\" alt=\"\" class=\"wp-image-62534\"\/><\/figure>\n\n\n\n<p><strong>\u00c9DITO : <a href=\"https:\/\/snalc.fr\/retrouver-notre-professionnalite\/\">RETROUVER NOTRE PROFESSIONNALIT\u00c9<\/a><\/strong><\/p>\n\n\n\n<figure class=\"wp-block-image\"><img decoding=\"async\" src=\"https:\/\/snalc.fr\/wp-content\/uploads\/elementor\/thumbs\/SNALC-congres-Strasbourg-mai-2023-Photo-Philippe-Sautier-3-e1686317689865-qfu77nw4qlxwj5dktm23kiay8chujy1r6wng15ek0o.jpg\" alt=\"SNALC congres Strasbourg mai 2023 - Photo Philippe Sautier (3)\" title=\"SNALC congres Strasbourg mai 2023 \u2013 Photo Philippe Sautier (3)\"\/><\/figure>\n\n\n\n<p>Jean-R\u00e9mi Girard<br>Pr\u00e9sident du SNALC<\/p>\n\n\n\n<p><strong>Travailler \u00e0 l\u2019\u00c9ducation nationale, c\u2019est vivre une exp\u00e9rience qui n\u2019est partag\u00e9e que par le s\u00e9lectionneur de l\u2019\u00e9quipe de France de football&nbsp;: tout le monde sait faire votre m\u00e9tier mieux que vous. Vous ne prenez jamais les bonnes d\u00e9cisions, quand vous n\u2019\u00eates pas tout simplement incomp\u00e9tent. La diff\u00e9rence, c\u2019est que si vous d\u00e9missionnez, il n\u2019y aura pas grand monde pour prendre votre place, chiffres des concours \u00e0 l\u2019appui.<\/strong><\/p>\n\n\n\n<p>Le SNALC est absolument intraitable quant au fait que nous sommes des professionnels. Or, cette professionnalit\u00e9 ne cesse d\u2019\u00eatre remise en cause. Et le plus grave n\u2019est pas le fameux \u00ab \u00e0 quoi \u00e7a sert ? \u00bb de nos \u00e9l\u00e8ves. Le plus grave, c\u2019est le parent qui refuse la punition de son enfant. L\u2019inspection o\u00f9 l\u2019on vous dit, apr\u00e8s 20 ans de carri\u00e8re, que rien ne va. Et la liste ne cesse de s\u2019allonger.&nbsp; [<a href=\"https:\/\/snalc.fr\/retrouver-notre-professionnalite\/\"><strong>Lire la suite<\/strong><\/a>]<\/p>\n\n\n\n<p><strong>DOSSIER DU MOIS :&nbsp;<\/strong><a href=\"https:\/\/snalc.fr\/remunerations-un-chantier-oublie\/\"><strong>R\u00c9MUN\u00c9RATIONS : UN CHANTIER OUBLI\u00c9<\/strong><\/a><\/p>\n\n\n\n<p>04 | <a href=\"https:\/\/snalc.fr\/remunerations-un-chantier-oublie#fp\">Mesures fonction publique : grilles indiciaires &amp; dispositifs d\u2019aide<\/a><br>05 | <a href=\"https:\/\/snalc.fr\/remunerations-un-chantier-oublie#indice\">Point d\u2019indice et inflation, ou comment d\u00e9truire le service public<\/a><br>05 | <a href=\"https:\/\/snalc.fr\/remunerations-un-chantier-oublie#en\">Dans l\u2019\u00c9ducation nationale<\/a><br>05 | <a href=\"https:\/\/snalc.fr\/remunerations-un-chantier-oublie#tab\">Tableaux des r\u00e9mun\u00e9rations<\/a><br>06 | <a href=\"https:\/\/snalc.fr\/remunerations-un-chantier-oublie#enseignants\">R\u00e9mun\u00e9ration des enseignants : le sujet n\u2019est plus \u00e0 l\u2019ordre du jour<\/a><br>07 | <a href=\"https:\/\/snalc.fr\/remunerations-un-chantier-oublie\/#hsa\">HSA, indemnit\u00e9s : les professeurs veulent la galette, pas les miettes<\/a><br>07 | <a href=\"https:\/\/snalc.fr\/remunerations-un-chantier-oublie#contractuels\">La hausse du SMIC au 1er janvier touche tous les contractuels<\/a><br>08 | <a href=\"https:\/\/snalc.fr\/remunerations-un-chantier-oublie#adjaenes\">Traitements des ADJAENES et des ATRF : la course contre le SMIC<\/a><br>08 | <a href=\"https:\/\/snalc.fr\/remunerations-un-chantier-oublie#propositions\">Les principales propositions du SNALC pour les r\u00e9mun\u00e9rations<\/a><\/p>\n\n\n\n<p><strong>LES PERSONNELS<\/strong><\/p>\n\n\n\n<p>09 | <a href=\"https:\/\/snalc.fr\/disponibilite-deux-nouvelles-regles\/\">Disponibilit\u00e9 : deux nouvelles r\u00e8gles<\/a><br>09 | <a href=\"https:\/\/syndicat-snalc.net\/AWURTSJ67\/B2A0CCA238034352AD22C5A00FE4226F.php\">Mouvements INTER 2026 : calendrier<\/a><br>09 | <a href=\"https:\/\/snalc.fr\/ne-loubliez-pas\/\">Ne l\u2019oubliez pas !<\/a><\/p>\n\n\n\n<p><strong>SYST\u00c8ME \u00c9DUCATIF<\/strong><\/p>\n\n\n\n<p>10 | <a href=\"https:\/\/snalc.fr\/programmes-au-bord-du-trou-noir\/\">Programmes : au bord du trou noir<\/a><br>10 | <a href=\"https:\/\/snalc.fr\/colleges-en-difficulte-et-ca-continue-encore-et-encore\/\">Coll\u00e8ges en difficult\u00e9 : et \u00e7a continue encore et encore<\/a><br>11 | <a href=\"https:\/\/snalc.fr\/declin-de-la-lecture-chez-les-jeunes-etat-des-lieux\/\">D\u00e9clin de la lecture chez les jeunes : \u00e9tat des lieux<\/a><br>11 | <a href=\"https:\/\/snalc.fr\/relancer-la-lecture-plaisir-mission-impossible\/\">Relancer la lecture plaisir : mission impossible ?<\/a><br>12 | <a href=\"https:\/\/snalc.fr\/mise-en-reseau-segpa-enjeux-et-realites\/\">Mise en r\u00e9seau des \u00e9tablissements en SEGPA : enjeux et r\u00e9alit\u00e9s<\/a><br>12 | <a href=\"https:\/\/snalc.fr\/qui-veut-faire-plus-avec-moins-enseigner-les-maths-sciences-en-lp\/\">Qui veut faire plus avec moins ? Enseigner les maths-sciences en LP<\/a><br>13 | <a href=\"https:\/\/snalc.fr\/fin-des-competences-au-dnb-une-note-positive-pour-leps\/\">Fin des comp\u00e9tences au DNB : une note positive pour l\u2019EPS<\/a><br>13 | <a href=\"https:\/\/snalc.fr\/education-aux-medias-une-structuration-francophone-a-suivre-de-pres\/\">\u00c9ducation aux m\u00e9dias : une structuration francophone \u00e0 suivre de pr\u00e8s<\/a><\/p>\n\n\n\n<p><a href=\"https:\/\/snalc.fr\/wp-content\/uploads\/QU1509.pdf\">T\u00e9l\u00e9charger la revue en PDF<\/a><\/p>\n\n\n\n<figure class=\"wp-block-image\"><img decoding=\"async\" src=\"https:\/\/snalc.fr\/wp-content\/uploads\/QU1509-1D-721x1024.jpg\" alt=\"\" class=\"wp-image-62533\"\/><\/figure>\n\n\n\n<p><em><strong>Afin d\u2019\u00eatre au plus pr\u00e8s de vos attentes et de vous informer au mieux, la revue du SNALC a \u00e9volu\u00e9 d\u00e8s cette rentr\u00e9e, avec d\u00e9sormais deux num\u00e9ros mensuels au lieu d\u2019un : l\u2019un centr\u00e9 sur le second degr\u00e9 et le sup\u00e9rieur, et le second sur les probl\u00e9matiques sp\u00e9cifiques de l\u2019\u00e9cole primaire.<\/strong><\/em><\/p>\n\n\n\n<p><a href=\"https:\/\/snalc.fr\/quinzaine-universitaire-n1509-1d\/\">D\u00e9couvrir la revue premier degr\u00e9<\/a><\/p>\n","protected":false},"excerpt":{"rendered":"<p>\u00c9DITO : RETROUVER NOTRE PROFESSIONNALIT\u00c9 Jean-R\u00e9mi GirardPr\u00e9sident du SNALC Travailler \u00e0 l\u2019\u00c9ducation nationale, c\u2019est vivre une exp\u00e9rience qui n\u2019est partag\u00e9e que par le s\u00e9lectionneur de l\u2019\u00e9quipe de France de football&nbsp;: [&hellip;]<\/p>\n","protected":false},"author":1,"featured_media":0,"comment_status":"closed","ping_status":"closed","sticky":false,"template":"","format":"standard","meta":{"_lmt_disableupdate":"","_lmt_disable":"","site-sidebar-layout":"default","site-content-layout":"","ast-site-content-layout":"default","site-content-style":"default","site-sidebar-style":"default","ast-global-header-display":"","ast-banner-title-visibility":"","ast-main-header-display":"","ast-hfb-above-header-display":"","ast-hfb-below-header-display":"","ast-hfb-mobile-header-display":"","site-post-title":"","ast-breadcrumbs-content":"","ast-featured-img":"","footer-sml-layout":"","ast-disable-related-posts":"","theme-transparent-header-meta":"","adv-header-id-meta":"","stick-header-meta":"","header-above-stick-meta":"","header-main-stick-meta":"","header-below-stick-meta":"","astra-migrate-meta-layouts":"set","ast-page-background-enabled":"default","ast-page-background-meta":{"desktop":{"background-color":"var(--ast-global-color-4)","background-image":"","background-repeat":"repeat","background-position":"center center","background-size":"auto","background-attachment":"scroll","background-type":"","background-media":"","overlay-type":"","overlay-color":"","overlay-opacity":"","overlay-gradient":""},"tablet":{"background-color":"","background-image":"","background-repeat":"repeat","background-position":"center center","background-size":"auto","background-attachment":"scroll","background-type":"","background-media":"","overlay-type":"","overlay-color":"","overlay-opacity":"","overlay-gradient":""},"mobile":{"background-color":"","background-image":"","background-repeat":"repeat","background-position":"center center","background-size":"auto","background-attachment":"scroll","background-type":"","background-media":"","overlay-type":"","overlay-color":"","overlay-opacity":"","overlay-gradient":""}},"ast-content-background-meta":{"desktop":{"background-color":"var(--ast-global-color-5)","background-image":"","background-repeat":"repeat","background-position":"center center","background-size":"auto","background-attachment":"scroll","background-type":"","background-media":"","overlay-type":"","overlay-color":"","overlay-opacity":"","overlay-gradient":""},"tablet":{"background-color":"var(--ast-global-color-5)","background-image":"","background-repeat":"repeat","background-position":"center center","background-size":"auto","background-attachment":"scroll","background-type":"","background-media":"","overlay-type":"","overlay-color":"","overlay-opacity":"","overlay-gradient":""},"mobile":{"background-color":"var(--ast-global-color-5)","background-image":"","background-repeat":"repeat","background-position":"center center","background-size":"auto","background-attachment":"scroll","background-type":"","background-media":"","overlay-type":"","overlay-color":"","overlay-opacity":"","overlay-gradient":""}},"footnotes":""},"categories":[42,37],"tags":[],"class_list":["post-4842","post","type-post","status-publish","format-standard","hentry","category-actualites-2025-2026","category-qu"],"modified_by":"slecourtier","_links":{"self":[{"href":"https:\/\/snalc.org\/snalc2023\/index.php?rest_route=\/wp\/v2\/posts\/4842","targetHints":{"allow":["GET"]}}],"collection":[{"href":"https:\/\/snalc.org\/snalc2023\/index.php?rest_route=\/wp\/v2\/posts"}],"about":[{"href":"https:\/\/snalc.org\/snalc2023\/index.php?rest_route=\/wp\/v2\/types\/post"}],"author":[{"embeddable":true,"href":"https:\/\/snalc.org\/snalc2023\/index.php?rest_route=\/wp\/v2\/users\/1"}],"replies":[{"embeddable":true,"href":"https:\/\/snalc.org\/snalc2023\/index.php?rest_route=%2Fwp%2Fv2%2Fcomments&post=4842"}],"version-history":[{"count":1,"href":"https:\/\/snalc.org\/snalc2023\/index.php?rest_route=\/wp\/v2\/posts\/4842\/revisions"}],"predecessor-version":[{"id":4843,"href":"https:\/\/snalc.org\/snalc2023\/index.php?rest_route=\/wp\/v2\/posts\/4842\/revisions\/4843"}],"wp:attachment":[{"href":"https:\/\/snalc.org\/snalc2023\/index.php?rest_route=%2Fwp%2Fv2%2Fmedia&parent=4842"}],"wp:term":[{"taxonomy":"category","embeddable":true,"href":"https:\/\/snalc.org\/snalc2023\/index.php?rest_route=%2Fwp%2Fv2%2Fcategories&post=4842"},{"taxonomy":"post_tag","embeddable":true,"href":"https:\/\/snalc.org\/snalc2023\/index.php?rest_route=%2Fwp%2Fv2%2Ftags&post=4842"}],"curies":[{"name":"wp","href":"https:\/\/api.w.org\/{rel}","templated":true}]}}