{"id":4884,"date":"2026-04-20T12:23:45","date_gmt":"2026-04-20T10:23:45","guid":{"rendered":"https:\/\/snalc.org\/snalc2023\/?p=4884"},"modified":"2026-04-20T12:23:48","modified_gmt":"2026-04-20T10:23:48","slug":"fiche-de-suivi-mutation-intra-2026","status":"publish","type":"post","link":"https:\/\/snalc.org\/snalc2023\/?p=4884","title":{"rendered":"Informations mutation Intra 2026 (1er et 2nd degr\u00e9)"},"content":{"rendered":"\n<figure class=\"wp-block-image size-large is-resized\"><img fetchpriority=\"high\" decoding=\"async\" width=\"1024\" height=\"714\" src=\"https:\/\/snalc.org\/snalc2023\/wp-content\/uploads\/2026\/02\/2026-02-letoile-1024x714.png\" alt=\"\" class=\"wp-image-4913\" style=\"width:502px;height:auto\" srcset=\"https:\/\/snalc.org\/snalc2023\/wp-content\/uploads\/2026\/02\/2026-02-letoile-1024x714.png 1024w, https:\/\/snalc.org\/snalc2023\/wp-content\/uploads\/2026\/02\/2026-02-letoile-300x209.png 300w, https:\/\/snalc.org\/snalc2023\/wp-content\/uploads\/2026\/02\/2026-02-letoile-768x536.png 768w, https:\/\/snalc.org\/snalc2023\/wp-content\/uploads\/2026\/02\/2026-02-letoile-1536x1071.png 1536w, https:\/\/snalc.org\/snalc2023\/wp-content\/uploads\/2026\/02\/2026-02-letoile-2048x1428.png 2048w, https:\/\/snalc.org\/snalc2023\/wp-content\/uploads\/2026\/02\/2026-02-letoile-1320x920.png 1320w\" sizes=\"(max-width: 1024px) 100vw, 1024px\" \/><\/figure>\n\n\n\n<h2 class=\"wp-block-heading has-luminous-vivid-orange-color has-text-color has-link-color wp-elements-c93150cf41055b7e9a3b672f47686b45\"><strong>PROFESSEURS DES \u00c9COLES<\/strong> :<\/h2>\n\n\n\n<p><br>Retrouvez les conseils du SNALC pour votre mutation intra-d\u00e9partementale sur: <a href=\"https:\/\/snalc.fr\/mouvement-intradep-2024\/\">https:\/\/snalc.fr\/mouvement-intradep-2026\/<\/a><\/p>\n\n\n\n<p><strong>Contact: <\/strong>06 61 83 27 81 \u2013 <a href=\"mailto:mutation.am@snalc.org\" target=\"_blank\" rel=\"noreferrer noopener\">mutation.am@snalc.org<\/a><\/p>\n\n\n\n<p class=\"has-luminous-vivid-orange-color has-ast-global-color-6-background-color has-text-color has-background has-link-color has-medium-font-size wp-elements-38203b7f8709a7f86a52621e95440643\"><strong>-&gt; Fiche de suivi:<\/strong> <a href=\"https:\/\/snalc.org\/snalc2023\/?p=4989\">https:\/\/snalc.org\/snalc2023\/?p=4989<\/a><\/p>\n\n\n\n<p><strong>Mouvement 1er degr\u00e9: Voir les circulaires d\u00e9partementales:<\/strong><\/p>\n\n\n\n<p><strong>13:<\/strong><\/p>\n\n\n\n<p>LE BULLETIN DEPARTEMENTAL N\u00b0339<\/p>\n\n\n\n<figure class=\"wp-block-table\"><table class=\"has-fixed-layout\"><tbody><tr><td>BD n\u00b0 339 12\/02\/2026DPE Mouvement intra-d\u00e9partemental sur postes \u00e0 comp\u00e9tences particuli\u00e8res (PCP) &#8211; RS2026. Cliquez pour t\u00e9l\u00e9charger le BD dans son int\u00e9gralit\u00e9 :<br><a target=\"_blank\" href=\"https:\/\/buldep13.ac-aix-marseille.fr\/uploads\/BD13\/BD339\/BD 339 V3.pdf?ts=1773732973\" rel=\"noreferrer noopener\">BD 339 V3.pdf<\/a><\/td><\/tr><\/tbody><\/table><\/figure>\n\n\n\n<p>LE BULLETIN DEPARTEMENTAL N\u00b0340<\/p>\n\n\n\n<figure class=\"wp-block-table\"><table class=\"has-fixed-layout\"><tbody><tr><td>BD n\u00b0 340 11\/03\/2026DPE Phase compl\u00e9mentaire du mouvement interd\u00e9partemental des enseignants du 1er degr\u00e9 public Cliquez pour t\u00e9l\u00e9charger le BD dans son int\u00e9gralit\u00e9 :<br><a target=\"_blank\" href=\"https:\/\/buldep13.ac-aix-marseille.fr\/uploads\/BD13\/BD340\/BD 340.pdf?ts=1773732914\" rel=\"noreferrer noopener\">BD 340.pdf<\/a><\/td><td>Sommaire :Division des Personnels Enseignants (DPE) Phase compl\u00e9mentaire du mouvement interd\u00e9partemental des enseignants du 1er degr\u00e9 public \u00ab exeat \/ ineat \u00bb Rentr\u00e9e scolaire 2026<br><a target=\"_blank\" href=\"https:\/\/buldep13.ac-aix-marseille.fr\/uploads\/BD13\/BD340\/Circulaire EXEAT INEAT 2026.pdf?ts=1773732914\" rel=\"noreferrer noopener\">Circulaire EXEAT INEAT 2026.pdf<\/a> Annexe : <a target=\"_blank\" href=\"https:\/\/buldep13.ac-aix-marseille.fr\/uploads\/BD13\/BD340\/Formulaire EXEAT 2026 DSDEN13.pdf?ts=1773732914\" rel=\"noreferrer noopener\">Formulaire EXEAT 2026 DSDEN13.pdf<\/a><\/td><\/tr><\/tbody><\/table><\/figure>\n\n\n\n<p>LE BULLETIN DEPARTEMENTAL N\u00b0342<\/p>\n\n\n\n<figure class=\"wp-block-table\"><table class=\"has-fixed-layout\"><tbody><tr><td>BD n\u00b0 342 13\/03\/2026DPE Mouvement intra-d\u00e9partemental sur postes \u00e0 comp\u00e9tences particuli\u00e8res (PCP) &#8211; RS2026. Cliquez pour t\u00e9l\u00e9charger le BD dans son int\u00e9gralit\u00e9 :<br><a target=\"_blank\" href=\"https:\/\/buldep13.ac-aix-marseille.fr\/uploads\/BD13\/BD342\/BD 342.pdf?ts=1773732843\" rel=\"noreferrer noopener\">BD 342.pdf<\/a><\/td><td>Sommaire :Division des Personnels Enseignants (DPE) Mouvement intra-d\u00e9partemental sur postes \u00e0 comp\u00e9tences particuli\u00e8res \u2013 rentr\u00e9e scolaire 2026 Publication d\u2019un poste \u00e0 profil (PAP) \u2013 Coordonnateur REP+ \u2013 Circonscription Marseille Le Merlan<br><a target=\"_blank\" href=\"https:\/\/buldep13.ac-aix-marseille.fr\/uploads\/BD13\/BD342\/NdS d\u00e9partementale mouvement PCP 2026_PAP_CoordoREP+_LeMerlan.pdf?ts=1773732843\" rel=\"noreferrer noopener\">NdS d\u00e9partementale mouvement PCP 2026_PAP_CoordoREP+_LeMerlan.pdf<\/a> Annexe : <a target=\"_blank\" href=\"https:\/\/buldep13.ac-aix-marseille.fr\/uploads\/BD13\/BD342\/PAP2026-024-COORDO REP+ MARSEILLE LE MERLAN.pdf?ts=1773732843\" rel=\"noreferrer noopener\">PAP2026-024-COORDO REP+ MARSEILLE LE MERLAN.pdf<\/a><\/td><\/tr><\/tbody><\/table><\/figure>\n\n\n\n<p>LE BULLETIN DEPARTEMENTAL N\u00b0346<\/p>\n\n\n\n<figure class=\"wp-block-table\"><table class=\"has-fixed-layout\"><tbody><tr><td>BD n\u00b0 346 10\/04\/2026DPE Mouvement intra-d\u00e9partemental des personnels du 1er degr\u00e9 RS2026 Cliquez pour t\u00e9l\u00e9charger le BD dans son int\u00e9gralit\u00e9 :<br><a target=\"_blank\" href=\"https:\/\/buldep13.ac-aix-marseille.fr\/uploads\/BD13\/BD346\/BD 346.pdf?ts=1775892502\" rel=\"noreferrer noopener\">BD 346.pdf<\/a><\/td><td>Sommaire :Division des Personnels Enseignants (DPE) <img decoding=\"async\" src=\"https:\/\/buldep13.ac-aix-marseille.fr\/images\/picto_attention.gif\"> Les annexes du pr\u00e9sent m\u00e9mento, les listes des postes vacants et susceptibles d&rsquo;\u00eatre vacant et la liste des groupes de postes seront mises en ligne dans une publication ult\u00e9rieure du Bulletin d\u00e9partemental, pr\u00e9vue le 20 avril 2026. <img decoding=\"async\" src=\"https:\/\/buldep13.ac-aix-marseille.fr\/images\/picto_attention.gif\"> Note de service_Mouvement intra-d\u00e9partemental des enseignants du premier degr\u00e9 &#8211;<br><a target=\"_blank\" href=\"https:\/\/buldep13.ac-aix-marseille.fr\/uploads\/BD13\/BD346\/Note de service mouvement intra RS2026.pdf?ts=1775892502\" rel=\"noreferrer noopener\">Note de service mouvement intra RS2026.pdf<\/a> M\u00e9mento_Mouvement intra-d\u00e9partemental des enseignants du premier degr\u00e9 &#8211;<br><a target=\"_blank\" href=\"https:\/\/buldep13.ac-aix-marseille.fr\/uploads\/BD13\/BD346\/MEMENTO_RS_2026_PUBLICATION.pdf?ts=1775892502\" rel=\"noreferrer noopener\">MEMENTO_RS_2026_PUBLICATION.pdf<\/a><\/td><\/tr><\/tbody><\/table><\/figure>\n\n\n\n<p>LE BULLETIN DEPARTEMENTAL N\u00b0349<\/p>\n\n\n\n<figure class=\"wp-block-table\"><table class=\"has-fixed-layout\"><tbody><tr><td>BD n\u00b0 349 20\/04\/2026DPE Mouvement intra-d\u00e9partemental des personnels du 1er degr\u00e9 RS2026 Cliquez pour t\u00e9l\u00e9charger le BD dans son int\u00e9gralit\u00e9 :<br><a target=\"_blank\" href=\"https:\/\/buldep13.ac-aix-marseille.fr\/uploads\/BD13\/BD349\/BD 349.pdf?ts=1776679591\" rel=\"noreferrer noopener\">BD 349.pdf<\/a><\/td><td>Sommaire :Division des Personnels Enseignants (DPE) MEMENTO V2_Mouvement intra-d\u00e9partemental des personnels du 1er degr\u00e9 RS2026<br><a target=\"_blank\" href=\"https:\/\/buldep13.ac-aix-marseille.fr\/uploads\/BD13\/BD349\/MEMENTO_RS_2026_PUBLICATION V2.pdf?ts=1776679591\" rel=\"noreferrer noopener\">MEMENTO_RS_2026_PUBLICATION V2.pdf<\/a> Annexes : <a target=\"_blank\" href=\"https:\/\/buldep13.ac-aix-marseille.fr\/uploads\/BD13\/BD349\/Annexe 1 Proc\u00e9dure SIAM.pdf?ts=1776679591\" rel=\"noreferrer noopener\">Annexe 1 Proc\u00e9dure SIAM.pdf<\/a><br><a target=\"_blank\" href=\"https:\/\/buldep13.ac-aix-marseille.fr\/uploads\/BD13\/BD349\/Annexe 2 Voeux li\u00e9s.pdf?ts=1776679591\" rel=\"noreferrer noopener\">Annexe 2 Voeux li\u00e9s.pdf<\/a><br><a target=\"_blank\" href=\"https:\/\/buldep13.ac-aix-marseille.fr\/uploads\/BD13\/BD349\/Annexe 3 Fiche voeux manuels.pdf?ts=1776679591\" rel=\"noreferrer noopener\">Annexe 3 Fiche voeux manuels.pdf<\/a><br><a target=\"_blank\" href=\"https:\/\/buldep13.ac-aix-marseille.fr\/uploads\/BD13\/BD349\/Annexe 4 R\u00e9gime d\u00e9charges direction.pdf?ts=1776679591\" rel=\"noreferrer noopener\">Annexe 4 R\u00e9gime d\u00e9charges direction.pdf<\/a><br><a target=\"_blank\" href=\"https:\/\/buldep13.ac-aix-marseille.fr\/uploads\/BD13\/BD349\/Annexe 5 Voeux groupes commune, circonscription, MOB.pdf?ts=1776679591\" rel=\"noreferrer noopener\">Annexe 5 Voeux groupes commune, circonscription, MOB.pdf<\/a><br><a target=\"_blank\" href=\"https:\/\/buldep13.ac-aix-marseille.fr\/uploads\/BD13\/BD349\/Annexe 6 Utilisation G\u00e9oportail.pdf?ts=1776679591\" rel=\"noreferrer noopener\">Annexe 6 Utilisation G\u00e9oportail.pdf<\/a><br><a target=\"_blank\" href=\"https:\/\/buldep13.ac-aix-marseille.fr\/uploads\/BD13\/BD349\/Annexe 8 Implantation ZRD.pdf?ts=1776679591\" rel=\"noreferrer noopener\">Annexe 8 Implantation ZRD.pdf<\/a><br><a target=\"_blank\" href=\"https:\/\/buldep13.ac-aix-marseille.fr\/uploads\/BD13\/BD349\/Annexe 9 Implantation des Postes sp\u00e9 ASH.pdf?ts=1776679591\" rel=\"noreferrer noopener\">Annexe 9 Implantation des Postes sp\u00e9 ASH.pdf<\/a><br><a target=\"_blank\" href=\"https:\/\/buldep13.ac-aix-marseille.fr\/uploads\/BD13\/BD349\/Annexe 10 Implantation des Ecoles fl\u00e9ch\u00e9es OCCITAN.pdf?ts=1776679591\" rel=\"noreferrer noopener\">Annexe 10 Implantation des Ecoles fl\u00e9ch\u00e9es OCCITAN.pdf<\/a><br><a target=\"_blank\" href=\"https:\/\/buldep13.ac-aix-marseille.fr\/uploads\/BD13\/BD349\/Annexe 11-1 Implantation des Postes LV.pdf?ts=1776679591\" rel=\"noreferrer noopener\">Annexe 11-1 Implantation des Postes LV.pdf<\/a><br><a target=\"_blank\" href=\"https:\/\/buldep13.ac-aix-marseille.fr\/uploads\/BD13\/BD349\/Annexe 11-2 Implantation \u00e9coles bilingues.pdf?ts=1776679591\" rel=\"noreferrer noopener\">Annexe 11-2 Implantation \u00e9coles bilingues.pdf<\/a><br><a target=\"_blank\" href=\"https:\/\/buldep13.ac-aix-marseille.fr\/uploads\/BD13\/BD349\/Annexe 11-3 Implantation postes SI.pdf?ts=1776679591\" rel=\"noreferrer noopener\">Annexe 11-3 Implantation postes SI.pdf<\/a><br><a target=\"_blank\" href=\"https:\/\/buldep13.ac-aix-marseille.fr\/uploads\/BD13\/BD349\/Annexe 12 Implantation des TPS.pdf?ts=1776679591\" rel=\"noreferrer noopener\">Annexe 12 Implantation des TPS.pdf<\/a><br><a target=\"_blank\" href=\"https:\/\/buldep13.ac-aix-marseille.fr\/uploads\/BD13\/BD349\/Annexe 13 Implantation des UPE2A.pdf?ts=1776679591\" rel=\"noreferrer noopener\">Annexe 13 Implantation des UPE2A.pdf<\/a><br><a target=\"_blank\" href=\"https:\/\/buldep13.ac-aix-marseille.fr\/uploads\/BD13\/BD349\/Annexe 14 Implantation des postes de R\u00e9f\u00e9rents.pdf?ts=1776679591\" rel=\"noreferrer noopener\">Annexe 14 Implantation des postes de R\u00e9f\u00e9rents.pdf<\/a><br><a target=\"_blank\" href=\"https:\/\/buldep13.ac-aix-marseille.fr\/uploads\/BD13\/BD349\/Annexe 15 Implantation REP+ DECH 100%.pdf?ts=1776679591\" rel=\"noreferrer noopener\">Annexe 15 Implantation REP+ DECH 100%.pdf<\/a><br><a target=\"_blank\" href=\"https:\/\/buldep13.ac-aix-marseille.fr\/uploads\/BD13\/BD349\/Annexe 16 Ecoles CLA.pdf?ts=1776679591\" rel=\"noreferrer noopener\">Annexe 16 Ecoles CLA.pdf<\/a><br><a target=\"_blank\" href=\"https:\/\/buldep13.ac-aix-marseille.fr\/uploads\/BD13\/BD349\/Annexe 17 Ecoles innovantes Plan Marseille en grand.pdf?ts=1776679591\" rel=\"noreferrer noopener\">Annexe 17 Ecoles innovantes Plan Marseille en grand.pdf<\/a><br><a target=\"_blank\" href=\"https:\/\/buldep13.ac-aix-marseille.fr\/uploads\/BD13\/BD349\/Annexe 18 Typologie des circonscriptions TS.pdf?ts=1776679591\" rel=\"noreferrer noopener\">Annexe 18 Typologie des circonscriptions TS.pdf<\/a><br><a target=\"_blank\" href=\"https:\/\/buldep13.ac-aix-marseille.fr\/uploads\/BD13\/BD349\/Annexe 19 Bareme synth\u00e9tique DSDEN13 2026.pdf?ts=1776679591\" rel=\"noreferrer noopener\">Annexe 19 Bareme synth\u00e9tique DSDEN13 2026.pdf<\/a><br><a target=\"_blank\" href=\"https:\/\/buldep13.ac-aix-marseille.fr\/uploads\/BD13\/BD349\/Annexe 20-1 Lettres engag. Occitan.pdf?ts=1776679591\" rel=\"noreferrer noopener\">Annexe 20-1 Lettres engag. Occitan.pdf<\/a><br><a target=\"_blank\" href=\"https:\/\/buldep13.ac-aix-marseille.fr\/uploads\/BD13\/BD349\/Annexe 20-2 Lettres engag. Occitan Directeur.pdf?ts=1776679591\" rel=\"noreferrer noopener\">Annexe 20-2 Lettres engag. Occitan Directeur.pdf<\/a><br><a target=\"_blank\" href=\"https:\/\/buldep13.ac-aix-marseille.fr\/uploads\/BD13\/BD349\/Annexe 20-3 Lettre engag. Occitan non fl\u00e9ch\u00e9.pdf?ts=1776679591\" rel=\"noreferrer noopener\">Annexe 20-3 Lettre engag. Occitan non fl\u00e9ch\u00e9.pdf<\/a><br><a target=\"_blank\" href=\"https:\/\/buldep13.ac-aix-marseille.fr\/uploads\/BD13\/BD349\/Annexe 21 LISTE ETABLISSEMENTS AU 01.09.2026.pdf?ts=1776679591\" rel=\"noreferrer noopener\">Annexe 21 LISTE ETABLISSEMENTS AU 01.09.2026.pdf<\/a><br><a target=\"_blank\" href=\"https:\/\/buldep13.ac-aix-marseille.fr\/uploads\/BD13\/BD349\/Annexe 22 Nomenclature 2026.pdf?ts=1776679591\" rel=\"noreferrer noopener\">Annexe 22 Nomenclature 2026.pdf<\/a><br><a target=\"_blank\" href=\"https:\/\/buldep13.ac-aix-marseille.fr\/uploads\/BD13\/BD349\/Annexe 23-1 Carte Communes BDR.pdf?ts=1776679591\" rel=\"noreferrer noopener\">Annexe 23-1 Carte Communes BDR.pdf<\/a><br><a target=\"_blank\" href=\"https:\/\/buldep13.ac-aix-marseille.fr\/uploads\/BD13\/BD349\/Annexe 23-2 Carte circonscriptions IEN D\u00e9partement (hors Marseille).pdf?ts=1776679591\" rel=\"noreferrer noopener\">Annexe 23-2 Carte circonscriptions IEN D\u00e9partement (hors Marseille).pdf<\/a><br><a target=\"_blank\" href=\"https:\/\/buldep13.ac-aix-marseille.fr\/uploads\/BD13\/BD349\/Annexe 23-3 Carte circonscriptions IEN Marseille.pdf?ts=1776679591\" rel=\"noreferrer noopener\">Annexe 23-3 Carte circonscriptions IEN Marseille.pdf<\/a><br>Liste des postes vacants et susceptibles d\u2019\u00eatre vacants \u00e0 la rentr\u00e9e scolaire 2026_Mouvement intra-d\u00e9partemental des enseignants du premier degr\u00e9<br><a target=\"_blank\" href=\"https:\/\/buldep13.ac-aix-marseille.fr\/uploads\/BD13\/BD349\/20.04.2026_LISTE POSTES.pdf?ts=1776679591\" rel=\"noreferrer noopener\">20.04.2026_LISTE POSTES.pdf<\/a> Liste des groupes de postes : Communes \/ Circonscriptions \/ Mobilit\u00e9 Obligatoire _Mouvement intra-d\u00e9partemental des enseignants du premier degr\u00e9 &#8211; Rentr\u00e9e scolaire 2026<br><a target=\"_blank\" href=\"https:\/\/buldep13.ac-aix-marseille.fr\/uploads\/BD13\/BD349\/20.04.2026_LISTE GROUPES.pdf?ts=1776679591\" rel=\"noreferrer noopener\">20.04.2026_LISTE GROUPES.pdf<\/a><\/td><\/tr><\/tbody><\/table><\/figure>\n\n\n\n<p><strong>84<\/strong>: <\/p>\n\n\n\n<p>LE BULLETIN DEPARTEMENTAL SP\u00c9CIAL N\u00b093S<\/p>\n\n\n\n<figure class=\"wp-block-table\"><table class=\"has-fixed-layout\"><tbody><tr><td>BD n\u00b0 93 16\/03\/2026DIV PERS Mouvement compl\u00e9mentaire par INEAT et EXEAT des enseignants du premier degr\u00e9 &#8211; Rentr\u00e9e scolaire 2026 Cliquez pour t\u00e9l\u00e9charger le BD dans son int\u00e9gralit\u00e9 :<br><a target=\"_blank\" href=\"https:\/\/buldep84.ac-aix-marseille.fr\/uploads\/BD84\/BD93S\/BDS 93.pdf?ts=1773726829\" rel=\"noreferrer noopener\">BDS 93.pdf<\/a><\/td><td>Sommaire :Division des personnels (DIV PERS) Mouvement compl\u00e9mentaire INEAT EXEAT RS 2026<br><a target=\"_blank\" href=\"https:\/\/buldep84.ac-aix-marseille.fr\/uploads\/BD84\/BD93S\/Mouvement compl\u00e9mentaire INEAT EXEAT RS 2026.pdf?ts=1773726829\" rel=\"noreferrer noopener\">Mouvement compl\u00e9mentaire INEAT EXEAT RS 2026.pdf<\/a> Formulaire de demande d&rsquo;INEAT EXEAT RS 2026<br><a target=\"_blank\" href=\"https:\/\/buldep84.ac-aix-marseille.fr\/uploads\/BD84\/BD93S\/Formulaire de demande d'INEAT EXEAT RS 2026.pdf?ts=1773726829\" rel=\"noreferrer noopener\">Formulaire de demande d&rsquo;INEAT EXEAT RS 2026.pdf<\/a><\/td><\/tr><\/tbody><\/table><\/figure>\n\n\n\n<p>Phase compl\u00e9mentaire du mouvement interd\u00e9partemental des enseignants du 1er degr\u00e9 public: <a href=\"https:\/\/buldep13.ac-aix-marseille.fr\/uploads\/BD13\/BD340\/BD%20340.pdf?ts=1773321969\">https:\/\/buldep13.ac-aix-marseille.fr\/uploads\/BD13\/BD340\/BD%20340.pdf?ts=1773321969<\/a><\/p>\n\n\n\n<p>LE BULLETIN DEPARTEMENTAL N\u00b0498<\/p>\n\n\n\n<figure class=\"wp-block-table\"><table class=\"has-fixed-layout\"><tbody><tr><td>BD n\u00b0 498 02\/04\/2026DVRH Cliquez pour t\u00e9l\u00e9charger le BD dans son int\u00e9gralit\u00e9 :<br><a target=\"_blank\" href=\"https:\/\/buldep84.ac-aix-marseille.fr\/uploads\/BD84\/BD498\/BD 498.pdf?ts=1775192207\" rel=\"noreferrer noopener\">BD 498.pdf<\/a><\/td><td>Sommaire :Division Valorisation des Ressources Humaines (DVRH)<br><a target=\"_blank\" href=\"https:\/\/buldep84.ac-aix-marseille.fr\/uploads\/BD84\/BD498\/Note de service- demande de bonfication au titre du handicap pour MVT Intra 2026.pdf?ts=1775192207\" rel=\"noreferrer noopener\">Note de service- demande de bonfication au titre du handicap pour MVT Intra 2026.pdf<\/a><br><a target=\"_blank\" href=\"https:\/\/buldep84.ac-aix-marseille.fr\/uploads\/BD84\/BD498\/Formulaire demande de bonification au titre du handicap - MVT Intra 2026.pdf?ts=1775192207\" rel=\"noreferrer noopener\">Formulaire demande de bonification au titre du handicap &#8211; MVT Intra 2026.pdf<\/a><br><a target=\"_blank\" href=\"https:\/\/buldep84.ac-aix-marseille.fr\/uploads\/BD84\/BD498\/Campagne complementaire par detachement rentree 2026.pdf?ts=1775192207\" rel=\"noreferrer noopener\">Campagne complementaire par detachement rentree 2026.pdf<\/a><\/td><\/tr><\/tbody><\/table><\/figure>\n\n\n\n<p>LE BULLETIN DEPARTEMENTAL N\u00b0499<\/p>\n\n\n\n<figure class=\"wp-block-table\"><table class=\"has-fixed-layout\"><tbody><tr><td>BD n\u00b0 499 09\/04\/2026DVRH Cliquez pour t\u00e9l\u00e9charger le BD dans son int\u00e9gralit\u00e9 :<br><a target=\"_blank\" href=\"https:\/\/buldep84.ac-aix-marseille.fr\/uploads\/BD84\/BD499\/BD 499.pdf?ts=1775892606\" rel=\"noreferrer noopener\">BD 499.pdf<\/a><\/td><td>Sommaire :Division Valorisation des Ressources Humaines (DVRH) Guide mobilite<br><a target=\"_blank\" href=\"https:\/\/buldep84.ac-aix-marseille.fr\/uploads\/BD84\/BD499\/Guide de mobilite 2026.pdf?ts=1775892606\" rel=\"noreferrer noopener\">Guide de mobilite 2026.pdf<\/a> Annexes : <a target=\"_blank\" href=\"https:\/\/buldep84.ac-aix-marseille.fr\/uploads\/BD84\/BD499\/Annexe 1  Elements de bareme LDGA.pdf?ts=1775892606\" rel=\"noreferrer noopener\">Annexe 1 Elements de bareme LDGA.pdf<\/a><br><a target=\"_blank\" href=\"https:\/\/buldep84.ac-aix-marseille.fr\/uploads\/BD84\/BD499\/Annexe 2 code et libelles de supports.pdf?ts=1775892606\" rel=\"noreferrer noopener\">Annexe 2 code et libelles de supports.pdf<\/a><br><a target=\"_blank\" href=\"https:\/\/buldep84.ac-aix-marseille.fr\/uploads\/BD84\/BD499\/Annexe 3 bis CARTE 84 Regroupements de communes.pdf?ts=1775892606\" rel=\"noreferrer noopener\">Annexe 3 bis CARTE 84 Regroupements de communes.pdf<\/a><br><a target=\"_blank\" href=\"https:\/\/buldep84.ac-aix-marseille.fr\/uploads\/BD84\/BD499\/Annexe 3 Regroupement de communes.pdf?ts=1775892606\" rel=\"noreferrer noopener\">Annexe 3 Regroupement de communes.pdf<\/a><br><a target=\"_blank\" href=\"https:\/\/buldep84.ac-aix-marseille.fr\/uploads\/BD84\/BD499\/Annexe 4 Liste des communes permettant un v\u0153u \u00ab Commune \u00bb.pdf?ts=1775892606\" rel=\"noreferrer noopener\">Annexe 4 Liste des communes permettant un v\u0153u \u00ab Commune \u00bb.pdf<\/a><br><a target=\"_blank\" href=\"https:\/\/buldep84.ac-aix-marseille.fr\/uploads\/BD84\/BD499\/Annexe 5 Liste des Groupes MOB.pdf?ts=1775892606\" rel=\"noreferrer noopener\">Annexe 5 Liste des Groupes MOB.pdf<\/a><br><a target=\"_blank\" href=\"https:\/\/buldep84.ac-aix-marseille.fr\/uploads\/BD84\/BD499\/Annexe 5 bis Carte Circos Vaucluse.pdf?ts=1775892606\" rel=\"noreferrer noopener\">Annexe 5 bis Carte Circos Vaucluse.pdf<\/a><br><a target=\"_blank\" href=\"https:\/\/buldep84.ac-aix-marseille.fr\/uploads\/BD84\/BD499\/Annexe 6 Postes a profil.pdf?ts=1775892606\" rel=\"noreferrer noopener\">Annexe 6 Postes a profil.pdf<\/a><br><a target=\"_blank\" href=\"https:\/\/buldep84.ac-aix-marseille.fr\/uploads\/BD84\/BD499\/Annexe 7 Aide a la saise des voeux.pdf?ts=1775892606\" rel=\"noreferrer noopener\">Annexe 7 Aide a la saise des voeux.pdf<\/a><br><a target=\"_blank\" href=\"https:\/\/buldep84.ac-aix-marseille.fr\/uploads\/BD84\/BD499\/Annexe 7 bis Fiche information enseignants.docx.pdf?ts=1775892606\" rel=\"noreferrer noopener\">Annexe 7 bis Fiche information enseignants.docx.pdf<\/a><br><a target=\"_blank\" href=\"https:\/\/buldep84.ac-aix-marseille.fr\/uploads\/BD84\/BD499\/Annexe 8 Liste des ecoles par circo.pdf?ts=1775892606\" rel=\"noreferrer noopener\">Annexe 8 Liste des ecoles par circo.pdf<\/a><br><a target=\"_blank\" href=\"https:\/\/buldep84.ac-aix-marseille.fr\/uploads\/BD84\/BD499\/Annexe 9 Fiche de demande de bonification situations familiales.pdf?ts=1775892606\" rel=\"noreferrer noopener\">Annexe 9 Fiche de demande de bonification situations familiales.pdf<\/a><\/td><\/tr><\/tbody><\/table><\/figure>\n\n\n\n<div data-wp-interactive=\"core\/file\" class=\"wp-block-file\"><object data-wp-bind--hidden=\"!state.hasPdfPreview\" hidden class=\"wp-block-file__embed\" data=\"https:\/\/snalc.org\/snalc2023\/wp-content\/uploads\/2026\/04\/BD-499.pdf\" type=\"application\/pdf\" style=\"width:100%;height:600px\" aria-label=\"Contenu embarqu\u00e9 BD 499.\"><\/object><a id=\"wp-block-file--media-629dc437-d590-43e9-b9c7-55dcf617c9af\" href=\"https:\/\/snalc.org\/snalc2023\/wp-content\/uploads\/2026\/04\/BD-499.pdf\">BD 499<\/a><a href=\"https:\/\/snalc.org\/snalc2023\/wp-content\/uploads\/2026\/04\/BD-499.pdf\" class=\"wp-block-file__button wp-element-button\" download aria-describedby=\"wp-block-file--media-629dc437-d590-43e9-b9c7-55dcf617c9af\">T\u00e9l\u00e9charger<\/a><\/div>\n\n\n\n<p><strong>05:<\/strong> \u00e0 venir<\/p>\n\n\n\n<p><strong>04:<\/strong> \u00e0 venir<\/p>\n\n\n\n<p><strong>Visio sp\u00e9ciales 1er degr\u00e9,<\/strong> mouvement intra organis\u00e9es par le Snalc Aix Marseille : le <strong>29 avril 2026 de 10h \u00e0 12h<\/strong>, via un lien Zoom envoy\u00e9 quelques jours avant.<\/p>\n\n\n\n<p><strong>Inscription<\/strong> -&gt; ci dessous:<\/p>\n\n\n\n<p><a href=\"https:\/\/snalc.org\/snalc2023\/?p=4892\">https:\/\/snalc.org\/snalc2023\/?p=4892<\/a><\/p>\n\n\n\n<p><\/p>\n\n\n\n<hr class=\"wp-block-separator has-alpha-channel-opacity\"\/>\n\n\n\n<h2 class=\"wp-block-heading has-luminous-vivid-orange-color has-text-color has-link-color wp-elements-fc0f492cfd438ea36f0af0fe3abbac52\"><strong>2nd DEGRE:<\/strong><\/h2>\n\n\n\n<p>Retrouvez les conseils du SNALC pour votre mutation intra-d\u00e9partementale sur: <a href=\"https:\/\/snalc.fr\/mouvement-intra-academique\">https:\/\/snalc.fr\/mouvement-intra-academique<\/a><\/p>\n\n\n\n<p><strong>Contact: <\/strong>06 83 51 36 08 \u2013 07 85 82 30 69 \u2013 <a href=\"mailto:mutation.am@snalc.org\">mutation.am@snalc.org<\/a><\/p>\n\n\n\n<p class=\"has-luminous-vivid-orange-color has-ast-global-color-6-background-color has-text-color has-background has-link-color has-medium-font-size wp-elements-38203b7f8709a7f86a52621e95440643\"><strong>-&gt; Fiche de suivi:<\/strong> <a href=\"https:\/\/snalc.org\/snalc2023\/?p=4989\">https:\/\/snalc.org\/snalc2023\/?p=4989<\/a><\/p>\n\n\n\n<p><strong>Mouvement du 25 mars (12h) au 8 avril 2026 (12h)<\/strong>, saisie des v\u0153ux dans SIAM<\/p>\n\n\n\n<p><strong>Visio sp\u00e9ciales 2nd degr\u00e9,<\/strong> mouvement intra organis\u00e9es par le Snalc Aix Marseille :<\/p>\n\n\n\n<p><strong>Inscriptions <\/strong>-&gt; ci-dessous<\/p>\n\n\n\n<p><a href=\"https:\/\/snalc.org\/snalc2023\/?p=4889\">https:\/\/snalc.org\/snalc2023\/?p=4889<\/a><\/p>\n\n\n\n<hr class=\"wp-block-separator has-alpha-channel-opacity\"\/>\n\n\n\n<p>Pour faire la <strong>demande de mutation <\/strong>se rendre dans Iprof (rubrique les services) puis sur SIAM : <a href=\"https:\/\/appli.ac-aix-marseille.fr\/iprof\/servletiprofe\" target=\"_blank\" rel=\"noreferrer noopener\">https:\/\/appli.ac-aix-marseille.fr\/iprof\/servletiprofe<\/a><\/p>\n\n\n\n<p><strong>Article site Aix Marseille \u00e0 consulter<\/strong> <strong>2026<\/strong>: <a href=\"https:\/\/www.ac-aix-marseille.fr\/mouvement-intra-academique-2nd-degre-public-121838\">https:\/\/www.ac-aix-marseille.fr\/mouvement-intra-academique-2nd-degre-public-121838<\/a><\/p>\n\n\n\n<p><strong>Guide SNALC QU 1510:<\/strong> <a href=\"https:\/\/snalc.fr\/wp-content\/uploads\/QU1510-INTRA.pdf\">https:\/\/snalc.fr\/wp-content\/uploads\/QU1510-INTRA.pdf<\/a><\/p>\n\n\n\n<p><strong>BA 2026<\/strong>: <a href=\"https:\/\/bulacad.ac-aix-marseille.fr\/uploads\/BA\/BA556S\/BASPE_556.pdf?ts=1773995401\">https:\/\/bulacad.ac-aix-marseille.fr\/uploads\/BA\/BA556S\/BASPE_556.pdf?ts=1773995401<\/a><\/p>\n\n\n\n<p><strong>Pr\u00e9sentation du mouvement 2026:<\/strong> <a href=\"https:\/\/www.ac-aix-marseille.fr\/media\/23771\/download\">https:\/\/www.ac-aix-marseille.fr\/media\/23771\/download<\/a><\/p>\n\n\n\n<p><strong>Annuaire DIPE: 2026: <\/strong><a href=\"https:\/\/www.ac-aix-marseille.fr\/media\/16616\/download\">https:\/\/www.ac-aix-marseille.fr\/media\/16616\/download<\/a><\/p>\n\n\n\n<p><strong>Postes SPEA 2026<\/strong>:<a href=\"https:\/\/www.ac-aix-marseille.fr\/media\/16962\/download\"> <\/a><a href=\"https:\/\/www.ac-aix-marseille.fr\/media\/17545\/download\">https:\/\/www.ac-aix-marseille.fr\/media\/17545\/download<\/a><\/p>\n\n\n\n<p><strong>Postes ULIS 2026:<\/strong> <a href=\"https:\/\/bulacad.ac-aix-marseille.fr\/uploads\/BA\/BA1079\/DRRH1079-262.pdf?ts=1773992514\">https:\/\/bulacad.ac-aix-marseille.fr\/uploads\/BA\/BA1079\/DRRH1079-262.pdf?ts=1773992514<\/a><\/p>\n\n\n\n<hr class=\"wp-block-separator has-alpha-channel-opacity\"\/>\n\n\n\n<p><strong>Comparateur de mobilit\u00e9:<\/strong> <a href=\"https:\/\/info-mutations.phm.education.gouv.fr\/cmpmo-front\/mvt\/comparateur\/intra\">https:\/\/info-mutations.phm.education.gouv.fr\/cmpmo-front\/mvt\/comparateur\/intra<\/a><\/p>\n\n\n\n<p><strong>Barres intra:<\/strong> <a href=\"https:\/\/www.ac-aix-marseille.fr\/media\/25951\/download\">https:\/\/www.ac-aix-marseille.fr\/media\/25951\/download<\/a><\/p>\n","protected":false},"excerpt":{"rendered":"<p>PROFESSEURS DES \u00c9COLES : Retrouvez les conseils du SNALC pour votre mutation intra-d\u00e9partementale sur: https:\/\/snalc.fr\/mouvement-intradep-2026\/ Contact: 06 61 83 27 81 \u2013 mutation.am@snalc.org -&gt; Fiche de suivi: https:\/\/snalc.org\/snalc2023\/?p=4989 Mouvement 1er [&hellip;]<\/p>\n","protected":false},"author":1,"featured_media":0,"comment_status":"closed","ping_status":"closed","sticky":false,"template":"","format":"standard","meta":{"_lmt_disableupdate":"no","_lmt_disable":"","site-sidebar-layout":"default","site-content-layout":"","ast-site-content-layout":"default","site-content-style":"default","site-sidebar-style":"default","ast-global-header-display":"","ast-banner-title-visibility":"","ast-main-header-display":"","ast-hfb-above-header-display":"","ast-hfb-below-header-display":"","ast-hfb-mobile-header-display":"","site-post-title":"","ast-breadcrumbs-content":"","ast-featured-img":"","footer-sml-layout":"","ast-disable-related-posts":"","theme-transparent-header-meta":"","adv-header-id-meta":"","stick-header-meta":"","header-above-stick-meta":"","header-main-stick-meta":"","header-below-stick-meta":"","astra-migrate-meta-layouts":"set","ast-page-background-enabled":"default","ast-page-background-meta":{"desktop":{"background-color":"var(--ast-global-color-4)","background-image":"","background-repeat":"repeat","background-position":"center center","background-size":"auto","background-attachment":"scroll","background-type":"","background-media":"","overlay-type":"","overlay-color":"","overlay-opacity":"","overlay-gradient":""},"tablet":{"background-color":"","background-image":"","background-repeat":"repeat","background-position":"center center","background-size":"auto","background-attachment":"scroll","background-type":"","background-media":"","overlay-type":"","overlay-color":"","overlay-opacity":"","overlay-gradient":""},"mobile":{"background-color":"","background-image":"","background-repeat":"repeat","background-position":"center center","background-size":"auto","background-attachment":"scroll","background-type":"","background-media":"","overlay-type":"","overlay-color":"","overlay-opacity":"","overlay-gradient":""}},"ast-content-background-meta":{"desktop":{"background-color":"var(--ast-global-color-5)","background-image":"","background-repeat":"repeat","background-position":"center center","background-size":"auto","background-attachment":"scroll","background-type":"","background-media":"","overlay-type":"","overlay-color":"","overlay-opacity":"","overlay-gradient":""},"tablet":{"background-color":"var(--ast-global-color-5)","background-image":"","background-repeat":"repeat","background-position":"center center","background-size":"auto","background-attachment":"scroll","background-type":"","background-media":"","overlay-type":"","overlay-color":"","overlay-opacity":"","overlay-gradient":""},"mobile":{"background-color":"var(--ast-global-color-5)","background-image":"","background-repeat":"repeat","background-position":"center center","background-size":"auto","background-attachment":"scroll","background-type":"","background-media":"","overlay-type":"","overlay-color":"","overlay-opacity":"","overlay-gradient":""}},"footnotes":""},"categories":[42,9,10,7],"tags":[],"class_list":["post-4884","post","type-post","status-publish","format-standard","hentry","category-actualites-2025-2026","category-intra-academique","category-intra-departementale","category-mutation"],"modified_by":"slecourtier","_links":{"self":[{"href":"https:\/\/snalc.org\/snalc2023\/index.php?rest_route=\/wp\/v2\/posts\/4884","targetHints":{"allow":["GET"]}}],"collection":[{"href":"https:\/\/snalc.org\/snalc2023\/index.php?rest_route=\/wp\/v2\/posts"}],"about":[{"href":"https:\/\/snalc.org\/snalc2023\/index.php?rest_route=\/wp\/v2\/types\/post"}],"author":[{"embeddable":true,"href":"https:\/\/snalc.org\/snalc2023\/index.php?rest_route=\/wp\/v2\/users\/1"}],"replies":[{"embeddable":true,"href":"https:\/\/snalc.org\/snalc2023\/index.php?rest_route=%2Fwp%2Fv2%2Fcomments&post=4884"}],"version-history":[{"count":21,"href":"https:\/\/snalc.org\/snalc2023\/index.php?rest_route=\/wp\/v2\/posts\/4884\/revisions"}],"predecessor-version":[{"id":5086,"href":"https:\/\/snalc.org\/snalc2023\/index.php?rest_route=\/wp\/v2\/posts\/4884\/revisions\/5086"}],"wp:attachment":[{"href":"https:\/\/snalc.org\/snalc2023\/index.php?rest_route=%2Fwp%2Fv2%2Fmedia&parent=4884"}],"wp:term":[{"taxonomy":"category","embeddable":true,"href":"https:\/\/snalc.org\/snalc2023\/index.php?rest_route=%2Fwp%2Fv2%2Fcategories&post=4884"},{"taxonomy":"post_tag","embeddable":true,"href":"https:\/\/snalc.org\/snalc2023\/index.php?rest_route=%2Fwp%2Fv2%2Ftags&post=4884"}],"curies":[{"name":"wp","href":"https:\/\/api.w.org\/{rel}","templated":true}]}}