{"id":4974,"date":"2026-03-13T07:16:30","date_gmt":"2026-03-13T06:16:30","guid":{"rendered":"https:\/\/snalc.org\/snalc2023\/?p=4974"},"modified":"2026-03-13T07:16:33","modified_gmt":"2026-03-13T06:16:33","slug":"mouvement-inter-2026-modalites-des-recours","status":"publish","type":"post","link":"https:\/\/snalc.org\/snalc2023\/?p=4974","title":{"rendered":"Mouvement inter 2026: modalit\u00e9s des recours"},"content":{"rendered":"\n<p>\u00a9 iStock &#8211; NickyLloyd<\/p>\n\n\n\n<h4 class=\"wp-block-heading\">Sommaire<\/h4>\n\n\n\n<ul class=\"wp-block-list\">\n<li><a href=\"https:\/\/snalc.fr\/mouvement-inter-recours\/#elementor-toc__heading-anchor-0\">Professeurs agr\u00e9g\u00e9s, certifi\u00e9s, P-EPS, PLP, CPE, Psy-EN<\/a><\/li>\n\n\n\n<li><a href=\"https:\/\/snalc.fr\/mouvement-inter-recours\/#elementor-toc__heading-anchor-1\">Professeurs des \u00e9coles<\/a><\/li>\n\n\n\n<li><a href=\"https:\/\/snalc.fr\/mouvement-inter-recours\/#info-recours\">La proc\u00e9dure de recours<\/a><\/li>\n\n\n\n<li><a href=\"https:\/\/snalc.fr\/mouvement-inter-recours\/#elementor-toc__heading-anchor-3\">Mouvement INTRA : les premiers conseils du SNALC<\/a><\/li>\n\n\n\n<li><a href=\"https:\/\/snalc.fr\/mouvement-inter-recours\/#elementor-toc__heading-anchor-4\">INTER 2025 : chiffres sur la participation et les r\u00e9sultats (MEN)<\/a><\/li>\n<\/ul>\n\n\n\n<h2 class=\"wp-block-heading\">Professeurs agr\u00e9g\u00e9s, certifi\u00e9s, P-EPS, PLP, CPE, Psy-EN<\/h2>\n\n\n\n<p>Les&nbsp;<strong>barres&nbsp;<\/strong>de chaque mouvement sont consultables sur le site du minist\u00e8re :&nbsp;<a href=\"https:\/\/www.education.gouv.fr\/cartes-des-resultats-des-mouvements-interdepartemental-et-interacademique-donnees-generales-274397\" target=\"_blank\" rel=\"noreferrer noopener\">ici<\/a>.<\/p>\n\n\n\n<p><strong>Deux cas de figure se pr\u00e9sentent.&nbsp;<\/strong><\/p>\n\n\n\n<p>Pour chacun d\u2019eux, le SNALC vous accompagnera et vous conseillera afin d\u2019obtenir les meilleurs r\u00e9sultats.<\/p>\n\n\n\n<p>SITUATION n\u00b01<\/p>\n\n\n\n<p><strong>Vous venez d\u2019obtenir votre nouvelle acad\u00e9mie&nbsp;ou&nbsp;vous souhaitez participer au mouvement intra-acad\u00e9mique&nbsp;?<\/strong><\/p>\n\n\n\n<p><strong>Consultez notre&nbsp;<a href=\"https:\/\/snalc.fr\/mouvement-intra-academique\/#quintra\" target=\"_blank\" rel=\"noreferrer noopener\">guide INTRA<\/a>&nbsp;(voir ci-dessous) et contactez rapidement le SNALC pour pr\u00e9parer le mouvement INTRA dans votre acad\u00e9mie&nbsp;:<\/strong><\/p>\n\n\n\n<p><a href=\"https:\/\/snalc.fr\/wp-content\/uploads\/QU1510-INTRA-contacts.pdf\">Situation n\u00b01 : je pr\u00e9pare l&rsquo;intra dans mon acad\u00e9mie<\/a><\/p>\n\n\n\n<p>SITUATION n\u00b02<\/p>\n\n\n\n<p><strong>Vous venez d\u2019obtenir une nouvelle acad\u00e9mie&nbsp;<u>en extension<\/u>&nbsp;(hors de vos v\u0153ux)&nbsp;ou&nbsp;vous n\u2019avez&nbsp;<u>pas obtenu<\/u>&nbsp;votre mutation&nbsp;?<\/strong><br><br><strong>Contactez imm\u00e9diatement le SNALC de votre acad\u00e9mie actuelle pour former un \u00e9ventuel recours aupr\u00e8s du minist\u00e8re&nbsp;:<\/strong><\/p>\n\n\n\n<p><a href=\"https:\/\/snalc.fr\/contact\/#contact-academie\">Situation n\u00b02 : je contacte le SNALC de mon acad\u00e9mie actuelle<\/a><\/p>\n\n\n\n<h2 class=\"wp-block-heading\">Professeurs des \u00e9coles<\/h2>\n\n\n\n<p>Les&nbsp;<strong>barres&nbsp;<\/strong>de chaque mouvement sont consultables sur le site du minist\u00e8re :&nbsp;<a href=\"https:\/\/www.education.gouv.fr\/cartes-des-resultats-des-mouvements-interdepartemental-et-interacademique-donnees-generales-274397\" target=\"_blank\" rel=\"noreferrer noopener\">ici<\/a>.<\/p>\n\n\n\n<p><strong>Deux cas de figure se pr\u00e9sentent.&nbsp;<\/strong><\/p>\n\n\n\n<p>Pour chacun d\u2019eux, le SNALC vous accompagnera et vous conseillera afin d\u2019obtenir les meilleurs r\u00e9sultats.<\/p>\n\n\n\n<p>SITUATION n\u00b01<\/p>\n\n\n\n<p><strong>Vous venez d\u2019obtenir un nouveau d\u00e9partement&nbsp;et&nbsp;vous devez participer au mouvement intra-d\u00e9partemental 2026<\/strong><br><strong>ou<\/strong><br><strong>Vous souhaitez participer au mouvement dans votre d\u00e9partement actuel&nbsp;?<\/strong><\/p>\n\n\n\n<p><strong><a href=\"https:\/\/snalc.fr\/mouvement-intradep-2026\/\" target=\"_blank\" rel=\"noreferrer noopener\">Cliquez ici pour consulter notre page sp\u00e9ciale INTRA<\/a>&nbsp;et contactez rapidement le SNALC pour pr\u00e9parer le mouvement INTRA dans votre d\u00e9partement&nbsp;:<\/strong><\/p>\n\n\n\n<p><a href=\"https:\/\/snalc.forms.app\/contact-1d\">Pour le suivi de votre mouvement intra : cliquer ici<\/a><\/p>\n\n\n\n<p>SITUATION n\u00b02<\/p>\n\n\n\n<p><strong>Vous&nbsp;n\u2019avez&nbsp;<u>pas obtenu<\/u>&nbsp;votre mutation&nbsp;?<\/strong><br><strong>ou<\/strong><br><strong>Vous n\u2019avez pas pu participer au mouvement inter d\u00e9partemental mais des conditions nouvelles et importantes vous conduisent \u00e0 devoir changer de d\u00e9partement&nbsp;(mutation tardive du conjoint ou maladie grave par exemple)<\/strong><br><br><strong>Contactez imm\u00e9diatement le SNALC pour former un \u00e9ventuel recours et\/ou pour \u00eatre accompagn\u00e9(e) en vue de participer \u00e0 la phase compl\u00e9mentaire (ineat-exeat).<\/strong><\/p>\n\n\n\n<p><a href=\"https:\/\/snalc.forms.app\/recours-inter-1d\">Pour le suivi de votre recours inter : cliquer ici<\/a><\/p>\n\n\n\n<h2 class=\"wp-block-heading\"><a href=\"https:\/\/snalc.fr\/mouvement-inter-recours\/#procedurerecours\">La proc\u00e9dure de recours<\/a><\/h2>\n\n\n\n<p>Qu\u2019est-ce qu\u2019un recours administratif&nbsp;?<\/p>\n\n\n\n<p>La loi n\u00b0 2019-828 du 6 ao\u00fbt 2019 de transformation de la fonction publique permet aux candidats d\u2019\u00eatre assist\u00e9s par le syndicat qu\u2019ils d\u00e9signent dans les recours administratifs qu\u2019ils forment contre les d\u00e9cisions individuelles d\u00e9favorables en mati\u00e8re de mutation.<\/p>\n\n\n\n<p>Une d\u00e9cision est dite&nbsp;<strong>d\u00e9favorable<\/strong>&nbsp;dans les cas suivants&nbsp;:<\/p>\n\n\n\n<blockquote class=\"wp-block-quote is-layout-flow wp-block-quote-is-layout-flow\">\n<p>\u2022 affectation&nbsp;<strong>en dehors de ses v\u0153ux<\/strong>, par la proc\u00e9dure d\u2019extension des v\u0153ux (candidats stagiaires, candidats titulaires en ATP\u2026)<\/p>\n<\/blockquote>\n\n\n\n<blockquote class=\"wp-block-quote is-layout-flow wp-block-quote-is-layout-flow\">\n<p>\u2022&nbsp;<strong>pas de mutation<\/strong>&nbsp;dans le cas d\u2019un agent titulaire.<\/p>\n<\/blockquote>\n\n\n\n<p>Le&nbsp;<strong>SNALC<\/strong>&nbsp;a d\u00e9nonc\u00e9 cette d\u00e9finition restrictive dont le seul but est de r\u00e9duire le nombre de recours. D\u2019autres situations peuvent \u00eatre \u00e9tudi\u00e9es au cas par cas. N\u2019h\u00e9sitez pas \u00e0 nous contacter.<\/p>\n\n\n\n<p>Le&nbsp;<strong>SNALC<\/strong>&nbsp;ainsi mandat\u00e9 pr\u00e9sentera chaque situation au minist\u00e8re et \u0153uvrera, lors de nombreux \u00e9changes et r\u00e9unions bilat\u00e9rales avec l\u2019administration, pour trouver une issue favorable.<\/p>\n\n\n\n<p><em><u>Attention<\/u>&nbsp;: le recours administratif contre une d\u00e9cision individuelle d\u00e9favorable en mati\u00e8re de mutation n\u2019est pas une sorte de nouveau mouvement ouvrant un droit \u00e0 mutation. Il s\u2019agit bien de d\u00e9fendre une situation individuelle aupr\u00e8s du minist\u00e8re pour obtenir une rectification suite \u00e0 une erreur, une am\u00e9lioration comme nous le faisions auparavant au sein des commissions administratives paritaires nationales en tenant compte des capacit\u00e9s d\u2019accueil de chaque acad\u00e9mie et des situations individuelles (mutation du&nbsp; conjoint, maladie, dur\u00e9e de s\u00e9paration, etc.). Former un recours ne garantit pas d\u2019avoir gain de cause automatiquement, cela reste une d\u00e9marche compliqu\u00e9e dans laquelle nous vous accompagnerons au mieux.<\/em><\/p>\n\n\n\n<p>Pourquoi choisir le SNALC dans cette d\u00e9marche&nbsp;?<\/p>\n\n\n\n<ul class=\"wp-block-list\">\n<li>Pour sa\u00a0<strong>r\u00e9ussite importante<\/strong> dans ces recours depuis 2020. Ainsi en 2024 et en 2025, le taux de r\u00e9ussite des recours avec l\u2019accompagnement du SNALC \u00e9tait de plus de 42 % pour les affectations \u00e0 titre d\u00e9finitif et \u00e0 titre temporaire. En comparaison, le taux affich\u00e9 par le minist\u00e8re pour les m\u00eames affectations \u00e0 titre temporaire et d\u00e9finitif est de 23,6 %. Sachant que nous sommes contact\u00e9s pour les situations souvent les plus compliqu\u00e9es, le recours avec l\u2019aide du SNALC est un atout.\u00a0<\/li>\n<\/ul>\n\n\n\n<figure class=\"wp-block-image\"><img decoding=\"async\" src=\"https:\/\/snalc.fr\/wp-content\/uploads\/Bouton-de-vote-bleu-carre.jpg\" alt=\"\" class=\"wp-image-64439\"\/><\/figure>\n\n\n\n<ul class=\"wp-block-list\">\n<li>Pour sa\u00a0<strong>longue exp\u00e9rience<\/strong>\u00a0au sein des commissions administratives paritaires et formations paritaires d\u2019affectation des personnels..<\/li>\n<\/ul>\n\n\n\n<ul class=\"wp-block-list\">\n<li>Pour sa\u00a0<strong>participation depuis 2020<\/strong>\u00a0\u00e0 la d\u00e9fense des recours effectu\u00e9s dans le cadre de la loi de 2019 en tant qu\u2019organisation repr\u00e9sentative.\u00a0<\/li>\n<\/ul>\n\n\n\n<ul class=\"wp-block-list\">\n<li>Pour sa\u00a0<strong>connaissance des r\u00e8gles<\/strong>\u00a0r\u00e9gissant ces recours en raison de sa participation aux groupes de travail pr\u00e9parant leur mise en place.<\/li>\n<\/ul>\n\n\n\n<p>Les personnels du second degr\u00e9 formeront leur recours directement aupr\u00e8s du minist\u00e8re gr\u00e2ce \u00e0 l\u2019outil de recueil et de suivi des demandes de recours formul\u00e9s dans le cadre du MNGD 2026 disponible dans l\u2019application COLIBRIS et uniquement dans ce cadre.<\/p>\n\n\n\n<p>Les personnels du premier degr\u00e9 formuleront \u00e9galement leurs deux recours via COLIBRIS (en utilisant le lien figurant dans le message de refus de mutation). Pour vous aider dans la proc\u00e9dure et \u00e9viter les erreurs, merci de prendre contact au pr\u00e9alable avec le SNALC via le <a href=\"https:\/\/snalc.forms.app\/recours-inter-1d\">formulaire de suivi de recours<\/a>.<\/p>\n\n\n\n<p><strong>Il est imp\u00e9ratif d\u2019utiliser le lien donn\u00e9 dans le message d\u2019information du minist\u00e8re vous informant du r\u00e9sultat de votre demande de mutation.<\/strong><\/p>\n\n\n\n<p><strong>Vous devez consulter vos repr\u00e9sentants du SNALC&nbsp;<u>avant<\/u>&nbsp;le d\u00e9p\u00f4t de votre recours.<\/strong><\/p>\n\n\n\n<p>S\u00e9lectionnez imp\u00e9rativement le SNALC dans le menu d\u00e9roulant lors de votre demande de recours.<\/p>\n\n\n\n<p>Il n\u2019est pas n\u00e9cessaire de saisir le nom d\u2019un repr\u00e9sentant. C\u2019est le&nbsp;<strong>SNALC<\/strong>&nbsp;qui d\u00e9signera vos repr\u00e9sentants re\u00e7us au minist\u00e8re pour d\u00e9fendre votre situation.<\/p>\n\n\n\n<p>Le&nbsp;<strong>SNALC<\/strong>&nbsp;d\u00e9nonce la suppression par la loi de transformation de la fonction publique des comp\u00e9tences des commissions administratives paritaires en mati\u00e8re de mouvement et le d\u00e9sordre qui en d\u00e9coule depuis 2020.<\/p>\n\n\n\n<p>Le SNALC, syndicat repr\u00e9sentatif et responsable, ne laissera pas les coll\u00e8gues seuls dans ces situations difficiles.<\/p>\n\n\n\n<p>Nos responsables et \u00e9lus r\u00e9pondront pr\u00e9sents \u00e0 chaque sollicitation.<\/p>\n\n\n\n<p>Contactez-les sans perdre de temps.<\/p>\n\n\n\n<h2 class=\"wp-block-heading\"><a href=\"https:\/\/snalc.fr\/mouvement-inter-recours\/#procedurerecours\">Mouvement INTRA : les premiers conseils du SNALC<\/a><\/h2>\n\n\n\n<p><strong><u>Ne gaspillez pas vos points<\/u>&nbsp;et faites confiance au SNALC de votre nouvelle acad\u00e9mie pour vous conseiller la strat\u00e9gie la mieux adapt\u00e9e \u00e0 votre situation.<\/strong><\/p>\n\n\n\n<p><strong>LISEZ NOS CONSEILS PRATIQUES : une mine d\u2019informations pour bien comprendre les r\u00e8gles et les d\u00e9tails&nbsp;de chaque situation&nbsp;!<\/strong><\/p>\n\n\n\n<figure class=\"wp-block-image\"><img decoding=\"async\" src=\"https:\/\/snalc.fr\/wp-content\/uploads\/SNALC-E.Meunier-Besoin-daide-e1741931951136-925x1024.png\" alt=\"\" class=\"wp-image-38460\"\/><\/figure>\n\n\n\n<figure class=\"wp-block-image\"><img decoding=\"async\" src=\"https:\/\/snalc.fr\/wp-content\/uploads\/QU1510-INTRA-721x1024.jpg\" alt=\"\" class=\"wp-image-63663\"\/><\/figure>\n\n\n\n<p><a href=\"https:\/\/snalc.fr\/wp-content\/uploads\/QU1510-INTRA.pdf\"><\/a><\/p>\n\n\n\n<p><strong><u>Ne gaspillez pas vos points<\/u>&nbsp;et faites confiance au SNALC de votre nouvelle acad\u00e9mie pour vous conseiller la strat\u00e9gie la mieux adapt\u00e9e \u00e0 votre situation.<\/strong><\/p>\n\n\n\n<p><strong><a href=\"https:\/\/snalc.fr\/mouvement-intra-2025\/\">LISEZ NOS CONSEILS PRATIQUES<\/a> : une mine d\u2019informations pour bien comprendre les r\u00e8gles et les d\u00e9tails&nbsp;de chaque situation&nbsp;!<\/strong><\/p>\n\n\n\n<p><a href=\"https:\/\/snalc.fr\/mouvement-intra-2026\/\">Plus d&rsquo;informations<\/a><\/p>\n\n\n\n<h2 class=\"wp-block-heading\"><a href=\"https:\/\/snalc.fr\/mouvement-inter-recours\/#procedurerecours\">INTER 2025 : chiffres sur la participation et les r\u00e9sultats (MEN)<\/a><\/h2>\n\n\n\n<p>1<sup>er<\/sup> degr\u00e9<\/p>\n\n\n\n<p>Le nombre total de demandes de participation \u00e0 la mobilit\u00e9 s\u2019\u00e9l\u00e8ve \u00e0 <strong>13 975 candidats<\/strong> contre 15 390 en 2024, soit une baisse de la participation de \u2013 10,1 % (- 1415 agents)<\/p>\n\n\n\n<p>Le taux de mutation augmente de 3 points, soit <strong>23,84 % <\/strong>contre<strong> 20,73 % <\/strong>en 2024.<\/p>\n\n\n\n<p>Le taux de satisfaction des titulaires sur v\u0153u 1 est de <strong>88,06 %<\/strong>, contre <strong>88,46 %<\/strong> en 2024.<\/p>\n\n\n\n<p>2<sup>d<\/sup>&nbsp;degr\u00e9<\/p>\n\n\n\n<p>Le nombre total de demandes de participation \u00e0 la mobilit\u00e9 s\u2019\u00e9l\u00e8ve \u00e0 <strong>23 040 candidats<\/strong> contre 22 911 en 2024, soit une hausse de participation de + 0.6 % (129 agents)<\/p>\n\n\n\n<p>13 661 demandes ont \u00e9t\u00e9 effectu\u00e9es par des enseignants titulaires (participation non obligatoire au mouvement). <em>(13 642 en 2024)<\/em><\/p>\n\n\n\n<p>9 379 demandes par des enseignants n\u00e9o-titulaires (participant obligatoire au mouvement). <em>(9269 en 2024)<\/em><\/p>\n\n\n\n<p>Titulaires<\/p>\n\n\n\n<p>Le taux de mutation des titulaires augmente de 2 points, soit<strong> 44,27 % <\/strong>contre<strong> 42,20 % <\/strong>en 2024.<\/p>\n\n\n\n<p>Sur ces <strong>6048 <\/strong>candidats titulaires mut\u00e9s, 5 203 agents ont \u00e9t\u00e9 mut\u00e9s sur <strong>leur v\u0153u 1 (86 %<\/strong> des titulaires mut\u00e9s obtiennent leur v\u0153u 1)<\/p>\n\n\n\n<p>&nbsp;N\u00e9o-titulaires<\/p>\n\n\n\n<p>Sur 9379 participants n\u00e9o titulaires, 5176 ont obtenu une mutation sur le v\u0153u 1. Le taux de satisfaction augmente et s\u2019\u00e9tablit \u00e0 <strong>55.2 %<\/strong> pour 2025 (53.4 % en 2024).<\/p>\n","protected":false},"excerpt":{"rendered":"<p>\u00a9 iStock &#8211; NickyLloyd Sommaire Professeurs agr\u00e9g\u00e9s, certifi\u00e9s, P-EPS, PLP, CPE, Psy-EN Les&nbsp;barres&nbsp;de chaque mouvement sont consultables sur le site du minist\u00e8re :&nbsp;ici. Deux cas de figure se pr\u00e9sentent.&nbsp; Pour [&hellip;]<\/p>\n","protected":false},"author":1,"featured_media":0,"comment_status":"closed","ping_status":"closed","sticky":false,"template":"","format":"standard","meta":{"_lmt_disableupdate":"","_lmt_disable":"","site-sidebar-layout":"default","site-content-layout":"","ast-site-content-layout":"default","site-content-style":"default","site-sidebar-style":"default","ast-global-header-display":"","ast-banner-title-visibility":"","ast-main-header-display":"","ast-hfb-above-header-display":"","ast-hfb-below-header-display":"","ast-hfb-mobile-header-display":"","site-post-title":"","ast-breadcrumbs-content":"","ast-featured-img":"","footer-sml-layout":"","ast-disable-related-posts":"","theme-transparent-header-meta":"","adv-header-id-meta":"","stick-header-meta":"","header-above-stick-meta":"","header-main-stick-meta":"","header-below-stick-meta":"","astra-migrate-meta-layouts":"set","ast-page-background-enabled":"default","ast-page-background-meta":{"desktop":{"background-color":"var(--ast-global-color-4)","background-image":"","background-repeat":"repeat","background-position":"center center","background-size":"auto","background-attachment":"scroll","background-type":"","background-media":"","overlay-type":"","overlay-color":"","overlay-opacity":"","overlay-gradient":""},"tablet":{"background-color":"","background-image":"","background-repeat":"repeat","background-position":"center center","background-size":"auto","background-attachment":"scroll","background-type":"","background-media":"","overlay-type":"","overlay-color":"","overlay-opacity":"","overlay-gradient":""},"mobile":{"background-color":"","background-image":"","background-repeat":"repeat","background-position":"center center","background-size":"auto","background-attachment":"scroll","background-type":"","background-media":"","overlay-type":"","overlay-color":"","overlay-opacity":"","overlay-gradient":""}},"ast-content-background-meta":{"desktop":{"background-color":"var(--ast-global-color-5)","background-image":"","background-repeat":"repeat","background-position":"center center","background-size":"auto","background-attachment":"scroll","background-type":"","background-media":"","overlay-type":"","overlay-color":"","overlay-opacity":"","overlay-gradient":""},"tablet":{"background-color":"var(--ast-global-color-5)","background-image":"","background-repeat":"repeat","background-position":"center center","background-size":"auto","background-attachment":"scroll","background-type":"","background-media":"","overlay-type":"","overlay-color":"","overlay-opacity":"","overlay-gradient":""},"mobile":{"background-color":"var(--ast-global-color-5)","background-image":"","background-repeat":"repeat","background-position":"center center","background-size":"auto","background-attachment":"scroll","background-type":"","background-media":"","overlay-type":"","overlay-color":"","overlay-opacity":"","overlay-gradient":""}},"footnotes":""},"categories":[42,8,7],"tags":[],"class_list":["post-4974","post","type-post","status-publish","format-standard","hentry","category-actualites-2025-2026","category-inter-academique","category-mutation"],"modified_by":"slecourtier","_links":{"self":[{"href":"https:\/\/snalc.org\/snalc2023\/index.php?rest_route=\/wp\/v2\/posts\/4974","targetHints":{"allow":["GET"]}}],"collection":[{"href":"https:\/\/snalc.org\/snalc2023\/index.php?rest_route=\/wp\/v2\/posts"}],"about":[{"href":"https:\/\/snalc.org\/snalc2023\/index.php?rest_route=\/wp\/v2\/types\/post"}],"author":[{"embeddable":true,"href":"https:\/\/snalc.org\/snalc2023\/index.php?rest_route=\/wp\/v2\/users\/1"}],"replies":[{"embeddable":true,"href":"https:\/\/snalc.org\/snalc2023\/index.php?rest_route=%2Fwp%2Fv2%2Fcomments&post=4974"}],"version-history":[{"count":1,"href":"https:\/\/snalc.org\/snalc2023\/index.php?rest_route=\/wp\/v2\/posts\/4974\/revisions"}],"predecessor-version":[{"id":4975,"href":"https:\/\/snalc.org\/snalc2023\/index.php?rest_route=\/wp\/v2\/posts\/4974\/revisions\/4975"}],"wp:attachment":[{"href":"https:\/\/snalc.org\/snalc2023\/index.php?rest_route=%2Fwp%2Fv2%2Fmedia&parent=4974"}],"wp:term":[{"taxonomy":"category","embeddable":true,"href":"https:\/\/snalc.org\/snalc2023\/index.php?rest_route=%2Fwp%2Fv2%2Fcategories&post=4974"},{"taxonomy":"post_tag","embeddable":true,"href":"https:\/\/snalc.org\/snalc2023\/index.php?rest_route=%2Fwp%2Fv2%2Ftags&post=4974"}],"curies":[{"name":"wp","href":"https:\/\/api.w.org\/{rel}","templated":true}]}}